[{"id": 251454, "url": "https://admin.integreat-app.de/ostallgaeu/de/events/teestube-f\u00fcr-gefl\u00fcchtete-im-juze-kaufbeuren-jeden-montag/", "path": "/ostallgaeu/de/events/teestube-f\u00fcr-gefl\u00fcchtete-im-juze-kaufbeuren-jeden-montag/", "title": "Teestube f\u00fcr Gefl\u00fcchtete im JuZe Kaufbeuren - Jeden Montag!", "modified_gmt": "2025-12-19T09:21:06.368Z", "last_updated": "2025-12-19T10:21:06.368+01:00", "excerpt": "\r\nDie Teestube ein Treffpunkt f\u00fcr Ehrenamtliche des AK Asyl Kaufbeuren, Fl\u00fcchtlinge, Migranten und Interessierte. Jeden Montag von 18 - 20 Uhr findet im Jugendzentrum Kaufbeuren die Teestube statt. Das ist Angebot f\u00fcr Gefl\u00fcchtete, um Deutsch zu reden.\u00a0Bei einer Tasse Tee tauscht man sich aus oder versucht L\u00f6sungen f\u00fcr Probleme zu finden: Deutschkurse, Beratungsstellen, Paten, Dolmetscher ....\r\nAu\u00dferdem wird gespendetes Brot der Backstube K\u00f6rber angeboten.\r\n\r\nAdresse\r\n\r\nJuZe Kaufbeuren\r\nHauberrisserstra\u00dfe 8\r\n87600 Kaufbeuren\r\n\r\nKeine Anmeldung\r\n\r\nWeitere Infos und den Flyer in Deutsch, Arabisch, Kurdisch, Persisch, T\u00fcrkisch und Ukrainisch finden Sie hier.\r\n\u00a0\r\n", "content": "<div>\r\n<p>Die Teestube ein Treffpunkt f\u00fcr Ehrenamtliche des AK Asyl Kaufbeuren, Fl\u00fcchtlinge, Migranten und Interessierte. Jeden Montag von 18 - 20 Uhr findet im Jugendzentrum Kaufbeuren die Teestube statt. Das ist Angebot f\u00fcr Gefl\u00fcchtete, um Deutsch zu reden.\u00a0Bei einer Tasse Tee tauscht man sich aus oder versucht L\u00f6sungen f\u00fcr Probleme zu finden: Deutschkurse, Beratungsstellen, Paten, Dolmetscher ....</p>\r\n<p>Au\u00dferdem wird gespendetes Brot der Backstube K\u00f6rber angeboten.</p>\r\n<ul>\r\n<li><strong>Adresse</strong></li>\r\n</ul>\r\n<p>JuZe Kaufbeuren</p>\r\n<p>Hauberrisserstra\u00dfe 8</p>\r\n<p>87600 Kaufbeuren</p>\r\n<ul>\r\n<li><strong>Keine Anmeldung</strong></li>\r\n</ul>\r\n<p>Weitere Infos und den Flyer in Deutsch, Arabisch, Kurdisch, Persisch, T\u00fcrkisch und Ukrainisch finden Sie <a class=\"link-external\" href=\"https://www.arbeitskreis-asyl-kaufbeuren.de/projekte/teestube/\">hier</a>.</p>\r\n<p>\u00a0</p>\r\n</div>", "available_languages": {"hr": {"id": 102297, "url": "https://admin.integreat-app.de/ostallgaeu/hr/events/\u010dajana-za-izbjeglice-u-juze-kaufbeuren-svaki-ponedjeljak/", "path": "/ostallgaeu/hr/events/\u010dajana-za-izbjeglice-u-juze-kaufbeuren-svaki-ponedjeljak/"}, "en": {"id": 102298, "url": "https://admin.integreat-app.de/ostallgaeu/en/events/tea-room-for-refugees-at-juze-kaufbeuren-every-monday/", "path": "/ostallgaeu/en/events/tea-room-for-refugees-at-juze-kaufbeuren-every-monday/"}, "es": {"id": 102299, "url": "https://admin.integreat-app.de/ostallgaeu/es/events/sal\u00f3n-de-t\u00e9-para-refugiados-en-juze-kaufbeuren-todos-los-lunes/", "path": "/ostallgaeu/es/events/sal\u00f3n-de-t\u00e9-para-refugiados-en-juze-kaufbeuren-todos-los-lunes/"}, "fr": {"id": 102300, "url": "https://admin.integreat-app.de/ostallgaeu/fr/events/salon-de-th\u00e9-pour-les-r\u00e9fugi\u00e9s-au-juze-de-kaufbeuren-tous-les-lundis/", "path": "/ostallgaeu/fr/events/salon-de-th\u00e9-pour-les-r\u00e9fugi\u00e9s-au-juze-de-kaufbeuren-tous-les-lundis/"}, "ar": {"id": 102301, "url": "https://admin.integreat-app.de/ostallgaeu/ar/events/\u063a\u0631\u0641\u0629-\u0627\u0644\u0634\u0627\u064a-\u0644\u0644\u0627\u062c\u0626\u064a\u0646-\u0641\u064a-juze-kaufbeuren-\u0643\u0644-\u064a\u0648\u0645-\u0627\u062b\u0646\u064a\u0646/", "path": "/ostallgaeu/ar/events/\u063a\u0631\u0641\u0629-\u0627\u0644\u0634\u0627\u064a-\u0644\u0644\u0627\u062c\u0626\u064a\u0646-\u0641\u064a-juze-kaufbeuren-\u0643\u0644-\u064a\u0648\u0645-\u0627\u062b\u0646\u064a\u0646/"}, "fa": {"id": 102302, "url": "https://admin.integreat-app.de/ostallgaeu/fa/events/\u0627\u062a\u0627\u0642-\u0686\u0627\u06cc-\u0628\u0631\u0627\u06cc-\u067e\u0646\u0627\u0647\u0646\u062f\u06af\u0627\u0646-\u062f\u0631-juze-kaufbeuren-\u0647\u0631-\u062f\u0648\u0634\u0646\u0628\u0647/", "path": "/ostallgaeu/fa/events/\u0627\u062a\u0627\u0642-\u0686\u0627\u06cc-\u0628\u0631\u0627\u06cc-\u067e\u0646\u0627\u0647\u0646\u062f\u06af\u0627\u0646-\u062f\u0631-juze-kaufbeuren-\u0647\u0631-\u062f\u0648\u0634\u0646\u0628\u0647/"}, "ro": {"id": 102303, "url": "https://admin.integreat-app.de/ostallgaeu/ro/events/sal\u0103-de-ceai-pentru-refugia\u021bi-la-juze-kaufbeuren-\u00een-fiecare-luni/", "path": "/ostallgaeu/ro/events/sal\u0103-de-ceai-pentru-refugia\u021bi-la-juze-kaufbeuren-\u00een-fiecare-luni/"}, "ru": {"id": 102304, "url": "https://admin.integreat-app.de/ostallgaeu/ru/events/\u0447\u0430\u0439\u043d\u0430\u044f-\u043a\u043e\u043c\u043d\u0430\u0442\u0430-\u0434\u043b\u044f-\u0431\u0435\u0436\u0435\u043d\u0446\u0435\u0432-\u0432-juze-kaufbeuren-\u043a\u0430\u0436\u0434\u044b\u0439-\u043f\u043e\u043d\u0435\u0434\u0435\u043b\u044c\u043d\u0438\u043a/", "path": "/ostallgaeu/ru/events/\u0447\u0430\u0439\u043d\u0430\u044f-\u043a\u043e\u043c\u043d\u0430\u0442\u0430-\u0434\u043b\u044f-\u0431\u0435\u0436\u0435\u043d\u0446\u0435\u0432-\u0432-juze-kaufbeuren-\u043a\u0430\u0436\u0434\u044b\u0439-\u043f\u043e\u043d\u0435\u0434\u0435\u043b\u044c\u043d\u0438\u043a/"}, "tr": {"id": 102305, "url": "https://admin.integreat-app.de/ostallgaeu/tr/events/juze-kaufbeurende-m\u00fclteciler-i\u00e7in-\u00e7ay-odas\u0131-her-pazartesi/", "path": "/ostallgaeu/tr/events/juze-kaufbeurende-m\u00fclteciler-i\u00e7in-\u00e7ay-odas\u0131-her-pazartesi/"}, "uk": {"id": 102306, "url": "https://admin.integreat-app.de/ostallgaeu/uk/events/\u0447\u0430\u0439\u043d\u0430-\u043a\u0456\u043c\u043d\u0430\u0442\u0430-\u0434\u043b\u044f-\u0431\u0456\u0436\u0435\u043d\u0446\u0456\u0432-\u0443-juze-kaufbeuren-\u0449\u043e\u043f\u043e\u043d\u0435\u0434\u0456\u043b\u043a\u0430/", "path": "/ostallgaeu/uk/events/\u0447\u0430\u0439\u043d\u0430-\u043a\u0456\u043c\u043d\u0430\u0442\u0430-\u0434\u043b\u044f-\u0431\u0456\u0436\u0435\u043d\u0446\u0456\u0432-\u0443-juze-kaufbeuren-\u0449\u043e\u043f\u043e\u043d\u0435\u0434\u0456\u043b\u043a\u0430/"}, "ti": {"id": 102307, "url": "https://admin.integreat-app.de/ostallgaeu/ti/events/\u12a3\u1265-\u1301\u12dc-\u12ab\u12cd\u134d\u1264\u12cd\u1228\u1295-\u1295\u12dd\u122d\u12a8\u1261-\u1235\u12f0\u1270\u129b\u1273\u1275-\u12dd\u12b8\u12cd\u1295-\u12ad\u134d\u120a-\u123b\u1202-\u12a9\u1209-\u130d\u12dc-\u1230\u1291\u12ed/", "path": "/ostallgaeu/ti/events/\u12a3\u1265-\u1301\u12dc-\u12ab\u12cd\u134d\u1264\u12cd\u1228\u1295-\u1295\u12dd\u122d\u12a8\u1261-\u1235\u12f0\u1270\u129b\u1273\u1275-\u12dd\u12b8\u12cd\u1295-\u12ad\u134d\u120a-\u123b\u1202-\u12a9\u1209-\u130d\u12dc-\u1230\u1291\u12ed/"}}, "thumbnail": "https://admin.integreat-app.de/media/regions/181/2025/12/1766135668_asyl-kf-neu.jpeg", "location": {"id": 1428, "name": "JuZe Kaufbeuren", "address": "Hauberrisserstr. 8", "town": "Kaufbeuren", "state": null, "postcode": "87600", "region": null, "country": "Deutschland", "latitude": 47.878219599999994, "longitude": 10.62329730710109}, "location_path": "/ostallgaeu/de/locations/juze-kaufbeuren/", "meeting_url": null, "event": {"id": 1893, "start": "2023-08-28T18:00:00+02:00", "start_date": "2023-08-28", "start_time": "18:00:00", "end": "2023-08-28T20:00:00+02:00", "end_date": "2023-08-28", "end_time": "20:00:00", "all_day": false, "only_weekdays": false, "recurrence_id": 284, "timezone": "Europe/Berlin"}, "hash": null, "recurrence_rule": "DTSTART:20230828T160000\nRRULE:FREQ=WEEKLY;BYDAY=MO"}, {"id": 298682, "url": "https://admin.integreat-app.de/ostallgaeu/de/events/tea-point-in-buchloe-treffpunkt-f\u00fcr-asylbewerberinnen-und-interessierte-jeden-dienstag/", "path": "/ostallgaeu/de/events/tea-point-in-buchloe-treffpunkt-f\u00fcr-asylbewerberinnen-und-interessierte-jeden-dienstag/", "title": "tea point in Buchloe - Treffpunkt f\u00fcr Zugewanderte, Ehrenamtliche und Interessierte -  Jeden Dienstag!", "modified_gmt": "2026-03-17T12:32:51.763Z", "last_updated": "2026-03-17T13:32:51.763+01:00", "excerpt": "\r\nIn Buchloe findet jeden Dienstag von 17:15 Uhr bis 19:15 Uhr ein Treffen f\u00fcr alle zugewanderten Menschen und Interessierte statt.\r\nAlle sind herzlich zum Treffen eingeladen!\r\nVeranstaltungsort:Dietrich-Bonhoeffer Gemeindehaus BuchloeHindenburgstra\u00dfe 586807 Buchloe\r\n\u00a0\r\nVeranstalter / ver\u00f6ffentlicht von:Evang.-Luth. Kirchengemeinde Buchloe\r\n&amp; Asylkoordination Stadt Buchloe\r\nasylkoordinationbuchloe@gmail.com\r\n+4915162872690\u00a0\r\n\u00a0\r\n\r\n\r\n", "content": "<div>\r\n<p>In Buchloe findet jeden Dienstag von 17:15 Uhr bis 19:15 Uhr ein Treffen f\u00fcr alle zugewanderten Menschen und Interessierte statt.</p>\r\n<p>Alle sind herzlich zum Treffen eingeladen!</p>\r\n<p><strong>Veranstaltungsort:</strong><br>Dietrich-Bonhoeffer Gemeindehaus Buchloe<br>Hindenburgstra\u00dfe 5<br>86807 Buchloe</p>\r\n<p>\u00a0</p>\r\n<p><strong>Veranstalter / ver\u00f6ffentlicht von:</strong><br>Evang.-Luth. Kirchengemeinde Buchloe</p>\r\n<p>&amp; Asylkoordination Stadt Buchloe</p>\r\n<p><a class=\"link-external\" href=\"mailto:asylkoordinationbuchloe@gmail.com\">asylkoordinationbuchloe@gmail.com</a></p>\r\n<p><a class=\"link-external\" href=\"tel:+4915162872690\">+4915162872690</a>\u00a0</p>\r\n<p>\u00a0</p>\r\n<p><a href=\"https://admin.integreat-app.de/media/regions/181/2026/03/1773658030_teapoint_Logo_Tasse_mit_Menschen_bunt.png\" aria-hidden=\"true\" tabindex=\"-1\"><img style=\"display: block; margin-left: auto; margin-right: auto;\" src=\"https://admin.integreat-app.de/media/regions/181/2026/03/1773658030_teapoint_Logo_Tasse_mit_Menschen_bunt.png\" alt=\"\" width=\"1023\" height=\"682\"></a></p>\r\n<p><br><br></p>\r\n</div>", "available_languages": {"hr": {"id": 298683, "url": "https://admin.integreat-app.de/ostallgaeu/hr/events/tea-point-u-buchloe-mjesto-susreta-za-imigrante-volontere-i-sve-zainteresirane-svakog-utorka/", "path": "/ostallgaeu/hr/events/tea-point-u-buchloe-mjesto-susreta-za-imigrante-volontere-i-sve-zainteresirane-svakog-utorka/"}, "en": {"id": 298684, "url": "https://admin.integreat-app.de/ostallgaeu/en/events/tea-point-in-buchloe-meeting-place-for-immigrants-volunteers-and-interested-people-every-tuesday/", "path": "/ostallgaeu/en/events/tea-point-in-buchloe-meeting-place-for-immigrants-volunteers-and-interested-people-every-tuesday/"}, "es": {"id": 298685, "url": "https://admin.integreat-app.de/ostallgaeu/es/events/punto-de-t\u00e9-en-buchloe-lugar-de-encuentro-para-inmigrantes-voluntarios-y-personas-interesadas-todos-los-martes/", "path": "/ostallgaeu/es/events/punto-de-t\u00e9-en-buchloe-lugar-de-encuentro-para-inmigrantes-voluntarios-y-personas-interesadas-todos-los-martes/"}, "fr": {"id": 298686, "url": "https://admin.integreat-app.de/ostallgaeu/fr/events/tea-point-\u00e0-buchloe-lieu-de-rencontre-pour-les-immigr\u00e9s-les-b\u00e9n\u00e9voles-et-les-personnes-int\u00e9ress\u00e9es-tous-les-mardis/", "path": "/ostallgaeu/fr/events/tea-point-\u00e0-buchloe-lieu-de-rencontre-pour-les-immigr\u00e9s-les-b\u00e9n\u00e9voles-et-les-personnes-int\u00e9ress\u00e9es-tous-les-mardis/"}, "ar": {"id": 298687, "url": "https://admin.integreat-app.de/ostallgaeu/ar/events/\u0646\u0642\u0637\u0629-\u0634\u0627\u064a-\u0641\u064a-\u0628\u0648\u0643\u0644\u0648-\u0645\u0644\u062a\u0642\u0649-\u0627\u0644\u0645\u0647\u0627\u062c\u0631\u064a\u0646-\u0648\u0627\u0644\u0645\u062a\u0637\u0648\u0639\u064a\u0646-\u0648\u0627\u0644\u0645\u0647\u062a\u0645\u064a\u0646-\u0643\u0644-\u064a\u0648\u0645-\u062b\u0644\u0627\u062b\u0627\u0621/", "path": "/ostallgaeu/ar/events/\u0646\u0642\u0637\u0629-\u0634\u0627\u064a-\u0641\u064a-\u0628\u0648\u0643\u0644\u0648-\u0645\u0644\u062a\u0642\u0649-\u0627\u0644\u0645\u0647\u0627\u062c\u0631\u064a\u0646-\u0648\u0627\u0644\u0645\u062a\u0637\u0648\u0639\u064a\u0646-\u0648\u0627\u0644\u0645\u0647\u062a\u0645\u064a\u0646-\u0643\u0644-\u064a\u0648\u0645-\u062b\u0644\u0627\u062b\u0627\u0621/"}, "fa": {"id": 298688, "url": "https://admin.integreat-app.de/ostallgaeu/fa/events/\u062a\u06cc-\u067e\u0648\u06cc\u0646\u062a-\u062f\u0631-\u0628\u0648\u06a9\u0644\u0648-\u0645\u062d\u0644-\u06af\u0631\u062f\u0647\u0645\u0627\u06cc\u06cc-\u0645\u0647\u0627\u062c\u0631\u0627\u0646-\u062f\u0627\u0648\u0637\u0644\u0628\u0627\u0646-\u0648-\u0639\u0644\u0627\u0642\u0647\u0645\u0646\u062f\u0627\u0646-\u0647\u0631-\u0633\u0647\u0634\u0646\u0628\u0647/", "path": "/ostallgaeu/fa/events/\u062a\u06cc-\u067e\u0648\u06cc\u0646\u062a-\u062f\u0631-\u0628\u0648\u06a9\u0644\u0648-\u0645\u062d\u0644-\u06af\u0631\u062f\u0647\u0645\u0627\u06cc\u06cc-\u0645\u0647\u0627\u062c\u0631\u0627\u0646-\u062f\u0627\u0648\u0637\u0644\u0628\u0627\u0646-\u0648-\u0639\u0644\u0627\u0642\u0647\u0645\u0646\u062f\u0627\u0646-\u0647\u0631-\u0633\u0647\u0634\u0646\u0628\u0647/"}, "ro": {"id": 298689, "url": "https://admin.integreat-app.de/ostallgaeu/ro/events/tea-point-\u00een-buchloe-loc-de-\u00eent\u00e2lnire-pentru-imigran\u021bi-voluntari-\u0219i-persoane-interesate-\u00een-fiecare-mar\u021bi/", "path": "/ostallgaeu/ro/events/tea-point-\u00een-buchloe-loc-de-\u00eent\u00e2lnire-pentru-imigran\u021bi-voluntari-\u0219i-persoane-interesate-\u00een-fiecare-mar\u021bi/"}, "ru": {"id": 298690, "url": "https://admin.integreat-app.de/ostallgaeu/ru/events/\u0447\u0430\u0439\u043d\u0430\u044f-\u0442\u043e\u0447\u043a\u0430-\u0432-\u0431\u0443\u0445\u043b\u043e\u044d-\u043c\u0435\u0441\u0442\u043e-\u0432\u0441\u0442\u0440\u0435\u0447\u0438-\u0438\u043c\u043c\u0438\u0433\u0440\u0430\u043d\u0442\u043e\u0432-\u0432\u043e\u043b\u043e\u043d\u0442\u0435\u0440\u043e\u0432-\u0438-\u0437\u0430\u0438\u043d\u0442\u0435\u0440\u0435\u0441\u043e\u0432\u0430\u043d\u043d\u044b\u0445-\u043b\u044e\u0434\u0435\u0439-\u043a\u0430\u0436\u0434\u044b\u0439-\u0432\u0442\u043e\u0440\u043d\u0438\u043a/", "path": "/ostallgaeu/ru/events/\u0447\u0430\u0439\u043d\u0430\u044f-\u0442\u043e\u0447\u043a\u0430-\u0432-\u0431\u0443\u0445\u043b\u043e\u044d-\u043c\u0435\u0441\u0442\u043e-\u0432\u0441\u0442\u0440\u0435\u0447\u0438-\u0438\u043c\u043c\u0438\u0433\u0440\u0430\u043d\u0442\u043e\u0432-\u0432\u043e\u043b\u043e\u043d\u0442\u0435\u0440\u043e\u0432-\u0438-\u0437\u0430\u0438\u043d\u0442\u0435\u0440\u0435\u0441\u043e\u0432\u0430\u043d\u043d\u044b\u0445-\u043b\u044e\u0434\u0435\u0439-\u043a\u0430\u0436\u0434\u044b\u0439-\u0432\u0442\u043e\u0440\u043d\u0438\u043a/"}, "tr": {"id": 298691, "url": "https://admin.integreat-app.de/ostallgaeu/tr/events/buchloedeki-\u00e7ay-noktas\u0131-g\u00f6\u00e7menler-g\u00f6n\u00fcll\u00fcler-ve-ilgili-ki\u015filer-i\u00e7in-bulu\u015fma-yeri-her-sal\u0131/", "path": "/ostallgaeu/tr/events/buchloedeki-\u00e7ay-noktas\u0131-g\u00f6\u00e7menler-g\u00f6n\u00fcll\u00fcler-ve-ilgili-ki\u015filer-i\u00e7in-bulu\u015fma-yeri-her-sal\u0131/"}, "uk": {"id": 298692, "url": "https://admin.integreat-app.de/ostallgaeu/uk/events/\u0447\u0430\u0439\u043d\u0438\u0439-\u043f\u0443\u043d\u043a\u0442-\u0443-\u0431\u0443\u0445\u043b\u043e\u0454-\u043c\u0456\u0441\u0446\u0435-\u0437\u0443\u0441\u0442\u0440\u0456\u0447\u0456-\u0434\u043b\u044f-\u0456\u043c\u043c\u0456\u0433\u0440\u0430\u043d\u0442\u0456\u0432-\u0432\u043e\u043b\u043e\u043d\u0442\u0435\u0440\u0456\u0432-\u0442\u0430-\u0437\u0430\u0446\u0456\u043a\u0430\u0432\u043b\u0435\u043d\u0438\u0445-\u043b\u044e\u0434\u0435\u0439-\u0449\u043e\u0432\u0456\u0432\u0442\u043e\u0440\u043a\u0430/", "path": "/ostallgaeu/uk/events/\u0447\u0430\u0439\u043d\u0438\u0439-\u043f\u0443\u043d\u043a\u0442-\u0443-\u0431\u0443\u0445\u043b\u043e\u0454-\u043c\u0456\u0441\u0446\u0435-\u0437\u0443\u0441\u0442\u0440\u0456\u0447\u0456-\u0434\u043b\u044f-\u0456\u043c\u043c\u0456\u0433\u0440\u0430\u043d\u0442\u0456\u0432-\u0432\u043e\u043b\u043e\u043d\u0442\u0435\u0440\u0456\u0432-\u0442\u0430-\u0437\u0430\u0446\u0456\u043a\u0430\u0432\u043b\u0435\u043d\u0438\u0445-\u043b\u044e\u0434\u0435\u0439-\u0449\u043e\u0432\u0456\u0432\u0442\u043e\u0440\u043a\u0430/"}, "ti": {"id": 298693, "url": "https://admin.integreat-app.de/ostallgaeu/ti/events/\u123b\u1202-\u1356\u12ed\u1295\u1275-\u12a3\u1265-\u1261\u12ad\u120e\u12ed-\u1218\u12a0\u12a8\u1262-\u1266\u1273-\u1235\u12f0\u1270\u129b\u1273\u1275-\u12c8\u1208\u1295\u1270\u129b\u1273\u1275\u1295-\u130d\u12f1\u1233\u1275\u1295-\u12a9\u1209-\u130d\u12dc-\u1230\u1209\u1235/", "path": "/ostallgaeu/ti/events/\u123b\u1202-\u1356\u12ed\u1295\u1275-\u12a3\u1265-\u1261\u12ad\u120e\u12ed-\u1218\u12a0\u12a8\u1262-\u1266\u1273-\u1235\u12f0\u1270\u129b\u1273\u1275-\u12c8\u1208\u1295\u1270\u129b\u1273\u1275\u1295-\u130d\u12f1\u1233\u1275\u1295-\u12a9\u1209-\u130d\u12dc-\u1230\u1209\u1235/"}}, "thumbnail": "https://admin.integreat-app.de/media/regions/181/2026/03/1773658030_teapoint_Logo_Tasse_mit_Menschen_bunt.png", "location": {"id": 709, "name": "Gemeindehaus Buchloe", "address": "Hindenburgstra\u00dfe 5", "town": "Buchloe", "state": null, "postcode": "86807", "region": null, "country": "Deutschland", "latitude": 48.03476005, "longitude": 10.724655082062267}, "location_path": "/ostallgaeu/de/locations/gemeindehaus-buchloe/", "meeting_url": null, "event": {"id": 926, "start": "2023-08-29T17:15:00+02:00", "start_date": "2023-08-29", "start_time": "17:15:00", "end": "2023-08-29T19:15:00+02:00", "end_date": "2023-08-29", "end_time": "19:15:00", "all_day": false, "only_weekdays": false, "recurrence_id": 128, "timezone": "Europe/Berlin"}, "hash": null, "recurrence_rule": "DTSTART:20230829T151500\nRRULE:FREQ=WEEKLY;BYDAY=TU"}, {"id": 251451, "url": "https://admin.integreat-app.de/ostallgaeu/de/events/lernwerkstatt-deutsch-im-generationenhaus-kaufbeuren-jeden-donnerstag-vormittag/", "path": "/ostallgaeu/de/events/lernwerkstatt-deutsch-im-generationenhaus-kaufbeuren-jeden-donnerstag-vormittag/", "title": "Lernwerkstatt Deutsch im Generationenhaus Kaufbeuren - Jeden Donnerstag Vormittag", "modified_gmt": "2025-12-19T09:18:25.371Z", "last_updated": "2025-12-19T10:18:25.371+01:00", "excerpt": "\r\n\u201eLernwerkstatt Deutsch\u201c\r\nSie suchen Gelegenheit Deutsch zu sprechen? Sie m\u00f6chten Inhalte aus Ihrem Deutschkurs vertiefen oder sich auf Ihre Deutschpr\u00fcfung vorbereiten?Dann sind Sie in der Lernwerkstatt Deutsch genau richtig! Mit Einf\u00fchrung in das VHS Lernportal.Ohne Anmeldung\r\nab Sprachlevel A1\r\nkostenlos\r\nWann\u00a0\r\nJeden Donnerstag von 11:00 \u2013 12:30 UhrJeden Donnerstag von 17:30 \u2013 19:00 UhrJeden Freitag von 11:00 Uhr \u2013 12:30 Uhr\r\nWo\r\nGenerationen Haus Kaufbeuren, Hafenmarkt 6-8\r\n\u00a0\r\n\r\nLediglich am 16./29.8./30.8.2024 wird pausiert wegen Ferien im Generationenhaus.\r\n", "content": "<div>\r\n<p><strong>\u201eLernwerkstatt Deutsch\u201c</strong></p>\r\n<p><br>Sie suchen Gelegenheit Deutsch zu sprechen? Sie m\u00f6chten Inhalte aus Ihrem Deutschkurs vertiefen oder sich auf Ihre Deutschpr\u00fcfung vorbereiten?<br>Dann sind Sie in der Lernwerkstatt Deutsch genau richtig! Mit Einf\u00fchrung in das VHS Lernportal.<br>Ohne Anmeldung</p>\r\n<p>ab Sprachlevel A1</p>\r\n<p>kostenlos</p>\r\n<p><br><strong>Wann</strong>\u00a0</p>\r\n<p>Jeden Donnerstag von 11:00 \u2013 12:30 Uhr<br>Jeden Donnerstag von 17:30 \u2013 19:00 Uhr<br>Jeden Freitag von 11:00 Uhr \u2013 12:30 Uhr</p>\r\n<p><br><strong>Wo</strong></p>\r\n<p>Generationen Haus Kaufbeuren, Hafenmarkt 6-8</p>\r\n<p>\u00a0</p>\r\n<p><a tabindex=\"-1\" href=\"https://admin.integreat-app.de/media/regions/181/2023/09/generationenhaus.jpg\" aria-hidden=\"true\"><img src=\"https://admin.integreat-app.de/media/regions/181/2023/09/generationenhaus.jpg\" alt=\"\"></a></p>\r\n<p>Lediglich am 16./29.8./30.8.2024 wird pausiert wegen Ferien im Generationenhaus.</p>\r\n</div>", "available_languages": {"hr": {"id": 102508, "url": "https://admin.integreat-app.de/ostallgaeu/hr/events/radionica-u\u010denja-njema\u010dkog-jezika-u-generationenhaus-kaufbeuren-svakog-\u010detvrtka-ujutro/", "path": "/ostallgaeu/hr/events/radionica-u\u010denja-njema\u010dkog-jezika-u-generationenhaus-kaufbeuren-svakog-\u010detvrtka-ujutro/"}, "en": {"id": 102498, "url": "https://admin.integreat-app.de/ostallgaeu/en/events/german-learning-workshop-at-the-generationenhaus-kaufbeuren-every-thursday-morning/", "path": "/ostallgaeu/en/events/german-learning-workshop-at-the-generationenhaus-kaufbeuren-every-thursday-morning/"}, "es": {"id": 102499, "url": "https://admin.integreat-app.de/ostallgaeu/es/events/taller-de-aprendizaje-de-alem\u00e1n-en-la-generationenhaus-kaufbeuren-todos-los-jueves-por-la-ma\u00f1ana/", "path": "/ostallgaeu/es/events/taller-de-aprendizaje-de-alem\u00e1n-en-la-generationenhaus-kaufbeuren-todos-los-jueves-por-la-ma\u00f1ana/"}, "fr": {"id": 102500, "url": "https://admin.integreat-app.de/ostallgaeu/fr/events/atelier-dapprentissage-de-lallemand-\u00e0-la-maison-des-g\u00e9n\u00e9rations-de-kaufbeuren-tous-les-jeudis-matin/", "path": "/ostallgaeu/fr/events/atelier-dapprentissage-de-lallemand-\u00e0-la-maison-des-g\u00e9n\u00e9rations-de-kaufbeuren-tous-les-jeudis-matin/"}, "ar": {"id": 102501, "url": "https://admin.integreat-app.de/ostallgaeu/ar/events/\u0648\u0631\u0634\u0629-\u0639\u0645\u0644-\u062a\u0639\u0644\u0645-\u0627\u0644\u0644\u063a\u0629-\u0627\u0644\u0623\u0644\u0645\u0627\u0646\u064a\u0629-\u0641\u064a-generationenhaus-kaufbeuren-\u0643\u0644-\u0635\u0628\u0627\u062d-\u062e\u0645\u064a\u0633/", "path": "/ostallgaeu/ar/events/\u0648\u0631\u0634\u0629-\u0639\u0645\u0644-\u062a\u0639\u0644\u0645-\u0627\u0644\u0644\u063a\u0629-\u0627\u0644\u0623\u0644\u0645\u0627\u0646\u064a\u0629-\u0641\u064a-generationenhaus-kaufbeuren-\u0643\u0644-\u0635\u0628\u0627\u062d-\u062e\u0645\u064a\u0633/"}, "fa": {"id": 102502, "url": "https://admin.integreat-app.de/ostallgaeu/fa/events/\u06a9\u0627\u0631\u06af\u0627\u0647-\u0622\u0645\u0648\u0632\u0634\u06cc-\u0622\u0644\u0645\u0627\u0646\u06cc-\u062f\u0631-generationenhaus-kaufbeuren-\u0647\u0631-\u067e\u0646\u062c\u0634\u0646\u0628\u0647-\u0635\u0628\u062d/", "path": "/ostallgaeu/fa/events/\u06a9\u0627\u0631\u06af\u0627\u0647-\u0622\u0645\u0648\u0632\u0634\u06cc-\u0622\u0644\u0645\u0627\u0646\u06cc-\u062f\u0631-generationenhaus-kaufbeuren-\u0647\u0631-\u067e\u0646\u062c\u0634\u0646\u0628\u0647-\u0635\u0628\u062d/"}, "ro": {"id": 102503, "url": "https://admin.integreat-app.de/ostallgaeu/ro/events/atelier-de-\u00eenv\u0103\u021bare-a-limbii-germane-la-generationenhaus-kaufbeuren-\u00een-fiecare-joi-diminea\u021ba/", "path": "/ostallgaeu/ro/events/atelier-de-\u00eenv\u0103\u021bare-a-limbii-germane-la-generationenhaus-kaufbeuren-\u00een-fiecare-joi-diminea\u021ba/"}, "ru": {"id": 102504, "url": "https://admin.integreat-app.de/ostallgaeu/ru/events/\u0441\u0435\u043c\u0438\u043d\u0430\u0440-\u043f\u043e-\u0438\u0437\u0443\u0447\u0435\u043d\u0438\u044e-\u043d\u0435\u043c\u0435\u0446\u043a\u043e\u0433\u043e-\u044f\u0437\u044b\u043a\u0430-\u0432-generationenhaus-kaufbeuren-\u043a\u0430\u0436\u0434\u044b\u0439-\u0447\u0435\u0442\u0432\u0435\u0440\u0433-\u0443\u0442\u0440\u043e\u043c/", "path": "/ostallgaeu/ru/events/\u0441\u0435\u043c\u0438\u043d\u0430\u0440-\u043f\u043e-\u0438\u0437\u0443\u0447\u0435\u043d\u0438\u044e-\u043d\u0435\u043c\u0435\u0446\u043a\u043e\u0433\u043e-\u044f\u0437\u044b\u043a\u0430-\u0432-generationenhaus-kaufbeuren-\u043a\u0430\u0436\u0434\u044b\u0439-\u0447\u0435\u0442\u0432\u0435\u0440\u0433-\u0443\u0442\u0440\u043e\u043c/"}, "tr": {"id": 102505, "url": "https://admin.integreat-app.de/ostallgaeu/tr/events/generationenhaus-kaufbeurende-almanca-\u00f6\u011frenme-at\u00f6lyesi-her-per\u015fembe-sabah\u0131/", "path": "/ostallgaeu/tr/events/generationenhaus-kaufbeurende-almanca-\u00f6\u011frenme-at\u00f6lyesi-her-per\u015fembe-sabah\u0131/"}, "uk": {"id": 102506, "url": "https://admin.integreat-app.de/ostallgaeu/uk/events/\u0441\u0435\u043c\u0456\u043d\u0430\u0440-\u0437-\u0432\u0438\u0432\u0447\u0435\u043d\u043d\u044f-\u043d\u0456\u043c\u0435\u0446\u044c\u043a\u043e\u0457-\u043c\u043e\u0432\u0438-\u0432-generationenhaus-kaufbeuren-\u0449\u043e\u0447\u0435\u0442\u0432\u0435\u0440\u0433\u0430-\u0432\u0440\u0430\u043d\u0446\u0456/", "path": "/ostallgaeu/uk/events/\u0441\u0435\u043c\u0456\u043d\u0430\u0440-\u0437-\u0432\u0438\u0432\u0447\u0435\u043d\u043d\u044f-\u043d\u0456\u043c\u0435\u0446\u044c\u043a\u043e\u0457-\u043c\u043e\u0432\u0438-\u0432-generationenhaus-kaufbeuren-\u0449\u043e\u0447\u0435\u0442\u0432\u0435\u0440\u0433\u0430-\u0432\u0440\u0430\u043d\u0446\u0456/"}, "ti": {"id": 102507, "url": "https://admin.integreat-app.de/ostallgaeu/ti/events/\u12d3\u12cd\u12f0-\u1218\u133d\u1293\u12d5\u1272-\u1275\u121d\u1205\u122d\u1272-\u1300\u122d\u1218\u1295-\u12a3\u1265-generationenhaus-kaufbeuren-\u12a9\u1209-\u130d\u12dc-\u1213\u1219\u1235-\u1295\u130d\u1206/", "path": "/ostallgaeu/ti/events/\u12d3\u12cd\u12f0-\u1218\u133d\u1293\u12d5\u1272-\u1275\u121d\u1205\u122d\u1272-\u1300\u122d\u1218\u1295-\u12a3\u1265-generationenhaus-kaufbeuren-\u12a9\u1209-\u130d\u12dc-\u1213\u1219\u1235-\u1295\u130d\u1206/"}}, "thumbnail": "https://admin.integreat-app.de/media/regions/181/2025/12/1766135668_asyl-kf-neu.jpeg", "location": {"id": 1576, "name": "Generationenhaus Kaufbeuren e.V.", "address": "Hafenmarkt 6-8", "town": "Kaufbeuren", "state": null, "postcode": "87600", "region": null, "country": "Deutschland", "latitude": 47.8809234, "longitude": 10.621167944478547}, "location_path": "/ostallgaeu/de/locations/generationenhaus-kaufbeuren-ev/", "meeting_url": null, "event": {"id": 3591, "start": "2023-09-14T11:00:00+02:00", "start_date": "2023-09-14", "start_time": "11:00:00", "end": "2023-09-14T12:30:00+02:00", "end_date": "2023-09-14", "end_time": "12:30:00", "all_day": false, "only_weekdays": false, "recurrence_id": 495, "timezone": "Europe/Berlin"}, "hash": null, "recurrence_rule": "DTSTART:20230914T090000\nRRULE:FREQ=WEEKLY;BYDAY=TH"}, {"id": 251450, "url": "https://admin.integreat-app.de/ostallgaeu/de/events/lernwerkstatt-deutsch-im-generationenhaus-kaufbeuren-jeden-freitag-mittag/", "path": "/ostallgaeu/de/events/lernwerkstatt-deutsch-im-generationenhaus-kaufbeuren-jeden-freitag-mittag/", "title": "Lernwerkstatt Deutsch im Generationenhaus Kaufbeuren - Jeden Donnerstag Abend", "modified_gmt": "2025-12-19T09:17:14.405Z", "last_updated": "2025-12-19T10:17:14.405+01:00", "excerpt": "\r\n\u201eLernwerkstatt Deutsch\u201c\r\nSie suchen Gelegenheit Deutsch zu sprechen? Sie m\u00f6chten Inhalte aus Ihrem Deutschkurs vertiefen oder sich auf Ihre Deutschpr\u00fcfung vorbereiten?Dann sind Sie in der Lernwerkstatt Deutsch genau richtig! Mit Einf\u00fchrung in das VHS Lernportal.Ohne Anmeldung\r\nab Sprachlevel A1\r\nkostenlos\r\nWann\u00a0\r\nJeden Donnerstag von 11:00 \u2013 12:30 UhrJeden Donnerstag von 17:30 \u2013 19:00 UhrJeden Freitag von 11:00 Uhr \u2013 12:30 Uhr\r\nWo\r\nGenerationen Haus Kaufbeuren, Hafenmarkt 6-8\r\n\u00a0\r\n\r\nLediglich am 16./29.8./30.8.2024 wird pausiert wegen Ferien im Generationenhaus.\r\n", "content": "<div>\r\n<p><strong>\u201eLernwerkstatt Deutsch\u201c</strong></p>\r\n<p><br>Sie suchen Gelegenheit Deutsch zu sprechen? Sie m\u00f6chten Inhalte aus Ihrem Deutschkurs vertiefen oder sich auf Ihre Deutschpr\u00fcfung vorbereiten?<br>Dann sind Sie in der Lernwerkstatt Deutsch genau richtig! Mit Einf\u00fchrung in das VHS Lernportal.<br>Ohne Anmeldung</p>\r\n<p>ab Sprachlevel A1</p>\r\n<p>kostenlos</p>\r\n<p><br><strong>Wann\u00a0</strong></p>\r\n<p>Jeden Donnerstag von 11:00 \u2013 12:30 Uhr<br>Jeden Donnerstag von 17:30 \u2013 19:00 Uhr<br>Jeden Freitag von 11:00 Uhr \u2013 12:30 Uhr</p>\r\n<p><br><strong>Wo</strong></p>\r\n<p>Generationen Haus Kaufbeuren, Hafenmarkt 6-8</p>\r\n<p>\u00a0</p>\r\n<p><a tabindex=\"-1\" href=\"https://admin.integreat-app.de/media/regions/181/2023/09/generationenhaus.jpg\" aria-hidden=\"true\"><img src=\"https://admin.integreat-app.de/media/regions/181/2023/09/generationenhaus.jpg\" alt=\"\"></a></p>\r\n<p>Lediglich am 16./29.8./30.8.2024 wird pausiert wegen Ferien im Generationenhaus.</p>\r\n</div>", "available_languages": {"hr": {"id": 102289, "url": "https://admin.integreat-app.de/ostallgaeu/hr/events/radionica-u\u010denja-njema\u010dkog-jezika-u-generationenhaus-kaufbeuren-svaki-\u010detvrtak-nave\u010der/", "path": "/ostallgaeu/hr/events/radionica-u\u010denja-njema\u010dkog-jezika-u-generationenhaus-kaufbeuren-svaki-\u010detvrtak-nave\u010der/"}, "en": {"id": 102273, "url": "https://admin.integreat-app.de/ostallgaeu/en/events/german-learning-workshop-at-the-generationenhaus-kaufbeuren-every-thursday-evening/", "path": "/ostallgaeu/en/events/german-learning-workshop-at-the-generationenhaus-kaufbeuren-every-thursday-evening/"}, "es": {"id": 102274, "url": "https://admin.integreat-app.de/ostallgaeu/es/events/taller-de-aprendizaje-de-alem\u00e1n-en-la-generationenhaus-kaufbeuren-todos-los-jueves-por-la-tarde/", "path": "/ostallgaeu/es/events/taller-de-aprendizaje-de-alem\u00e1n-en-la-generationenhaus-kaufbeuren-todos-los-jueves-por-la-tarde/"}, "fr": {"id": 102275, "url": "https://admin.integreat-app.de/ostallgaeu/fr/events/atelier-dapprentissage-de-lallemand-\u00e0-la-maison-des-g\u00e9n\u00e9rations-de-kaufbeuren-tous-les-jeudis-soirs/", "path": "/ostallgaeu/fr/events/atelier-dapprentissage-de-lallemand-\u00e0-la-maison-des-g\u00e9n\u00e9rations-de-kaufbeuren-tous-les-jeudis-soirs/"}, "ar": {"id": 102276, "url": "https://admin.integreat-app.de/ostallgaeu/ar/events/\u0648\u0631\u0634\u0629-\u0639\u0645\u0644-\u062a\u0639\u0644\u0645-\u0627\u0644\u0644\u063a\u0629-\u0627\u0644\u0623\u0644\u0645\u0627\u0646\u064a\u0629-\u0641\u064a-generationenhaus-kaufbeuren-\u0643\u0644-\u064a\u0648\u0645-\u062e\u0645\u064a\u0633-\u0645\u0633\u0627\u0621/", "path": "/ostallgaeu/ar/events/\u0648\u0631\u0634\u0629-\u0639\u0645\u0644-\u062a\u0639\u0644\u0645-\u0627\u0644\u0644\u063a\u0629-\u0627\u0644\u0623\u0644\u0645\u0627\u0646\u064a\u0629-\u0641\u064a-generationenhaus-kaufbeuren-\u0643\u0644-\u064a\u0648\u0645-\u062e\u0645\u064a\u0633-\u0645\u0633\u0627\u0621/"}, "fa": {"id": 102277, "url": "https://admin.integreat-app.de/ostallgaeu/fa/events/\u06a9\u0627\u0631\u06af\u0627\u0647-\u0622\u0645\u0648\u0632\u0634\u06cc-\u0622\u0644\u0645\u0627\u0646\u06cc-\u062f\u0631-generationenhaus-kaufbeuren-\u0647\u0631-\u067e\u0646\u062c\u0634\u0646\u0628\u0647-\u0639\u0635\u0631/", "path": "/ostallgaeu/fa/events/\u06a9\u0627\u0631\u06af\u0627\u0647-\u0622\u0645\u0648\u0632\u0634\u06cc-\u0622\u0644\u0645\u0627\u0646\u06cc-\u062f\u0631-generationenhaus-kaufbeuren-\u0647\u0631-\u067e\u0646\u062c\u0634\u0646\u0628\u0647-\u0639\u0635\u0631/"}, "ro": {"id": 102279, "url": "https://admin.integreat-app.de/ostallgaeu/ro/events/atelier-de-\u00eenv\u0103\u021bare-a-limbii-germane-la-generationenhaus-kaufbeuren-\u00een-fiecare-joi-seara/", "path": "/ostallgaeu/ro/events/atelier-de-\u00eenv\u0103\u021bare-a-limbii-germane-la-generationenhaus-kaufbeuren-\u00een-fiecare-joi-seara/"}, "ru": {"id": 102281, "url": "https://admin.integreat-app.de/ostallgaeu/ru/events/\u0441\u0435\u043c\u0438\u043d\u0430\u0440-\u043f\u043e-\u0438\u0437\u0443\u0447\u0435\u043d\u0438\u044e-\u043d\u0435\u043c\u0435\u0446\u043a\u043e\u0433\u043e-\u044f\u0437\u044b\u043a\u0430-\u0432-generationenhaus-kaufbeuren-\u043a\u0430\u0436\u0434\u044b\u0439-\u0447\u0435\u0442\u0432\u0435\u0440\u0433-\u0432\u0435\u0447\u0435\u0440\u043e\u043c/", "path": "/ostallgaeu/ru/events/\u0441\u0435\u043c\u0438\u043d\u0430\u0440-\u043f\u043e-\u0438\u0437\u0443\u0447\u0435\u043d\u0438\u044e-\u043d\u0435\u043c\u0435\u0446\u043a\u043e\u0433\u043e-\u044f\u0437\u044b\u043a\u0430-\u0432-generationenhaus-kaufbeuren-\u043a\u0430\u0436\u0434\u044b\u0439-\u0447\u0435\u0442\u0432\u0435\u0440\u0433-\u0432\u0435\u0447\u0435\u0440\u043e\u043c/"}, "tr": {"id": 102283, "url": "https://admin.integreat-app.de/ostallgaeu/tr/events/generationenhaus-kaufbeurende-almanca-\u00f6\u011frenme-at\u00f6lyesi-her-per\u015fembe-ak\u015fam\u0131/", "path": "/ostallgaeu/tr/events/generationenhaus-kaufbeurende-almanca-\u00f6\u011frenme-at\u00f6lyesi-her-per\u015fembe-ak\u015fam\u0131/"}, "uk": {"id": 102285, "url": "https://admin.integreat-app.de/ostallgaeu/uk/events/\u0441\u0435\u043c\u0456\u043d\u0430\u0440-\u0437-\u0432\u0438\u0432\u0447\u0435\u043d\u043d\u044f-\u043d\u0456\u043c\u0435\u0446\u044c\u043a\u043e\u0457-\u043c\u043e\u0432\u0438-\u0432-generationenhaus-kaufbeuren-\u0449\u043e\u0447\u0435\u0442\u0432\u0435\u0440\u0433\u0430-\u0432\u0432\u0435\u0447\u0435\u0440\u0456/", "path": "/ostallgaeu/uk/events/\u0441\u0435\u043c\u0456\u043d\u0430\u0440-\u0437-\u0432\u0438\u0432\u0447\u0435\u043d\u043d\u044f-\u043d\u0456\u043c\u0435\u0446\u044c\u043a\u043e\u0457-\u043c\u043e\u0432\u0438-\u0432-generationenhaus-kaufbeuren-\u0449\u043e\u0447\u0435\u0442\u0432\u0435\u0440\u0433\u0430-\u0432\u0432\u0435\u0447\u0435\u0440\u0456/"}, "ti": {"id": 102287, "url": "https://admin.integreat-app.de/ostallgaeu/ti/events/\u12d3\u12cd\u12f0-\u1218\u133d\u1293\u12d5\u1272-\u1275\u121d\u1205\u122d\u1272-\u1300\u122d\u1218\u1295-\u12a3\u1265-generationenhaus-kaufbeuren-\u12a9\u1209-\u130d\u12dc-\u1213\u1219\u1235-\u121d\u1238\u1275/", "path": "/ostallgaeu/ti/events/\u12d3\u12cd\u12f0-\u1218\u133d\u1293\u12d5\u1272-\u1275\u121d\u1205\u122d\u1272-\u1300\u122d\u1218\u1295-\u12a3\u1265-generationenhaus-kaufbeuren-\u12a9\u1209-\u130d\u12dc-\u1213\u1219\u1235-\u121d\u1238\u1275/"}}, "thumbnail": "https://admin.integreat-app.de/media/regions/181/2025/12/1766135668_asyl-kf-neu.jpeg", "location": {"id": 1576, "name": "Generationenhaus Kaufbeuren e.V.", "address": "Hafenmarkt 6-8", "town": "Kaufbeuren", "state": null, "postcode": "87600", "region": null, "country": "Deutschland", "latitude": 47.8809234, "longitude": 10.621167944478547}, "location_path": "/ostallgaeu/de/locations/generationenhaus-kaufbeuren-ev/", "meeting_url": null, "event": {"id": 3593, "start": "2023-09-14T17:30:00+02:00", "start_date": "2023-09-14", "start_time": "17:30:00", "end": "2023-09-14T19:00:00+02:00", "end_date": "2023-09-14", "end_time": "19:00:00", "all_day": false, "only_weekdays": false, "recurrence_id": 496, "timezone": "Europe/Berlin"}, "hash": null, "recurrence_rule": "DTSTART:20230914T153000\nRRULE:FREQ=WEEKLY;BYDAY=TH"}, {"id": 251452, "url": "https://admin.integreat-app.de/ostallgaeu/de/events/lernwerkstatt-deutsch-im-generationenhaus-kaufbeuren-jeden-freitag-mittag-2/", "path": "/ostallgaeu/de/events/lernwerkstatt-deutsch-im-generationenhaus-kaufbeuren-jeden-freitag-mittag-2/", "title": "Lernwerkstatt Deutsch im Generationenhaus Kaufbeuren - Jeden Freitag Mittag", "modified_gmt": "2025-12-19T09:19:25.666Z", "last_updated": "2025-12-19T10:19:25.666+01:00", "excerpt": "\r\n\u201eLernwerkstatt Deutsch\u201c\r\nSie suchen Gelegenheit Deutsch zu sprechen? Sie m\u00f6chten Inhalte aus Ihrem Deutschkurs vertiefen oder sich auf Ihre Deutschpr\u00fcfung vorbereiten?Dann sind Sie in der Lernwerkstatt Deutsch genau richtig! Mit Einf\u00fchrung in das VHS Lernportal.Ohne Anmeldung\r\nab Sprachlevel A1\r\nkostenlos\r\nWann\u00a0\r\nJeden Donnerstag von 11:00 \u2013 12:30 UhrJeden Donnerstag von 17:30 \u2013 19:00 UhrJeden Freitag von 11:00 Uhr \u2013 12:30 Uhr\r\nWo\r\nGenerationen Haus Kaufbeuren, Hafenmarkt 6-8\r\n\u00a0\r\n\r\n\u00a0\r\nLediglich am 16./29.8./30.8.2024 wird pausiert wegen Ferien im Generationenhaus.\r\n", "content": "<div>\r\n<p><strong>\u201eLernwerkstatt Deutsch\u201c</strong></p>\r\n<p><br>Sie suchen Gelegenheit Deutsch zu sprechen? Sie m\u00f6chten Inhalte aus Ihrem Deutschkurs vertiefen oder sich auf Ihre Deutschpr\u00fcfung vorbereiten?<br>Dann sind Sie in der Lernwerkstatt Deutsch genau richtig! Mit Einf\u00fchrung in das VHS Lernportal.<br>Ohne Anmeldung</p>\r\n<p>ab Sprachlevel A1</p>\r\n<p>kostenlos</p>\r\n<p><br><strong>Wann\u00a0</strong></p>\r\n<p>Jeden Donnerstag von 11:00 \u2013 12:30 Uhr<br>Jeden Donnerstag von 17:30 \u2013 19:00 Uhr<br>Jeden Freitag von 11:00 Uhr \u2013 12:30 Uhr</p>\r\n<p><br><strong>Wo</strong></p>\r\n<p>Generationen Haus Kaufbeuren, Hafenmarkt 6-8</p>\r\n<p>\u00a0</p>\r\n<p><a tabindex=\"-1\" href=\"https://admin.integreat-app.de/media/regions/181/2023/09/generationenhaus.jpg\" aria-hidden=\"true\"><img src=\"https://admin.integreat-app.de/media/regions/181/2023/09/generationenhaus.jpg\" alt=\"\"></a></p>\r\n<p>\u00a0</p>\r\n<p>Lediglich am 16./29.8./30.8.2024 wird pausiert wegen Ferien im Generationenhaus.</p>\r\n</div>", "available_languages": {"hr": {"id": 102271, "url": "https://admin.integreat-app.de/ostallgaeu/hr/events/radionica-u\u010denja-njema\u010dkog-jezika-u-generationenhaus-kaufbeuren-svaki-petak-u-podne/", "path": "/ostallgaeu/hr/events/radionica-u\u010denja-njema\u010dkog-jezika-u-generationenhaus-kaufbeuren-svaki-petak-u-podne/"}, "en": {"id": 102261, "url": "https://admin.integreat-app.de/ostallgaeu/en/events/german-learning-workshop-at-the-generationenhaus-kaufbeuren-every-friday-lunchtime/", "path": "/ostallgaeu/en/events/german-learning-workshop-at-the-generationenhaus-kaufbeuren-every-friday-lunchtime/"}, "es": {"id": 102262, "url": "https://admin.integreat-app.de/ostallgaeu/es/events/taller-de-aprendizaje-de-alem\u00e1n-en-la-generationenhaus-kaufbeuren-todos-los-viernes-a-mediod\u00eda/", "path": "/ostallgaeu/es/events/taller-de-aprendizaje-de-alem\u00e1n-en-la-generationenhaus-kaufbeuren-todos-los-viernes-a-mediod\u00eda/"}, "fr": {"id": 102263, "url": "https://admin.integreat-app.de/ostallgaeu/fr/events/atelier-dapprentissage-de-lallemand-\u00e0-la-maison-des-g\u00e9n\u00e9rations-de-kaufbeuren-tous-les-vendredis-\u00e0-midi/", "path": "/ostallgaeu/fr/events/atelier-dapprentissage-de-lallemand-\u00e0-la-maison-des-g\u00e9n\u00e9rations-de-kaufbeuren-tous-les-vendredis-\u00e0-midi/"}, "ar": {"id": 102264, "url": "https://admin.integreat-app.de/ostallgaeu/ar/events/\u0648\u0631\u0634\u0629-\u0639\u0645\u0644-\u062a\u0639\u0644\u0645-\u0627\u0644\u0644\u063a\u0629-\u0627\u0644\u0623\u0644\u0645\u0627\u0646\u064a\u0629-\u0641\u064a-generationenhaus-kaufbeuren-\u0643\u0644-\u064a\u0648\u0645-\u062c\u0645\u0639\u0629-\u0639\u0646\u062f-\u0627\u0644\u0638\u0647\u0631/", "path": "/ostallgaeu/ar/events/\u0648\u0631\u0634\u0629-\u0639\u0645\u0644-\u062a\u0639\u0644\u0645-\u0627\u0644\u0644\u063a\u0629-\u0627\u0644\u0623\u0644\u0645\u0627\u0646\u064a\u0629-\u0641\u064a-generationenhaus-kaufbeuren-\u0643\u0644-\u064a\u0648\u0645-\u062c\u0645\u0639\u0629-\u0639\u0646\u062f-\u0627\u0644\u0638\u0647\u0631/"}, "fa": {"id": 102265, "url": "https://admin.integreat-app.de/ostallgaeu/fa/events/\u06a9\u0627\u0631\u06af\u0627\u0647-\u0622\u0645\u0648\u0632\u0634\u06cc-\u0622\u0644\u0645\u0627\u0646\u06cc-\u062f\u0631-generationenhaus-kaufbeuren-\u0647\u0631-\u062c\u0645\u0639\u0647-\u062f\u0631-\u0638\u0647\u0631/", "path": "/ostallgaeu/fa/events/\u06a9\u0627\u0631\u06af\u0627\u0647-\u0622\u0645\u0648\u0632\u0634\u06cc-\u0622\u0644\u0645\u0627\u0646\u06cc-\u062f\u0631-generationenhaus-kaufbeuren-\u0647\u0631-\u062c\u0645\u0639\u0647-\u062f\u0631-\u0638\u0647\u0631/"}, "ro": {"id": 102266, "url": "https://admin.integreat-app.de/ostallgaeu/ro/events/atelier-de-\u00eenv\u0103\u021bare-a-limbii-germane-la-generationenhaus-kaufbeuren-\u00een-fiecare-vineri-la-pr\u00e2nz/", "path": "/ostallgaeu/ro/events/atelier-de-\u00eenv\u0103\u021bare-a-limbii-germane-la-generationenhaus-kaufbeuren-\u00een-fiecare-vineri-la-pr\u00e2nz/"}, "ru": {"id": 102267, "url": "https://admin.integreat-app.de/ostallgaeu/ru/events/\u0441\u0435\u043c\u0438\u043d\u0430\u0440-\u043f\u043e-\u0438\u0437\u0443\u0447\u0435\u043d\u0438\u044e-\u043d\u0435\u043c\u0435\u0446\u043a\u043e\u0433\u043e-\u044f\u0437\u044b\u043a\u0430-\u0432-generationenhaus-kaufbeuren-\u043a\u0430\u0436\u0434\u0443\u044e-\u043f\u044f\u0442\u043d\u0438\u0446\u0443-\u0432-\u043e\u0431\u0435\u0434\u0435\u043d\u043d\u043e\u0435-\u0432\u0440\u0435\u043c\u044f/", "path": "/ostallgaeu/ru/events/\u0441\u0435\u043c\u0438\u043d\u0430\u0440-\u043f\u043e-\u0438\u0437\u0443\u0447\u0435\u043d\u0438\u044e-\u043d\u0435\u043c\u0435\u0446\u043a\u043e\u0433\u043e-\u044f\u0437\u044b\u043a\u0430-\u0432-generationenhaus-kaufbeuren-\u043a\u0430\u0436\u0434\u0443\u044e-\u043f\u044f\u0442\u043d\u0438\u0446\u0443-\u0432-\u043e\u0431\u0435\u0434\u0435\u043d\u043d\u043e\u0435-\u0432\u0440\u0435\u043c\u044f/"}, "tr": {"id": 102268, "url": "https://admin.integreat-app.de/ostallgaeu/tr/events/generationenhaus-kaufbeurende-almanca-\u00f6\u011frenme-at\u00f6lyesi-her-cuma-\u00f6\u011fle-yeme\u011fi-vakti/", "path": "/ostallgaeu/tr/events/generationenhaus-kaufbeurende-almanca-\u00f6\u011frenme-at\u00f6lyesi-her-cuma-\u00f6\u011fle-yeme\u011fi-vakti/"}, "uk": {"id": 102269, "url": "https://admin.integreat-app.de/ostallgaeu/uk/events/\u0441\u0435\u043c\u0456\u043d\u0430\u0440-\u0437-\u0432\u0438\u0432\u0447\u0435\u043d\u043d\u044f-\u043d\u0456\u043c\u0435\u0446\u044c\u043a\u043e\u0457-\u043c\u043e\u0432\u0438-\u0432-generationenhaus-kaufbeuren-\u0449\u043e\u043f\u044f\u0442\u043d\u0438\u0446\u0456-\u0432-\u043e\u0431\u0456\u0434\u043d\u0456\u0439-\u0447\u0430\u0441/", "path": "/ostallgaeu/uk/events/\u0441\u0435\u043c\u0456\u043d\u0430\u0440-\u0437-\u0432\u0438\u0432\u0447\u0435\u043d\u043d\u044f-\u043d\u0456\u043c\u0435\u0446\u044c\u043a\u043e\u0457-\u043c\u043e\u0432\u0438-\u0432-generationenhaus-kaufbeuren-\u0449\u043e\u043f\u044f\u0442\u043d\u0438\u0446\u0456-\u0432-\u043e\u0431\u0456\u0434\u043d\u0456\u0439-\u0447\u0430\u0441/"}, "ti": {"id": 102270, "url": "https://admin.integreat-app.de/ostallgaeu/ti/events/\u12d3\u12cd\u12f0-\u1218\u133d\u1293\u12d5\u1272-\u1275\u121d\u1205\u122d\u1272-\u1300\u122d\u1218\u1295-\u12a3\u1265-generationenhaus-kaufbeuren-\u12a9\u1209-\u130d\u12dc-\u12d3\u122d\u1262-\u1230\u12d3\u1275-\u1240\u1275\u122a/", "path": "/ostallgaeu/ti/events/\u12d3\u12cd\u12f0-\u1218\u133d\u1293\u12d5\u1272-\u1275\u121d\u1205\u122d\u1272-\u1300\u122d\u1218\u1295-\u12a3\u1265-generationenhaus-kaufbeuren-\u12a9\u1209-\u130d\u12dc-\u12d3\u122d\u1262-\u1230\u12d3\u1275-\u1240\u1275\u122a/"}}, "thumbnail": "https://admin.integreat-app.de/media/regions/181/2025/12/1766135668_asyl-kf-neu.jpeg", "location": {"id": 1576, "name": "Generationenhaus Kaufbeuren e.V.", "address": "Hafenmarkt 6-8", "town": "Kaufbeuren", "state": null, "postcode": "87600", "region": null, "country": "Deutschland", "latitude": 47.8809234, "longitude": 10.621167944478547}, "location_path": "/ostallgaeu/de/locations/generationenhaus-kaufbeuren-ev/", "meeting_url": null, "event": {"id": 3596, "start": "2023-09-15T11:00:00+02:00", "start_date": "2023-09-15", "start_time": "11:00:00", "end": "2023-09-15T12:30:00+02:00", "end_date": "2023-09-15", "end_time": "12:30:00", "all_day": false, "only_weekdays": false, "recurrence_id": 497, "timezone": "Europe/Berlin"}, "hash": null, "recurrence_rule": "DTSTART:20230915T090000\nRRULE:FREQ=WEEKLY;BYDAY=FR"}, {"id": 102368, "url": "https://admin.integreat-app.de/ostallgaeu/de/events/m\u00e4dchenmontag-mit-m\u00e4dchen-und-frauenpower-zur-integration-jeden-montag/", "path": "/ostallgaeu/de/events/m\u00e4dchenmontag-mit-m\u00e4dchen-und-frauenpower-zur-integration-jeden-montag/", "title": "M\u00e4dchenMontag mit M\u00e4dchen- und Frauenpower zur Integration - Jeden Montag!", "modified_gmt": "2025-02-24T08:25:05.600Z", "last_updated": "2025-02-24T09:25:05.600+01:00", "excerpt": "\r\nM\u00e4dchenMontag\r\nmit M\u00e4dchen- und Frauenpower zur Integration\r\nGruppentreff f\u00fcr alle M\u00e4dchen ab 12 Jahren\r\nImmer Montags von 16:00 bis 20:00 Uhr\r\nim JuZe Kaufbeuren (Hauberrisserstra\u00dfe 8, Kaufbeuren)\r\nEintritt frei/ohne Anmeldung\r\nMehr Infos:\u00a0\r\nSina RauhutMobil: 0173/2101271Email: sina.rauhut@sjrkf.de\r\n\r\n\r\nEin Projekt vom Stadtjugendring Kaufbeuren gef\u00f6rdert durch die Aktion Mensch\r\n", "content": "<div>\r\n<p><strong>M\u00e4dchenMontag</strong></p>\r\n<p><strong>mit M\u00e4dchen- und Frauenpower zur Integration</strong></p>\r\n<p>Gruppentreff f\u00fcr alle M\u00e4dchen ab 12 Jahren</p>\r\n<p>Immer Montags von 16:00 bis 20:00 Uhr</p>\r\n<p>im JuZe Kaufbeuren (Hauberrisserstra\u00dfe 8, Kaufbeuren)</p>\r\n<p><br>Eintritt frei/ohne Anmeldung</p>\r\n<p>Mehr Infos:\u00a0</p>\r\n<p>Sina Rauhut<br>Mobil: <a class=\"link-external\" href=\"tel:+491732101271\">0173/2101271</a><br>Email: <a class=\"link-external\" href=\"mailto:sina.rauhut@sjrkf.de\">sina.rauhut@sjrkf.de</a></p>\r\n<p><a href=\"https://admin.integreat-app.de/media/regions/181/2023/10/mm1.jpg\" aria-hidden=\"true\" tabindex=\"-1\"><img src=\"https://admin.integreat-app.de/media/regions/181/2023/10/mm1.jpg\" alt=\"\"></a></p>\r\n<p><a href=\"https://admin.integreat-app.de/media/regions/181/2023/10/mm2.jpg\" aria-hidden=\"true\" tabindex=\"-1\"><img src=\"https://admin.integreat-app.de/media/regions/181/2023/10/mm2.jpg\" alt=\"\"></a></p>\r\n<p><em>Ein Projekt vom Stadtjugendring Kaufbeuren gef\u00f6rdert durch die Aktion Mensch</em></p>\r\n</div>", "available_languages": {"hr": {"id": 102381, "url": "https://admin.integreat-app.de/ostallgaeu/hr/events/girls-monday-s-girl-and-womens-power-for-integration-svakog-ponedjeljka/", "path": "/ostallgaeu/hr/events/girls-monday-s-girl-and-womens-power-for-integration-svakog-ponedjeljka/"}, "en": {"id": 102370, "url": "https://admin.integreat-app.de/ostallgaeu/en/events/girls-monday-with-girls-and-womens-power-for-integration-every-monday/", "path": "/ostallgaeu/en/events/girls-monday-with-girls-and-womens-power-for-integration-every-monday/"}, "es": {"id": 102372, "url": "https://admin.integreat-app.de/ostallgaeu/es/events/lunes-de-chicas-con-el-poder-de-las-chicas-y-las-mujeres-para-la-integraci\u00f3n-todos-los-lunes/", "path": "/ostallgaeu/es/events/lunes-de-chicas-con-el-poder-de-las-chicas-y-las-mujeres-para-la-integraci\u00f3n-todos-los-lunes/"}, "fr": {"id": 102373, "url": "https://admin.integreat-app.de/ostallgaeu/fr/events/m\u00e4dchenmontag-avec-le-pouvoir-des-filles-et-des-femmes-pour-lint\u00e9gration-tous-les-lundis/", "path": "/ostallgaeu/fr/events/m\u00e4dchenmontag-avec-le-pouvoir-des-filles-et-des-femmes-pour-lint\u00e9gration-tous-les-lundis/"}, "ar": {"id": 102374, "url": "https://admin.integreat-app.de/ostallgaeu/ar/events/\u064a\u0648\u0645-\u0627\u0644\u0627\u062b\u0646\u064a\u0646-\u0644\u0644\u0641\u062a\u064a\u0627\u062a-\u0645\u0639-\u0642\u0648\u0629-\u0627\u0644\u0641\u062a\u064a\u0627\u062a-\u0648\u0627\u0644\u0646\u0633\u0627\u0621-\u0645\u0646-\u0623\u062c\u0644-\u0627\u0644\u062a\u0643\u0627\u0645\u0644-\u0643\u0644-\u064a\u0648\u0645-\u0627\u062b\u0646\u064a\u0646/", "path": "/ostallgaeu/ar/events/\u064a\u0648\u0645-\u0627\u0644\u0627\u062b\u0646\u064a\u0646-\u0644\u0644\u0641\u062a\u064a\u0627\u062a-\u0645\u0639-\u0642\u0648\u0629-\u0627\u0644\u0641\u062a\u064a\u0627\u062a-\u0648\u0627\u0644\u0646\u0633\u0627\u0621-\u0645\u0646-\u0623\u062c\u0644-\u0627\u0644\u062a\u0643\u0627\u0645\u0644-\u0643\u0644-\u064a\u0648\u0645-\u0627\u062b\u0646\u064a\u0646/"}, "fa": {"id": 102375, "url": "https://admin.integreat-app.de/ostallgaeu/fa/events/\u062f\u0648\u0634\u0646\u0628\u0647-\u062f\u062e\u062a\u0631\u0627\u0646-\u0628\u0627-\u0642\u062f\u0631\u062a-\u062f\u062e\u062a\u0631-\u0648-\u0632\u0646\u0627\u0646-\u0628\u0631\u0627\u06cc-\u0627\u062f\u063a\u0627\u0645-\u0647\u0631-\u062f\u0648\u0634\u0646\u0628\u0647/", "path": "/ostallgaeu/fa/events/\u062f\u0648\u0634\u0646\u0628\u0647-\u062f\u062e\u062a\u0631\u0627\u0646-\u0628\u0627-\u0642\u062f\u0631\u062a-\u062f\u062e\u062a\u0631-\u0648-\u0632\u0646\u0627\u0646-\u0628\u0631\u0627\u06cc-\u0627\u062f\u063a\u0627\u0645-\u0647\u0631-\u062f\u0648\u0634\u0646\u0628\u0647/"}, "ro": {"id": 102376, "url": "https://admin.integreat-app.de/ostallgaeu/ro/events/lunea-fetelor-cu-puterea-fetelor-\u0219i-a-femeilor-pentru-integrare-\u00een-fiecare-luni/", "path": "/ostallgaeu/ro/events/lunea-fetelor-cu-puterea-fetelor-\u0219i-a-femeilor-pentru-integrare-\u00een-fiecare-luni/"}, "ru": {"id": 102377, "url": "https://admin.integreat-app.de/ostallgaeu/ru/events/\u0434\u0435\u0432\u0438\u0447\u0438\u0439-\u043f\u043e\u043d\u0435\u0434\u0435\u043b\u044c\u043d\u0438\u043a-\u0441-\u0434\u0435\u0432\u0438\u0447\u044c\u0435\u0439-\u0438-\u0436\u0435\u043d\u0441\u043a\u043e\u0439-\u0441\u0438\u043b\u043e\u0439-\u0437\u0430-\u0438\u043d\u0442\u0435\u0433\u0440\u0430\u0446\u0438\u044e-\u043a\u0430\u0436\u0434\u044b\u0439-\u043f\u043e\u043d\u0435\u0434\u0435\u043b\u044c\u043d\u0438\u043a/", "path": "/ostallgaeu/ru/events/\u0434\u0435\u0432\u0438\u0447\u0438\u0439-\u043f\u043e\u043d\u0435\u0434\u0435\u043b\u044c\u043d\u0438\u043a-\u0441-\u0434\u0435\u0432\u0438\u0447\u044c\u0435\u0439-\u0438-\u0436\u0435\u043d\u0441\u043a\u043e\u0439-\u0441\u0438\u043b\u043e\u0439-\u0437\u0430-\u0438\u043d\u0442\u0435\u0433\u0440\u0430\u0446\u0438\u044e-\u043a\u0430\u0436\u0434\u044b\u0439-\u043f\u043e\u043d\u0435\u0434\u0435\u043b\u044c\u043d\u0438\u043a/"}, "tr": {"id": 102378, "url": "https://admin.integreat-app.de/ostallgaeu/tr/events/entegrasyon-i\u00e7in-k\u0131z-\u00e7ocuklar\u0131n\u0131n-ve-kad\u0131nlar\u0131n-g\u00fcc\u00fcyle-k\u0131zlar-pazartesisi-her-pazartesi/", "path": "/ostallgaeu/tr/events/entegrasyon-i\u00e7in-k\u0131z-\u00e7ocuklar\u0131n\u0131n-ve-kad\u0131nlar\u0131n-g\u00fcc\u00fcyle-k\u0131zlar-pazartesisi-her-pazartesi/"}, "uk": {"id": 102379, "url": "https://admin.integreat-app.de/ostallgaeu/uk/events/\u0449\u043e\u043f\u043e\u043d\u0435\u0434\u0456\u043b\u043a\u0430-\u0437-\u0434\u0456\u0432\u0447\u0430\u0442\u0430\u043c\u0438-\u0442\u0430-\u0436\u0456\u043d\u043a\u0430\u043c\u0438-\u0437\u0430-\u0456\u043d\u0442\u0435\u0433\u0440\u0430\u0446\u0456\u044e-\u0449\u043e\u043f\u043e\u043d\u0435\u0434\u0456\u043b\u043a\u0430/", "path": "/ostallgaeu/uk/events/\u0449\u043e\u043f\u043e\u043d\u0435\u0434\u0456\u043b\u043a\u0430-\u0437-\u0434\u0456\u0432\u0447\u0430\u0442\u0430\u043c\u0438-\u0442\u0430-\u0436\u0456\u043d\u043a\u0430\u043c\u0438-\u0437\u0430-\u0456\u043d\u0442\u0435\u0433\u0440\u0430\u0446\u0456\u044e-\u0449\u043e\u043f\u043e\u043d\u0435\u0434\u0456\u043b\u043a\u0430/"}, "ti": {"id": 102380, "url": "https://admin.integreat-app.de/ostallgaeu/ti/events/\u1236\u1292-\u12a3\u12cb\u120d\u12f5-\u121d\u1235-\u1213\u12ed\u120a-\u1313\u120d\u1295-\u12f0\u1242-\u12a3\u1295\u1235\u1275\u12ee\u1295-\u1295\u12cd\u1205\u12f0\u1275-\u12a9\u1209-\u130d\u12dc-\u1236\u1292/", "path": "/ostallgaeu/ti/events/\u1236\u1292-\u12a3\u12cb\u120d\u12f5-\u121d\u1235-\u1213\u12ed\u120a-\u1313\u120d\u1295-\u12f0\u1242-\u12a3\u1295\u1235\u1275\u12ee\u1295-\u1295\u12cd\u1205\u12f0\u1275-\u12a9\u1209-\u130d\u12dc-\u1236\u1292/"}}, "thumbnail": "https://admin.integreat-app.de/media/regions/181/2023/10/Herunterladen.jfif", "location": {"id": 1428, "name": "JuZe Kaufbeuren", "address": "Hauberrisserstr. 8", "town": "Kaufbeuren", "state": null, "postcode": "87600", "region": null, "country": "Deutschland", "latitude": 47.878219599999994, "longitude": 10.62329730710109}, "location_path": "/ostallgaeu/de/locations/juze-kaufbeuren/", "meeting_url": null, "event": {"id": 3803, "start": "2023-10-09T16:00:00+02:00", "start_date": "2023-10-09", "start_time": "16:00:00", "end": "2023-10-09T20:00:00+02:00", "end_date": "2023-10-09", "end_time": "20:00:00", "all_day": false, "only_weekdays": false, "recurrence_id": 519, "timezone": "Europe/Berlin"}, "hash": null, "recurrence_rule": "DTSTART:20231009T140000\nRRULE:FREQ=WEEKLY;BYDAY=MO"}, {"id": 213229, "url": "https://admin.integreat-app.de/ostallgaeu/de/events/sprachcaf\u00e9-f\u00fcr-senioren-in-kempten-14-t\u00e4gig-am-donnerstag/", "path": "/ostallgaeu/de/events/sprachcaf\u00e9-f\u00fcr-senioren-in-kempten-14-t\u00e4gig-am-donnerstag/", "title": "Sprachcaf\u00e9 f\u00fcr Senioren in Kempten -  14-t\u00e4gig am Donnerstag!", "modified_gmt": "2025-09-15T07:07:33.900Z", "last_updated": "2025-09-15T09:07:33.900+02:00", "excerpt": "\r\nDer Sozialdienst muslimischer Frauen (SmF) bietet in Kempten kostenlose Sprachcaf\u00e9s f\u00fcr verschiedene Zielgruppen an:\r\n\r\n14-t\u00e4gig am Donnerstag von 14:00 bis 16:00 Uhr: das Sprachcaf\u00e9 f\u00fcr Senior:innen\r\nAdresse:Sozialdienst muslimischer FrauenF\u00fcrstenstr. 23Kempten\r\n\r\nHier tauschen sich die Teilnehmenden \u00fcber Themen ihrer Alltagswelt aus. Oft werden einfache Dialoge ge\u00fcbt, wie z.B. Wegbeschreibungen, Einkaufen, Arztbesuche organisieren, Rezepte einl\u00f6sen oder sich in der digitalen Welt zurechtfinden.\r\nKontakt &amp; Anmeldung: Rabia Mercimekoglu, Mobil: 0178-1094615, E-Mail: r.mercimekoglu@smf-verband.de\u00a0\r\nDas kultur- und religionssensible Seniorenprojekt des SmF Kempten hat es sich zum Ziel gesetzt, die Bedarfe vor Ort zu ermitteln und ein kultur- und religionssensibles Beratungsangebot f\u00fcr Senior:innen mit muslimischem Hintergrund vor Ort zu entwickeln. Gleichwohl wird vor Ort ein Netzwerk aus muslimischen und nicht-muslimischen Akteuren aufgebaut, mit Einbettung in bestehende kommunale Strukturen.\r\nDas Seniorenprojekt wird vom BMFSFJ gef\u00f6rdert.\r\n", "content": "<div>\r\n<p>Der Sozialdienst muslimischer Frauen (SmF) bietet in Kempten kostenlose Sprachcaf\u00e9s f\u00fcr verschiedene Zielgruppen an:</p>\r\n<ul>\r\n<li>14-t\u00e4gig am Donnerstag von 14:00 bis 16:00 Uhr: das Sprachcaf\u00e9 f\u00fcr Senior:innen</li>\r\n<li>Adresse:<br>Sozialdienst muslimischer Frauen<br>F\u00fcrstenstr. 23<br>Kempten</li>\r\n</ul>\r\n<p>Hier tauschen sich die Teilnehmenden \u00fcber Themen ihrer Alltagswelt aus. Oft werden einfache Dialoge ge\u00fcbt, wie z.B. Wegbeschreibungen, Einkaufen, Arztbesuche organisieren, Rezepte einl\u00f6sen oder sich in der digitalen Welt zurechtfinden.</p>\r\n<p>Kontakt &amp; Anmeldung: Rabia Mercimekoglu, Mobil: 0178-1094615, E-Mail: <a class=\"link-external\" href=\"mailto:r.mercimekoglu@smf-verband.de\">r.mercimekoglu@smf-verband.de</a>\u00a0</p>\r\n<p>Das kultur- und religionssensible Seniorenprojekt des SmF Kempten hat es sich zum Ziel gesetzt, die Bedarfe vor Ort zu ermitteln und ein kultur- und religionssensibles Beratungsangebot f\u00fcr Senior:innen mit muslimischem Hintergrund vor Ort zu entwickeln. Gleichwohl wird vor Ort ein Netzwerk aus muslimischen und nicht-muslimischen Akteuren aufgebaut, mit Einbettung in bestehende kommunale Strukturen.</p>\r\n<p>Das Seniorenprojekt wird vom BMFSFJ gef\u00f6rdert.</p>\r\n</div>", "available_languages": {"hr": {"id": 213230, "url": "https://admin.integreat-app.de/ostallgaeu/hr/events/jezi\u010dni-kafi\u0107-za-starije-osobe-u-kemptenu-svaka-dva-tjedna-\u010detvrtkom/", "path": "/ostallgaeu/hr/events/jezi\u010dni-kafi\u0107-za-starije-osobe-u-kemptenu-svaka-dva-tjedna-\u010detvrtkom/"}, "en": {"id": 213231, "url": "https://admin.integreat-app.de/ostallgaeu/en/events/language-caf\u00e9-for-senior-citizens-in-kempten-fortnightly-on-thursday/", "path": "/ostallgaeu/en/events/language-caf\u00e9-for-senior-citizens-in-kempten-fortnightly-on-thursday/"}, "es": {"id": 213232, "url": "https://admin.integreat-app.de/ostallgaeu/es/events/caf\u00e9-de-idiomas-para-mayores-en-kempten-los-jueves-cada-quince-d\u00edas/", "path": "/ostallgaeu/es/events/caf\u00e9-de-idiomas-para-mayores-en-kempten-los-jueves-cada-quince-d\u00edas/"}, "fr": {"id": 213233, "url": "https://admin.integreat-app.de/ostallgaeu/fr/events/caf\u00e9-linguistique-pour-seniors-\u00e0-kempten-tous-les-15-jours-le-jeudi/", "path": "/ostallgaeu/fr/events/caf\u00e9-linguistique-pour-seniors-\u00e0-kempten-tous-les-15-jours-le-jeudi/"}, "ar": {"id": 213234, "url": "https://admin.integreat-app.de/ostallgaeu/ar/events/\u0645\u0642\u0647\u0649-\u0644\u063a\u0648\u064a-\u0644\u0643\u0628\u0627\u0631-\u0627\u0644\u0633\u0646-\u0641\u064a-\u0643\u064a\u0645\u0628\u062a\u0646-\u0643\u0644-\u0623\u0633\u0628\u0648\u0639\u064a\u0646-\u064a\u0648\u0645-\u0627\u0644\u062e\u0645\u064a\u0633/", "path": "/ostallgaeu/ar/events/\u0645\u0642\u0647\u0649-\u0644\u063a\u0648\u064a-\u0644\u0643\u0628\u0627\u0631-\u0627\u0644\u0633\u0646-\u0641\u064a-\u0643\u064a\u0645\u0628\u062a\u0646-\u0643\u0644-\u0623\u0633\u0628\u0648\u0639\u064a\u0646-\u064a\u0648\u0645-\u0627\u0644\u062e\u0645\u064a\u0633/"}, "fa": {"id": 213235, "url": "https://admin.integreat-app.de/ostallgaeu/fa/events/\u06a9\u0627\u0641\u0647-\u0632\u0628\u0627\u0646-\u0628\u0631\u0627\u06cc-\u0633\u0627\u0644\u0645\u0646\u062f\u0627\u0646-\u062f\u0631-\u06a9\u0645\u067e\u062a\u0646-\u0647\u0631-\u062f\u0648-\u0647\u0641\u062a\u0647-\u06cc\u06a9\u0628\u0627\u0631-\u067e\u0646\u062c\u0634\u0646\u0628\u0647\u0647\u0627/", "path": "/ostallgaeu/fa/events/\u06a9\u0627\u0641\u0647-\u0632\u0628\u0627\u0646-\u0628\u0631\u0627\u06cc-\u0633\u0627\u0644\u0645\u0646\u062f\u0627\u0646-\u062f\u0631-\u06a9\u0645\u067e\u062a\u0646-\u0647\u0631-\u062f\u0648-\u0647\u0641\u062a\u0647-\u06cc\u06a9\u0628\u0627\u0631-\u067e\u0646\u062c\u0634\u0646\u0628\u0647\u0647\u0627/"}, "ro": {"id": 213236, "url": "https://admin.integreat-app.de/ostallgaeu/ro/events/cafenea-lingvistic\u0103-pentru-persoanele-\u00een-v\u00e2rst\u0103-din-kempten-joi-15-zile-pe-s\u0103pt\u0103m\u00e2n\u0103/", "path": "/ostallgaeu/ro/events/cafenea-lingvistic\u0103-pentru-persoanele-\u00een-v\u00e2rst\u0103-din-kempten-joi-15-zile-pe-s\u0103pt\u0103m\u00e2n\u0103/"}, "ru": {"id": 213237, "url": "https://admin.integreat-app.de/ostallgaeu/ru/events/\u044f\u0437\u044b\u043a\u043e\u0432\u043e\u0435-\u043a\u0430\u0444\u0435-\u0434\u043b\u044f-\u043f\u043e\u0436\u0438\u043b\u044b\u0445-\u043b\u044e\u0434\u0435\u0439-\u0432-\u043a\u0435\u043c\u043f\u0442\u0435\u043d\u0435-\u0440\u0430\u0437-\u0432-\u0434\u0432\u0435-\u043d\u0435\u0434\u0435\u043b\u0438-\u043f\u043e-\u0447\u0435\u0442\u0432\u0435\u0440\u0433\u0430\u043c/", "path": "/ostallgaeu/ru/events/\u044f\u0437\u044b\u043a\u043e\u0432\u043e\u0435-\u043a\u0430\u0444\u0435-\u0434\u043b\u044f-\u043f\u043e\u0436\u0438\u043b\u044b\u0445-\u043b\u044e\u0434\u0435\u0439-\u0432-\u043a\u0435\u043c\u043f\u0442\u0435\u043d\u0435-\u0440\u0430\u0437-\u0432-\u0434\u0432\u0435-\u043d\u0435\u0434\u0435\u043b\u0438-\u043f\u043e-\u0447\u0435\u0442\u0432\u0435\u0440\u0433\u0430\u043c/"}, "tr": {"id": 213238, "url": "https://admin.integreat-app.de/ostallgaeu/tr/events/kemptende-ya\u015fl\u0131lar-i\u00e7in-dil-kafesi-iki-haftada-bir-per\u015fembe-g\u00fcnleri/", "path": "/ostallgaeu/tr/events/kemptende-ya\u015fl\u0131lar-i\u00e7in-dil-kafesi-iki-haftada-bir-per\u015fembe-g\u00fcnleri/"}, "uk": {"id": 213239, "url": "https://admin.integreat-app.de/ostallgaeu/uk/events/\u043c\u043e\u0432\u043d\u0435-\u043a\u0430\u0444\u0435-\u0434\u043b\u044f-\u043b\u044e\u0434\u0435\u0439-\u043f\u043e\u0445\u0438\u043b\u043e\u0433\u043e-\u0432\u0456\u043a\u0443-\u0432-\u043a\u0435\u043c\u043f\u0442\u0435\u043d\u0456-\u0434\u0432\u0456\u0447\u0456-\u043d\u0430-\u0442\u0438\u0436\u0434\u0435\u043d\u044c-\u043f\u043e-\u0447\u0435\u0442\u0432\u0435\u0440\u0433\u0430\u0445/", "path": "/ostallgaeu/uk/events/\u043c\u043e\u0432\u043d\u0435-\u043a\u0430\u0444\u0435-\u0434\u043b\u044f-\u043b\u044e\u0434\u0435\u0439-\u043f\u043e\u0445\u0438\u043b\u043e\u0433\u043e-\u0432\u0456\u043a\u0443-\u0432-\u043a\u0435\u043c\u043f\u0442\u0435\u043d\u0456-\u0434\u0432\u0456\u0447\u0456-\u043d\u0430-\u0442\u0438\u0436\u0434\u0435\u043d\u044c-\u043f\u043e-\u0447\u0435\u0442\u0432\u0435\u0440\u0433\u0430\u0445/"}, "ti": {"id": 213240, "url": "https://admin.integreat-app.de/ostallgaeu/ti/events/\u12a3\u1265-\u12ac\u121d\u1355\u1270\u1295-\u1295\u12a3\u1228\u130b\u12cd\u12eb\u1295-\u12dd\u12b8\u12cd\u1295-\u1293\u12ed-\u124b\u1295\u124b-\u12ab\u1348-\u12a3\u1265-\u1290\u134d\u1232-\u12c8\u12a8\u134d-\u12ad\u120d\u1270-\u1230\u1219\u1295-\u1213\u1219\u1235/", "path": "/ostallgaeu/ti/events/\u12a3\u1265-\u12ac\u121d\u1355\u1270\u1295-\u1295\u12a3\u1228\u130b\u12cd\u12eb\u1295-\u12dd\u12b8\u12cd\u1295-\u1293\u12ed-\u124b\u1295\u124b-\u12ab\u1348-\u12a3\u1265-\u1290\u134d\u1232-\u12c8\u12a8\u134d-\u12ad\u120d\u1270-\u1230\u1219\u1295-\u1213\u1219\u1235/"}}, "thumbnail": "https://admin.integreat-app.de/media/regions/181/2025/09/1757920035_SmF.png", "location": {"id": 1365, "name": "Sozialdienst muslimischer Frauen Kempten", "address": "F\u00fcrstenstra\u00dfe 23", "town": "Kempten (Allg\u00e4u)", "state": null, "postcode": "87439", "region": null, "country": "Deutschland", "latitude": 47.730774749999995, "longitude": 10.309201286973948}, "location_path": "/ostallgaeu/de/locations/sozialdienst-muslimischer-frauen-kempten/", "meeting_url": null, "event": {"id": 5710, "start": "2024-02-05T14:00:00+01:00", "start_date": "2024-02-05", "start_time": "14:00:00", "end": "2024-02-05T16:00:00+01:00", "end_date": "2024-02-05", "end_time": "16:00:00", "all_day": false, "only_weekdays": false, "recurrence_id": 806, "timezone": "Europe/Berlin"}, "hash": null, "recurrence_rule": "DTSTART:20240205T130000\nRRULE:FREQ=WEEKLY;INTERVAL=2;BYDAY=TH"}, {"id": 251453, "url": "https://admin.integreat-app.de/ostallgaeu/de/events/internationaler-deutschkaffeeklatsch-jeden-freitag-in-kaufbeuren/", "path": "/ostallgaeu/de/events/internationaler-deutschkaffeeklatsch-jeden-freitag-in-kaufbeuren/", "title": "Internationaler Deutschkaffeeklatsch - Jeden Freitag in Kaufbeuren!", "modified_gmt": "2025-12-19T09:20:23.943Z", "last_updated": "2025-12-19T10:20:23.943+01:00", "excerpt": "\r\nInternationaler Deutschkaffeeklatsch - Jeden Freitag in Kaufbeuren!\u00a0Ab 17:00 trifft man sich v\u00f6llig ungezwungen zum Austausch im Caf\u00e9 Alpenblick in der Hans B\u00f6cklerstra\u00dfe 82. Nebenan ist f\u00fcr die Kinder ein wundersch\u00f6ner Spielplatz!\u00a0\r\nZIEL: Einfach miteinander ins Gespr\u00e4ch kommen und Deutsch reden!\r\nBei schlechtem Wetter drinnen, bei sch\u00f6nem Wetter auf der Terasse!\r\nInternationaler Deutschkaffeeklatsch - arbeitskreis-asyl-kaufbeurens Webseite!\r\n", "content": "<div>\r\n<p>Internationaler Deutschkaffeeklatsch - Jeden Freitag in Kaufbeuren!<br>\u00a0<br>Ab 17:00 trifft man sich v\u00f6llig ungezwungen zum Austausch im Caf\u00e9 Alpenblick in der Hans B\u00f6cklerstra\u00dfe 82. Nebenan ist f\u00fcr die Kinder ein wundersch\u00f6ner Spielplatz!<br>\u00a0</p>\r\n<p><br>ZIEL: Einfach miteinander ins Gespr\u00e4ch kommen und Deutsch reden!</p>\r\n<p>Bei schlechtem Wetter drinnen, bei sch\u00f6nem Wetter auf der Terasse!</p>\r\n<p><a class=\"link-external\" href=\"https://www.arbeitskreis-asyl-kaufbeuren.de/projekte/deutsch-lernangebote-des-ak-asyl/internationaler-deutsch-kaffeeklatsch/\">Internationaler Deutschkaffeeklatsch - arbeitskreis-asyl-kaufbeurens Webseite!</a></p>\r\n</div>", "available_languages": {"hr": {"id": 102319, "url": "https://admin.integreat-app.de/ostallgaeu/hr/events/internacionalni-njema\u010dki-klatch-kava-svaki-petak-u-kaufbeurenu/", "path": "/ostallgaeu/hr/events/internacionalni-njema\u010dki-klatch-kava-svaki-petak-u-kaufbeurenu/"}, "en": {"id": 102309, "url": "https://admin.integreat-app.de/ostallgaeu/en/events/international-german-coffee-klatch-every-friday-in-kaufbeuren/", "path": "/ostallgaeu/en/events/international-german-coffee-klatch-every-friday-in-kaufbeuren/"}, "es": {"id": 102310, "url": "https://admin.integreat-app.de/ostallgaeu/es/events/caf\u00e9-alem\u00e1n-internacional-todos-los-viernes-en-kaufbeuren/", "path": "/ostallgaeu/es/events/caf\u00e9-alem\u00e1n-internacional-todos-los-viernes-en-kaufbeuren/"}, "fr": {"id": 102311, "url": "https://admin.integreat-app.de/ostallgaeu/fr/events/internationaler-deutschkaffeeklatsch-tous-les-vendredis-\u00e0-kaufbeuren/", "path": "/ostallgaeu/fr/events/internationaler-deutschkaffeeklatsch-tous-les-vendredis-\u00e0-kaufbeuren/"}, "ar": {"id": 102312, "url": "https://admin.integreat-app.de/ostallgaeu/ar/events/\u0645\u0642\u0647\u0649-\u0627\u0644\u0642\u0647\u0648\u0629-\u0627\u0644\u0623\u0644\u0645\u0627\u0646\u064a-\u0627\u0644\u062f\u0648\u0644\u064a-\u0643\u0644-\u064a\u0648\u0645-\u062c\u0645\u0639\u0629-\u0641\u064a-\u0643\u0627\u0648\u0641\u0628\u0648\u064a\u0631\u0646/", "path": "/ostallgaeu/ar/events/\u0645\u0642\u0647\u0649-\u0627\u0644\u0642\u0647\u0648\u0629-\u0627\u0644\u0623\u0644\u0645\u0627\u0646\u064a-\u0627\u0644\u062f\u0648\u0644\u064a-\u0643\u0644-\u064a\u0648\u0645-\u062c\u0645\u0639\u0629-\u0641\u064a-\u0643\u0627\u0648\u0641\u0628\u0648\u064a\u0631\u0646/"}, "fa": {"id": 102313, "url": "https://admin.integreat-app.de/ostallgaeu/fa/events/\u06a9\u0627\u0641\u0647-\u0628\u06cc\u0646-\u0627\u0644\u0645\u0644\u0644\u06cc-\u0622\u0644\u0645\u0627\u0646\u06cc-\u0647\u0631-\u062c\u0645\u0639\u0647-\u062f\u0631-kaufbeuren/", "path": "/ostallgaeu/fa/events/\u06a9\u0627\u0641\u0647-\u0628\u06cc\u0646-\u0627\u0644\u0645\u0644\u0644\u06cc-\u0622\u0644\u0645\u0627\u0646\u06cc-\u0647\u0631-\u062c\u0645\u0639\u0647-\u062f\u0631-kaufbeuren/"}, "ro": {"id": 102314, "url": "https://admin.integreat-app.de/ostallgaeu/ro/events/international-german-coffee-klatch-\u00een-fiecare-vineri-\u00een-kaufbeuren/", "path": "/ostallgaeu/ro/events/international-german-coffee-klatch-\u00een-fiecare-vineri-\u00een-kaufbeuren/"}, "ru": {"id": 102315, "url": "https://admin.integreat-app.de/ostallgaeu/ru/events/\u043c\u0435\u0436\u0434\u0443\u043d\u0430\u0440\u043e\u0434\u043d\u044b\u0439-\u043d\u0435\u043c\u0435\u0446\u043a\u0438\u0439-\u043a\u043e\u0444\u0435\u0439\u043d\u044b\u0439-\u043a\u043b\u0443\u0431-\u043a\u0430\u0436\u0434\u0443\u044e-\u043f\u044f\u0442\u043d\u0438\u0446\u0443-\u0432-kaufbeuren/", "path": "/ostallgaeu/ru/events/\u043c\u0435\u0436\u0434\u0443\u043d\u0430\u0440\u043e\u0434\u043d\u044b\u0439-\u043d\u0435\u043c\u0435\u0446\u043a\u0438\u0439-\u043a\u043e\u0444\u0435\u0439\u043d\u044b\u0439-\u043a\u043b\u0443\u0431-\u043a\u0430\u0436\u0434\u0443\u044e-\u043f\u044f\u0442\u043d\u0438\u0446\u0443-\u0432-kaufbeuren/"}, "tr": {"id": 102316, "url": "https://admin.integreat-app.de/ostallgaeu/tr/events/uluslararas\u0131-alman-kahve-bulu\u015fmas\u0131-her-cuma-kaufbeurende/", "path": "/ostallgaeu/tr/events/uluslararas\u0131-alman-kahve-bulu\u015fmas\u0131-her-cuma-kaufbeurende/"}, "uk": {"id": 102317, "url": "https://admin.integreat-app.de/ostallgaeu/uk/events/\u043c\u0456\u0436\u043d\u0430\u0440\u043e\u0434\u043d\u0438\u0439-\u043d\u0456\u043c\u0435\u0446\u044c\u043a\u0438\u0439-\u043a\u0430\u0432\u043e\u0432\u0438\u0439-\u043a\u043b\u0430\u0442\u0447-\u0449\u043e\u043f\u044f\u0442\u043d\u0438\u0446\u0456-\u0432-kaufbeuren/", "path": "/ostallgaeu/uk/events/\u043c\u0456\u0436\u043d\u0430\u0440\u043e\u0434\u043d\u0438\u0439-\u043d\u0456\u043c\u0435\u0446\u044c\u043a\u0438\u0439-\u043a\u0430\u0432\u043e\u0432\u0438\u0439-\u043a\u043b\u0430\u0442\u0447-\u0449\u043e\u043f\u044f\u0442\u043d\u0438\u0446\u0456-\u0432-kaufbeuren/"}, "ti": {"id": 102318, "url": "https://admin.integreat-app.de/ostallgaeu/ti/events/\u12d3\u1208\u121d\u1208\u12bb\u12ca-\u1300\u122d\u1218\u1293\u12ca-\u1261\u1295-\u12ad\u120b\u127d-\u12a9\u1209-\u130d\u12dc-\u12d3\u122d\u1262-\u12a3\u1265-\u12ab\u12cd\u134d\u1264\u12cd\u1228\u1295/", "path": "/ostallgaeu/ti/events/\u12d3\u1208\u121d\u1208\u12bb\u12ca-\u1300\u122d\u1218\u1293\u12ca-\u1261\u1295-\u12ad\u120b\u127d-\u12a9\u1209-\u130d\u12dc-\u12d3\u122d\u1262-\u12a3\u1265-\u12ab\u12cd\u134d\u1264\u12cd\u1228\u1295/"}}, "thumbnail": "https://admin.integreat-app.de/media/regions/181/2025/12/1766135668_asyl-kf-neu.jpeg", "location": {"id": 1696, "name": "Caf\u00e9 Alpenblick", "address": "Hans B\u00f6cklerstra\u00dfe 82", "town": "Kaufbeuren", "state": null, "postcode": "87600", "region": null, "country": "Deutschland", "latitude": 47.89302935, "longitude": 10.637208619498637}, "location_path": "/ostallgaeu/de/locations/caf\u00e9-alpenblick/", "meeting_url": null, "event": {"id": 5251, "start": "2024-04-12T17:00:00+02:00", "start_date": "2024-04-12", "start_time": "17:00:00", "end": "2024-04-12T18:00:00+02:00", "end_date": "2024-04-12", "end_time": "18:00:00", "all_day": false, "only_weekdays": false, "recurrence_id": 748, "timezone": "Europe/Berlin"}, "hash": null, "recurrence_rule": "DTSTART:20240412T150000\nRRULE:FREQ=WEEKLY;BYDAY=FR"}, {"id": 213214, "url": "https://admin.integreat-app.de/ostallgaeu/de/events/stadtb\u00fccherei-kaufbeuren-achtung-jetzt-wird-vorgelesen-jeden-mittwoch/", "path": "/ostallgaeu/de/events/stadtb\u00fccherei-kaufbeuren-achtung-jetzt-wird-vorgelesen-jeden-mittwoch/", "title": "Stadtb\u00fccherei Kaufbeuren: \"Achtung - Jetzt wird vorgelesen!\" - Jeden Mittwoch!", "modified_gmt": "2025-09-15T07:04:41.495Z", "last_updated": "2025-09-15T09:04:41.495+02:00", "excerpt": "Jeden Mittwoch von 15.00 - 16.00 Uhr lesen die Lesepaten in der Stadtb\u00fccherei Kaufbeuren f\u00fcr Kindergarten- und Grundschulkinder vor.\r\nDas ganze Jahr (auch in den Ferien) wird vorgelesen. Ein Kommen und Gehen w\u00e4hrend der Vorlesestunde ist immer m\u00f6glich. F\u00fcr jede Teilnahme an einem Lese-Nachmittag gibt es einen Stempel in den Lese-Pass. Bei 6 gesammelten Stempeln erhalten die \"Lesem\u00e4use\" dann ein kleines Geschenk. Diese Veranstaltung gilt auch f\u00fcr Hortgruppen und Kinderg\u00e4rten. Um vorherige Anmeldung wird gebeten.\r\nAnsprechpartner: Stadtb\u00fccherei Kaufbeuren, Tel. 08341 437-282.\r\nEintritt frei!", "content": "<div><p>Jeden Mittwoch von 15.00 - 16.00 Uhr lesen die Lesepaten in der Stadtb\u00fccherei Kaufbeuren f\u00fcr Kindergarten- und Grundschulkinder vor.</p>\r\n<p>Das ganze Jahr (auch in den Ferien) wird vorgelesen. Ein Kommen und Gehen w\u00e4hrend der Vorlesestunde ist immer m\u00f6glich. F\u00fcr jede Teilnahme an einem Lese-Nachmittag gibt es einen Stempel in den Lese-Pass. Bei 6 gesammelten Stempeln erhalten die \"Lesem\u00e4use\" dann ein kleines Geschenk. Diese Veranstaltung gilt auch f\u00fcr Hortgruppen und Kinderg\u00e4rten. Um vorherige Anmeldung wird gebeten.</p>\r\n<p>Ansprechpartner: Stadtb\u00fccherei Kaufbeuren, Tel. 08341 437-282.</p>\r\n<p>Eintritt frei!</p></div>", "available_languages": {"hr": {"id": 213215, "url": "https://admin.integreat-app.de/ostallgaeu/hr/events/gradska-knji\u017enica-kaufbeuren-pa\u017enja-vrijeme-je-za-\u010ditanje-naglas-svake-srijede/", "path": "/ostallgaeu/hr/events/gradska-knji\u017enica-kaufbeuren-pa\u017enja-vrijeme-je-za-\u010ditanje-naglas-svake-srijede/"}, "en": {"id": 213216, "url": "https://admin.integreat-app.de/ostallgaeu/en/events/kaufbeuren-city-library-attention-now-its-time-to-read-every-wednesday/", "path": "/ostallgaeu/en/events/kaufbeuren-city-library-attention-now-its-time-to-read-every-wednesday/"}, "es": {"id": 213217, "url": "https://admin.integreat-app.de/ostallgaeu/es/events/biblioteca-municipal-de-kaufbeuren-atenci\u00f3n-ahora-toca-leer-todos-los-mi\u00e9rcoles/", "path": "/ostallgaeu/es/events/biblioteca-municipal-de-kaufbeuren-atenci\u00f3n-ahora-toca-leer-todos-los-mi\u00e9rcoles/"}, "fr": {"id": 213218, "url": "https://admin.integreat-app.de/ostallgaeu/fr/events/biblioth\u00e8que-municipale-de-kaufbeuren-attention-maintenant-on-va-lire-\u00e0-haute-voix-tous-les-mercredis/", "path": "/ostallgaeu/fr/events/biblioth\u00e8que-municipale-de-kaufbeuren-attention-maintenant-on-va-lire-\u00e0-haute-voix-tous-les-mercredis/"}, "ar": {"id": 213219, "url": "https://admin.integreat-app.de/ostallgaeu/ar/events/\u0645\u0643\u062a\u0628\u0629-\u0645\u062f\u064a\u0646\u0629-\u0643\u0648\u0641\u0628\u0631\u064a\u0646-\u0627\u0646\u062a\u0628\u0627\u0647-\u062d\u0627\u0646-\u0648\u0642\u062a-\u0627\u0644\u0642\u0631\u0627\u0621\u0629-\u0643\u0644-\u064a\u0648\u0645-\u0623\u0631\u0628\u0639\u0627\u0621/", "path": "/ostallgaeu/ar/events/\u0645\u0643\u062a\u0628\u0629-\u0645\u062f\u064a\u0646\u0629-\u0643\u0648\u0641\u0628\u0631\u064a\u0646-\u0627\u0646\u062a\u0628\u0627\u0647-\u062d\u0627\u0646-\u0648\u0642\u062a-\u0627\u0644\u0642\u0631\u0627\u0621\u0629-\u0643\u0644-\u064a\u0648\u0645-\u0623\u0631\u0628\u0639\u0627\u0621/"}, "fa": {"id": 213220, "url": "https://admin.integreat-app.de/ostallgaeu/fa/events/\u06a9\u062a\u0627\u0628\u062e\u0627\u0646\u0647-\u0634\u0647\u0631-\u06a9\u0627\u0648\u0641\u0628\u0648\u06cc\u0631\u0646-\u062a\u0648\u062c\u0647-\u062d\u0627\u0644\u0627-\u0648\u0642\u062a\u0634\u0647-\u06a9\u0647-\u0628\u0627-\u0635\u062f\u0627\u06cc-\u0628\u0644\u0646\u062f-\u0628\u062e\u0648\u0646\u06cc\u0645-\u0647\u0631-\u0686\u0647\u0627\u0631\u0634\u0646\u0628\u0647/", "path": "/ostallgaeu/fa/events/\u06a9\u062a\u0627\u0628\u062e\u0627\u0646\u0647-\u0634\u0647\u0631-\u06a9\u0627\u0648\u0641\u0628\u0648\u06cc\u0631\u0646-\u062a\u0648\u062c\u0647-\u062d\u0627\u0644\u0627-\u0648\u0642\u062a\u0634\u0647-\u06a9\u0647-\u0628\u0627-\u0635\u062f\u0627\u06cc-\u0628\u0644\u0646\u062f-\u0628\u062e\u0648\u0646\u06cc\u0645-\u0647\u0631-\u0686\u0647\u0627\u0631\u0634\u0646\u0628\u0647/"}, "ro": {"id": 213221, "url": "https://admin.integreat-app.de/ostallgaeu/ro/events/biblioteca-or\u0103\u0219eneasc\u0103-kaufbeuren-aten\u021bie-acum-e-timpul-s\u0103-citim-\u00een-fiecare-miercuri/", "path": "/ostallgaeu/ro/events/biblioteca-or\u0103\u0219eneasc\u0103-kaufbeuren-aten\u021bie-acum-e-timpul-s\u0103-citim-\u00een-fiecare-miercuri/"}, "ru": {"id": 213222, "url": "https://admin.integreat-app.de/ostallgaeu/ru/events/\u0433\u043e\u0440\u043e\u0434\u0441\u043a\u0430\u044f-\u0431\u0438\u0431\u043b\u0438\u043e\u0442\u0435\u043a\u0430-\u043a\u0430\u0443\u0444\u0431\u0435\u0443\u0440\u0435\u043d\u0430-\u0432\u043d\u0438\u043c\u0430\u043d\u0438\u0435-\u043f\u0440\u0438\u0448\u043b\u043e-\u0432\u0440\u0435\u043c\u044f-\u0447\u0438\u0442\u0430\u0442\u044c-\u043a\u0430\u0436\u0434\u0443\u044e-\u0441\u0440\u0435\u0434\u0443/", "path": "/ostallgaeu/ru/events/\u0433\u043e\u0440\u043e\u0434\u0441\u043a\u0430\u044f-\u0431\u0438\u0431\u043b\u0438\u043e\u0442\u0435\u043a\u0430-\u043a\u0430\u0443\u0444\u0431\u0435\u0443\u0440\u0435\u043d\u0430-\u0432\u043d\u0438\u043c\u0430\u043d\u0438\u0435-\u043f\u0440\u0438\u0448\u043b\u043e-\u0432\u0440\u0435\u043c\u044f-\u0447\u0438\u0442\u0430\u0442\u044c-\u043a\u0430\u0436\u0434\u0443\u044e-\u0441\u0440\u0435\u0434\u0443/"}, "tr": {"id": 213223, "url": "https://admin.integreat-app.de/ostallgaeu/tr/events/kaufbeuren-\u015fehir-k\u00fct\u00fcphanesi-dikkat-\u015fimdi-okuma-zaman\u0131-her-\u00e7ar\u015famba/", "path": "/ostallgaeu/tr/events/kaufbeuren-\u015fehir-k\u00fct\u00fcphanesi-dikkat-\u015fimdi-okuma-zaman\u0131-her-\u00e7ar\u015famba/"}, "uk": {"id": 213224, "url": "https://admin.integreat-app.de/ostallgaeu/uk/events/\u043c\u0456\u0441\u044c\u043a\u0430-\u0431\u0456\u0431\u043b\u0456\u043e\u0442\u0435\u043a\u0430-\u043c-\u043a\u0430\u0443\u0444\u0431\u0439\u043e\u0440\u0435\u043d-\u0443\u0432\u0430\u0433\u0430-\u043d\u0430\u0441\u0442\u0430\u0432-\u0447\u0430\u0441-\u0447\u0438\u0442\u0430\u0442\u0438-\u0449\u043e\u0441\u0435\u0440\u0435\u0434\u0438/", "path": "/ostallgaeu/uk/events/\u043c\u0456\u0441\u044c\u043a\u0430-\u0431\u0456\u0431\u043b\u0456\u043e\u0442\u0435\u043a\u0430-\u043c-\u043a\u0430\u0443\u0444\u0431\u0439\u043e\u0440\u0435\u043d-\u0443\u0432\u0430\u0433\u0430-\u043d\u0430\u0441\u0442\u0430\u0432-\u0447\u0430\u0441-\u0447\u0438\u0442\u0430\u0442\u0438-\u0449\u043e\u0441\u0435\u0440\u0435\u0434\u0438/"}, "ti": {"id": 213226, "url": "https://admin.integreat-app.de/ostallgaeu/ti/events/\u1264\u1270-\u1218\u133b\u1215\u134d\u1272-\u12a8\u1270\u121b-\u12ab\u12cd\u134d\u1264\u12cd\u1228\u1295-\u12a3\u1253\u120d\u1266-\u1215\u1302-\u12d3\u12cd-\u12a2\u120d\u12ab-\u121d\u1295\u1263\u1265-\u130d\u12dc\u12a1\u12e9-\u12a9\u1209-\u130d\u12dc-\u1228\u1261\u12d5/", "path": "/ostallgaeu/ti/events/\u1264\u1270-\u1218\u133b\u1215\u134d\u1272-\u12a8\u1270\u121b-\u12ab\u12cd\u134d\u1264\u12cd\u1228\u1295-\u12a3\u1253\u120d\u1266-\u1215\u1302-\u12d3\u12cd-\u12a2\u120d\u12ab-\u121d\u1295\u1263\u1265-\u130d\u12dc\u12a1\u12e9-\u12a9\u1209-\u130d\u12dc-\u1228\u1261\u12d5/"}}, "thumbnail": "https://admin.integreat-app.de/media/regions/181/2025/09/1757919864_Stadtb%C3%BCcherei_KF.jpg", "location": {"id": 8135, "name": "Stadtb\u00fccherei Kaufbeuren", "address": "Hauberrisserstr. 8", "town": "Kaufbeuren", "state": null, "postcode": "87600", "region": null, "country": "Deutschland", "latitude": 47.878219599999994, "longitude": 10.62329730710109}, "location_path": "/ostallgaeu/de/locations/stadtb\u00fccherei-kaufbeuren/", "meeting_url": null, "event": {"id": 7507, "start": "2024-12-04T15:00:00+01:00", "start_date": "2024-12-04", "start_time": "15:00:00", "end": "2024-12-04T16:00:00+01:00", "end_date": "2024-12-04", "end_time": "16:00:00", "all_day": false, "only_weekdays": false, "recurrence_id": 1120, "timezone": "Europe/Berlin"}, "hash": null, "recurrence_rule": "DTSTART:20241204T140000\nRRULE:FREQ=WEEKLY;BYDAY=WE"}, {"id": 251458, "url": "https://admin.integreat-app.de/ostallgaeu/de/events/offene-sprechstunde-erziehungsberatung/", "path": "/ostallgaeu/de/events/offene-sprechstunde-erziehungsberatung/", "title": "Offene Sprechstunde \u2013 Erziehungsberatung", "modified_gmt": "2025-12-19T09:29:10.663Z", "last_updated": "2025-12-19T10:29:10.663+01:00", "excerpt": "\r\nDie Beratungsstelle bietet jeden Dienstagnachmittag von 15 bis 16 Uhr in den R\u00e4umen der Beratungsstelle Kaufbeuren eine offene Sprechstunde an, zu der Eltern \"ohne Anmeldung\" kommen k\u00f6nnen, wenn sie Fragen zum Thema Erziehung und Familie haben. Dieses Angebot ist kostenfrei. Die Mitarbeiter*innen unterliegen der Schweigepflicht.\r\n\u00a0\r\nWeitere Infos hier.\r\n", "content": "<div>\r\n<p>Die Beratungsstelle bietet jeden Dienstagnachmittag von 15 bis 16 Uhr in den R\u00e4umen der Beratungsstelle Kaufbeuren eine offene Sprechstunde an, zu der Eltern \"ohne Anmeldung\" kommen k\u00f6nnen, wenn sie Fragen zum Thema Erziehung und Familie haben. Dieses Angebot ist kostenfrei. Die Mitarbeiter*innen unterliegen der Schweigepflicht.</p>\r\n<p>\u00a0</p>\r\n<p>Weitere Infos <a class=\"link-external\" href=\"https://www.kjf-kinder-jugendhilfe.de/angebote-fuer-familien/erziehung/erziehungsberatung/\">hier</a>.</p>\r\n</div>", "available_languages": {"hr": {"id": 213176, "url": "https://admin.integreat-app.de/ostallgaeu/hr/events/otvoreno-vrijeme-konzultacija-savjeti-za-roditelje/", "path": "/ostallgaeu/hr/events/otvoreno-vrijeme-konzultacija-savjeti-za-roditelje/"}, "en": {"id": 213177, "url": "https://admin.integreat-app.de/ostallgaeu/en/events/open-consultation-hours-educational-counselling/", "path": "/ostallgaeu/en/events/open-consultation-hours-educational-counselling/"}, "es": {"id": 213178, "url": "https://admin.integreat-app.de/ostallgaeu/es/events/horas-de-consulta-abiertas-asesoramiento-educativo/", "path": "/ostallgaeu/es/events/horas-de-consulta-abiertas-asesoramiento-educativo/"}, "fr": {"id": 213179, "url": "https://admin.integreat-app.de/ostallgaeu/fr/events/consultations-ouvertes-conseil-en-\u00e9ducation/", "path": "/ostallgaeu/fr/events/consultations-ouvertes-conseil-en-\u00e9ducation/"}, "ar": {"id": 213180, "url": "https://admin.integreat-app.de/ostallgaeu/ar/events/\u0633\u0627\u0639\u0627\u062a-\u0627\u0644\u0627\u0633\u062a\u0634\u0627\u0631\u0629-\u0627\u0644\u0645\u0641\u062a\u0648\u062d\u0629-\u0627\u0644\u0627\u0633\u062a\u0634\u0627\u0631\u0627\u062a-\u0627\u0644\u062a\u0639\u0644\u064a\u0645\u064a\u0629/", "path": "/ostallgaeu/ar/events/\u0633\u0627\u0639\u0627\u062a-\u0627\u0644\u0627\u0633\u062a\u0634\u0627\u0631\u0629-\u0627\u0644\u0645\u0641\u062a\u0648\u062d\u0629-\u0627\u0644\u0627\u0633\u062a\u0634\u0627\u0631\u0627\u062a-\u0627\u0644\u062a\u0639\u0644\u064a\u0645\u064a\u0629/"}, "fa": {"id": 213181, "url": "https://admin.integreat-app.de/ostallgaeu/fa/events/\u0633\u0627\u0639\u0627\u062a-\u0645\u0634\u0627\u0648\u0631\u0647-\u0622\u0632\u0627\u062f-\u0645\u0634\u0627\u0648\u0631\u0647-\u0641\u0631\u0632\u0646\u062f\u067e\u0631\u0648\u0631\u06cc/", "path": "/ostallgaeu/fa/events/\u0633\u0627\u0639\u0627\u062a-\u0645\u0634\u0627\u0648\u0631\u0647-\u0622\u0632\u0627\u062f-\u0645\u0634\u0627\u0648\u0631\u0647-\u0641\u0631\u0632\u0646\u062f\u067e\u0631\u0648\u0631\u06cc/"}, "ro": {"id": 213182, "url": "https://admin.integreat-app.de/ostallgaeu/ro/events/ore-de-consulta\u021bii-deschise-consiliere-educa\u021bional\u0103/", "path": "/ostallgaeu/ro/events/ore-de-consulta\u021bii-deschise-consiliere-educa\u021bional\u0103/"}, "ru": {"id": 213183, "url": "https://admin.integreat-app.de/ostallgaeu/ru/events/\u0447\u0430\u0441\u044b-\u043e\u0442\u043a\u0440\u044b\u0442\u044b\u0445-\u043a\u043e\u043d\u0441\u0443\u043b\u044c\u0442\u0430\u0446\u0438\u0439-\u043a\u043e\u043d\u0441\u0443\u043b\u044c\u0442\u0430\u0446\u0438\u0438-\u043f\u043e-\u0432\u043e\u043f\u0440\u043e\u0441\u0430\u043c-\u043e\u0431\u0440\u0430\u0437\u043e\u0432\u0430\u043d\u0438\u044f/", "path": "/ostallgaeu/ru/events/\u0447\u0430\u0441\u044b-\u043e\u0442\u043a\u0440\u044b\u0442\u044b\u0445-\u043a\u043e\u043d\u0441\u0443\u043b\u044c\u0442\u0430\u0446\u0438\u0439-\u043a\u043e\u043d\u0441\u0443\u043b\u044c\u0442\u0430\u0446\u0438\u0438-\u043f\u043e-\u0432\u043e\u043f\u0440\u043e\u0441\u0430\u043c-\u043e\u0431\u0440\u0430\u0437\u043e\u0432\u0430\u043d\u0438\u044f/"}, "tr": {"id": 213184, "url": "https://admin.integreat-app.de/ostallgaeu/tr/events/a\u00e7\u0131k-dan\u0131\u015fma-saatleri-e\u011fitim-dan\u0131\u015fmanl\u0131\u011f\u0131/", "path": "/ostallgaeu/tr/events/a\u00e7\u0131k-dan\u0131\u015fma-saatleri-e\u011fitim-dan\u0131\u015fmanl\u0131\u011f\u0131/"}, "uk": {"id": 213185, "url": "https://admin.integreat-app.de/ostallgaeu/uk/events/\u0432\u0456\u0434\u043a\u0440\u0438\u0442\u0456-\u0433\u043e\u0434\u0438\u043d\u0438-\u043a\u043e\u043d\u0441\u0443\u043b\u044c\u0442\u0430\u0446\u0456\u0439-\u043e\u0441\u0432\u0456\u0442\u043d\u0456-\u043a\u043e\u043d\u0441\u0443\u043b\u044c\u0442\u0430\u0446\u0456\u0457/", "path": "/ostallgaeu/uk/events/\u0432\u0456\u0434\u043a\u0440\u0438\u0442\u0456-\u0433\u043e\u0434\u0438\u043d\u0438-\u043a\u043e\u043d\u0441\u0443\u043b\u044c\u0442\u0430\u0446\u0456\u0439-\u043e\u0441\u0432\u0456\u0442\u043d\u0456-\u043a\u043e\u043d\u0441\u0443\u043b\u044c\u0442\u0430\u0446\u0456\u0457/"}, "ti": {"id": 213186, "url": "https://admin.integreat-app.de/ostallgaeu/ti/events/\u12ad\u1349\u1275-\u1293\u12ed-\u121d\u121d\u12bd\u12bb\u122d-\u1230\u12d3\u1273\u1275-\u121d\u12bd\u122a-\u12c8\u1208\u12f2/", "path": "/ostallgaeu/ti/events/\u12ad\u1349\u1275-\u1293\u12ed-\u121d\u121d\u12bd\u12bb\u122d-\u1230\u12d3\u1273\u1275-\u121d\u12bd\u122a-\u12c8\u1208\u12f2/"}}, "thumbnail": "https://admin.integreat-app.de/media/regions/181/2025/12/1766136526_kjf-neu.jpeg", "location": {"id": 1374, "name": "KJF Erziehungs-, Jugend- und Familienberatung Kaufbeuren", "address": "Baumgarten 18", "town": "Kaufbeuren", "state": null, "postcode": "87600", "region": null, "country": "Deutschland", "latitude": 47.881270400000005, "longitude": 10.622430249999999}, "location_path": "/ostallgaeu/de/locations/kjf-erziehungs-jugend-und-familienberatung/", "meeting_url": null, "event": {"id": 7782, "start": "2025-01-21T15:00:00+01:00", "start_date": "2025-01-21", "start_time": "15:00:00", "end": "2025-01-21T16:00:00+01:00", "end_date": "2025-01-21", "end_time": "16:00:00", "all_day": false, "only_weekdays": false, "recurrence_id": 1175, "timezone": "Europe/Berlin"}, "hash": null, "recurrence_rule": "DTSTART:20250121T140000\nRRULE:FREQ=WEEKLY;BYDAY=TU"}, {"id": 213656, "url": "https://admin.integreat-app.de/ostallgaeu/de/events/repair-caf\u00e9-buchloe/", "path": "/ostallgaeu/de/events/repair-caf\u00e9-buchloe/", "title": "Repair Caf\u00e9 Buchloe", "modified_gmt": "2025-09-15T07:58:11.991Z", "last_updated": "2025-09-15T09:58:11.991+02:00", "excerpt": "\r\nIm Repair Caf\u00e9 Buchloe k\u00f6nnen gemeinsam kostenlos defekte Alltagsgegenst\u00e4nde repariert werden, die ehrenamtlichen Helfer*innen unterst\u00fctzen dabei. Folgende Dinge werden repariert: Ger\u00e4te und Elektroger\u00e4te aus K\u00fcche, Haushalt, Hobby, Werkstatt, Heim und Garten, Kaffeemaschinen und Kaffeeautomaten, Textilien aller Art, Spielzeuge, Unterhaltungselektronik wie z.B. Radio, Plattenspieler, CD-Player und vieles, vieles mehr. Die Hilfe ist kostenlos!\r\nDie Leitung hat das F\u00fchrungsteam vom Repair Caf\u00e9 Buchloe.\u00a0Unsere Teammitglieder haben die Qualifikation und gen\u00fcgend Erfahrungen f\u00fcr die Reparatur der o.g. Ger\u00e4te und Gegenst\u00e4nde. Damit der richtige Experte f\u00fcr ihr Problem zur Verf\u00fcgung steht, soll man sich vorher anmelden.\r\nDie Anmeldung findet Mittwochs und Donnerstag vor dem Reparatursamstag von 14 bis 18 Uhr unter folgender Telefonnummer statt : +49 (0) 8241 9129433E-Mail-Adresse: anmeldung@repaircafe-buchloe.de\u00a0\r\nhttps://repaircafe-buchloe.de\u00a0\r\nDas Repair Caf\u00e9 befindet sich im ersten Stock und hat keinen Fahrstuhl.\r\n", "content": "<div>\r\n<p>Im Repair Caf\u00e9 Buchloe k\u00f6nnen gemeinsam kostenlos defekte Alltagsgegenst\u00e4nde repariert werden, die ehrenamtlichen Helfer*innen unterst\u00fctzen dabei. Folgende Dinge werden repariert: Ger\u00e4te und Elektroger\u00e4te aus K\u00fcche, Haushalt, Hobby, Werkstatt, Heim und Garten, Kaffeemaschinen und Kaffeeautomaten, Textilien aller Art, Spielzeuge, Unterhaltungselektronik wie z.B. Radio, Plattenspieler, CD-Player und vieles, vieles mehr. Die Hilfe ist kostenlos!</p>\r\n<p>Die Leitung hat das F\u00fchrungsteam vom Repair Caf\u00e9 Buchloe.\u00a0<br>Unsere Teammitglieder haben die Qualifikation und gen\u00fcgend Erfahrungen f\u00fcr die Reparatur der o.g. Ger\u00e4te und Gegenst\u00e4nde. Damit der richtige Experte f\u00fcr ihr Problem zur Verf\u00fcgung steht, soll man sich vorher <a class=\"link-external\" href=\"https://repaircafe-buchloe.de/anmeldung/\">anmelden</a>.</p>\r\n<p>Die Anmeldung findet Mittwochs und Donnerstag vor dem Reparatursamstag von 14 bis 18 Uhr unter folgender Telefonnummer statt : +49 (0) 8241 9129433<br>E-Mail-Adresse: <a class=\"link-external\" href=\"mailto:anmeldung@repaircafe-buchloe.de\">anmeldung@repaircafe-buchloe.de\u00a0</a></p>\r\n<p>https://repaircafe-buchloe.de\u00a0</p>\r\n<p>Das Repair Caf\u00e9 befindet sich im ersten Stock und hat keinen Fahrstuhl.</p>\r\n</div>", "available_languages": {"hr": {"id": 213657, "url": "https://admin.integreat-app.de/ostallgaeu/hr/events/popravak-kafi\u0107a-buchloe/", "path": "/ostallgaeu/hr/events/popravak-kafi\u0107a-buchloe/"}, "en": {"id": 213658, "url": "https://admin.integreat-app.de/ostallgaeu/en/events/repair-caf\u00e9-buchloe/", "path": "/ostallgaeu/en/events/repair-caf\u00e9-buchloe/"}, "es": {"id": 213659, "url": "https://admin.integreat-app.de/ostallgaeu/es/events/reparaci\u00f3n-caf\u00e9-buchloe/", "path": "/ostallgaeu/es/events/reparaci\u00f3n-caf\u00e9-buchloe/"}, "fr": {"id": 213660, "url": "https://admin.integreat-app.de/ostallgaeu/fr/events/repair-caf\u00e9-buchloe/", "path": "/ostallgaeu/fr/events/repair-caf\u00e9-buchloe/"}, "ar": {"id": 213661, "url": "https://admin.integreat-app.de/ostallgaeu/ar/events/\u0625\u0635\u0644\u0627\u062d-\u0643\u0627\u0641\u064a\u0647-\u0628\u0648\u0634\u0644\u0648/", "path": "/ostallgaeu/ar/events/\u0625\u0635\u0644\u0627\u062d-\u0643\u0627\u0641\u064a\u0647-\u0628\u0648\u0634\u0644\u0648/"}, "fa": {"id": 213662, "url": "https://admin.integreat-app.de/ostallgaeu/fa/events/\u062a\u0639\u0645\u06cc\u0631-\u06a9\u0627\u0641\u0647-\u0628\u0648\u0686\u0644\u0648\u0626\u06cc/", "path": "/ostallgaeu/fa/events/\u062a\u0639\u0645\u06cc\u0631-\u06a9\u0627\u0641\u0647-\u0628\u0648\u0686\u0644\u0648\u0626\u06cc/"}, "ro": {"id": 213663, "url": "https://admin.integreat-app.de/ostallgaeu/ro/events/reparare-caf\u00e9-buchloe/", "path": "/ostallgaeu/ro/events/reparare-caf\u00e9-buchloe/"}, "ru": {"id": 213664, "url": "https://admin.integreat-app.de/ostallgaeu/ru/events/\u0440\u0435\u043c\u043e\u043d\u0442-\u043a\u0430\u0444\u0435-buchloe/", "path": "/ostallgaeu/ru/events/\u0440\u0435\u043c\u043e\u043d\u0442-\u043a\u0430\u0444\u0435-buchloe/"}, "tr": {"id": 213665, "url": "https://admin.integreat-app.de/ostallgaeu/tr/events/buchloe-kafe-onar\u0131m\u0131/", "path": "/ostallgaeu/tr/events/buchloe-kafe-onar\u0131m\u0131/"}, "uk": {"id": 213666, "url": "https://admin.integreat-app.de/ostallgaeu/uk/events/\u0440\u0435\u043c\u043e\u043d\u0442-\u043a\u0430\u0444\u0435-\u0431\u0443\u0445\u043b\u043e/", "path": "/ostallgaeu/uk/events/\u0440\u0435\u043c\u043e\u043d\u0442-\u043a\u0430\u0444\u0435-\u0431\u0443\u0445\u043b\u043e/"}, "ti": {"id": 213667, "url": "https://admin.integreat-app.de/ostallgaeu/ti/events/\u133d\u1308\u1293-\u12ab\u134c-\u1261\u12ad\u120e\u12ed/", "path": "/ostallgaeu/ti/events/\u133d\u1308\u1293-\u12ab\u134c-\u1261\u12ad\u120e\u12ed/"}}, "thumbnail": "https://admin.integreat-app.de/media/regions/181/2025/09/1757922211_Repair_Cafe_Buchloe.jpg", "location": {"id": 10514, "name": "Repair Cafe Buchloe", "address": "Heideweg 2", "town": "Buchloe", "state": null, "postcode": "86807", "region": null, "country": "Deutschland", "latitude": 48.0451202, "longitude": 10.724886899618737}, "location_path": "/ostallgaeu/de/locations/repair-cafe-buchloe/", "meeting_url": null, "event": {"id": 9593, "start": "2025-06-14T12:00:00+02:00", "start_date": "2025-06-14", "start_time": "12:00:00", "end": "2025-06-14T16:00:00+02:00", "end_date": "2025-06-14", "end_time": "16:00:00", "all_day": false, "only_weekdays": false, "recurrence_id": 2111, "timezone": "Europe/Berlin"}, "hash": null, "recurrence_rule": "DTSTART:20250614T100000\nRRULE:FREQ=MONTHLY;BYDAY=+2SA"}, {"id": 251457, "url": "https://admin.integreat-app.de/ostallgaeu/de/events/kaufbeurer-frauentreff-jeden-ersten-samstag-im-monat/", "path": "/ostallgaeu/de/events/kaufbeurer-frauentreff-jeden-ersten-samstag-im-monat/", "title": "Kaufbeurer Frauentreff - Jeden ersten Samstag im Monat!", "modified_gmt": "2025-12-19T09:26:32.933Z", "last_updated": "2025-12-19T10:26:32.933+01:00", "excerpt": "\r\nKaufbeurer Frauentreff\r\nAlle Frauen ab 12 Jahre sind eingeladen. Es gibt Kaffee und Tee. Wer m\u00f6chte, kann einen Kuchen mitbringen.\r\nJeden ersten Samstag im Monat 15:00 \u2013 17:00 Uhr\u00a0\r\nOrt: Hafenmarkt 6-8, Kaufbeuren\r\n\u00a0\r\n\r\n\r\n", "content": "<div>\r\n<p><strong>Kaufbeurer Frauentreff</strong></p>\r\n<p>Alle Frauen ab 12 Jahre sind eingeladen. Es gibt Kaffee und Tee. Wer m\u00f6chte, kann einen Kuchen mitbringen.</p>\r\n<p>Jeden ersten Samstag im Monat 15:00 \u2013 17:00 Uhr\u00a0</p>\r\n<p>Ort: Hafenmarkt 6-8, Kaufbeuren</p>\r\n<p>\u00a0</p>\r\n<br>\r\n<p><a tabindex=\"-1\" href=\"https://admin.integreat-app.de/media/regions/181/2025/02/1740651772_kffrauentreff.png\" aria-hidden=\"true\"><img style=\"display: block; margin-left: auto; margin-right: auto;\" src=\"https://admin.integreat-app.de/media/regions/181/2025/02/1740651772_kffrauentreff.png\" alt=\"\"></a></p>\r\n</div>", "available_languages": {"hr": {"id": 157393, "url": "https://admin.integreat-app.de/ostallgaeu/hr/events/sastanak-\u017eena-u-kaufbeurenu-svake-prve-subote-u-mjesecu/", "path": "/ostallgaeu/hr/events/sastanak-\u017eena-u-kaufbeurenu-svake-prve-subote-u-mjesecu/"}, "en": {"id": 157394, "url": "https://admin.integreat-app.de/ostallgaeu/en/events/kaufbeurer-frauentreff-every-first-saturday-of-the-month/", "path": "/ostallgaeu/en/events/kaufbeurer-frauentreff-every-first-saturday-of-the-month/"}, "es": {"id": 157395, "url": "https://admin.integreat-app.de/ostallgaeu/es/events/kaufbeurer-frauentreff-todos-los-primeros-s\u00e1bados-de-mes/", "path": "/ostallgaeu/es/events/kaufbeurer-frauentreff-todos-los-primeros-s\u00e1bados-de-mes/"}, "fr": {"id": 157396, "url": "https://admin.integreat-app.de/ostallgaeu/fr/events/kaufbeurer-frauentreff-chaque-premier-samedi-du-mois/", "path": "/ostallgaeu/fr/events/kaufbeurer-frauentreff-chaque-premier-samedi-du-mois/"}, "ar": {"id": 157397, "url": "https://admin.integreat-app.de/ostallgaeu/ar/events/kaufbeurer-frauentreff-\u0643\u0644-\u0623\u0648\u0644-\u064a\u0648\u0645-\u0633\u0628\u062a-\u0645\u0646-\u0627\u0644\u0634\u0647\u0631/", "path": "/ostallgaeu/ar/events/kaufbeurer-frauentreff-\u0643\u0644-\u0623\u0648\u0644-\u064a\u0648\u0645-\u0633\u0628\u062a-\u0645\u0646-\u0627\u0644\u0634\u0647\u0631/"}, "fa": {"id": 157398, "url": "https://admin.integreat-app.de/ostallgaeu/fa/events/\u062c\u0644\u0633\u0647-\u0632\u0646\u0627\u0646-\u06a9\u0627\u0648\u0641\u0628\u0648\u06cc\u0631\u0646-\u0647\u0631-\u0634\u0646\u0628\u0647-\u0627\u0648\u0644-\u0645\u0627\u0647/", "path": "/ostallgaeu/fa/events/\u062c\u0644\u0633\u0647-\u0632\u0646\u0627\u0646-\u06a9\u0627\u0648\u0641\u0628\u0648\u06cc\u0631\u0646-\u0647\u0631-\u0634\u0646\u0628\u0647-\u0627\u0648\u0644-\u0645\u0627\u0647/"}, "ro": {"id": 157399, "url": "https://admin.integreat-app.de/ostallgaeu/ro/events/kaufbeurer-frauentreff-\u00een-fiecare-prim\u0103-s\u00e2mb\u0103t\u0103-a-lunii/", "path": "/ostallgaeu/ro/events/kaufbeurer-frauentreff-\u00een-fiecare-prim\u0103-s\u00e2mb\u0103t\u0103-a-lunii/"}, "ru": {"id": 157400, "url": "https://admin.integreat-app.de/ostallgaeu/ru/events/kaufbeurer-frauentreff-\u043a\u0430\u0436\u0434\u0443\u044e-\u043f\u0435\u0440\u0432\u0443\u044e-\u0441\u0443\u0431\u0431\u043e\u0442\u0443-\u043c\u0435\u0441\u044f\u0446\u0430/", "path": "/ostallgaeu/ru/events/kaufbeurer-frauentreff-\u043a\u0430\u0436\u0434\u0443\u044e-\u043f\u0435\u0440\u0432\u0443\u044e-\u0441\u0443\u0431\u0431\u043e\u0442\u0443-\u043c\u0435\u0441\u044f\u0446\u0430/"}, "tr": {"id": 157401, "url": "https://admin.integreat-app.de/ostallgaeu/tr/events/kaufbeurer-frauentreff-her-ay\u0131n-ilk-cumartesi-g\u00fcn\u00fc/", "path": "/ostallgaeu/tr/events/kaufbeurer-frauentreff-her-ay\u0131n-ilk-cumartesi-g\u00fcn\u00fc/"}, "uk": {"id": 157402, "url": "https://admin.integreat-app.de/ostallgaeu/uk/events/kaufbeurer-frauentreff-\u043a\u043e\u0436\u043d\u0443-\u043f\u0435\u0440\u0448\u0443-\u0441\u0443\u0431\u043e\u0442\u0443-\u043c\u0456\u0441\u044f\u0446\u044f/", "path": "/ostallgaeu/uk/events/kaufbeurer-frauentreff-\u043a\u043e\u0436\u043d\u0443-\u043f\u0435\u0440\u0448\u0443-\u0441\u0443\u0431\u043e\u0442\u0443-\u043c\u0456\u0441\u044f\u0446\u044f/"}, "ti": {"id": 157403, "url": "https://admin.integreat-app.de/ostallgaeu/ti/events/\u12a3\u12bc\u1263-\u12f0\u1242-\u12a3\u1295\u1235\u1275\u12ee-\u12ab\u12cd\u134d\u1264\u12cd\u1228\u1295-\u12a3\u1265-\u1290\u134d\u1232-\u12c8\u12a8\u134d-\u1240\u12f3\u1218\u12ed\u1272-\u1240\u12f3\u121d-\u1293\u12ed-\u12c8\u122d\u1212/", "path": "/ostallgaeu/ti/events/\u12a3\u12bc\u1263-\u12f0\u1242-\u12a3\u1295\u1235\u1275\u12ee-\u12ab\u12cd\u134d\u1264\u12cd\u1228\u1295-\u12a3\u1265-\u1290\u134d\u1232-\u12c8\u12a8\u134d-\u1240\u12f3\u1218\u12ed\u1272-\u1240\u12f3\u121d-\u1293\u12ed-\u12c8\u122d\u1212/"}}, "thumbnail": "https://admin.integreat-app.de/media/regions/181/2025/12/1766135668_asyl-kf-neu.jpeg", "location": {"id": 1576, "name": "Generationenhaus Kaufbeuren e.V.", "address": "Hafenmarkt 6-8", "town": "Kaufbeuren", "state": null, "postcode": "87600", "region": null, "country": "Deutschland", "latitude": 47.8809234, "longitude": 10.621167944478547}, "location_path": "/ostallgaeu/de/locations/generationenhaus-kaufbeuren-ev/", "meeting_url": null, "event": {"id": 1895, "start": "2025-07-05T15:00:00+02:00", "start_date": "2025-07-05", "start_time": "15:00:00", "end": "2025-07-05T17:00:00+02:00", "end_date": "2025-07-05", "end_time": "17:00:00", "all_day": false, "only_weekdays": false, "recurrence_id": 285, "timezone": "Europe/Berlin"}, "hash": null, "recurrence_rule": "DTSTART:20250705T130000\nRRULE:FREQ=MONTHLY;BYDAY=+1SA"}, {"id": 274864, "url": "https://admin.integreat-app.de/ostallgaeu/de/events/freizeit-sport-beruf-gruppe-f\u00fcr-jugendliche-und-junge-m\u00e4nner-in-marktoberdorf-jeden-freitag/", "path": "/ostallgaeu/de/events/freizeit-sport-beruf-gruppe-f\u00fcr-jugendliche-und-junge-m\u00e4nner-in-marktoberdorf-jeden-freitag/", "title": "Freizeit-Sport-Beruf-Gruppe f\u00fcr Jugendliche und junge M\u00e4nner in Marktoberdorf- Jeden Freitag!", "modified_gmt": "2026-02-02T08:54:53.683Z", "last_updated": "2026-02-02T09:54:53.683+01:00", "excerpt": "\r\nDas \"Inifo\" in Marktoberdorf bietet jeden Freitag die Freizeit-Sport-Beruf- Gruppe f\u00fcr Jugendliche und junge M\u00e4nner in Marktoberdorf an.\r\nFreitag von 15.00-17.00 Uhr\r\n\u00a0\r\n", "content": "<div>\r\n<p>Das \"Inifo\" in Marktoberdorf bietet jeden Freitag die Freizeit-Sport-Beruf- Gruppe f\u00fcr Jugendliche und junge M\u00e4nner in Marktoberdorf an.</p>\r\n<p><strong>Freitag von 15.00-17.00 Uhr</strong></p>\r\n<p>\u00a0</p>\r\n</div>", "available_languages": {"hr": {"id": 274865, "url": "https://admin.integreat-app.de/ostallgaeu/hr/events/grupa-za-slobodno-vrijeme-sport-i-karijeru-za-tinejd\u017eere-i-mladi\u0107e-u-marktoberdorfu-svaki-petak/", "path": "/ostallgaeu/hr/events/grupa-za-slobodno-vrijeme-sport-i-karijeru-za-tinejd\u017eere-i-mladi\u0107e-u-marktoberdorfu-svaki-petak/"}, "en": {"id": 274866, "url": "https://admin.integreat-app.de/ostallgaeu/en/events/leisure-sport-professional-group-for-teenagers-and-young-men-in-marktoberdorf-every-friday/", "path": "/ostallgaeu/en/events/leisure-sport-professional-group-for-teenagers-and-young-men-in-marktoberdorf-every-friday/"}, "es": {"id": 274867, "url": "https://admin.integreat-app.de/ostallgaeu/es/events/grupo-l\u00fadico-deportivo-profesional-para-adolescentes-y-j\u00f3venes-en-marktoberdorf-todos-los-viernes/", "path": "/ostallgaeu/es/events/grupo-l\u00fadico-deportivo-profesional-para-adolescentes-y-j\u00f3venes-en-marktoberdorf-todos-los-viernes/"}, "fr": {"id": 274868, "url": "https://admin.integreat-app.de/ostallgaeu/fr/events/groupe-loisirs-sports-professionnels-pour-adolescents-et-jeunes-hommes-\u00e0-marktoberdorf-tous-les-vendredis/", "path": "/ostallgaeu/fr/events/groupe-loisirs-sports-professionnels-pour-adolescents-et-jeunes-hommes-\u00e0-marktoberdorf-tous-les-vendredis/"}, "ar": {"id": 274869, "url": "https://admin.integreat-app.de/ostallgaeu/ar/events/\u0645\u062c\u0645\u0648\u0639\u0629-\u062a\u0631\u0641\u064a\u0647\u064a\u0629-\u0631\u064a\u0627\u0636\u064a\u0629-\u0645\u0647\u0646\u064a\u0629-\u0644\u0644\u0645\u0631\u0627\u0647\u0642\u064a\u0646-\u0648\u0627\u0644\u0634\u0628\u0627\u0628-\u0641\u064a-\u0645\u0627\u0631\u0643\u062a\u0648\u0628\u0631\u062f\u0648\u0631\u0641-\u0643\u0644-\u064a\u0648\u0645-\u062c\u0645\u0639\u0629/", "path": "/ostallgaeu/ar/events/\u0645\u062c\u0645\u0648\u0639\u0629-\u062a\u0631\u0641\u064a\u0647\u064a\u0629-\u0631\u064a\u0627\u0636\u064a\u0629-\u0645\u0647\u0646\u064a\u0629-\u0644\u0644\u0645\u0631\u0627\u0647\u0642\u064a\u0646-\u0648\u0627\u0644\u0634\u0628\u0627\u0628-\u0641\u064a-\u0645\u0627\u0631\u0643\u062a\u0648\u0628\u0631\u062f\u0648\u0631\u0641-\u0643\u0644-\u064a\u0648\u0645-\u062c\u0645\u0639\u0629/"}, "fa": {"id": 274870, "url": "https://admin.integreat-app.de/ostallgaeu/fa/events/\u06af\u0631\u0648\u0647-\u062a\u0641\u0631\u06cc\u062d\u06cc-\u0648\u0631\u0632\u0634\u06cc-\u0634\u063a\u0644\u06cc-\u0628\u0631\u0627\u06cc-\u0646\u0648\u062c\u0648\u0627\u0646\u0627\u0646-\u0648-\u062c\u0648\u0627\u0646\u0627\u0646-\u062f\u0631-\u0645\u0627\u0631\u06a9\u062a\u0648\u0628\u0631\u062f\u0648\u0631\u0641-\u0647\u0631-\u062c\u0645\u0639\u0647/", "path": "/ostallgaeu/fa/events/\u06af\u0631\u0648\u0647-\u062a\u0641\u0631\u06cc\u062d\u06cc-\u0648\u0631\u0632\u0634\u06cc-\u0634\u063a\u0644\u06cc-\u0628\u0631\u0627\u06cc-\u0646\u0648\u062c\u0648\u0627\u0646\u0627\u0646-\u0648-\u062c\u0648\u0627\u0646\u0627\u0646-\u062f\u0631-\u0645\u0627\u0631\u06a9\u062a\u0648\u0628\u0631\u062f\u0648\u0631\u0641-\u0647\u0631-\u062c\u0645\u0639\u0647/"}, "ro": {"id": 274871, "url": "https://admin.integreat-app.de/ostallgaeu/ro/events/grup-de-agrement-sport-profesional-pentru-adolescen\u021bi-\u0219i-tineri-\u00een-marktoberdorf-\u00een-fiecare-vineri/", "path": "/ostallgaeu/ro/events/grup-de-agrement-sport-profesional-pentru-adolescen\u021bi-\u0219i-tineri-\u00een-marktoberdorf-\u00een-fiecare-vineri/"}, "ru": {"id": 274872, "url": "https://admin.integreat-app.de/ostallgaeu/ru/events/\u0434\u043e\u0441\u0443\u0433\u043e\u0432\u043e-\u0441\u043f\u043e\u0440\u0442\u0438\u0432\u043d\u043e-\u043f\u0440\u043e\u0444\u0435\u0441\u0441\u0438\u043e\u043d\u0430\u043b\u044c\u043d\u0430\u044f-\u0433\u0440\u0443\u043f\u043f\u0430-\u0434\u043b\u044f-\u043f\u043e\u0434\u0440\u043e\u0441\u0442\u043a\u043e\u0432-\u0438-\u044e\u043d\u043e\u0448\u0435\u0439-\u0432-\u043c\u0430\u0440\u043a\u0442\u043e\u0431\u0435\u0440\u0434\u043e\u0440\u0444\u0435-\u043a\u0430\u0436\u0434\u0443\u044e-\u043f\u044f\u0442\u043d\u0438\u0446\u0443/", "path": "/ostallgaeu/ru/events/\u0434\u043e\u0441\u0443\u0433\u043e\u0432\u043e-\u0441\u043f\u043e\u0440\u0442\u0438\u0432\u043d\u043e-\u043f\u0440\u043e\u0444\u0435\u0441\u0441\u0438\u043e\u043d\u0430\u043b\u044c\u043d\u0430\u044f-\u0433\u0440\u0443\u043f\u043f\u0430-\u0434\u043b\u044f-\u043f\u043e\u0434\u0440\u043e\u0441\u0442\u043a\u043e\u0432-\u0438-\u044e\u043d\u043e\u0448\u0435\u0439-\u0432-\u043c\u0430\u0440\u043a\u0442\u043e\u0431\u0435\u0440\u0434\u043e\u0440\u0444\u0435-\u043a\u0430\u0436\u0434\u0443\u044e-\u043f\u044f\u0442\u043d\u0438\u0446\u0443/"}, "tr": {"id": 274873, "url": "https://admin.integreat-app.de/ostallgaeu/tr/events/marktoberdorfta-gen\u00e7ler-ve-gen\u00e7-erkekler-i\u00e7in-bo\u015f-zaman-spor-profesyonel-grubu-her-cuma/", "path": "/ostallgaeu/tr/events/marktoberdorfta-gen\u00e7ler-ve-gen\u00e7-erkekler-i\u00e7in-bo\u015f-zaman-spor-profesyonel-grubu-her-cuma/"}, "uk": {"id": 274874, "url": "https://admin.integreat-app.de/ostallgaeu/uk/events/\u0434\u043e\u0437\u0432\u0456\u043b\u043b\u0454\u0432\u043e-\u0441\u043f\u043e\u0440\u0442\u0438\u0432\u043d\u043e-\u043f\u0440\u043e\u0444\u0435\u0441\u0456\u0439\u043d\u0430-\u0433\u0440\u0443\u043f\u0430-\u0434\u043b\u044f-\u043f\u0456\u0434\u043b\u0456\u0442\u043a\u0456\u0432-\u0442\u0430-\u044e\u043d\u0430\u043a\u0456\u0432-\u0443-\u043c\u0430\u0440\u043a\u0442\u043e\u0431\u0435\u0440\u0434\u043e\u0440\u0444\u0456-\u0449\u043e\u043f\u044f\u0442\u043d\u0438\u0446\u0456/", "path": "/ostallgaeu/uk/events/\u0434\u043e\u0437\u0432\u0456\u043b\u043b\u0454\u0432\u043e-\u0441\u043f\u043e\u0440\u0442\u0438\u0432\u043d\u043e-\u043f\u0440\u043e\u0444\u0435\u0441\u0456\u0439\u043d\u0430-\u0433\u0440\u0443\u043f\u0430-\u0434\u043b\u044f-\u043f\u0456\u0434\u043b\u0456\u0442\u043a\u0456\u0432-\u0442\u0430-\u044e\u043d\u0430\u043a\u0456\u0432-\u0443-\u043c\u0430\u0440\u043a\u0442\u043e\u0431\u0435\u0440\u0434\u043e\u0440\u0444\u0456-\u0449\u043e\u043f\u044f\u0442\u043d\u0438\u0446\u0456/"}, "ti": {"id": 274875, "url": "https://admin.integreat-app.de/ostallgaeu/ti/events/\u1293\u12ed-\u1275\u122d\u134a-\u130d\u12dc-\u1235\u1356\u122d\u1275-\u121e\u12eb-\u1309\u1305\u1208-\u1295\u1218\u1295\u12a5\u1230\u12eb\u1275\u1295-\u1218\u1295\u12a5\u1230\u12eb\u1275\u1295-\u12a3\u1265-\u121b\u122d\u12ad\u1276\u1260\u122d\u12f6\u122d\u134d-\u12a9\u1209-\u130d\u12dc-\u12d3\u122d\u1262/", "path": "/ostallgaeu/ti/events/\u1293\u12ed-\u1275\u122d\u134a-\u130d\u12dc-\u1235\u1356\u122d\u1275-\u121e\u12eb-\u1309\u1305\u1208-\u1295\u1218\u1295\u12a5\u1230\u12eb\u1275\u1295-\u1218\u1295\u12a5\u1230\u12eb\u1275\u1295-\u12a3\u1265-\u121b\u122d\u12ad\u1276\u1260\u122d\u12f6\u122d\u134d-\u12a9\u1209-\u130d\u12dc-\u12d3\u122d\u1262/"}}, "thumbnail": "https://admin.integreat-app.de/media/regions/181/2022/10/inifologo.png", "location": {"id": 1282, "name": "Inifo e.V.", "address": "Eberle-K\u00f6gl-Str. 23", "town": "Marktoberdorf", "state": null, "postcode": "87616", "region": null, "country": "Deutschland", "latitude": 47.77825725, "longitude": 10.621897081429424}, "location_path": "/ostallgaeu/de/locations/inifo-ev/", "meeting_url": null, "event": {"id": 11448, "start": "2025-07-25T15:00:00+02:00", "start_date": "2025-07-25", "start_time": "15:00:00", "end": "2025-07-25T17:00:00+02:00", "end_date": "2025-07-25", "end_time": "17:00:00", "all_day": false, "only_weekdays": false, "recurrence_id": 3037, "timezone": "Europe/Berlin"}, "hash": null, "recurrence_rule": "DTSTART:20250725T130000\nRRULE:FREQ=WEEKLY;BYDAY=FR"}, {"id": 251459, "url": "https://admin.integreat-app.de/ostallgaeu/de/events/reparatur-caf\u00e8-marktoberdorf/", "path": "/ostallgaeu/de/events/reparatur-caf\u00e8-marktoberdorf/", "title": "Reparatur-Caf\u00e8 Marktoberdorf", "modified_gmt": "2025-12-19T09:31:20.123Z", "last_updated": "2025-12-19T10:31:20.123+01:00", "excerpt": "\r\nIm Reparatur-Caf\u00e8 Marktoberdorf k\u00f6nnen defekte Alltagsgegenst\u00e4nde gemeinschaftlich repariert werden: elektrische und mechanische Haushaltsger\u00e4te, Unterhaltungselektronik, aber auch Fahrr\u00e4der, Spielzeug und andere Dinge. Das Ziel ist es M\u00fcll zu vermeiden und damit die Umwelt zu schonen.\u00a0Gemeinsam reparieren meint hier nicht \u201ekostenloser Reparatur-Service\u201c, sondern gemeinschaftlich organisierte Hilfe zur Selbsthilfe durch ehrenamtliche Helfer*innen.\u00a0\r\nBitte vor dem Besuch\u00a0 hier anmelden!\r\n\u00a0\r\nWichtige Hinweise:\r\n\u2013 die mitgebrachten Ger\u00e4te m\u00fcssen sich in einem sauberen Zustand befinden\r\n\u2013 der Fehler muss vor Ort\u00a0 reproduzierbar sein\r\n\u2013 Ger\u00e4te, die mit Leitungswasser betrieben werden, bitte vor dem Besuch entkalken, manchmal funktionieren sie dann wieder.\r\n\u2013 Es kann in seltenen F\u00e4llen vorkommen, dass das Ger\u00e4t nach unserem gemeinsamen Reparaturversuch st\u00e4rker defekt ist als vorher. Manche Ger\u00e4te sind nicht zum Reparieren gemacht, manchmal k\u00f6nnen Teile abbrechen.\r\n\u2013 folgende Ger\u00e4te k\u00f6nnen wir aufgrund der \u00f6rtlichen Gegebenheiten oder der beschr\u00e4nkten Zeit nicht reparieren: Kaffeevollautomaten, Tintenstrahldrucker, Ger\u00e4te mit Wasseranschluss (z.B. Hochdruckreiniger), PCs, Notebooks, Handys\r\n\u00a0\r\nE-Mail: reparaturcafe@zukunft-mod.de\u00a0Website: http://zukunft-mod.de\u00a0\r\n", "content": "<div>\r\n<p>Im Reparatur-Caf\u00e8 Marktoberdorf k\u00f6nnen defekte Alltagsgegenst\u00e4nde gemeinschaftlich repariert werden: elektrische und mechanische Haushaltsger\u00e4te, Unterhaltungselektronik, aber auch Fahrr\u00e4der, Spielzeug und andere Dinge. Das Ziel ist es M\u00fcll zu vermeiden und damit die Umwelt zu schonen.\u00a0Gemeinsam reparieren meint hier nicht \u201ekostenloser Reparatur-Service\u201c, sondern gemeinschaftlich organisierte Hilfe zur Selbsthilfe durch ehrenamtliche Helfer*innen.\u00a0</p>\r\n<p><strong>Bitte vor dem Besuch\u00a0<a class=\"link-external\" href=\"https://www.zukunft-mod.de/project/reparatur-cafe/\"> hier </a>anmelden!</strong></p>\r\n<p>\u00a0</p>\r\n<p><strong>Wichtige Hinweise:</strong></p>\r\n<p>\u2013 die mitgebrachten Ger\u00e4te m\u00fcssen sich in einem sauberen Zustand befinden</p>\r\n<p>\u2013 der Fehler muss vor Ort\u00a0 reproduzierbar sein</p>\r\n<p>\u2013 Ger\u00e4te, die mit Leitungswasser betrieben werden, bitte vor dem Besuch entkalken, manchmal funktionieren sie dann wieder.</p>\r\n<p>\u2013 Es kann in seltenen F\u00e4llen vorkommen, dass das Ger\u00e4t nach unserem gemeinsamen Reparaturversuch st\u00e4rker defekt ist als vorher. Manche Ger\u00e4te sind nicht zum Reparieren gemacht, manchmal k\u00f6nnen Teile abbrechen.</p>\r\n<p>\u2013 folgende Ger\u00e4te k\u00f6nnen wir aufgrund der \u00f6rtlichen Gegebenheiten oder der beschr\u00e4nkten Zeit <strong>nicht</strong> reparieren: Kaffeevollautomaten, Tintenstrahldrucker, Ger\u00e4te mit Wasseranschluss (z.B. Hochdruckreiniger), PCs, Notebooks, Handys</p>\r\n<p>\u00a0</p>\r\n<p>E-Mail: <a class=\"link-external\" href=\"mailto:reparaturcafe@zukunft-mod.de\">reparaturcafe@zukunft-mod.de</a>\u00a0<br>Website: <a class=\"link-external\" href=\"http://zukunft-mod.de\">http://zukunft-mod.de</a>\u00a0</p>\r\n</div>", "available_languages": {"hr": {"id": 213456, "url": "https://admin.integreat-app.de/ostallgaeu/hr/events/popravak-kafi\u0107a-marktoberdorf-2/", "path": "/ostallgaeu/hr/events/popravak-kafi\u0107a-marktoberdorf-2/"}, "en": {"id": 213457, "url": "https://admin.integreat-app.de/ostallgaeu/en/events/repair-caf\u00e9-marktoberdorf-2/", "path": "/ostallgaeu/en/events/repair-caf\u00e9-marktoberdorf-2/"}, "es": {"id": 213458, "url": "https://admin.integreat-app.de/ostallgaeu/es/events/reparaci\u00f3n-caf\u00e9-marktoberdorf/", "path": "/ostallgaeu/es/events/reparaci\u00f3n-caf\u00e9-marktoberdorf/"}, "fr": {"id": 213459, "url": "https://admin.integreat-app.de/ostallgaeu/fr/events/caf\u00e9-de-la-r\u00e9paration-de-marktoberdorf-2/", "path": "/ostallgaeu/fr/events/caf\u00e9-de-la-r\u00e9paration-de-marktoberdorf-2/"}, "ar": {"id": 213460, "url": "https://admin.integreat-app.de/ostallgaeu/ar/events/\u0645\u0642\u0647\u0649-\u0645\u0627\u0631\u0643\u062a\u0648\u0628\u0631\u062f\u0648\u0631\u0641-\u0644\u0644\u0625\u0635\u0644\u0627\u062d\u0627\u062a-2/", "path": "/ostallgaeu/ar/events/\u0645\u0642\u0647\u0649-\u0645\u0627\u0631\u0643\u062a\u0648\u0628\u0631\u062f\u0648\u0631\u0641-\u0644\u0644\u0625\u0635\u0644\u0627\u062d\u0627\u062a-2/"}, "fa": {"id": 213461, "url": "https://admin.integreat-app.de/ostallgaeu/fa/events/\u06a9\u0627\u0641\u0647-\u062a\u0639\u0645\u06cc\u0631-\u0645\u0627\u0631\u06a9\u062a\u0648\u0628\u0631\u062f\u0648\u0631\u0641-2/", "path": "/ostallgaeu/fa/events/\u06a9\u0627\u0641\u0647-\u062a\u0639\u0645\u06cc\u0631-\u0645\u0627\u0631\u06a9\u062a\u0648\u0628\u0631\u062f\u0648\u0631\u0641-2/"}, "ro": {"id": 213462, "url": "https://admin.integreat-app.de/ostallgaeu/ro/events/repair-caf\u00e9-marktoberdorf/", "path": "/ostallgaeu/ro/events/repair-caf\u00e9-marktoberdorf/"}, "ru": {"id": 213463, "url": "https://admin.integreat-app.de/ostallgaeu/ru/events/\u0440\u0435\u043c\u043e\u043d\u0442\u043d\u043e\u0435-\u043a\u0430\u0444\u0435-\u043c\u0430\u0440\u043a\u0442\u043e\u0431\u0435\u0440\u0434\u043e\u0440\u0444-2/", "path": "/ostallgaeu/ru/events/\u0440\u0435\u043c\u043e\u043d\u0442\u043d\u043e\u0435-\u043a\u0430\u0444\u0435-\u043c\u0430\u0440\u043a\u0442\u043e\u0431\u0435\u0440\u0434\u043e\u0440\u0444-2/"}, "tr": {"id": 213464, "url": "https://admin.integreat-app.de/ostallgaeu/tr/events/repair-caf\u00e9-marktoberdorf/", "path": "/ostallgaeu/tr/events/repair-caf\u00e9-marktoberdorf/"}, "uk": {"id": 213465, "url": "https://admin.integreat-app.de/ostallgaeu/uk/events/\u0440\u0435\u043c\u043e\u043d\u0442-\u043a\u0430\u0444\u0435-marktoberdorf-2/", "path": "/ostallgaeu/uk/events/\u0440\u0435\u043c\u043e\u043d\u0442-\u043a\u0430\u0444\u0435-marktoberdorf-2/"}, "ti": {"id": 213466, "url": "https://admin.integreat-app.de/ostallgaeu/ti/events/\u133d\u1308\u1293-\u12ab\u134c-\u121b\u122d\u12ad\u1276\u1260\u122d\u12f6\u122d\u134d-2/", "path": "/ostallgaeu/ti/events/\u133d\u1308\u1293-\u12ab\u134c-\u121b\u122d\u12ad\u1276\u1260\u122d\u12f6\u122d\u134d-2/"}}, "thumbnail": "https://admin.integreat-app.de/media/regions/181/2025/12/1766136663_nachhaltiges-mod-neu.jpg", "location": {"id": 10520, "name": "Reparaturcafe Marktoberdorf", "address": "Salzstra\u00dfe 10", "town": "Marktoberdorf", "state": null, "postcode": "87616", "region": null, "country": "Deutschland", "latitude": 47.7776774, "longitude": 10.6197742}, "location_path": "/ostallgaeu/de/locations/reparaturcafe-marktoberdorf/", "meeting_url": null, "event": {"id": 9598, "start": "2025-08-02T15:00:00+02:00", "start_date": "2025-08-02", "start_time": "15:00:00", "end": "2025-08-02T17:00:00+02:00", "end_date": "2025-08-02", "end_time": "17:00:00", "all_day": false, "only_weekdays": false, "recurrence_id": 2114, "timezone": "Europe/Berlin"}, "hash": null, "recurrence_rule": "DTSTART:20250802T130000\nRRULE:FREQ=MONTHLY;BYDAY=+1SA"}, {"id": 214223, "url": "https://admin.integreat-app.de/ostallgaeu/de/events/spiel-und-spa\u00df-auf-dem-spielplatz-in-oberg\u00fcnzburg-jeden-montag/", "path": "/ostallgaeu/de/events/spiel-und-spa\u00df-auf-dem-spielplatz-in-oberg\u00fcnzburg-jeden-montag/", "title": "Spiel und Spa\u00df auf dem Spielplatz in Oberg\u00fcnzburg - Jeden Montag!", "modified_gmt": "2025-09-15T08:26:21.755Z", "last_updated": "2025-09-15T10:26:21.755+02:00", "excerpt": "\u00a0\r\n\u00a0\r\nF\u00fcr Familien mit Kindern von 0 - 3\r\nSpiel und Spa\u00df auf dem Spielplatz am SportplatzDer Spielplatztreff l\u00e4dt Familien zu einer entspannten und gemeinsamen Zeit ein: zum Kennenlernen, zum Austausch und nat\u00fcrlich f\u00fcr Spiel und Spa\u00df. F\u00fcr Fragen steht eine Fachkraft zur Verf\u00fcgung und f\u00fcr Getr\u00e4nke und kleine Knabbereien ist ebenfalls gesorgt.\r\nNur bei sehr schlechtem Wetter (z. B. Starkregen oder Gewitter) findet der Treff im Familienst\u00fctzpunkt statt.\r\nAuch andere (Spiel-)pl\u00e4tze sind als Treffpunkt m\u00f6glich: zum Beispiel im Winter und bei Schnee am Schlittenberg. Am jeweiligen Tag informiert man dar\u00fcber, wo der Treffpunkt ist.\r\nDer Treff kostet keinen Eintritt und es ist keine Anmeldung erforderlich!\r\nInfo zum Treffpunkt jeweils ab Montagmittag:\u00a0- als Bandansage unter 0152 - 56 79 02 28\u00a0- auf Instagram unter www.instagram.com/familienstuetzpunkt_obg\r\nKooperation: ein Angebot der KoKi Ostallg\u00e4u; F\u00f6rderung durch Bundesstiftung Fr\u00fche Hilfen und Bundesministerium f\u00fcr Familie, Senioren, Frauen und Jugend\r\nFamilienst\u00fctzpunkt Oberg\u00fcnzburgGutbrodstra\u00dfe 3987634 Oberg\u00fcnzburg\r\n", "content": "<div><p>\u00a0</p>\r\n<p>\u00a0</p>\r\n<p><strong>F\u00fcr Familien mit Kindern von 0 - 3</strong></p>\r\n<p><br><strong>Spiel und Spa\u00df auf dem Spielplatz am Sportplatz</strong><br>Der Spielplatztreff l\u00e4dt Familien zu einer entspannten und gemeinsamen Zeit ein: zum Kennenlernen, zum Austausch und nat\u00fcrlich f\u00fcr Spiel und Spa\u00df. F\u00fcr Fragen steht eine Fachkraft zur Verf\u00fcgung und f\u00fcr Getr\u00e4nke und kleine Knabbereien ist ebenfalls gesorgt.</p>\r\n<p>Nur bei sehr schlechtem Wetter (z. B. Starkregen oder Gewitter) findet der Treff im Familienst\u00fctzpunkt statt.</p>\r\n<p>Auch andere (Spiel-)pl\u00e4tze sind als Treffpunkt m\u00f6glich: zum Beispiel im Winter und bei Schnee am Schlittenberg. Am jeweiligen Tag informiert man dar\u00fcber, wo der Treffpunkt ist.</p>\r\n<p>Der Treff kostet keinen Eintritt und es ist keine Anmeldung erforderlich!</p>\r\n<p><strong>Info zum Treffpunkt jeweils ab Montagmittag:\u00a0</strong><br>- als Bandansage unter 0152 - 56 79 02 28\u00a0<br>- auf Instagram unter <a class=\"link-external\" href=\"https://www.instagram.com/familienstuetzpunkt_obg\">www.instagram.com/familienstuetzpunkt_obg</a></p>\r\n<p><strong>Kooperation</strong>: ein Angebot der KoKi Ostallg\u00e4u; F\u00f6rderung durch Bundesstiftung Fr\u00fche Hilfen und Bundesministerium f\u00fcr Familie, Senioren, Frauen und Jugend</p>\r\n<p>Familienst\u00fctzpunkt Oberg\u00fcnzburg<br>Gutbrodstra\u00dfe 39<br>87634 Oberg\u00fcnzburg</p>\r\n<p><a tabindex=\"-1\" href=\"https://admin.integreat-app.de/media/regions/181/2025/07/1753690463_Spiel_und_Spa%C3%9F_auf_dem_Spielplatz__Aushang.jpg\" aria-hidden=\"true\"><img src=\"https://admin.integreat-app.de/media/regions/181/2025/07/1753690463_Spiel_und_Spa%C3%9F_auf_dem_Spielplatz__Aushang.jpg\" alt=\"\"></a></p></div>", "available_languages": {"hr": {"id": 214224, "url": "https://admin.integreat-app.de/ostallgaeu/hr/events/zabava-i-igre-na-igrali\u0161tu-u-oberg\u00fcnzburgu-svakog-ponedjeljka/", "path": "/ostallgaeu/hr/events/zabava-i-igre-na-igrali\u0161tu-u-oberg\u00fcnzburgu-svakog-ponedjeljka/"}, "en": {"id": 214225, "url": "https://admin.integreat-app.de/ostallgaeu/en/events/fun-and-games-on-the-playground-in-oberg\u00fcnzburg-every-monday/", "path": "/ostallgaeu/en/events/fun-and-games-on-the-playground-in-oberg\u00fcnzburg-every-monday/"}, "es": {"id": 214226, "url": "https://admin.integreat-app.de/ostallgaeu/es/events/diversi\u00f3n-y-juegos-en-el-parque-infantil-de-oberg\u00fcnzburg-todos-los-lunes/", "path": "/ostallgaeu/es/events/diversi\u00f3n-y-juegos-en-el-parque-infantil-de-oberg\u00fcnzburg-todos-los-lunes/"}, "fr": {"id": 214227, "url": "https://admin.integreat-app.de/ostallgaeu/fr/events/jeux-et-divertissement-sur-laire-de-jeux-doberg\u00fcnzburg-tous-les-lundis/", "path": "/ostallgaeu/fr/events/jeux-et-divertissement-sur-laire-de-jeux-doberg\u00fcnzburg-tous-les-lundis/"}, "ar": {"id": 214228, "url": "https://admin.integreat-app.de/ostallgaeu/ar/events/\u0627\u0644\u0645\u0631\u062d-\u0648\u0627\u0644\u0623\u0644\u0639\u0627\u0628-\u0641\u064a-\u0627\u0644\u0645\u0644\u0639\u0628-\u0641\u064a-\u0623\u0648\u0628\u0631\u063a\u0648\u0646\u0632\u0628\u0648\u0631\u063a-\u0643\u0644-\u064a\u0648\u0645-\u0627\u062b\u0646\u064a\u0646/", "path": "/ostallgaeu/ar/events/\u0627\u0644\u0645\u0631\u062d-\u0648\u0627\u0644\u0623\u0644\u0639\u0627\u0628-\u0641\u064a-\u0627\u0644\u0645\u0644\u0639\u0628-\u0641\u064a-\u0623\u0648\u0628\u0631\u063a\u0648\u0646\u0632\u0628\u0648\u0631\u063a-\u0643\u0644-\u064a\u0648\u0645-\u0627\u062b\u0646\u064a\u0646/"}, "fa": {"id": 214229, "url": "https://admin.integreat-app.de/ostallgaeu/fa/events/\u0633\u0631\u06af\u0631\u0645\u06cc-\u0648-\u0628\u0627\u0632\u06cc-\u062f\u0631-\u0632\u0645\u06cc\u0646-\u0628\u0627\u0632\u06cc-\u062f\u0631-\u0627\u0648\u0628\u0631\u06af\u0648\u0646\u0632\u0628\u0648\u0631\u06af-\u0647\u0631-\u062f\u0648\u0634\u0646\u0628\u0647/", "path": "/ostallgaeu/fa/events/\u0633\u0631\u06af\u0631\u0645\u06cc-\u0648-\u0628\u0627\u0632\u06cc-\u062f\u0631-\u0632\u0645\u06cc\u0646-\u0628\u0627\u0632\u06cc-\u062f\u0631-\u0627\u0648\u0628\u0631\u06af\u0648\u0646\u0632\u0628\u0648\u0631\u06af-\u0647\u0631-\u062f\u0648\u0634\u0646\u0628\u0647/"}, "ro": {"id": 214230, "url": "https://admin.integreat-app.de/ostallgaeu/ro/events/distrac\u021bie-\u0219i-jocuri-pe-terenul-de-joac\u0103-din-oberg\u00fcnzburg-\u00een-fiecare-luni/", "path": "/ostallgaeu/ro/events/distrac\u021bie-\u0219i-jocuri-pe-terenul-de-joac\u0103-din-oberg\u00fcnzburg-\u00een-fiecare-luni/"}, "ru": {"id": 214231, "url": "https://admin.integreat-app.de/ostallgaeu/ru/events/\u0432\u0435\u0441\u0435\u043b\u044c\u0435-\u0438-\u0438\u0433\u0440\u044b-\u043d\u0430-\u0434\u0435\u0442\u0441\u043a\u043e\u0439-\u043f\u043b\u043e\u0449\u0430\u0434\u043a\u0435-\u0432-\u043e\u0431\u0435\u0440\u0433\u044e\u043d\u0446\u0431\u0443\u0440\u0433\u0435-\u043a\u0430\u0436\u0434\u044b\u0439-\u043f\u043e\u043d\u0435\u0434\u0435\u043b\u044c\u043d\u0438\u043a/", "path": "/ostallgaeu/ru/events/\u0432\u0435\u0441\u0435\u043b\u044c\u0435-\u0438-\u0438\u0433\u0440\u044b-\u043d\u0430-\u0434\u0435\u0442\u0441\u043a\u043e\u0439-\u043f\u043b\u043e\u0449\u0430\u0434\u043a\u0435-\u0432-\u043e\u0431\u0435\u0440\u0433\u044e\u043d\u0446\u0431\u0443\u0440\u0433\u0435-\u043a\u0430\u0436\u0434\u044b\u0439-\u043f\u043e\u043d\u0435\u0434\u0435\u043b\u044c\u043d\u0438\u043a/"}, "tr": {"id": 214232, "url": "https://admin.integreat-app.de/ostallgaeu/tr/events/oberg\u00fcnzburgdaki-oyun-park\u0131nda-e\u011flence-ve-oyunlar-her-pazartesi/", "path": "/ostallgaeu/tr/events/oberg\u00fcnzburgdaki-oyun-park\u0131nda-e\u011flence-ve-oyunlar-her-pazartesi/"}, "uk": {"id": 214233, "url": "https://admin.integreat-app.de/ostallgaeu/uk/events/\u0440\u043e\u0437\u0432\u0430\u0433\u0438-\u0442\u0430-\u0456\u0433\u0440\u0438-\u043d\u0430-\u0434\u0438\u0442\u044f\u0447\u043e\u043c\u0443-\u043c\u0430\u0439\u0434\u0430\u043d\u0447\u0438\u043a\u0443-\u0432-\u043e\u0431\u0435\u0440\u0433\u044e\u043d\u0446\u0431\u0443\u0440\u0437\u0456-\u0449\u043e\u043f\u043e\u043d\u0435\u0434\u0456\u043b\u043a\u0430/", "path": "/ostallgaeu/uk/events/\u0440\u043e\u0437\u0432\u0430\u0433\u0438-\u0442\u0430-\u0456\u0433\u0440\u0438-\u043d\u0430-\u0434\u0438\u0442\u044f\u0447\u043e\u043c\u0443-\u043c\u0430\u0439\u0434\u0430\u043d\u0447\u0438\u043a\u0443-\u0432-\u043e\u0431\u0435\u0440\u0433\u044e\u043d\u0446\u0431\u0443\u0440\u0437\u0456-\u0449\u043e\u043f\u043e\u043d\u0435\u0434\u0456\u043b\u043a\u0430/"}, "ti": {"id": 214234, "url": "https://admin.integreat-app.de/ostallgaeu/ti/events/\u12a3\u1265-\u12a6\u1260\u122d\u1309\u1295\u12dd\u1260\u122d\u130d-\u12a3\u1265-\u12dd\u122d\u12a8\u1265-\u1218\u133b\u12c8\u1272-\u1266\u1273-\u121d\u12dd\u1295\u130b\u12d5\u1295-\u1338\u12c8\u1273\u1295-\u12a9\u1209-\u130d\u12dc-\u1236\u1292/", "path": "/ostallgaeu/ti/events/\u12a3\u1265-\u12a6\u1260\u122d\u1309\u1295\u12dd\u1260\u122d\u130d-\u12a3\u1265-\u12dd\u122d\u12a8\u1265-\u1218\u133b\u12c8\u1272-\u1266\u1273-\u121d\u12dd\u1295\u130b\u12d5\u1295-\u1338\u12c8\u1273\u1295-\u12a9\u1209-\u130d\u12dc-\u1236\u1292/"}}, "thumbnail": "https://admin.integreat-app.de/media/regions/181/2019/12/Logo_Familienstuetzpunkt_LK-OAL_05_2018_web-klein.jpg", "location": {"id": 14227, "name": "Spielplatz am Sportplatz", "address": "Kaufbeurer Stra\u00dfe 20", "town": "Oberg\u00fcnzburg", "state": null, "postcode": "87634", "region": null, "country": "Deutschland", "latitude": 47.84915625, "longitude": 10.423847560942228}, "location_path": "/ostallgaeu/de/locations/spielplatz-am-sportplatz/", "meeting_url": null, "event": {"id": 11514, "start": "2025-09-15T14:30:00+02:00", "start_date": "2025-09-15", "start_time": "14:30:00", "end": "2025-09-15T16:00:00+02:00", "end_date": "2025-09-15", "end_time": "16:00:00", "all_day": false, "only_weekdays": false, "recurrence_id": 3113, "timezone": "Europe/Berlin"}, "hash": null, "recurrence_rule": "DTSTART:20250915T123000\nRRULE:FREQ=WEEKLY;BYDAY=MO"}, {"id": 240737, "url": "https://admin.integreat-app.de/ostallgaeu/de/events/computerkurs-f\u00fcr-m\u00e4dchen-jeden-donnerstag/", "path": "/ostallgaeu/de/events/computerkurs-f\u00fcr-m\u00e4dchen-jeden-donnerstag/", "title": "Computerkurs f\u00fcr M\u00e4dchen - Jeden Donnerstag!", "modified_gmt": "2025-11-21T09:54:20.430Z", "last_updated": "2025-11-21T10:54:20.430+01:00", "excerpt": "Jeden Donnerstag bietet Inifo einen Computerkurs f\u00fcr M\u00e4dchen an. Der Kurs ist kostenlos und man kann seine Computerkenntnisse st\u00e4rken.\u00a0\r\nDie Anmeldung zum Kurs erfolgt im Info-Cafe, dieses findet jeden Freitag von 15-17 Uhr statt.\r\n\r\nContact\n                    \n                        Intiativ-Forum f\u00fcr interkulturelle Vielfalt e.V. | Inifo\n                    \n                    \n                    \n                Eberle-K\u00f6gl-Str. 23, 87616 Marktoberdorfinifo.interkultur@posteo.de+49 (0) 83429165440http://www.inifo.de/", "content": "<div><p>Jeden Donnerstag bietet Inifo einen Computerkurs f\u00fcr M\u00e4dchen an. Der Kurs ist kostenlos und man kann seine Computerkenntnisse st\u00e4rken.\u00a0</p>\r\n<p>Die Anmeldung zum Kurs erfolgt im Info-Cafe, dieses findet jeden Freitag von 15-17 Uhr statt.</p>\r\n<div>\r\n<div contenteditable=\"false\" data-contact-id=\"521\" data-contact-url=\"/ostallgaeu/contact/521/?details=address,name,email,phone_number,website\" class=\"contact-card notranslate\" dir=\"ltr\" translate=\"no\"><a href=\"/ostallgaeu/contact/521/?details=address,name,email,phone_number,website\" style=\"display: none\">Contact</a><h4>\n                    \n                        Intiativ-Forum f\u00fcr interkulturelle Vielfalt e.V. | Inifo\n                    \n                    \n                    \n                </h4><p><img src=\"https://admin.integreat-app.de/static/svg/pin.svg\" alt=\"Address: \" width=\"15\" height=\"15\"><a href=\"https://integreat.app/ostallgaeu/de/locations/inifo-ev/\">Eberle-K\u00f6gl-Str. 23, 87616 Marktoberdorf</a></p><p><img src=\"https://admin.integreat-app.de/static/svg/email.svg\" alt=\"Email: \" width=\"15\" height=\"15\"><a href=\"mailto:inifo.interkultur@posteo.de\">inifo.interkultur@posteo.de</a></p><p><img src=\"https://admin.integreat-app.de/static/svg/call.svg\" alt=\"Phone Number: \" width=\"15\" height=\"15\"><a href=\"tel:+4983429165440\">+49 (0) 83429165440</a></p><p><img src=\"https://admin.integreat-app.de/static/svg/www.svg\" alt=\"Website: \" width=\"15\" height=\"15\"><a href=\"http://www.inifo.de/\">http://www.inifo.de/</a></p></div></div></div>", "available_languages": {"hr": {"id": 240738, "url": "https://admin.integreat-app.de/ostallgaeu/hr/events/ra\u010dunalni-te\u010daj-za-djevojke-svaki-\u010detvrtak/", "path": "/ostallgaeu/hr/events/ra\u010dunalni-te\u010daj-za-djevojke-svaki-\u010detvrtak/"}, "en": {"id": 240739, "url": "https://admin.integreat-app.de/ostallgaeu/en/events/computer-course-for-girls-every-thursday/", "path": "/ostallgaeu/en/events/computer-course-for-girls-every-thursday/"}, "es": {"id": 240740, "url": "https://admin.integreat-app.de/ostallgaeu/es/events/curso-de-inform\u00e1tica-para-chicas-todos-los-jueves/", "path": "/ostallgaeu/es/events/curso-de-inform\u00e1tica-para-chicas-todos-los-jueves/"}, "fr": {"id": 240741, "url": "https://admin.integreat-app.de/ostallgaeu/fr/events/cours-dinformatique-pour-filles-tous-les-jeudis/", "path": "/ostallgaeu/fr/events/cours-dinformatique-pour-filles-tous-les-jeudis/"}, "ar": {"id": 240742, "url": "https://admin.integreat-app.de/ostallgaeu/ar/events/\u062f\u0648\u0631\u0629-\u0627\u0644\u0643\u0645\u0628\u064a\u0648\u062a\u0631-\u0644\u0644\u0641\u062a\u064a\u0627\u062a-\u0643\u0644-\u064a\u0648\u0645-\u062e\u0645\u064a\u0633/", "path": "/ostallgaeu/ar/events/\u062f\u0648\u0631\u0629-\u0627\u0644\u0643\u0645\u0628\u064a\u0648\u062a\u0631-\u0644\u0644\u0641\u062a\u064a\u0627\u062a-\u0643\u0644-\u064a\u0648\u0645-\u062e\u0645\u064a\u0633/"}, "fa": {"id": 240743, "url": "https://admin.integreat-app.de/ostallgaeu/fa/events/\u062f\u0648\u0631\u0647-\u06a9\u0627\u0645\u067e\u06cc\u0648\u062a\u0631-\u0628\u0631\u0627\u06cc-\u062f\u062e\u062a\u0631\u0627\u0646-\u0647\u0631-\u067e\u0646\u062c\u0634\u0646\u0628\u0647/", "path": "/ostallgaeu/fa/events/\u062f\u0648\u0631\u0647-\u06a9\u0627\u0645\u067e\u06cc\u0648\u062a\u0631-\u0628\u0631\u0627\u06cc-\u062f\u062e\u062a\u0631\u0627\u0646-\u0647\u0631-\u067e\u0646\u062c\u0634\u0646\u0628\u0647/"}, "ro": {"id": 240744, "url": "https://admin.integreat-app.de/ostallgaeu/ro/events/curs-de-informatic\u0103-pentru-fete-\u00een-fiecare-joi/", "path": "/ostallgaeu/ro/events/curs-de-informatic\u0103-pentru-fete-\u00een-fiecare-joi/"}, "ru": {"id": 240745, "url": "https://admin.integreat-app.de/ostallgaeu/ru/events/\u043a\u043e\u043c\u043f\u044c\u044e\u0442\u0435\u0440\u043d\u044b\u0435-\u043a\u0443\u0440\u0441\u044b-\u0434\u043b\u044f-\u0434\u0435\u0432\u0443\u0448\u0435\u043a-\u043a\u0430\u0436\u0434\u044b\u0439-\u0447\u0435\u0442\u0432\u0435\u0440\u0433/", "path": "/ostallgaeu/ru/events/\u043a\u043e\u043c\u043f\u044c\u044e\u0442\u0435\u0440\u043d\u044b\u0435-\u043a\u0443\u0440\u0441\u044b-\u0434\u043b\u044f-\u0434\u0435\u0432\u0443\u0448\u0435\u043a-\u043a\u0430\u0436\u0434\u044b\u0439-\u0447\u0435\u0442\u0432\u0435\u0440\u0433/"}, "tr": {"id": 240746, "url": "https://admin.integreat-app.de/ostallgaeu/tr/events/k\u0131zlar-i\u00e7in-bilgisayar-kursu-her-per\u015fembe/", "path": "/ostallgaeu/tr/events/k\u0131zlar-i\u00e7in-bilgisayar-kursu-her-per\u015fembe/"}, "uk": {"id": 240747, "url": "https://admin.integreat-app.de/ostallgaeu/uk/events/\u043a\u043e\u043c\u043f\u044e\u0442\u0435\u0440\u043d\u0438\u0439-\u043a\u0443\u0440\u0441-\u0434\u043b\u044f-\u0434\u0456\u0432\u0447\u0430\u0442-\u0449\u043e\u0447\u0435\u0442\u0432\u0435\u0440\u0433\u0430/", "path": "/ostallgaeu/uk/events/\u043a\u043e\u043c\u043f\u044e\u0442\u0435\u0440\u043d\u0438\u0439-\u043a\u0443\u0440\u0441-\u0434\u043b\u044f-\u0434\u0456\u0432\u0447\u0430\u0442-\u0449\u043e\u0447\u0435\u0442\u0432\u0435\u0440\u0433\u0430/"}, "ti": {"id": 240748, "url": "https://admin.integreat-app.de/ostallgaeu/ti/events/\u1293\u12ed-\u12ae\u121d\u1352\u1270\u122d-\u12ae\u122d\u1235-\u1295\u12a3\u12cb\u120d\u12f5-\u12a9\u1209-\u130d\u12dc-\u1213\u1219\u1235/", "path": "/ostallgaeu/ti/events/\u1293\u12ed-\u12ae\u121d\u1352\u1270\u122d-\u12ae\u122d\u1235-\u1295\u12a3\u12cb\u120d\u12f5-\u12a9\u1209-\u130d\u12dc-\u1213\u1219\u1235/"}}, "thumbnail": "https://admin.integreat-app.de/media/regions/181/2022/10/inifologo.png", "location": {"id": 1282, "name": "Inifo e.V.", "address": "Eberle-K\u00f6gl-Str. 23", "town": "Marktoberdorf", "state": null, "postcode": "87616", "region": null, "country": "Deutschland", "latitude": 47.77825725, "longitude": 10.621897081429424}, "location_path": "/ostallgaeu/de/locations/inifo-ev/", "meeting_url": null, "event": {"id": 15342, "start": "2025-11-27T14:00:00+01:00", "start_date": "2025-11-27", "start_time": "14:00:00", "end": "2025-11-27T15:30:00+01:00", "end_date": "2025-11-27", "end_time": "15:30:00", "all_day": false, "only_weekdays": false, "recurrence_id": 3678, "timezone": "Europe/Berlin"}, "hash": null, "recurrence_rule": "DTSTART:20251127T130000\nRRULE:FREQ=WEEKLY;BYDAY=TH"}, {"id": 251455, "url": "https://admin.integreat-app.de/ostallgaeu/de/events/vhs-lerntreff-in-buchloe-2/", "path": "/ostallgaeu/de/events/vhs-lerntreff-in-buchloe-2/", "title": "vhs Lerntreff in Buchloe", "modified_gmt": "2025-12-19T09:25:30.593Z", "last_updated": "2025-12-19T10:25:30.593+01:00", "excerpt": "\r\nDer vhs-Lerntreff in Buchloe bietet niedrigschwellige Alphabetisierungs- und Grundbildungsangebote f\u00fcr Erwachsene. Hier k\u00f6nnen Menschen in einer offenen und unterst\u00fctzenden Umgebung ihre Lese-, Schreib- und Rechenf\u00e4higkeiten verbessern. Das Angebot richtet sich besonders an junge Eltern, \u00e4ltere Menschen sowie junge Erwachsene am \u00dcbergang zwischen Schule und Beruf.\r\nDer Lerntreff ist kostenlos, ohne Anmeldung zug\u00e4nglich und erm\u00f6glicht individuelles Lernen in kleinen Gruppen oder mit Unterst\u00fctzung von Lernbegleitern. Ziel ist es, Bildungsbarrieren abzubauen und neue Perspektiven f\u00fcr pers\u00f6nliche und berufliche Entwicklung zu er\u00f6ffnen.\r\n\u00a0\r\n", "content": "<div>\r\n<p>Der vhs-Lerntreff in Buchloe bietet niedrigschwellige Alphabetisierungs- und Grundbildungsangebote f\u00fcr Erwachsene. Hier k\u00f6nnen Menschen in einer offenen und unterst\u00fctzenden Umgebung ihre Lese-, Schreib- und Rechenf\u00e4higkeiten verbessern. Das Angebot richtet sich besonders an junge Eltern, \u00e4ltere Menschen sowie junge Erwachsene am \u00dcbergang zwischen Schule und Beruf.</p>\r\n<p>Der Lerntreff ist kostenlos, ohne Anmeldung zug\u00e4nglich und erm\u00f6glicht individuelles Lernen in kleinen Gruppen oder mit Unterst\u00fctzung von Lernbegleitern. Ziel ist es, Bildungsbarrieren abzubauen und neue Perspektiven f\u00fcr pers\u00f6nliche und berufliche Entwicklung zu er\u00f6ffnen.</p>\r\n<p>\u00a0</p>\r\n</div>", "available_languages": {"hr": {"id": 251435, "url": "https://admin.integreat-app.de/ostallgaeu/hr/events/grupa-za-u\u010denje-u-centru-za-obrazovanje-odraslih-u-buchloeu-2/", "path": "/ostallgaeu/hr/events/grupa-za-u\u010denje-u-centru-za-obrazovanje-odraslih-u-buchloeu-2/"}, "en": {"id": 251436, "url": "https://admin.integreat-app.de/ostallgaeu/en/events/vhs-learning-centre-in-buchloe-2/", "path": "/ostallgaeu/en/events/vhs-learning-centre-in-buchloe-2/"}, "es": {"id": 251437, "url": "https://admin.integreat-app.de/ostallgaeu/es/events/centro-de-aprendizaje-de-vhs-en-buchloe-2/", "path": "/ostallgaeu/es/events/centro-de-aprendizaje-de-vhs-en-buchloe-2/"}, "fr": {"id": 251438, "url": "https://admin.integreat-app.de/ostallgaeu/fr/events/rencontre-dapprentissage-vhs-\u00e0-buchloe-2/", "path": "/ostallgaeu/fr/events/rencontre-dapprentissage-vhs-\u00e0-buchloe-2/"}, "ar": {"id": 251439, "url": "https://admin.integreat-app.de/ostallgaeu/ar/events/\u0645\u0631\u0643\u0632-vhs-\u0627\u0644\u062a\u0639\u0644\u064a\u0645\u064a-\u0641\u064a-\u0628\u0648\u0643\u0644\u0648-2/", "path": "/ostallgaeu/ar/events/\u0645\u0631\u0643\u0632-vhs-\u0627\u0644\u062a\u0639\u0644\u064a\u0645\u064a-\u0641\u064a-\u0628\u0648\u0643\u0644\u0648-2/"}, "fa": {"id": 251440, "url": "https://admin.integreat-app.de/ostallgaeu/fa/events/\u06af\u0631\u0648\u0647-\u06cc\u0627\u062f\u06af\u06cc\u0631\u06cc-\u0645\u0631\u06a9\u0632-\u0622\u0645\u0648\u0632\u0634-\u0628\u0632\u0631\u06af\u0633\u0627\u0644\u0627\u0646-\u062f\u0631-\u0628\u0648\u0686\u0644\u0648\u0626\u06cc/", "path": "/ostallgaeu/fa/events/\u06af\u0631\u0648\u0647-\u06cc\u0627\u062f\u06af\u06cc\u0631\u06cc-\u0645\u0631\u06a9\u0632-\u0622\u0645\u0648\u0632\u0634-\u0628\u0632\u0631\u06af\u0633\u0627\u0644\u0627\u0646-\u062f\u0631-\u0628\u0648\u0686\u0644\u0648\u0626\u06cc/"}, "ro": {"id": 251441, "url": "https://admin.integreat-app.de/ostallgaeu/ro/events/centru-de-\u00eenv\u0103\u021bare-vhs-\u00een-buchloe-2/", "path": "/ostallgaeu/ro/events/centru-de-\u00eenv\u0103\u021bare-vhs-\u00een-buchloe-2/"}, "ru": {"id": 251442, "url": "https://admin.integreat-app.de/ostallgaeu/ru/events/\u0443\u0447\u0435\u0431\u043d\u044b\u0439-\u0446\u0435\u043d\u0442\u0440-vhs-\u0432-\u0431\u0443\u0445\u043b\u043e\u0435-2/", "path": "/ostallgaeu/ru/events/\u0443\u0447\u0435\u0431\u043d\u044b\u0439-\u0446\u0435\u043d\u0442\u0440-vhs-\u0432-\u0431\u0443\u0445\u043b\u043e\u0435-2/"}, "tr": {"id": 251443, "url": "https://admin.integreat-app.de/ostallgaeu/tr/events/buchloede-vhs-\u00f6\u011frenme-merkezi-2/", "path": "/ostallgaeu/tr/events/buchloede-vhs-\u00f6\u011frenme-merkezi-2/"}, "uk": {"id": 251444, "url": "https://admin.integreat-app.de/ostallgaeu/uk/events/\u043d\u0430\u0432\u0447\u0430\u043b\u044c\u043d\u0438\u0439-\u0446\u0435\u043d\u0442\u0440-vhs-\u0443-\u0431\u0443\u0445\u043b\u043e\u0454-2/", "path": "/ostallgaeu/uk/events/\u043d\u0430\u0432\u0447\u0430\u043b\u044c\u043d\u0438\u0439-\u0446\u0435\u043d\u0442\u0440-vhs-\u0443-\u0431\u0443\u0445\u043b\u043e\u0454-2/"}, "ti": {"id": 251445, "url": "https://admin.integreat-app.de/ostallgaeu/ti/events/\u1309\u1305\u1208-\u1275\u121d\u1205\u122d\u1272-\u121b\u12a5\u12a8\u120d-\u1275\u121d\u1205\u122d\u1272-\u12d3\u1260\u12ed\u1272-\u12a3\u1265-\u1261\u12ad\u120e\u12ed-2/", "path": "/ostallgaeu/ti/events/\u1309\u1305\u1208-\u1275\u121d\u1205\u122d\u1272-\u121b\u12a5\u12a8\u120d-\u1275\u121d\u1205\u122d\u1272-\u12d3\u1260\u12ed\u1272-\u12a3\u1265-\u1261\u12ad\u120e\u12ed-2/"}}, "thumbnail": "https://admin.integreat-app.de/media/regions/181/2025/12/1766136275_vhs-neu.jpg", "location": {"id": 8732, "name": "vhs Buchloe", "address": "Bahnhofstra\u00dfe 60", "town": "Buchloe", "state": null, "postcode": "86807", "region": null, "country": "Deutschland", "latitude": 48.0362189, "longitude": 10.7244147}, "location_path": "/ostallgaeu/de/locations/vhs-buchloe/", "meeting_url": null, "event": {"id": 16185, "start": "2025-12-19T11:00:00+01:00", "start_date": "2025-12-19", "start_time": "11:00:00", "end": "2025-12-19T12:30:00+01:00", "end_date": "2025-12-19", "end_time": "12:30:00", "all_day": false, "only_weekdays": false, "recurrence_id": 3722, "timezone": "Europe/Berlin"}, "hash": null, "recurrence_rule": "DTSTART:20251219T100000\nRRULE:FREQ=WEEKLY;BYDAY=WE"}, {"id": 251456, "url": "https://admin.integreat-app.de/ostallgaeu/de/events/vhs-lerntreff-in-buchloe/", "path": "/ostallgaeu/de/events/vhs-lerntreff-in-buchloe/", "title": "vhs Lerntreff in Buchloe", "modified_gmt": "2025-12-19T09:25:54.189Z", "last_updated": "2025-12-19T10:25:54.189+01:00", "excerpt": "\r\nDer vhs-Lerntreff in Buchloe bietet niedrigschwellige Alphabetisierungs- und Grundbildungsangebote f\u00fcr Erwachsene. Hier k\u00f6nnen Menschen in einer offenen und unterst\u00fctzenden Umgebung ihre Lese-, Schreib- und Rechenf\u00e4higkeiten verbessern. Das Angebot richtet sich besonders an junge Eltern, \u00e4ltere Menschen sowie junge Erwachsene am \u00dcbergang zwischen Schule und Beruf.\r\nDer Lerntreff ist kostenlos, ohne Anmeldung zug\u00e4nglich und erm\u00f6glicht individuelles Lernen in kleinen Gruppen oder mit Unterst\u00fctzung von Lernbegleitern. Ziel ist es, Bildungsbarrieren abzubauen und neue Perspektiven f\u00fcr pers\u00f6nliche und berufliche Entwicklung zu er\u00f6ffnen.\r\n\u00a0\r\n", "content": "<div>\r\n<p>Der vhs-Lerntreff in Buchloe bietet niedrigschwellige Alphabetisierungs- und Grundbildungsangebote f\u00fcr Erwachsene. Hier k\u00f6nnen Menschen in einer offenen und unterst\u00fctzenden Umgebung ihre Lese-, Schreib- und Rechenf\u00e4higkeiten verbessern. Das Angebot richtet sich besonders an junge Eltern, \u00e4ltere Menschen sowie junge Erwachsene am \u00dcbergang zwischen Schule und Beruf.</p>\r\n<p>Der Lerntreff ist kostenlos, ohne Anmeldung zug\u00e4nglich und erm\u00f6glicht individuelles Lernen in kleinen Gruppen oder mit Unterst\u00fctzung von Lernbegleitern. Ziel ist es, Bildungsbarrieren abzubauen und neue Perspektiven f\u00fcr pers\u00f6nliche und berufliche Entwicklung zu er\u00f6ffnen.</p>\r\n<p>\u00a0</p>\r\n</div>", "available_languages": {"hr": {"id": 251422, "url": "https://admin.integreat-app.de/ostallgaeu/hr/events/grupa-za-u\u010denje-u-centru-za-obrazovanje-odraslih-u-buchloeu/", "path": "/ostallgaeu/hr/events/grupa-za-u\u010denje-u-centru-za-obrazovanje-odraslih-u-buchloeu/"}, "en": {"id": 251423, "url": "https://admin.integreat-app.de/ostallgaeu/en/events/vhs-learning-centre-in-buchloe/", "path": "/ostallgaeu/en/events/vhs-learning-centre-in-buchloe/"}, "es": {"id": 251424, "url": "https://admin.integreat-app.de/ostallgaeu/es/events/centro-de-aprendizaje-de-vhs-en-buchloe/", "path": "/ostallgaeu/es/events/centro-de-aprendizaje-de-vhs-en-buchloe/"}, "fr": {"id": 251425, "url": "https://admin.integreat-app.de/ostallgaeu/fr/events/rencontre-dapprentissage-vhs-\u00e0-buchloe/", "path": "/ostallgaeu/fr/events/rencontre-dapprentissage-vhs-\u00e0-buchloe/"}, "ar": {"id": 251426, "url": "https://admin.integreat-app.de/ostallgaeu/ar/events/\u0645\u0631\u0643\u0632-vhs-\u0627\u0644\u062a\u0639\u0644\u064a\u0645\u064a-\u0641\u064a-\u0628\u0648\u0643\u0644\u0648/", "path": "/ostallgaeu/ar/events/\u0645\u0631\u0643\u0632-vhs-\u0627\u0644\u062a\u0639\u0644\u064a\u0645\u064a-\u0641\u064a-\u0628\u0648\u0643\u0644\u0648/"}, "fa": {"id": 251427, "url": "https://admin.integreat-app.de/ostallgaeu/fa/events/\u06af\u0631\u0648\u0647-\u0622\u0645\u0648\u0632\u0634\u06cc-\u0645\u0631\u06a9\u0632-\u0622\u0645\u0648\u0632\u0634-\u0628\u0632\u0631\u06af\u0633\u0627\u0644\u0627\u0646-\u062f\u0631-\u0628\u0648\u0686\u0644\u0648\u0626\u06cc/", "path": "/ostallgaeu/fa/events/\u06af\u0631\u0648\u0647-\u0622\u0645\u0648\u0632\u0634\u06cc-\u0645\u0631\u06a9\u0632-\u0622\u0645\u0648\u0632\u0634-\u0628\u0632\u0631\u06af\u0633\u0627\u0644\u0627\u0646-\u062f\u0631-\u0628\u0648\u0686\u0644\u0648\u0626\u06cc/"}, "ro": {"id": 251428, "url": "https://admin.integreat-app.de/ostallgaeu/ro/events/centru-de-\u00eenv\u0103\u021bare-vhs-\u00een-buchloe/", "path": "/ostallgaeu/ro/events/centru-de-\u00eenv\u0103\u021bare-vhs-\u00een-buchloe/"}, "ru": {"id": 251429, "url": "https://admin.integreat-app.de/ostallgaeu/ru/events/\u0443\u0447\u0435\u0431\u043d\u044b\u0439-\u0446\u0435\u043d\u0442\u0440-vhs-\u0432-\u0431\u0443\u0445\u043b\u043e\u0435/", "path": "/ostallgaeu/ru/events/\u0443\u0447\u0435\u0431\u043d\u044b\u0439-\u0446\u0435\u043d\u0442\u0440-vhs-\u0432-\u0431\u0443\u0445\u043b\u043e\u0435/"}, "tr": {"id": 251430, "url": "https://admin.integreat-app.de/ostallgaeu/tr/events/buchloede-vhs-\u00f6\u011frenme-merkezi/", "path": "/ostallgaeu/tr/events/buchloede-vhs-\u00f6\u011frenme-merkezi/"}, "uk": {"id": 251431, "url": "https://admin.integreat-app.de/ostallgaeu/uk/events/\u043d\u0430\u0432\u0447\u0430\u043b\u044c\u043d\u0438\u0439-\u0446\u0435\u043d\u0442\u0440-vhs-\u0443-\u0431\u0443\u0445\u043b\u043e\u0454/", "path": "/ostallgaeu/uk/events/\u043d\u0430\u0432\u0447\u0430\u043b\u044c\u043d\u0438\u0439-\u0446\u0435\u043d\u0442\u0440-vhs-\u0443-\u0431\u0443\u0445\u043b\u043e\u0454/"}, "ti": {"id": 251432, "url": "https://admin.integreat-app.de/ostallgaeu/ti/events/\u1309\u1305\u1208-\u1275\u121d\u1205\u122d\u1272-\u121b\u12a5\u12a8\u120d-\u1275\u121d\u1205\u122d\u1272-\u12d3\u1260\u12ed\u1272-\u12a3\u1265-\u1261\u12ad\u120e\u12ed/", "path": "/ostallgaeu/ti/events/\u1309\u1305\u1208-\u1275\u121d\u1205\u122d\u1272-\u121b\u12a5\u12a8\u120d-\u1275\u121d\u1205\u122d\u1272-\u12d3\u1260\u12ed\u1272-\u12a3\u1265-\u1261\u12ad\u120e\u12ed/"}}, "thumbnail": "https://admin.integreat-app.de/media/regions/181/2025/12/1766136275_vhs-neu.jpg", "location": {"id": 8732, "name": "vhs Buchloe", "address": "Bahnhofstra\u00dfe 60", "town": "Buchloe", "state": null, "postcode": "86807", "region": null, "country": "Deutschland", "latitude": 48.0362189, "longitude": 10.7244147}, "location_path": "/ostallgaeu/de/locations/vhs-buchloe/", "meeting_url": null, "event": {"id": 16184, "start": "2025-12-19T12:30:00+01:00", "start_date": "2025-12-19", "start_time": "12:30:00", "end": "2025-12-19T14:00:00+01:00", "end_date": "2025-12-19", "end_time": "14:00:00", "all_day": false, "only_weekdays": false, "recurrence_id": 3721, "timezone": "Europe/Berlin"}, "hash": null, "recurrence_rule": "DTSTART:20251219T113000\nRRULE:FREQ=WEEKLY;BYDAY=TU"}, {"id": 272982, "url": "https://admin.integreat-app.de/ostallgaeu/de/events/veranstaltungen-f\u00fcr-familien/", "path": "/ostallgaeu/de/events/veranstaltungen-f\u00fcr-familien/", "title": "Veranstaltungen f\u00fcr Familien", "modified_gmt": "2026-01-30T07:46:04.660Z", "last_updated": "2026-01-30T08:46:04.660+01:00", "excerpt": "In der\u00a0 Familienapp finden Sie viele Veranstaltungen f\u00fcr Familien im Ostallg\u00e4u und Kaufbeuren.", "content": "<p>In der\u00a0<a class=\"link-external\" href=\"https://familienapp-kf-oal.de/veranstaltungen\"> Familienapp </a>finden Sie viele Veranstaltungen f\u00fcr Familien im Ostallg\u00e4u und Kaufbeuren.</p>", "available_languages": {"hr": {"id": 268249, "url": "https://admin.integreat-app.de/ostallgaeu/hr/events/doga\u0111aji-za-obitelji/", "path": "/ostallgaeu/hr/events/doga\u0111aji-za-obitelji/"}, "en": {"id": 268250, "url": "https://admin.integreat-app.de/ostallgaeu/en/events/events-for-families/", "path": "/ostallgaeu/en/events/events-for-families/"}, "es": {"id": 268251, "url": "https://admin.integreat-app.de/ostallgaeu/es/events/eventos-para-familias/", "path": "/ostallgaeu/es/events/eventos-para-familias/"}, "fr": {"id": 268252, "url": "https://admin.integreat-app.de/ostallgaeu/fr/events/\u00e9v\u00e9nements-pour-les-familles/", "path": "/ostallgaeu/fr/events/\u00e9v\u00e9nements-pour-les-familles/"}, "ar": {"id": 268253, "url": "https://admin.integreat-app.de/ostallgaeu/ar/events/\u0641\u0639\u0627\u0644\u064a\u0627\u062a-\u0644\u0644\u0639\u0627\u0626\u0644\u0627\u062a/", "path": "/ostallgaeu/ar/events/\u0641\u0639\u0627\u0644\u064a\u0627\u062a-\u0644\u0644\u0639\u0627\u0626\u0644\u0627\u062a/"}, "fa": {"id": 268254, "url": "https://admin.integreat-app.de/ostallgaeu/fa/events/\u0631\u0648\u06cc\u062f\u0627\u062f\u0647\u0627\u06cc\u06cc-\u0628\u0631\u0627\u06cc-\u062e\u0627\u0646\u0648\u0627\u062f\u0647\u0647\u0627/", "path": "/ostallgaeu/fa/events/\u0631\u0648\u06cc\u062f\u0627\u062f\u0647\u0627\u06cc\u06cc-\u0628\u0631\u0627\u06cc-\u062e\u0627\u0646\u0648\u0627\u062f\u0647\u0647\u0627/"}, "ro": {"id": 268255, "url": "https://admin.integreat-app.de/ostallgaeu/ro/events/evenimente-pentru-familii/", "path": "/ostallgaeu/ro/events/evenimente-pentru-familii/"}, "ru": {"id": 268256, "url": "https://admin.integreat-app.de/ostallgaeu/ru/events/\u043c\u0435\u0440\u043e\u043f\u0440\u0438\u044f\u0442\u0438\u044f-\u0434\u043b\u044f-\u0441\u0435\u043c\u0435\u0439/", "path": "/ostallgaeu/ru/events/\u043c\u0435\u0440\u043e\u043f\u0440\u0438\u044f\u0442\u0438\u044f-\u0434\u043b\u044f-\u0441\u0435\u043c\u0435\u0439/"}, "tr": {"id": 268257, "url": "https://admin.integreat-app.de/ostallgaeu/tr/events/aileler-i\u00e7in-etkinlikler/", "path": "/ostallgaeu/tr/events/aileler-i\u00e7in-etkinlikler/"}, "uk": {"id": 268258, "url": "https://admin.integreat-app.de/ostallgaeu/uk/events/\u0437\u0430\u0445\u043e\u0434\u0438-\u0434\u043b\u044f-\u0441\u0456\u043c\u0435\u0439\u043d\u043e\u0433\u043e-\u0432\u0456\u0434\u043f\u043e\u0447\u0438\u043d\u043a\u0443/", "path": "/ostallgaeu/uk/events/\u0437\u0430\u0445\u043e\u0434\u0438-\u0434\u043b\u044f-\u0441\u0456\u043c\u0435\u0439\u043d\u043e\u0433\u043e-\u0432\u0456\u0434\u043f\u043e\u0447\u0438\u043d\u043a\u0443/"}, "ti": {"id": 268259, "url": "https://admin.integreat-app.de/ostallgaeu/ti/events/\u1295\u1235\u12f5\u122b\u1264\u1273\u1275-\u12dd\u12b8\u12cd\u1295-\u134d\u133b\u1218\u1273\u1275/", "path": "/ostallgaeu/ti/events/\u1295\u1235\u12f5\u122b\u1264\u1273\u1275-\u12dd\u12b8\u12cd\u1295-\u134d\u133b\u1218\u1273\u1275/"}}, "thumbnail": "https://admin.integreat-app.de/media/regions/181/2019/12/Logo_Familienstuetzpunkt_LK-OAL_05_2018_web-klein.jpg", "location": {"id": null, "name": null, "address": null, "town": null, "state": null, "postcode": null, "region": null, "country": null, "latitude": null, "longitude": null}, "location_path": null, "meeting_url": null, "event": {"id": 16770, "start": "2026-01-01T00:00:00+01:00", "start_date": "2026-01-01", "start_time": "00:00:00", "end": "2026-12-31T23:59:00+01:00", "end_date": "2026-12-31", "end_time": "23:59:00", "all_day": true, "only_weekdays": false, "recurrence_id": null, "timezone": "Europe/Berlin"}, "hash": null, "recurrence_rule": null}, {"id": 323459, "url": "https://admin.integreat-app.de/ostallgaeu/de/events/veranstaltungen-in-der-klima-app-ostallg\u00e4u/", "path": "/ostallgaeu/de/events/veranstaltungen-in-der-klima-app-ostallg\u00e4u/", "title": "Veranstaltungen in der Klima-App Ostallg\u00e4u", "modified_gmt": "2026-04-22T10:08:03.500Z", "last_updated": "2026-04-22T12:08:03.500+02:00", "excerpt": "Ob als Privatperson, Unternehmen, Kommune oder Soziale Einrichtung - die Klima-App Ostallg\u00e4u ist Ihre zentrale Plattform f\u00fcr Umwelt, Klimaschutz und Nachhaltigkeit im Ostallg\u00e4u. Entdecken Sie regionale Tipps, aktuelle Informationen, Anlaufstellen und Veranstaltungen rund um eine lebenswerte Zukunft.", "content": "<p>Ob als Privatperson, Unternehmen, Kommune oder Soziale Einrichtung - die <a class=\"link-external\" href=\"https://klima-app-oal.de/\">Klima-App Ostallg\u00e4u</a> ist Ihre zentrale Plattform f\u00fcr Umwelt, Klimaschutz und Nachhaltigkeit im Ostallg\u00e4u. Entdecken Sie regionale Tipps, aktuelle Informationen, Anlaufstellen und Veranstaltungen rund um eine lebenswerte Zukunft.</p>", "available_languages": {"hr": {"id": 323448, "url": "https://admin.integreat-app.de/ostallgaeu/hr/events/doga\u0111aji-na-aplikaciji-ostallg\u00e4u-klima/", "path": "/ostallgaeu/hr/events/doga\u0111aji-na-aplikaciji-ostallg\u00e4u-klima/"}, "en": {"id": 323449, "url": "https://admin.integreat-app.de/ostallgaeu/en/events/events-in-the-ostallg\u00e4u-climate-app/", "path": "/ostallgaeu/en/events/events-in-the-ostallg\u00e4u-climate-app/"}, "es": {"id": 323450, "url": "https://admin.integreat-app.de/ostallgaeu/es/events/eventos-en-la-aplicaci\u00f3n-sobre-el-clima-de-ostallg\u00e4u/", "path": "/ostallgaeu/es/events/eventos-en-la-aplicaci\u00f3n-sobre-el-clima-de-ostallg\u00e4u/"}, "fr": {"id": 323451, "url": "https://admin.integreat-app.de/ostallgaeu/fr/events/manifestations-dans-lapplication-climatique-ostallg\u00e4u/", "path": "/ostallgaeu/fr/events/manifestations-dans-lapplication-climatique-ostallg\u00e4u/"}, "ar": {"id": 323452, "url": "https://admin.integreat-app.de/ostallgaeu/ar/events/\u0627\u0644\u0623\u062d\u062f\u0627\u062b-\u0641\u064a-\u062a\u0637\u0628\u064a\u0642-\u0645\u0646\u0627\u062e-\u0623\u0648\u0633\u062a\u0627\u0644\u063a\u0648/", "path": "/ostallgaeu/ar/events/\u0627\u0644\u0623\u062d\u062f\u0627\u062b-\u0641\u064a-\u062a\u0637\u0628\u064a\u0642-\u0645\u0646\u0627\u062e-\u0623\u0648\u0633\u062a\u0627\u0644\u063a\u0648/"}, "fa": {"id": 323453, "url": "https://admin.integreat-app.de/ostallgaeu/fa/events/\u0631\u0648\u06cc\u062f\u0627\u062f\u0647\u0627-\u062f\u0631-\u0627\u067e\u0644\u06cc\u06a9\u06cc\u0634\u0646-\u0627\u0642\u0644\u06cc\u0645\u06cc-\u0627\u0648\u0633\u062a\u0627\u0644\u06af\u0627\u0648/", "path": "/ostallgaeu/fa/events/\u0631\u0648\u06cc\u062f\u0627\u062f\u0647\u0627-\u062f\u0631-\u0627\u067e\u0644\u06cc\u06a9\u06cc\u0634\u0646-\u0627\u0642\u0644\u06cc\u0645\u06cc-\u0627\u0648\u0633\u062a\u0627\u0644\u06af\u0627\u0648/"}, "ro": {"id": 323454, "url": "https://admin.integreat-app.de/ostallgaeu/ro/events/evenimente-\u00een-aplica\u021bia-climatic\u0103-ostallg\u00e4u/", "path": "/ostallgaeu/ro/events/evenimente-\u00een-aplica\u021bia-climatic\u0103-ostallg\u00e4u/"}, "ru": {"id": 323455, "url": "https://admin.integreat-app.de/ostallgaeu/ru/events/\u0441\u043e\u0431\u044b\u0442\u0438\u044f-\u0432-\u043a\u043b\u0438\u043c\u0430\u0442\u0438\u0447\u0435\u0441\u043a\u043e\u043c-\u043f\u0440\u0438\u043b\u043e\u0436\u0435\u043d\u0438\u0438-\u043e\u0441\u0442\u0430\u043b\u044c\u0433\u0430\u0443/", "path": "/ostallgaeu/ru/events/\u0441\u043e\u0431\u044b\u0442\u0438\u044f-\u0432-\u043a\u043b\u0438\u043c\u0430\u0442\u0438\u0447\u0435\u0441\u043a\u043e\u043c-\u043f\u0440\u0438\u043b\u043e\u0436\u0435\u043d\u0438\u0438-\u043e\u0441\u0442\u0430\u043b\u044c\u0433\u0430\u0443/"}, "tr": {"id": 323456, "url": "https://admin.integreat-app.de/ostallgaeu/tr/events/ostallg\u00e4u-iklim-uygulamas\u0131ndaki-etkinlikler/", "path": "/ostallgaeu/tr/events/ostallg\u00e4u-iklim-uygulamas\u0131ndaki-etkinlikler/"}, "uk": {"id": 323457, "url": "https://admin.integreat-app.de/ostallgaeu/uk/events/\u043f\u043e\u0434\u0456\u0457-\u0432-\u043a\u043b\u0456\u043c\u0430\u0442\u0438\u0447\u043d\u043e\u043c\u0443-\u0434\u043e\u0434\u0430\u0442\u043a\u0443-ostallg\u00e4u/", "path": "/ostallgaeu/uk/events/\u043f\u043e\u0434\u0456\u0457-\u0432-\u043a\u043b\u0456\u043c\u0430\u0442\u0438\u0447\u043d\u043e\u043c\u0443-\u0434\u043e\u0434\u0430\u0442\u043a\u0443-ostallg\u00e4u/"}, "ti": {"id": 323458, "url": "https://admin.integreat-app.de/ostallgaeu/ti/events/\u134d\u133b\u1218\u1273\u1275-\u12a3\u1265-\u12a3\u1355-\u12ad\u120a\u121b-\u12a6\u1235\u1273\u120d\u130b\u12cd/", "path": "/ostallgaeu/ti/events/\u134d\u133b\u1218\u1273\u1275-\u12a3\u1265-\u12a3\u1355-\u12ad\u120a\u121b-\u12a6\u1235\u1273\u120d\u130b\u12cd/"}}, "thumbnail": "https://admin.integreat-app.de/media/regions/181/2026/04/1776852353_klimapp.png", "location": {"id": null, "name": null, "address": null, "town": null, "state": null, "postcode": null, "region": null, "country": null, "latitude": null, "longitude": null}, "location_path": null, "meeting_url": null, "event": {"id": 19723, "start": "2026-01-01T00:00:00+01:00", "start_date": "2026-01-01", "start_time": "00:00:00", "end": "2026-12-31T23:59:00+01:00", "end_date": "2026-12-31", "end_time": "23:59:00", "all_day": true, "only_weekdays": false, "recurrence_id": null, "timezone": "Europe/Berlin"}, "hash": null, "recurrence_rule": null}, {"id": 274852, "url": "https://admin.integreat-app.de/ostallgaeu/de/events/computerkursbewerbungsworkshops-f\u00fcr-frauen-jeden-freitag/", "path": "/ostallgaeu/de/events/computerkursbewerbungsworkshops-f\u00fcr-frauen-jeden-freitag/", "title": "Computerkurs/Bewerbungsworkshops f\u00fcr Frauen - Jeden Freitag!", "modified_gmt": "2026-02-02T08:53:41.786Z", "last_updated": "2026-02-02T09:53:41.786+01:00", "excerpt": "\r\nDer Verein \"inifo\" bietet w\u00f6chentlich einen Computerkurs/Bewerbungsworkshop f\u00fcr Frauen an.\r\nDer Kurs findet jeden Freitag von 10:00-11:30 Uhr statt.\r\nZum Kurs anmelden kann man sich im Info-Cafe. Dieses findet immer am Freitag von 15:00 bis 17:00 Uhr statt.\r\n", "content": "<div>\r\n<p>Der Verein \"inifo\" bietet w\u00f6chentlich einen Computerkurs/Bewerbungsworkshop f\u00fcr Frauen an.</p>\r\n<p>Der Kurs findet jeden Freitag von 10:00-11:30 Uhr statt.</p>\r\n<p>Zum Kurs anmelden kann man sich im Info-Cafe. Dieses findet immer am Freitag von 15:00 bis 17:00 Uhr statt.</p>\r\n</div>", "available_languages": {"hr": {"id": 274853, "url": "https://admin.integreat-app.de/ostallgaeu/hr/events/ra\u010dunalni-te\u010dajradionice-za-prijavu-za-posao-za-\u017eene-svaki-petak/", "path": "/ostallgaeu/hr/events/ra\u010dunalni-te\u010dajradionice-za-prijavu-za-posao-za-\u017eene-svaki-petak/"}, "en": {"id": 274854, "url": "https://admin.integreat-app.de/ostallgaeu/en/events/computer-courseapplication-workshops-for-women-every-friday/", "path": "/ostallgaeu/en/events/computer-courseapplication-workshops-for-women-every-friday/"}, "es": {"id": 274855, "url": "https://admin.integreat-app.de/ostallgaeu/es/events/talleres-de-inform\u00e1tica-para-mujeres-todos-los-viernes/", "path": "/ostallgaeu/es/events/talleres-de-inform\u00e1tica-para-mujeres-todos-los-viernes/"}, "fr": {"id": 274856, "url": "https://admin.integreat-app.de/ostallgaeu/fr/events/cours-dinformatiqueateliers-de-candidature-pour-femmes-tous-les-vendredis/", "path": "/ostallgaeu/fr/events/cours-dinformatiqueateliers-de-candidature-pour-femmes-tous-les-vendredis/"}, "ar": {"id": 274857, "url": "https://admin.integreat-app.de/ostallgaeu/ar/events/\u062f\u0648\u0631\u0629-\u0643\u0645\u0628\u064a\u0648\u062a\u0631\u0648\u0631\u0634-\u0639\u0645\u0644-\u062a\u0637\u0628\u064a\u0642\u064a\u0629-\u0644\u0644\u0646\u0633\u0627\u0621-\u0643\u0644-\u064a\u0648\u0645-\u062c\u0645\u0639\u0629/", "path": "/ostallgaeu/ar/events/\u062f\u0648\u0631\u0629-\u0643\u0645\u0628\u064a\u0648\u062a\u0631\u0648\u0631\u0634-\u0639\u0645\u0644-\u062a\u0637\u0628\u064a\u0642\u064a\u0629-\u0644\u0644\u0646\u0633\u0627\u0621-\u0643\u0644-\u064a\u0648\u0645-\u062c\u0645\u0639\u0629/"}, "fa": {"id": 274858, "url": "https://admin.integreat-app.de/ostallgaeu/fa/events/\u062f\u0648\u0631\u0647-\u06a9\u0627\u0645\u067e\u06cc\u0648\u062a\u0631\u06a9\u0627\u0631\u06af\u0627\u0647\u0647\u0627\u06cc-\u062f\u0631\u062e\u0648\u0627\u0633\u062a-\u06a9\u0627\u0631-\u0628\u0631\u0627\u06cc-\u0632\u0646\u0627\u0646-\u0647\u0631-\u062c\u0645\u0639\u0647/", "path": "/ostallgaeu/fa/events/\u062f\u0648\u0631\u0647-\u06a9\u0627\u0645\u067e\u06cc\u0648\u062a\u0631\u06a9\u0627\u0631\u06af\u0627\u0647\u0647\u0627\u06cc-\u062f\u0631\u062e\u0648\u0627\u0633\u062a-\u06a9\u0627\u0631-\u0628\u0631\u0627\u06cc-\u0632\u0646\u0627\u0646-\u0647\u0631-\u062c\u0645\u0639\u0647/"}, "ro": {"id": 274859, "url": "https://admin.integreat-app.de/ostallgaeu/ro/events/ateliere-de-cursuriaplica\u021bii-informatice-pentru-femei-\u00een-fiecare-vineri/", "path": "/ostallgaeu/ro/events/ateliere-de-cursuriaplica\u021bii-informatice-pentru-femei-\u00een-fiecare-vineri/"}, "ru": {"id": 274860, "url": "https://admin.integreat-app.de/ostallgaeu/ru/events/\u043a\u043e\u043c\u043f\u044c\u044e\u0442\u0435\u0440\u043d\u044b\u0435-\u043a\u0443\u0440\u0441\u044b\u043f\u0440\u0430\u043a\u0442\u0438\u043a\u0443\u043c\u044b-\u0434\u043b\u044f-\u0436\u0435\u043d\u0449\u0438\u043d-\u043a\u0430\u0436\u0434\u0443\u044e-\u043f\u044f\u0442\u043d\u0438\u0446\u0443/", "path": "/ostallgaeu/ru/events/\u043a\u043e\u043c\u043f\u044c\u044e\u0442\u0435\u0440\u043d\u044b\u0435-\u043a\u0443\u0440\u0441\u044b\u043f\u0440\u0430\u043a\u0442\u0438\u043a\u0443\u043c\u044b-\u0434\u043b\u044f-\u0436\u0435\u043d\u0449\u0438\u043d-\u043a\u0430\u0436\u0434\u0443\u044e-\u043f\u044f\u0442\u043d\u0438\u0446\u0443/"}, "tr": {"id": 274861, "url": "https://admin.integreat-app.de/ostallgaeu/tr/events/kad\u0131nlar-i\u00e7in-bilgisayar-kursuuygulama-at\u00f6lyeleri-her-cuma/", "path": "/ostallgaeu/tr/events/kad\u0131nlar-i\u00e7in-bilgisayar-kursuuygulama-at\u00f6lyeleri-her-cuma/"}, "uk": {"id": 274862, "url": "https://admin.integreat-app.de/ostallgaeu/uk/events/\u043a\u043e\u043c\u043f\u044e\u0442\u0435\u0440\u043d\u0456-\u043a\u0443\u0440\u0441\u0438\u043f\u0440\u0430\u043a\u0442\u0438\u043a\u0443\u043c\u0438-\u0434\u043b\u044f-\u0436\u0456\u043d\u043e\u043a-\u0449\u043e\u043f\u044f\u0442\u043d\u0438\u0446\u0456/", "path": "/ostallgaeu/uk/events/\u043a\u043e\u043c\u043f\u044e\u0442\u0435\u0440\u043d\u0456-\u043a\u0443\u0440\u0441\u0438\u043f\u0440\u0430\u043a\u0442\u0438\u043a\u0443\u043c\u0438-\u0434\u043b\u044f-\u0436\u0456\u043d\u043e\u043a-\u0449\u043e\u043f\u044f\u0442\u043d\u0438\u0446\u0456/"}, "ti": {"id": 274863, "url": "https://admin.integreat-app.de/ostallgaeu/ti/events/\u1293\u12ed-\u12ae\u121d\u1352\u1270\u122d-\u12ae\u122d\u1235\u1293\u12ed-\u1235\u122b\u1215-\u1218\u1218\u120d\u12a8\u1272-\u12d3\u12cd\u12f0-\u1218\u133d\u1293\u12d5\u1272-\u1295\u12f0\u1242-\u12a3\u1295\u1235\u1275\u12ee-\u12a9\u1209-\u130d\u12dc-\u12d3\u122d\u1262/", "path": "/ostallgaeu/ti/events/\u1293\u12ed-\u12ae\u121d\u1352\u1270\u122d-\u12ae\u122d\u1235\u1293\u12ed-\u1235\u122b\u1215-\u1218\u1218\u120d\u12a8\u1272-\u12d3\u12cd\u12f0-\u1218\u133d\u1293\u12d5\u1272-\u1295\u12f0\u1242-\u12a3\u1295\u1235\u1275\u12ee-\u12a9\u1209-\u130d\u12dc-\u12d3\u122d\u1262/"}}, "thumbnail": "https://admin.integreat-app.de/media/regions/181/2022/10/inifologo.png", "location": {"id": 974, "name": "Initiativ-Forum f\u00fcr interkulturelle Vielfalt e.V.", "address": "Eberle-K\u00f6gl-Str. 23", "town": "Marktoberdorf", "state": null, "postcode": "87616", "region": null, "country": "Deutschland", "latitude": 47.77825725, "longitude": 10.621897081429424}, "location_path": "/ostallgaeu/de/locations/initiativ-forum-f\u00fcr-interkulturelle-vielfalt-ev/", "meeting_url": null, "event": {"id": 17004, "start": "2026-02-02T10:00:00+01:00", "start_date": "2026-02-02", "start_time": "10:00:00", "end": "2026-02-02T11:30:00+01:00", "end_date": "2026-02-02", "end_time": "11:30:00", "all_day": false, "only_weekdays": false, "recurrence_id": 3851, "timezone": "Europe/Berlin"}, "hash": null, "recurrence_rule": "DTSTART:20260202T090000\nRRULE:FREQ=WEEKLY;BYDAY=FR"}, {"id": 274837, "url": "https://admin.integreat-app.de/ostallgaeu/de/events/deutschkurs-f\u00fcr-frauen-jeden-montag-und-dienstag/", "path": "/ostallgaeu/de/events/deutschkurs-f\u00fcr-frauen-jeden-montag-und-dienstag/", "title": "Deutschkurs f\u00fcr Frauen - Jeden Montag und Dienstag!", "modified_gmt": "2026-02-02T08:26:51.972Z", "last_updated": "2026-02-02T09:26:51.972+01:00", "excerpt": "\r\nDer Verein \"inifo\" bietet einen Deutschkurs f\u00fcr Frauen an.\r\nMontag und Dienstag: 13:30-15:00 Uhr\r\nAnmeldung zum Kurs ist immer am Freitag im Info-Caf\u00e9 m\u00f6glich.\r\n\u00a0\r\n\u00a0\r\n", "content": "<div>\r\n<p>Der Verein \"inifo\" bietet einen Deutschkurs f\u00fcr Frauen an.</p>\r\n<p>Montag und Dienstag: 13:30-15:00 Uhr</p>\r\n<p>Anmeldung zum Kurs ist immer am Freitag im Info-Caf\u00e9 m\u00f6glich.</p>\r\n<p>\u00a0</p>\r\n<p>\u00a0</p>\r\n</div>", "available_languages": {"hr": {"id": 274838, "url": "https://admin.integreat-app.de/ostallgaeu/hr/events/te\u010daj-njema\u010dkog-jezika-za-\u017eene-svaki-ponedjeljak-i-utorak/", "path": "/ostallgaeu/hr/events/te\u010daj-njema\u010dkog-jezika-za-\u017eene-svaki-ponedjeljak-i-utorak/"}, "en": {"id": 274839, "url": "https://admin.integreat-app.de/ostallgaeu/en/events/german-course-for-women-every-monday-and-tuesday/", "path": "/ostallgaeu/en/events/german-course-for-women-every-monday-and-tuesday/"}, "es": {"id": 274840, "url": "https://admin.integreat-app.de/ostallgaeu/es/events/curso-de-alem\u00e1n-para-mujeres-todos-los-lunes-y-martes/", "path": "/ostallgaeu/es/events/curso-de-alem\u00e1n-para-mujeres-todos-los-lunes-y-martes/"}, "fr": {"id": 274841, "url": "https://admin.integreat-app.de/ostallgaeu/fr/events/cours-dallemand-pour-femmes-tous-les-lundis-et-mardis/", "path": "/ostallgaeu/fr/events/cours-dallemand-pour-femmes-tous-les-lundis-et-mardis/"}, "ar": {"id": 274842, "url": "https://admin.integreat-app.de/ostallgaeu/ar/events/\u062f\u0648\u0631\u0629-\u0627\u0644\u0644\u063a\u0629-\u0627\u0644\u0623\u0644\u0645\u0627\u0646\u064a\u0629-\u0644\u0644\u0646\u0633\u0627\u0621-\u0643\u0644-\u064a\u0648\u0645-\u0627\u062b\u0646\u064a\u0646-\u0648\u062b\u0644\u0627\u062b\u0627\u0621/", "path": "/ostallgaeu/ar/events/\u062f\u0648\u0631\u0629-\u0627\u0644\u0644\u063a\u0629-\u0627\u0644\u0623\u0644\u0645\u0627\u0646\u064a\u0629-\u0644\u0644\u0646\u0633\u0627\u0621-\u0643\u0644-\u064a\u0648\u0645-\u0627\u062b\u0646\u064a\u0646-\u0648\u062b\u0644\u0627\u062b\u0627\u0621/"}, "fa": {"id": 274843, "url": "https://admin.integreat-app.de/ostallgaeu/fa/events/\u062f\u0648\u0631\u0647-\u0632\u0628\u0627\u0646-\u0622\u0644\u0645\u0627\u0646\u06cc-\u0628\u0631\u0627\u06cc-\u0628\u0627\u0646\u0648\u0627\u0646-\u0647\u0631-\u062f\u0648\u0634\u0646\u0628\u0647-\u0648-\u0633\u0647\u0634\u0646\u0628\u0647/", "path": "/ostallgaeu/fa/events/\u062f\u0648\u0631\u0647-\u0632\u0628\u0627\u0646-\u0622\u0644\u0645\u0627\u0646\u06cc-\u0628\u0631\u0627\u06cc-\u0628\u0627\u0646\u0648\u0627\u0646-\u0647\u0631-\u062f\u0648\u0634\u0646\u0628\u0647-\u0648-\u0633\u0647\u0634\u0646\u0628\u0647/"}, "ro": {"id": 274844, "url": "https://admin.integreat-app.de/ostallgaeu/ro/events/curs-de-german\u0103-pentru-femei-\u00een-fiecare-luni-\u0219i-mar\u021bi/", "path": "/ostallgaeu/ro/events/curs-de-german\u0103-pentru-femei-\u00een-fiecare-luni-\u0219i-mar\u021bi/"}, "ru": {"id": 274845, "url": "https://admin.integreat-app.de/ostallgaeu/ru/events/\u043a\u0443\u0440\u0441\u044b-\u043d\u0435\u043c\u0435\u0446\u043a\u043e\u0433\u043e-\u044f\u0437\u044b\u043a\u0430-\u0434\u043b\u044f-\u0436\u0435\u043d\u0449\u0438\u043d-\u043a\u0430\u0436\u0434\u044b\u0439-\u043f\u043e\u043d\u0435\u0434\u0435\u043b\u044c\u043d\u0438\u043a-\u0438-\u0432\u0442\u043e\u0440\u043d\u0438\u043a/", "path": "/ostallgaeu/ru/events/\u043a\u0443\u0440\u0441\u044b-\u043d\u0435\u043c\u0435\u0446\u043a\u043e\u0433\u043e-\u044f\u0437\u044b\u043a\u0430-\u0434\u043b\u044f-\u0436\u0435\u043d\u0449\u0438\u043d-\u043a\u0430\u0436\u0434\u044b\u0439-\u043f\u043e\u043d\u0435\u0434\u0435\u043b\u044c\u043d\u0438\u043a-\u0438-\u0432\u0442\u043e\u0440\u043d\u0438\u043a/"}, "tr": {"id": 274846, "url": "https://admin.integreat-app.de/ostallgaeu/tr/events/kad\u0131nlar-i\u00e7in-almanca-kursu-her-pazartesi-ve-sal\u0131/", "path": "/ostallgaeu/tr/events/kad\u0131nlar-i\u00e7in-almanca-kursu-her-pazartesi-ve-sal\u0131/"}, "uk": {"id": 274847, "url": "https://admin.integreat-app.de/ostallgaeu/uk/events/\u043a\u0443\u0440\u0441-\u043d\u0456\u043c\u0435\u0446\u044c\u043a\u043e\u0457-\u0434\u043b\u044f-\u0436\u0456\u043d\u043e\u043a-\u0449\u043e\u043f\u043e\u043d\u0435\u0434\u0456\u043b\u043a\u0430-\u0442\u0430-\u0449\u043e\u0432\u0456\u0432\u0442\u043e\u0440\u043a\u0430/", "path": "/ostallgaeu/uk/events/\u043a\u0443\u0440\u0441-\u043d\u0456\u043c\u0435\u0446\u044c\u043a\u043e\u0457-\u0434\u043b\u044f-\u0436\u0456\u043d\u043e\u043a-\u0449\u043e\u043f\u043e\u043d\u0435\u0434\u0456\u043b\u043a\u0430-\u0442\u0430-\u0449\u043e\u0432\u0456\u0432\u0442\u043e\u0440\u043a\u0430/"}, "ti": {"id": 274848, "url": "https://admin.integreat-app.de/ostallgaeu/ti/events/\u12ae\u122d\u1235-\u1300\u122d\u1218\u1295-\u1295\u12f0\u1242-\u12a3\u1295\u1235\u1275\u12ee-\u12a9\u1209-\u130d\u12dc-\u1236\u1292\u1295-\u1230\u1209\u1235\u1295/", "path": "/ostallgaeu/ti/events/\u12ae\u122d\u1235-\u1300\u122d\u1218\u1295-\u1295\u12f0\u1242-\u12a3\u1295\u1235\u1275\u12ee-\u12a9\u1209-\u130d\u12dc-\u1236\u1292\u1295-\u1230\u1209\u1235\u1295/"}}, "thumbnail": "https://admin.integreat-app.de/media/regions/181/2022/10/inifologo.png", "location": {"id": 974, "name": "Initiativ-Forum f\u00fcr interkulturelle Vielfalt e.V.", "address": "Eberle-K\u00f6gl-Str. 23", "town": "Marktoberdorf", "state": null, "postcode": "87616", "region": null, "country": "Deutschland", "latitude": 47.77825725, "longitude": 10.621897081429424}, "location_path": "/ostallgaeu/de/locations/initiativ-forum-f\u00fcr-interkulturelle-vielfalt-ev/", "meeting_url": null, "event": {"id": 17001, "start": "2026-02-02T13:30:00+01:00", "start_date": "2026-02-02", "start_time": "13:30:00", "end": "2026-02-02T15:00:00+01:00", "end_date": "2026-02-02", "end_time": "15:00:00", "all_day": false, "only_weekdays": false, "recurrence_id": 3850, "timezone": "Europe/Berlin"}, "hash": null, "recurrence_rule": "DTSTART:20260202T123000\nRRULE:FREQ=WEEKLY;BYDAY=MO,TU"}, {"id": 274877, "url": "https://admin.integreat-app.de/ostallgaeu/de/events/info-cafe-des-vereins-inifo-in-marktoberdorf-jeden-freitag/", "path": "/ostallgaeu/de/events/info-cafe-des-vereins-inifo-in-marktoberdorf-jeden-freitag/", "title": "Info-Cafe des Vereins \"Inifo\" in Marktoberdorf - Jeden Freitag!", "modified_gmt": "2026-02-02T08:57:24.328Z", "last_updated": "2026-02-02T09:57:24.328+01:00", "excerpt": "Das \"Info-Cafe\" von Inifo findet jeden Freitag von 15:00-17:00 Uhr statt.\r\nJede/r ist willkommen. Es ist ein offenes Angebot.\r\nHier kann man Fragen kl\u00e4ren und sich zu allen Veranstaltungen und Kursen des Vereins anmelden.", "content": "<div><p>Das \"Info-Cafe\" von Inifo findet jeden Freitag von 15:00-17:00 Uhr statt.</p>\r\n<p>Jede/r ist willkommen. Es ist ein offenes Angebot.</p>\r\n<p>Hier kann man Fragen kl\u00e4ren und sich zu allen Veranstaltungen und Kursen des Vereins anmelden.</p></div>", "available_languages": {"hr": {"id": 274878, "url": "https://admin.integreat-app.de/ostallgaeu/hr/events/informativni-kafi\u0107-udruge-inifo-u-marktoberdorfu-svaki-petak/", "path": "/ostallgaeu/hr/events/informativni-kafi\u0107-udruge-inifo-u-marktoberdorfu-svaki-petak/"}, "en": {"id": 274879, "url": "https://admin.integreat-app.de/ostallgaeu/en/events/info-cafe-of-the-inifo-association-in-marktoberdorf-every-friday/", "path": "/ostallgaeu/en/events/info-cafe-of-the-inifo-association-in-marktoberdorf-every-friday/"}, "es": {"id": 274880, "url": "https://admin.integreat-app.de/ostallgaeu/es/events/info-cafe-de-la-asociaci\u00f3n-inifo-en-marktoberdorf-todos-los-viernes/", "path": "/ostallgaeu/es/events/info-cafe-de-la-asociaci\u00f3n-inifo-en-marktoberdorf-todos-los-viernes/"}, "fr": {"id": 274881, "url": "https://admin.integreat-app.de/ostallgaeu/fr/events/info-caf\u00e9-de-lassociation-inifo-\u00e0-marktoberdorf-tous-les-vendredis/", "path": "/ostallgaeu/fr/events/info-caf\u00e9-de-lassociation-inifo-\u00e0-marktoberdorf-tous-les-vendredis/"}, "ar": {"id": 274882, "url": "https://admin.integreat-app.de/ostallgaeu/ar/events/\u0645\u0642\u0647\u0649-\u0627\u0644\u0645\u0639\u0644\u0648\u0645\u0627\u062a-\u0627\u0644\u062a\u0627\u0628\u0639-\u0644\u062c\u0645\u0639\u064a\u0629-inifo-\u0641\u064a-\u0645\u0627\u0631\u0643\u062a\u0648\u0628\u0631\u062f\u0648\u0631\u0641-\u0643\u0644-\u064a\u0648\u0645-\u062c\u0645\u0639\u0629/", "path": "/ostallgaeu/ar/events/\u0645\u0642\u0647\u0649-\u0627\u0644\u0645\u0639\u0644\u0648\u0645\u0627\u062a-\u0627\u0644\u062a\u0627\u0628\u0639-\u0644\u062c\u0645\u0639\u064a\u0629-inifo-\u0641\u064a-\u0645\u0627\u0631\u0643\u062a\u0648\u0628\u0631\u062f\u0648\u0631\u0641-\u0643\u0644-\u064a\u0648\u0645-\u062c\u0645\u0639\u0629/"}, "fa": {"id": 274883, "url": "https://admin.integreat-app.de/ostallgaeu/fa/events/\u06a9\u0627\u0641\u0647-\u0627\u0637\u0644\u0627\u0639\u0627\u062a-\u0627\u0646\u062c\u0645\u0646-inifo-\u062f\u0631-\u0645\u0627\u0631\u06a9\u062a\u0648\u0628\u0631\u062f\u0648\u0631\u0641-\u0647\u0631-\u062c\u0645\u0639\u0647/", "path": "/ostallgaeu/fa/events/\u06a9\u0627\u0641\u0647-\u0627\u0637\u0644\u0627\u0639\u0627\u062a-\u0627\u0646\u062c\u0645\u0646-inifo-\u062f\u0631-\u0645\u0627\u0631\u06a9\u062a\u0648\u0628\u0631\u062f\u0648\u0631\u0641-\u0647\u0631-\u062c\u0645\u0639\u0647/"}, "ro": {"id": 274884, "url": "https://admin.integreat-app.de/ostallgaeu/ro/events/info-cafe-al-asocia\u021biei-inifo-din-marktoberdorf-\u00een-fiecare-vineri/", "path": "/ostallgaeu/ro/events/info-cafe-al-asocia\u021biei-inifo-din-marktoberdorf-\u00een-fiecare-vineri/"}, "ru": {"id": 274885, "url": "https://admin.integreat-app.de/ostallgaeu/ru/events/\u0438\u043d\u0444\u043e-\u043a\u0430\u0444\u0435-\u0430\u0441\u0441\u043e\u0446\u0438\u0430\u0446\u0438\u0438-inifo-\u0432-\u043c\u0430\u0440\u043a\u0442\u043e\u0431\u0435\u0440\u0434\u043e\u0440\u0444\u0435-\u043a\u0430\u0436\u0434\u0443\u044e-\u043f\u044f\u0442\u043d\u0438\u0446\u0443/", "path": "/ostallgaeu/ru/events/\u0438\u043d\u0444\u043e-\u043a\u0430\u0444\u0435-\u0430\u0441\u0441\u043e\u0446\u0438\u0430\u0446\u0438\u0438-inifo-\u0432-\u043c\u0430\u0440\u043a\u0442\u043e\u0431\u0435\u0440\u0434\u043e\u0440\u0444\u0435-\u043a\u0430\u0436\u0434\u0443\u044e-\u043f\u044f\u0442\u043d\u0438\u0446\u0443/"}, "tr": {"id": 274886, "url": "https://admin.integreat-app.de/ostallgaeu/tr/events/marktoberdorftaki-inifo-derne\u011finin-info-cafesi-her-cuma/", "path": "/ostallgaeu/tr/events/marktoberdorftaki-inifo-derne\u011finin-info-cafesi-her-cuma/"}, "uk": {"id": 274887, "url": "https://admin.integreat-app.de/ostallgaeu/uk/events/\u0456\u043d\u0444\u043e-\u043a\u0430\u0444\u0435-\u0430\u0441\u043e\u0446\u0456\u0430\u0446\u0456\u0457-\u0456\u043d\u0456\u0444\u043e-\u0432-\u043c\u0430\u0440\u043a\u0442\u043e\u0431\u0435\u0440\u0434\u043e\u0440\u0444\u0456-\u0449\u043e\u043f\u044f\u0442\u043d\u0438\u0446\u0456/", "path": "/ostallgaeu/uk/events/\u0456\u043d\u0444\u043e-\u043a\u0430\u0444\u0435-\u0430\u0441\u043e\u0446\u0456\u0430\u0446\u0456\u0457-\u0456\u043d\u0456\u0444\u043e-\u0432-\u043c\u0430\u0440\u043a\u0442\u043e\u0431\u0435\u0440\u0434\u043e\u0440\u0444\u0456-\u0449\u043e\u043f\u044f\u0442\u043d\u0438\u0446\u0456/"}, "ti": {"id": 274888, "url": "https://admin.integreat-app.de/ostallgaeu/ti/events/\u1213\u1260\u122c\u1273-\u12ab\u134c-\u121b\u1215\u1260\u122d-\u12a2\u1292\u134e-\u12a3\u1265-\u121b\u122d\u12ad\u1276\u1260\u122d\u12f6\u122d\u134d-\u12a9\u1209-\u130d\u12dc-\u12d3\u122d\u1262/", "path": "/ostallgaeu/ti/events/\u1213\u1260\u122c\u1273-\u12ab\u134c-\u121b\u1215\u1260\u122d-\u12a2\u1292\u134e-\u12a3\u1265-\u121b\u122d\u12ad\u1276\u1260\u122d\u12f6\u122d\u134d-\u12a9\u1209-\u130d\u12dc-\u12d3\u122d\u1262/"}}, "thumbnail": "https://admin.integreat-app.de/media/regions/181/2022/10/inifologo.png", "location": {"id": 974, "name": "Initiativ-Forum f\u00fcr interkulturelle Vielfalt e.V.", "address": "Eberle-K\u00f6gl-Str. 23", "town": "Marktoberdorf", "state": null, "postcode": "87616", "region": null, "country": "Deutschland", "latitude": 47.77825725, "longitude": 10.621897081429424}, "location_path": "/ostallgaeu/de/locations/initiativ-forum-f\u00fcr-interkulturelle-vielfalt-ev/", "meeting_url": null, "event": {"id": 17005, "start": "2026-02-02T15:00:00+01:00", "start_date": "2026-02-02", "start_time": "15:00:00", "end": "2026-02-02T17:00:00+01:00", "end_date": "2026-02-02", "end_time": "17:00:00", "all_day": false, "only_weekdays": false, "recurrence_id": 3852, "timezone": "Europe/Berlin"}, "hash": null, "recurrence_rule": "DTSTART:20260202T140000\nRRULE:FREQ=WEEKLY;BYDAY=FR"}, {"id": 288912, "url": "https://admin.integreat-app.de/ostallgaeu/de/events/online-fortbildungsreihe-des-m\u00fcnchner-fl\u00fcchtlingsrates/", "path": "/ostallgaeu/de/events/online-fortbildungsreihe-des-m\u00fcnchner-fl\u00fcchtlingsrates/", "title": "Online-Fortbildungsreihe des M\u00fcnchner Fl\u00fcchtlingsrates", "modified_gmt": "2026-03-05T10:32:56.018Z", "last_updated": "2026-03-05T11:32:56.018+01:00", "excerpt": "Der M\u00fcnchner Fl\u00fcchtlingsrat l\u00e4dt zu einer Online-Fortbildungsreihe ein.\r\n\u00a0\r\nTermine:\r\n12.03., 18:30: Einf\u00fchrung in das Asylverfahren\r\n17.03., 18:30: Materielles Aslyrecht\r\n23.03., 18:30: GEAS I: Einf\u00fchrung\r\n14.04., 18:30: GEAS II: Sozialleistungen\r\n20.04., 18:30: Aufenthaltsrecht\r\n27.04., 18:30: Identit\u00e4tspapiere und Pass\r\n05.05., 18:30: Arbeit und Ausbildung\r\n12.05., 18:30: Perspektiven nach \u00a724 AufenthG\r\n18.05., 18:30: Anh\u00f6rungsvorbereitung\r\n20.05., 18:30: GEAS III: Screening-Verfahren\r\n\u00a0\r\nAnmeldung: hier.", "content": "<div><p>Der M\u00fcnchner Fl\u00fcchtlingsrat l\u00e4dt zu einer Online-Fortbildungsreihe ein.</p>\r\n<p>\u00a0</p>\r\n<p><strong>Termine:</strong></p>\r\n<p>12.03., 18:30: Einf\u00fchrung in das Asylverfahren</p>\r\n<p>17.03., 18:30: Materielles Aslyrecht</p>\r\n<p>23.03., 18:30: GEAS I: Einf\u00fchrung</p>\r\n<p>14.04., 18:30: GEAS II: Sozialleistungen</p>\r\n<p>20.04., 18:30: Aufenthaltsrecht</p>\r\n<p>27.04., 18:30: Identit\u00e4tspapiere und Pass</p>\r\n<p>05.05., 18:30: Arbeit und Ausbildung</p>\r\n<p>12.05., 18:30: Perspektiven nach \u00a724 AufenthG</p>\r\n<p>18.05., 18:30: Anh\u00f6rungsvorbereitung</p>\r\n<p>20.05., 18:30: GEAS III: Screening-Verfahren</p>\r\n<p>\u00a0</p>\r\n<p>Anmeldung: <a href=\"https://muenchner-fluechtlingsrat.de/anmeldung/\" class=\"link-external\">hier.</a></p></div>", "available_languages": {"hr": {"id": null, "url": "https://admin.integreat-app.de/ostallgaeu/hr/events/online-fortbildungsreihe-des-m\u00fcnchner-fl\u00fcchtlingsrates/", "path": "/ostallgaeu/hr/events/online-fortbildungsreihe-des-m\u00fcnchner-fl\u00fcchtlingsrates/"}, "en": {"id": null, "url": "https://admin.integreat-app.de/ostallgaeu/en/events/online-fortbildungsreihe-des-m\u00fcnchner-fl\u00fcchtlingsrates/", "path": "/ostallgaeu/en/events/online-fortbildungsreihe-des-m\u00fcnchner-fl\u00fcchtlingsrates/"}, "es": {"id": null, "url": "https://admin.integreat-app.de/ostallgaeu/es/events/online-fortbildungsreihe-des-m\u00fcnchner-fl\u00fcchtlingsrates/", "path": "/ostallgaeu/es/events/online-fortbildungsreihe-des-m\u00fcnchner-fl\u00fcchtlingsrates/"}, "fr": {"id": null, "url": "https://admin.integreat-app.de/ostallgaeu/fr/events/online-fortbildungsreihe-des-m\u00fcnchner-fl\u00fcchtlingsrates/", "path": "/ostallgaeu/fr/events/online-fortbildungsreihe-des-m\u00fcnchner-fl\u00fcchtlingsrates/"}, "ar": {"id": null, "url": "https://admin.integreat-app.de/ostallgaeu/ar/events/online-fortbildungsreihe-des-m\u00fcnchner-fl\u00fcchtlingsrates/", "path": "/ostallgaeu/ar/events/online-fortbildungsreihe-des-m\u00fcnchner-fl\u00fcchtlingsrates/"}, "fa": {"id": null, "url": "https://admin.integreat-app.de/ostallgaeu/fa/events/online-fortbildungsreihe-des-m\u00fcnchner-fl\u00fcchtlingsrates/", "path": "/ostallgaeu/fa/events/online-fortbildungsreihe-des-m\u00fcnchner-fl\u00fcchtlingsrates/"}, "ro": {"id": null, "url": "https://admin.integreat-app.de/ostallgaeu/ro/events/online-fortbildungsreihe-des-m\u00fcnchner-fl\u00fcchtlingsrates/", "path": "/ostallgaeu/ro/events/online-fortbildungsreihe-des-m\u00fcnchner-fl\u00fcchtlingsrates/"}, "ru": {"id": null, "url": "https://admin.integreat-app.de/ostallgaeu/ru/events/online-fortbildungsreihe-des-m\u00fcnchner-fl\u00fcchtlingsrates/", "path": "/ostallgaeu/ru/events/online-fortbildungsreihe-des-m\u00fcnchner-fl\u00fcchtlingsrates/"}, "tr": {"id": null, "url": "https://admin.integreat-app.de/ostallgaeu/tr/events/online-fortbildungsreihe-des-m\u00fcnchner-fl\u00fcchtlingsrates/", "path": "/ostallgaeu/tr/events/online-fortbildungsreihe-des-m\u00fcnchner-fl\u00fcchtlingsrates/"}, "uk": {"id": null, "url": "https://admin.integreat-app.de/ostallgaeu/uk/events/online-fortbildungsreihe-des-m\u00fcnchner-fl\u00fcchtlingsrates/", "path": "/ostallgaeu/uk/events/online-fortbildungsreihe-des-m\u00fcnchner-fl\u00fcchtlingsrates/"}, "ti": {"id": null, "url": "https://admin.integreat-app.de/ostallgaeu/ti/events/online-fortbildungsreihe-des-m\u00fcnchner-fl\u00fcchtlingsrates/", "path": "/ostallgaeu/ti/events/online-fortbildungsreihe-des-m\u00fcnchner-fl\u00fcchtlingsrates/"}}, "thumbnail": "https://admin.integreat-app.de/media/regions/181/2017/11/internet17.png", "location": {"id": null, "name": null, "address": null, "town": null, "state": null, "postcode": null, "region": null, "country": null, "latitude": null, "longitude": null}, "location_path": null, "meeting_url": null, "event": {"id": 17914, "start": "2026-02-12T18:30:00+01:00", "start_date": "2026-02-12", "start_time": "18:30:00", "end": "2026-05-20T20:00:00+02:00", "end_date": "2026-05-20", "end_time": "20:00:00", "all_day": false, "only_weekdays": false, "recurrence_id": null, "timezone": "Europe/Berlin"}, "hash": null, "recurrence_rule": null}, {"id": 280083, "url": "https://admin.integreat-app.de/ostallgaeu/de/events/offene-sprechtage-der-familienkasse-bayern-s\u00fcd/", "path": "/ostallgaeu/de/events/offene-sprechtage-der-familienkasse-bayern-s\u00fcd/", "title": "Offene Sprechtage der Familienkasse Bayern S\u00fcd", "modified_gmt": "2026-02-13T09:49:42.460Z", "last_updated": "2026-02-13T10:49:42.460+01:00", "excerpt": "\r\nFachleute der Familienkasse Bayern S\u00fcd unterst\u00fctzen unkompliziert bei Fragen zum Kindergeld und Kinderzuschlag sowie zur Antragsstellung und helfen zu anderen finanziellen Familienleistungen gerne weiter.\r\nKeine Anmeldung erforderlich, jedoch erw\u00fcnscht unter:\r\nEmail:\u00a0familie@kaufbeuren.de\r\nTelefon: +49\u00a0(0) 8341437762\r\n\u00a0\r\n", "content": "<div>\r\n<p>Fachleute der Familienkasse Bayern S\u00fcd unterst\u00fctzen unkompliziert bei Fragen zum <strong>Kindergeld </strong>und <strong>Kinderzuschlag</strong> sowie zur <strong>Antragsstellung</strong> und helfen zu anderen<strong> finanziellen Familienleistungen </strong>gerne weiter.</p>\r\n<p>Keine Anmeldung erforderlich, jedoch erw\u00fcnscht unter:</p>\r\n<p><img style=\"width: 15px; height: 15px;\" src=\"https://admin.integreat-app.de/static/svg/email.svg\" alt=\"E-Mail-Adresse\">Email:\u00a0<a href=\"mailto:familie@kaufbeuren.de\" class=\"link-external\">familie@kaufbeuren.de</a></p>\r\n<p><img style=\"width: 15px; height: 15px;\" src=\"https://admin.integreat-app.de/static/svg/call.svg\" alt=\"Telefonnummer\">Telefon: <a href=\"tel:+498341437762\" class=\"link-external\"><span class=\"notranslate\" dir=\"ltr\" translate=\"no\">+49\u00a0(0) 8341437762</span></a></p>\r\n<p>\u00a0</p>\r\n</div>", "available_languages": {"hr": {"id": 280084, "url": "https://admin.integreat-app.de/ostallgaeu/hr/events/dani-otvorenih-konzultacija-u-slu\u017ebi-za-obiteljske-naknade-bavarske-jug/", "path": "/ostallgaeu/hr/events/dani-otvorenih-konzultacija-u-slu\u017ebi-za-obiteljske-naknade-bavarske-jug/"}, "en": {"id": 280085, "url": "https://admin.integreat-app.de/ostallgaeu/en/events/open-consultation-days-of-the-familienkasse-bayern-s\u00fcd/", "path": "/ostallgaeu/en/events/open-consultation-days-of-the-familienkasse-bayern-s\u00fcd/"}, "es": {"id": 280086, "url": "https://admin.integreat-app.de/ostallgaeu/es/events/jornadas-de-consulta-abierta-de-la-familienkasse-bayern-s\u00fcd/", "path": "/ostallgaeu/es/events/jornadas-de-consulta-abierta-de-la-familienkasse-bayern-s\u00fcd/"}, "fr": {"id": 280087, "url": "https://admin.integreat-app.de/ostallgaeu/fr/events/journ\u00e9es-de-consultation-ouvertes-de-la-caisse-familiale-de-bavi\u00e8re-sud/", "path": "/ostallgaeu/fr/events/journ\u00e9es-de-consultation-ouvertes-de-la-caisse-familiale-de-bavi\u00e8re-sud/"}, "ar": {"id": 280088, "url": "https://admin.integreat-app.de/ostallgaeu/ar/events/\u0623\u064a\u0627\u0645-\u0627\u0644\u062a\u0634\u0627\u0648\u0631-\u0627\u0644\u0645\u0641\u062a\u0648\u062d-\u0641\u064a-\u0646\u0627\u062f\u064a-\u0628\u0627\u064a\u0631\u0646-\u0632\u0648\u062f-\u0627\u0644\u0639\u0627\u0626\u0644\u064a/", "path": "/ostallgaeu/ar/events/\u0623\u064a\u0627\u0645-\u0627\u0644\u062a\u0634\u0627\u0648\u0631-\u0627\u0644\u0645\u0641\u062a\u0648\u062d-\u0641\u064a-\u0646\u0627\u062f\u064a-\u0628\u0627\u064a\u0631\u0646-\u0632\u0648\u062f-\u0627\u0644\u0639\u0627\u0626\u0644\u064a/"}, "fa": {"id": 280089, "url": "https://admin.integreat-app.de/ostallgaeu/fa/events/\u0631\u0648\u0632\u0647\u0627\u06cc-\u0645\u0634\u0627\u0648\u0631\u0647-\u0622\u0632\u0627\u062f-\u062f\u0631-\u062f\u0641\u062a\u0631-\u0645\u0632\u0627\u06cc\u0627\u06cc-\u062e\u0627\u0646\u0648\u0627\u062f\u0647-\u0628\u0627\u0648\u0627\u0631\u06cc\u0627\u06cc-\u062c\u0646\u0648\u0628\u06cc/", "path": "/ostallgaeu/fa/events/\u0631\u0648\u0632\u0647\u0627\u06cc-\u0645\u0634\u0627\u0648\u0631\u0647-\u0622\u0632\u0627\u062f-\u062f\u0631-\u062f\u0641\u062a\u0631-\u0645\u0632\u0627\u06cc\u0627\u06cc-\u062e\u0627\u0646\u0648\u0627\u062f\u0647-\u0628\u0627\u0648\u0627\u0631\u06cc\u0627\u06cc-\u062c\u0646\u0648\u0628\u06cc/"}, "ro": {"id": 280090, "url": "https://admin.integreat-app.de/ostallgaeu/ro/events/zilele-de-consultare-deschis\u0103-ale-familienkasse-bayern-s\u00fcd/", "path": "/ostallgaeu/ro/events/zilele-de-consultare-deschis\u0103-ale-familienkasse-bayern-s\u00fcd/"}, "ru": {"id": 280091, "url": "https://admin.integreat-app.de/ostallgaeu/ru/events/\u0434\u043d\u0438-\u043e\u0442\u043a\u0440\u044b\u0442\u044b\u0445-\u043a\u043e\u043d\u0441\u0443\u043b\u044c\u0442\u0430\u0446\u0438\u0439-\u0432-familienkasse-bayern-s\u00fcd/", "path": "/ostallgaeu/ru/events/\u0434\u043d\u0438-\u043e\u0442\u043a\u0440\u044b\u0442\u044b\u0445-\u043a\u043e\u043d\u0441\u0443\u043b\u044c\u0442\u0430\u0446\u0438\u0439-\u0432-familienkasse-bayern-s\u00fcd/"}, "tr": {"id": 280092, "url": "https://admin.integreat-app.de/ostallgaeu/tr/events/familienkasse-bayern-s\u00fcd\u00fcn-a\u00e7\u0131k-dan\u0131\u015fma-g\u00fcnleri/", "path": "/ostallgaeu/tr/events/familienkasse-bayern-s\u00fcd\u00fcn-a\u00e7\u0131k-dan\u0131\u015fma-g\u00fcnleri/"}, "uk": {"id": 280093, "url": "https://admin.integreat-app.de/ostallgaeu/uk/events/\u0434\u043d\u0456-\u0432\u0456\u0434\u043a\u0440\u0438\u0442\u0438\u0445-\u043a\u043e\u043d\u0441\u0443\u043b\u044c\u0442\u0430\u0446\u0456\u0439-familienkasse-bayern-s\u00fcd/", "path": "/ostallgaeu/uk/events/\u0434\u043d\u0456-\u0432\u0456\u0434\u043a\u0440\u0438\u0442\u0438\u0445-\u043a\u043e\u043d\u0441\u0443\u043b\u044c\u0442\u0430\u0446\u0456\u0439-familienkasse-bayern-s\u00fcd/"}, "ti": {"id": 280094, "url": "https://admin.integreat-app.de/ostallgaeu/ti/events/\u12a3\u1265-\u1264\u1275-\u133d\u1215\u1348\u1275-\u1325\u1255\u121a-\u1235\u12f5\u122b\u1264\u1275-\u1263\u126b\u122d\u12eb-\u12f0\u1261\u1265-\u12ad\u1349\u1275-\u1293\u12ed-\u121d\u121d\u12bd\u12bb\u122d-\u1218\u12d3\u120d\u1273\u1275/", "path": "/ostallgaeu/ti/events/\u12a3\u1265-\u1264\u1275-\u133d\u1215\u1348\u1275-\u1325\u1255\u121a-\u1235\u12f5\u122b\u1264\u1275-\u1263\u126b\u122d\u12eb-\u12f0\u1261\u1265-\u12ad\u1349\u1275-\u1293\u12ed-\u121d\u121d\u12bd\u12bb\u122d-\u1218\u12d3\u120d\u1273\u1275/"}}, "thumbnail": "https://admin.integreat-app.de/media/regions/181/2025/09/1757919542_familienkasse.png", "location": {"id": 6406, "name": "Gleichstellungsstelle Kaufbeuren", "address": "Salzmarkt 2-4", "town": "Kaufbeuren", "state": null, "postcode": "87600", "region": null, "country": "Deutschland", "latitude": 47.879881600000004, "longitude": 10.620763286795253}, "location_path": "/ostallgaeu/de/locations/gleichstellungsstelle-kaufbeuren-2/", "meeting_url": null, "event": {"id": 16433, "start": "2026-02-18T08:30:00+01:00", "start_date": "2026-02-18", "start_time": "08:30:00", "end": "2026-02-18T12:00:00+01:00", "end_date": "2026-02-18", "end_time": "12:00:00", "all_day": false, "only_weekdays": false, "recurrence_id": 3749, "timezone": "Europe/Berlin"}, "hash": null, "recurrence_rule": "DTSTART:20260218T073000\nRRULE:FREQ=WEEKLY;INTERVAL=3;BYDAY=WE"}, {"id": 280112, "url": "https://admin.integreat-app.de/ostallgaeu/de/events/regenbogencaf\u00e9-in-kaufbeuren-2/", "path": "/ostallgaeu/de/events/regenbogencaf\u00e9-in-kaufbeuren-2/", "title": "Regenbogencaf\u00e9 in Kaufbeuren", "modified_gmt": "2026-02-13T10:01:16.223Z", "last_updated": "2026-02-13T11:01:16.223+01:00", "excerpt": "\r\n\u00a0\r\n\r\n\u00a0\r\nDie Gleichstellungsstellen der Stadt Kaufbeuren und des Landkreises Ostallg\u00e4u bieten zusammen mit der Beratungsstelle SchwubiS, dem Allg\u00e4u Pride e.V. und dem Generationenhaus Kaufbeuren das Regenbogen Caf\u00e9 jeden letzten Mittwoch im Monat an.\u00a0\r\nMit dem Regenbogen Caf\u00e9 gibt es nun ein erg\u00e4nzendes Angebot, das sich an queere Menschen, lesbische &amp; bisexuelle Frauen, schwule und bisexuelle M\u00e4nner, trans- und intergeschlechtliche Menschen aller Generationen richtet.\r\nMachen Sie mit! Unterst\u00fctzen Sie Chancengleichheit, Gleichstellung und Vielfalt! Wir freuen uns auf Ihren Besuch\r\n\u00a0\r\n", "content": "<div>\r\n<p>\u00a0</p>\r\n<p><a tabindex=\"-1\" href=\"https://admin.integreat-app.de/media/regions/181/2026/02/1770976735_Regenbogencafe_2026.jpeg\" aria-hidden=\"true\"><img src=\"https://admin.integreat-app.de/media/regions/181/2026/02/1770976735_Regenbogencafe_2026.jpeg\" alt=\"\"></a></p>\r\n<p>\u00a0</p>\r\n<p>Die Gleichstellungsstellen der Stadt Kaufbeuren und des Landkreises Ostallg\u00e4u bieten zusammen mit der Beratungsstelle SchwubiS, dem Allg\u00e4u Pride e.V. und dem Generationenhaus Kaufbeuren das Regenbogen Caf\u00e9 jeden letzten Mittwoch im Monat an.\u00a0</p>\r\n<p>Mit dem Regenbogen Caf\u00e9 gibt es nun ein erg\u00e4nzendes Angebot, das sich an queere Menschen, lesbische &amp; bisexuelle Frauen, schwule und bisexuelle M\u00e4nner, trans- und intergeschlechtliche Menschen aller Generationen richtet.</p>\r\n<p>Machen Sie mit! Unterst\u00fctzen Sie Chancengleichheit, Gleichstellung und Vielfalt! Wir freuen uns auf Ihren Besuch</p>\r\n<p>\u00a0</p>\r\n</div>", "available_languages": {"hr": {"id": 280113, "url": "https://admin.integreat-app.de/ostallgaeu/hr/events/rainbow-caf\u00e9-u-kaufbeurenu-2/", "path": "/ostallgaeu/hr/events/rainbow-caf\u00e9-u-kaufbeurenu-2/"}, "en": {"id": 280114, "url": "https://admin.integreat-app.de/ostallgaeu/en/events/rainbow-caf\u00e9-in-kaufbeuren-2/", "path": "/ostallgaeu/en/events/rainbow-caf\u00e9-in-kaufbeuren-2/"}, "es": {"id": 280115, "url": "https://admin.integreat-app.de/ostallgaeu/es/events/rainbow-caf\u00e9-en-kaufbeuren-2/", "path": "/ostallgaeu/es/events/rainbow-caf\u00e9-en-kaufbeuren-2/"}, "fr": {"id": 280116, "url": "https://admin.integreat-app.de/ostallgaeu/fr/events/caf\u00e9-arc-en-ciel-\u00e0-kaufbeuren-2/", "path": "/ostallgaeu/fr/events/caf\u00e9-arc-en-ciel-\u00e0-kaufbeuren-2/"}, "ar": {"id": 280117, "url": "https://admin.integreat-app.de/ostallgaeu/ar/events/\u0645\u0642\u0647\u0649-\u0631\u064a\u0646\u0628\u0648-\u0643\u0627\u0641\u064a\u0647-\u0641\u064a-\u0643\u0648\u0641\u0628\u064a\u0631\u064a\u0646-2/", "path": "/ostallgaeu/ar/events/\u0645\u0642\u0647\u0649-\u0631\u064a\u0646\u0628\u0648-\u0643\u0627\u0641\u064a\u0647-\u0641\u064a-\u0643\u0648\u0641\u0628\u064a\u0631\u064a\u0646-2/"}, "fa": {"id": 280118, "url": "https://admin.integreat-app.de/ostallgaeu/fa/events/\u06a9\u0627\u0641\u0647-\u0631\u0646\u06af\u06cc\u0646-\u06a9\u0645\u0627\u0646-\u062f\u0631-\u06a9\u0627\u0641\u0628\u0648\u06cc\u0631\u0646/", "path": "/ostallgaeu/fa/events/\u06a9\u0627\u0641\u0647-\u0631\u0646\u06af\u06cc\u0646-\u06a9\u0645\u0627\u0646-\u062f\u0631-\u06a9\u0627\u0641\u0628\u0648\u06cc\u0631\u0646/"}, "ro": {"id": 280119, "url": "https://admin.integreat-app.de/ostallgaeu/ro/events/rainbow-caf\u00e9-\u00een-kaufbeuren-2/", "path": "/ostallgaeu/ro/events/rainbow-caf\u00e9-\u00een-kaufbeuren-2/"}, "ru": {"id": 280120, "url": "https://admin.integreat-app.de/ostallgaeu/ru/events/\u043a\u0430\u0444\u0435-\u0440\u0430\u0434\u0443\u0433\u0430-\u0432-\u043a\u0430\u0443\u0444\u0431\u044e\u0440\u0435\u043d\u0435-2/", "path": "/ostallgaeu/ru/events/\u043a\u0430\u0444\u0435-\u0440\u0430\u0434\u0443\u0433\u0430-\u0432-\u043a\u0430\u0443\u0444\u0431\u044e\u0440\u0435\u043d\u0435-2/"}, "tr": {"id": 280121, "url": "https://admin.integreat-app.de/ostallgaeu/tr/events/kaufbeuren-b\u00f6lgesindeki-rainbow-caf\u00e9-2/", "path": "/ostallgaeu/tr/events/kaufbeuren-b\u00f6lgesindeki-rainbow-caf\u00e9-2/"}, "uk": {"id": 280122, "url": "https://admin.integreat-app.de/ostallgaeu/uk/events/\u043a\u0430\u0444\u0435-\u0432\u0435\u0441\u0435\u043b\u043a\u0430-\u0432-\u043a\u0430\u0443\u0444\u0431\u044c\u043e\u0440\u0435\u043d\u0456-2/", "path": "/ostallgaeu/uk/events/\u043a\u0430\u0444\u0435-\u0432\u0435\u0441\u0435\u043b\u043a\u0430-\u0432-\u043a\u0430\u0443\u0444\u0431\u044c\u043e\u0440\u0435\u043d\u0456-2/"}, "ti": {"id": 280123, "url": "https://admin.integreat-app.de/ostallgaeu/ti/events/\u12a3\u1265-\u12ab\u12cd\u134d\u1264\u12cd\u1228\u1295-\u12dd\u122d\u12a8\u1265-\u122c\u12ed\u1295\u1266\u12cd-\u12ab\u134c-2/", "path": "/ostallgaeu/ti/events/\u12a3\u1265-\u12ab\u12cd\u134d\u1264\u12cd\u1228\u1295-\u12dd\u122d\u12a8\u1265-\u122c\u12ed\u1295\u1266\u12cd-\u12ab\u134c-2/"}}, "thumbnail": "https://admin.integreat-app.de/media/regions/181/2026/02/1770976735_Regenbogencafe_2026.jpeg", "location": {"id": 1576, "name": "Generationenhaus Kaufbeuren e.V.", "address": "Hafenmarkt 6-8", "town": "Kaufbeuren", "state": null, "postcode": "87600", "region": null, "country": "Deutschland", "latitude": 47.8809234, "longitude": 10.621167944478547}, "location_path": "/ostallgaeu/de/locations/generationenhaus-kaufbeuren-ev/", "meeting_url": null, "event": {"id": 17391, "start": "2026-02-25T14:00:00+01:00", "start_date": "2026-02-25", "start_time": "14:00:00", "end": "2026-02-25T16:30:00+01:00", "end_date": "2026-02-25", "end_time": "16:30:00", "all_day": false, "only_weekdays": false, "recurrence_id": 3909, "timezone": "Europe/Berlin"}, "hash": null, "recurrence_rule": "DTSTART:20260225T130000\nRRULE:FREQ=MONTHLY;BYDAY=-1WE"}, {"id": 289712, "url": "https://admin.integreat-app.de/ostallgaeu/de/events/b\u00fccherwichtel-in-der-stadtb\u00fccherei-marktoberdorf/", "path": "/ostallgaeu/de/events/b\u00fccherwichtel-in-der-stadtb\u00fccherei-marktoberdorf/", "title": "B\u00fccherwichtel in der Stadtb\u00fccherei Marktoberdorf", "modified_gmt": "2026-03-06T09:04:51.906Z", "last_updated": "2026-03-06T10:04:51.906+01:00", "excerpt": "Babys lieben B\u00fccher!\r\nGemeinsam wird gesungen, lustige Quatschreime gesprochen, Fingerspiele erlernt und Bilderb\u00fccher betrachtet.\r\nDas f\u00f6rdert Sprache und Fantasie und macht gro\u00dfen Spa\u00df!\r\nTeilnehmen k\u00f6nnen alle Kinder von 0-3 Jahren mit ihren Mamas, Papas, Omas, Opas,...\r\nVoranmeldung notwendig! Teilnahme kostenlos", "content": "<div><p>Babys lieben B\u00fccher!</p>\r\n<p>Gemeinsam wird gesungen, lustige Quatschreime gesprochen, Fingerspiele erlernt und Bilderb\u00fccher betrachtet.</p>\r\n<p>Das f\u00f6rdert Sprache und Fantasie und macht gro\u00dfen Spa\u00df!</p>\r\n<p>Teilnehmen k\u00f6nnen alle Kinder von 0-3 Jahren mit ihren Mamas, Papas, Omas, Opas,...</p>\r\n<p>Voranmeldung notwendig! Teilnahme kostenlos</p></div>", "available_languages": {"hr": {"id": null, "url": "https://admin.integreat-app.de/ostallgaeu/hr/events/b\u00fccherwichtel-in-der-stadtb\u00fccherei-marktoberdorf/", "path": "/ostallgaeu/hr/events/b\u00fccherwichtel-in-der-stadtb\u00fccherei-marktoberdorf/"}, "en": {"id": null, "url": "https://admin.integreat-app.de/ostallgaeu/en/events/b\u00fccherwichtel-in-der-stadtb\u00fccherei-marktoberdorf/", "path": "/ostallgaeu/en/events/b\u00fccherwichtel-in-der-stadtb\u00fccherei-marktoberdorf/"}, "es": {"id": null, "url": "https://admin.integreat-app.de/ostallgaeu/es/events/b\u00fccherwichtel-in-der-stadtb\u00fccherei-marktoberdorf/", "path": "/ostallgaeu/es/events/b\u00fccherwichtel-in-der-stadtb\u00fccherei-marktoberdorf/"}, "fr": {"id": null, "url": "https://admin.integreat-app.de/ostallgaeu/fr/events/b\u00fccherwichtel-in-der-stadtb\u00fccherei-marktoberdorf/", "path": "/ostallgaeu/fr/events/b\u00fccherwichtel-in-der-stadtb\u00fccherei-marktoberdorf/"}, "ar": {"id": null, "url": "https://admin.integreat-app.de/ostallgaeu/ar/events/b\u00fccherwichtel-in-der-stadtb\u00fccherei-marktoberdorf/", "path": "/ostallgaeu/ar/events/b\u00fccherwichtel-in-der-stadtb\u00fccherei-marktoberdorf/"}, "fa": {"id": null, "url": "https://admin.integreat-app.de/ostallgaeu/fa/events/b\u00fccherwichtel-in-der-stadtb\u00fccherei-marktoberdorf/", "path": "/ostallgaeu/fa/events/b\u00fccherwichtel-in-der-stadtb\u00fccherei-marktoberdorf/"}, "ro": {"id": null, "url": "https://admin.integreat-app.de/ostallgaeu/ro/events/b\u00fccherwichtel-in-der-stadtb\u00fccherei-marktoberdorf/", "path": "/ostallgaeu/ro/events/b\u00fccherwichtel-in-der-stadtb\u00fccherei-marktoberdorf/"}, "ru": {"id": null, "url": "https://admin.integreat-app.de/ostallgaeu/ru/events/b\u00fccherwichtel-in-der-stadtb\u00fccherei-marktoberdorf/", "path": "/ostallgaeu/ru/events/b\u00fccherwichtel-in-der-stadtb\u00fccherei-marktoberdorf/"}, "tr": {"id": null, "url": "https://admin.integreat-app.de/ostallgaeu/tr/events/b\u00fccherwichtel-in-der-stadtb\u00fccherei-marktoberdorf/", "path": "/ostallgaeu/tr/events/b\u00fccherwichtel-in-der-stadtb\u00fccherei-marktoberdorf/"}, "uk": {"id": null, "url": "https://admin.integreat-app.de/ostallgaeu/uk/events/b\u00fccherwichtel-in-der-stadtb\u00fccherei-marktoberdorf/", "path": "/ostallgaeu/uk/events/b\u00fccherwichtel-in-der-stadtb\u00fccherei-marktoberdorf/"}, "ti": {"id": null, "url": "https://admin.integreat-app.de/ostallgaeu/ti/events/b\u00fccherwichtel-in-der-stadtb\u00fccherei-marktoberdorf/", "path": "/ostallgaeu/ti/events/b\u00fccherwichtel-in-der-stadtb\u00fccherei-marktoberdorf/"}}, "thumbnail": "https://admin.integreat-app.de/media/regions/181/2026/03/1772787127_logo-stadtbuecherei.jpg", "location": {"id": 17103, "name": "Stadtb\u00fccherei Marktoberdorf", "address": "Kemptener Stra\u00dfe 8", "town": "Marktoberdorf", "state": null, "postcode": "87616", "region": null, "country": "Deutschland", "latitude": 47.777242900000005, "longitude": 10.615660093188032}, "location_path": "/ostallgaeu/de/locations/stadtb\u00fccherei-marktoberdorf/", "meeting_url": null, "event": {"id": 17983, "start": "2026-03-19T10:00:00+01:00", "start_date": "2026-03-19", "start_time": "10:00:00", "end": "2026-03-19T11:00:00+01:00", "end_date": "2026-03-19", "end_time": "11:00:00", "all_day": false, "only_weekdays": false, "recurrence_id": 3974, "timezone": "Europe/Berlin"}, "hash": null, "recurrence_rule": "DTSTART:20260319T090000\nRRULE:FREQ=MONTHLY;UNTIL=20260521T235959;BYDAY=+3TH"}, {"id": 289711, "url": "https://admin.integreat-app.de/ostallgaeu/de/events/sprechstunde-f\u00fcr-digitales-in-der-stadtb\u00fccherei-marktoberdorf/", "path": "/ostallgaeu/de/events/sprechstunde-f\u00fcr-digitales-in-der-stadtb\u00fccherei-marktoberdorf/", "title": "\"Sprechstunde f\u00fcr Digitales\" in der Stadtb\u00fccherei Marktoberdorf", "modified_gmt": "2026-03-06T09:00:53.804Z", "last_updated": "2026-03-06T10:00:53.804+01:00", "excerpt": "\r\nEin kostenfreies Beratungsangebot bei Fragen rund um digitale Themen der vhs in der Stadtb\u00fccherei.\r\nDie Zeiten sind nicht erst seit Corona digital, auch schon weit vorher hat sich vieles ins Internet verlagert. Emails schreiben, Online Banking und - Shopping, Videokonferenzen mit der Verwandtschaft, Soziale Netzwerke und vieles mehr geh\u00f6ren f\u00fcr die meisten von uns l\u00e4ngst zum Alltag.Dabei kann es vorkommen, dass Sie bei der Bew\u00e4ltigung eines Problems oder bei einer konkreten Fragestellung schnelle und professionelle Hilfe ben\u00f6tigen.\r\n1x pro Monat k\u00f6nnen Sie kostenfrei und unangemeldet diese offene Sprechstunde nutzen, um sich von einem Profi bei Fragen rund um das Thema \u201eInternet\u201c und \u201eDigitale Welt\u201c individuell helfen zu lassen.\r\n\u00a0\r\n", "content": "<div>\r\n<p>Ein kostenfreies Beratungsangebot bei Fragen rund um digitale Themen der vhs in der Stadtb\u00fccherei.</p>\r\n<p><br>Die Zeiten sind nicht erst seit Corona digital, auch schon weit vorher hat sich vieles ins Internet verlagert. Emails schreiben, Online Banking und - Shopping, Videokonferenzen mit der Verwandtschaft, Soziale Netzwerke und vieles mehr geh\u00f6ren f\u00fcr die meisten von uns l\u00e4ngst zum Alltag.<br>Dabei kann es vorkommen, dass Sie bei der Bew\u00e4ltigung eines Problems oder bei einer konkreten Fragestellung schnelle und professionelle Hilfe ben\u00f6tigen.<br><br></p>\r\n<p>1x pro Monat k\u00f6nnen Sie kostenfrei und unangemeldet diese offene Sprechstunde nutzen, um sich von einem Profi bei Fragen rund um das Thema \u201eInternet\u201c und \u201eDigitale Welt\u201c individuell helfen zu lassen.</p>\r\n<p>\u00a0</p>\r\n</div>", "available_languages": {"hr": {"id": null, "url": "https://admin.integreat-app.de/ostallgaeu/hr/events/sprechstunde-f\u00fcr-digitales-in-der-stadtb\u00fccherei-marktoberdorf/", "path": "/ostallgaeu/hr/events/sprechstunde-f\u00fcr-digitales-in-der-stadtb\u00fccherei-marktoberdorf/"}, "en": {"id": null, "url": "https://admin.integreat-app.de/ostallgaeu/en/events/sprechstunde-f\u00fcr-digitales-in-der-stadtb\u00fccherei-marktoberdorf/", "path": "/ostallgaeu/en/events/sprechstunde-f\u00fcr-digitales-in-der-stadtb\u00fccherei-marktoberdorf/"}, "es": {"id": null, "url": "https://admin.integreat-app.de/ostallgaeu/es/events/sprechstunde-f\u00fcr-digitales-in-der-stadtb\u00fccherei-marktoberdorf/", "path": "/ostallgaeu/es/events/sprechstunde-f\u00fcr-digitales-in-der-stadtb\u00fccherei-marktoberdorf/"}, "fr": {"id": null, "url": "https://admin.integreat-app.de/ostallgaeu/fr/events/sprechstunde-f\u00fcr-digitales-in-der-stadtb\u00fccherei-marktoberdorf/", "path": "/ostallgaeu/fr/events/sprechstunde-f\u00fcr-digitales-in-der-stadtb\u00fccherei-marktoberdorf/"}, "ar": {"id": null, "url": "https://admin.integreat-app.de/ostallgaeu/ar/events/sprechstunde-f\u00fcr-digitales-in-der-stadtb\u00fccherei-marktoberdorf/", "path": "/ostallgaeu/ar/events/sprechstunde-f\u00fcr-digitales-in-der-stadtb\u00fccherei-marktoberdorf/"}, "fa": {"id": null, "url": "https://admin.integreat-app.de/ostallgaeu/fa/events/sprechstunde-f\u00fcr-digitales-in-der-stadtb\u00fccherei-marktoberdorf/", "path": "/ostallgaeu/fa/events/sprechstunde-f\u00fcr-digitales-in-der-stadtb\u00fccherei-marktoberdorf/"}, "ro": {"id": null, "url": "https://admin.integreat-app.de/ostallgaeu/ro/events/sprechstunde-f\u00fcr-digitales-in-der-stadtb\u00fccherei-marktoberdorf/", "path": "/ostallgaeu/ro/events/sprechstunde-f\u00fcr-digitales-in-der-stadtb\u00fccherei-marktoberdorf/"}, "ru": {"id": null, "url": "https://admin.integreat-app.de/ostallgaeu/ru/events/sprechstunde-f\u00fcr-digitales-in-der-stadtb\u00fccherei-marktoberdorf/", "path": "/ostallgaeu/ru/events/sprechstunde-f\u00fcr-digitales-in-der-stadtb\u00fccherei-marktoberdorf/"}, "tr": {"id": null, "url": "https://admin.integreat-app.de/ostallgaeu/tr/events/sprechstunde-f\u00fcr-digitales-in-der-stadtb\u00fccherei-marktoberdorf/", "path": "/ostallgaeu/tr/events/sprechstunde-f\u00fcr-digitales-in-der-stadtb\u00fccherei-marktoberdorf/"}, "uk": {"id": null, "url": "https://admin.integreat-app.de/ostallgaeu/uk/events/sprechstunde-f\u00fcr-digitales-in-der-stadtb\u00fccherei-marktoberdorf/", "path": "/ostallgaeu/uk/events/sprechstunde-f\u00fcr-digitales-in-der-stadtb\u00fccherei-marktoberdorf/"}, "ti": {"id": null, "url": "https://admin.integreat-app.de/ostallgaeu/ti/events/sprechstunde-f\u00fcr-digitales-in-der-stadtb\u00fccherei-marktoberdorf/", "path": "/ostallgaeu/ti/events/sprechstunde-f\u00fcr-digitales-in-der-stadtb\u00fccherei-marktoberdorf/"}}, "thumbnail": "https://admin.integreat-app.de/media/regions/181/2025/12/1766136275_vhs-neu.jpg", "location": {"id": 17103, "name": "Stadtb\u00fccherei Marktoberdorf", "address": "Kemptener Stra\u00dfe 8", "town": "Marktoberdorf", "state": null, "postcode": "87616", "region": null, "country": "Deutschland", "latitude": 47.777242900000005, "longitude": 10.615660093188032}, "location_path": "/ostallgaeu/de/locations/stadtb\u00fccherei-marktoberdorf/", "meeting_url": null, "event": {"id": 17982, "start": "2026-03-19T16:00:00+01:00", "start_date": "2026-03-19", "start_time": "16:00:00", "end": "2026-03-19T19:00:00+01:00", "end_date": "2026-03-19", "end_time": "19:00:00", "all_day": false, "only_weekdays": false, "recurrence_id": 3973, "timezone": "Europe/Berlin"}, "hash": null, "recurrence_rule": "DTSTART:20260319T150000\nRRULE:FREQ=MONTHLY;UNTIL=20260701T235959;BYDAY=+3TH"}, {"id": 283656, "url": "https://admin.integreat-app.de/ostallgaeu/de/events/sport-f\u00fcr-frauen-jeden-donnerstag/", "path": "/ostallgaeu/de/events/sport-f\u00fcr-frauen-jeden-donnerstag/", "title": "Sport f\u00fcr Frauen - jeden Donnerstag", "modified_gmt": "2026-02-23T07:48:21.179Z", "last_updated": "2026-02-23T08:48:21.179+01:00", "excerpt": "\r\nDer Verein \"inifo\" bietet jeden Donnerstag eine Sportstunde f\u00fcr Frauen an.\r\nTreffpunkt ist in der Nordstra\u00dfe 12+14 in Marktoberdorf\r\n", "content": "<div>\r\n<p>Der Verein \"inifo\" bietet jeden Donnerstag eine Sportstunde f\u00fcr Frauen an.</p>\r\n<p>Treffpunkt ist in der Nordstra\u00dfe 12+14 in Marktoberdorf</p>\r\n</div>", "available_languages": {"hr": {"id": 283657, "url": "https://admin.integreat-app.de/ostallgaeu/hr/events/sport-za-\u017eene-svake-\u010detvrtke/", "path": "/ostallgaeu/hr/events/sport-za-\u017eene-svake-\u010detvrtke/"}, "en": {"id": 283658, "url": "https://admin.integreat-app.de/ostallgaeu/en/events/sport-for-women-every-thursday/", "path": "/ostallgaeu/en/events/sport-for-women-every-thursday/"}, "es": {"id": 283659, "url": "https://admin.integreat-app.de/ostallgaeu/es/events/deporte-para-mujeres-todos-los-jueves/", "path": "/ostallgaeu/es/events/deporte-para-mujeres-todos-los-jueves/"}, "fr": {"id": 283660, "url": "https://admin.integreat-app.de/ostallgaeu/fr/events/sport-pour-femmes-tous-les-jeudis/", "path": "/ostallgaeu/fr/events/sport-pour-femmes-tous-les-jeudis/"}, "ar": {"id": 283661, "url": "https://admin.integreat-app.de/ostallgaeu/ar/events/\u0627\u0644\u0631\u064a\u0627\u0636\u0629-\u0644\u0644\u0646\u0633\u0627\u0621-\u0643\u0644-\u064a\u0648\u0645-\u062e\u0645\u064a\u0633/", "path": "/ostallgaeu/ar/events/\u0627\u0644\u0631\u064a\u0627\u0636\u0629-\u0644\u0644\u0646\u0633\u0627\u0621-\u0643\u0644-\u064a\u0648\u0645-\u062e\u0645\u064a\u0633/"}, "fa": {"id": 283662, "url": "https://admin.integreat-app.de/ostallgaeu/fa/events/\u0648\u0631\u0632\u0634-\u0628\u0631\u0627\u06cc-\u0632\u0646\u0627\u0646-\u0647\u0631-\u067e\u0646\u062c\u0634\u0646\u0628\u0647/", "path": "/ostallgaeu/fa/events/\u0648\u0631\u0632\u0634-\u0628\u0631\u0627\u06cc-\u0632\u0646\u0627\u0646-\u0647\u0631-\u067e\u0646\u062c\u0634\u0646\u0628\u0647/"}, "ro": {"id": 283663, "url": "https://admin.integreat-app.de/ostallgaeu/ro/events/sport-pentru-femei-\u00een-fiecare-joi/", "path": "/ostallgaeu/ro/events/sport-pentru-femei-\u00een-fiecare-joi/"}, "ru": {"id": 283664, "url": "https://admin.integreat-app.de/ostallgaeu/ru/events/\u0441\u043f\u043e\u0440\u0442-\u0434\u043b\u044f-\u0436\u0435\u043d\u0449\u0438\u043d-\u043a\u0430\u0436\u0434\u044b\u0439-\u0447\u0435\u0442\u0432\u0435\u0440\u0433/", "path": "/ostallgaeu/ru/events/\u0441\u043f\u043e\u0440\u0442-\u0434\u043b\u044f-\u0436\u0435\u043d\u0449\u0438\u043d-\u043a\u0430\u0436\u0434\u044b\u0439-\u0447\u0435\u0442\u0432\u0435\u0440\u0433/"}, "tr": {"id": 283665, "url": "https://admin.integreat-app.de/ostallgaeu/tr/events/kad\u0131nlar-i\u00e7in-spor-her-per\u015fembe/", "path": "/ostallgaeu/tr/events/kad\u0131nlar-i\u00e7in-spor-her-per\u015fembe/"}, "uk": {"id": 283666, "url": "https://admin.integreat-app.de/ostallgaeu/uk/events/\u0441\u043f\u043e\u0440\u0442-\u0434\u043b\u044f-\u0436\u0456\u043d\u043e\u043a-\u0449\u043e\u0447\u0435\u0442\u0432\u0435\u0440\u0433\u0430/", "path": "/ostallgaeu/uk/events/\u0441\u043f\u043e\u0440\u0442-\u0434\u043b\u044f-\u0436\u0456\u043d\u043e\u043a-\u0449\u043e\u0447\u0435\u0442\u0432\u0435\u0440\u0433\u0430/"}, "ti": {"id": 283667, "url": "https://admin.integreat-app.de/ostallgaeu/ti/events/\u1235\u1356\u122d\u1275-\u1295\u12f0\u1242-\u12a3\u1295\u1235\u1275\u12ee-\u12a9\u1209-\u130d\u12dc-\u1213\u1219\u1235/", "path": "/ostallgaeu/ti/events/\u1235\u1356\u122d\u1275-\u1295\u12f0\u1242-\u12a3\u1295\u1235\u1275\u12ee-\u12a9\u1209-\u130d\u12dc-\u1213\u1219\u1235/"}}, "thumbnail": "https://admin.integreat-app.de/media/regions/181/2022/10/inifologo.png", "location": {"id": 15939, "name": "Marktoberdorf, Nordstra\u00dfe", "address": "Nordstra\u00dfe", "town": "Marktoberdorf", "state": null, "postcode": "87616", "region": null, "country": "Deutschland", "latitude": 47.7953981, "longitude": 10.6238978}, "location_path": "/ostallgaeu/de/locations/marktoberdorf-nordstra\u00dfe/", "meeting_url": null, "event": {"id": 17579, "start": "2026-03-23T15:00:00+01:00", "start_date": "2026-03-23", "start_time": "15:00:00", "end": "2026-03-23T15:00:00+01:00", "end_date": "2026-03-23", "end_time": "15:00:00", "all_day": false, "only_weekdays": false, "recurrence_id": 3935, "timezone": "Europe/Berlin"}, "hash": null, "recurrence_rule": "DTSTART:20260323T140000\nRRULE:FREQ=WEEKLY;BYDAY=TH"}, {"id": 289708, "url": "https://admin.integreat-app.de/ostallgaeu/de/events/online-schulung-von-kausa-bewerben-mit-wenig-deutschkenntnissen-kico/", "path": "/ostallgaeu/de/events/online-schulung-von-kausa-bewerben-mit-wenig-deutschkenntnissen-kico/", "title": "Online-Schulung von KAUSA: Bewerben mit wenig Deutschkenntnissen - KI&Co.", "modified_gmt": "2026-03-06T08:43:37.814Z", "last_updated": "2026-03-06T09:43:37.814+01:00", "excerpt": "Die Veranstaltung richtet sich vorrangig an Mitarbeitende und Ehrenamtliche in der Migrationsarbeit. Dar\u00fcber hinaus sind alle interessierten Personen mit Flucht- oder Migrationsgeschichte herzlich willkommen, die \u00fcber gute Deutschkenntnisse auf Niveau B2/C1 verf\u00fcgen.\u00a0\r\nK\u00fcnstliche Intelligenz und Tools zur Unterst\u00fctzung des Bewerbungsprozesses: Um einen Arbeits- oder Ausbildungsplatz zu finden, sind in Deutschland in der Regel Bewerbungsunterlagen erforderlich. Dies kann f\u00fcr zugewanderte Menschen eine gro\u00dfe Herausforderung darstellen, insbesondere aufgrund mangelnder Sprachkenntnisse. In diesem Workshop werden Tipps und Tools zum Bewerbungsschreiben vorgestellt (mit und ohne KI) und M\u00f6glichkeiten und Grenzen von K\u00fcnstlicher Intelligenz (KI) als Unterst\u00fctzungstool diskutiert.\u00a0\r\n\u00a0\r\nTerminauswahl f\u00fcr einen kompakten Vortrag ca. 1 h, Fragen und kurzer Austausch am Ende optional, bis zu 100 Teilnehmende:\r\n\r\nDi, 21.04.2026, 14:00-15:00 Uhr: zur Anmeldung (bis 16.04.2026)\r\nDo, 21.05.2026, 11:00-12:00 Uhr: zur Anmeldung (bis 18.05.2026)\r\nDo, 11.06.2026, 09:30-10:30 Uhr: zur Anmeldung (bis 08.06.2026)\r\n\r\nTerminauswahl f\u00fcr einen Workshop - das Format ist besonders f\u00fcr Sie geeignet, wenn Sie noch keine Erfahrung mit KI haben oder die besprochenen Tools direkt praktisch ausprobieren m\u00f6chten: 2,5 h, mit Zeit zum Ausprobieren und f\u00fcr Austausch, bis zu 30 Teilnehmende.\r\n\r\nDi, 24.03.2026, 14:00-16:30 Uhr: zur Anmeldung (bis 19.03.2026)\r\nDo, 23.04.2026, 10:00-12:30 Uhr: zur Anmeldung (bis 20.04.2026)\u00a0\r\n\r\n\u00a0", "content": "<div><p>Die Veranstaltung richtet sich vorrangig an Mitarbeitende und Ehrenamtliche in der Migrationsarbeit. Dar\u00fcber hinaus sind alle interessierten Personen mit Flucht- oder Migrationsgeschichte herzlich willkommen, die \u00fcber gute Deutschkenntnisse auf Niveau B2/C1 verf\u00fcgen.\u00a0</p>\r\n<p>K\u00fcnstliche Intelligenz und Tools zur Unterst\u00fctzung des Bewerbungsprozesses: Um einen Arbeits- oder Ausbildungsplatz zu finden, sind in Deutschland in der Regel Bewerbungsunterlagen erforderlich. Dies kann f\u00fcr zugewanderte Menschen eine gro\u00dfe Herausforderung darstellen, insbesondere aufgrund mangelnder Sprachkenntnisse. In diesem Workshop werden Tipps und Tools zum Bewerbungsschreiben vorgestellt (mit und ohne KI) und M\u00f6glichkeiten und Grenzen von K\u00fcnstlicher Intelligenz (KI) als Unterst\u00fctzungstool diskutiert.\u00a0</p>\r\n<p>\u00a0</p>\r\n<p>Terminauswahl f\u00fcr einen kompakten Vortrag ca. 1 h, Fragen und kurzer Austausch am Ende optional, bis zu 100 Teilnehmende:</p>\r\n<ul>\r\n<li>Di, 21.04.2026, 14:00-15:00 Uhr: <a href=\"https://forms.office.com/Pages/ResponsePage.aspx?id=MzoSev34jkeIUhDViC_vlCNUutHlqxxFlkqM2k6u05ZUN1NLV0UyN0dRSUZSSUg1UkMxUk5BMk1ONi4u\" class=\"link-external\">zur Anmeldung (bis 16.04.2026)</a></li>\r\n<li>Do, 21.05.2026, 11:00-12:00 Uhr: <a href=\"https://forms.office.com/Pages/ResponsePage.aspx?id=MzoSev34jkeIUhDViC_vlCNUutHlqxxFlkqM2k6u05ZUQ1FXT0pGM0sxWUxEQldVOTFNQ0tWWjJCOC4u\" class=\"link-external\">zur Anmeldung (bis 18.05.2026)</a></li>\r\n<li>Do, 11.06.2026, 09:30-10:30 Uhr: <a href=\"https://forms.office.com/Pages/ResponsePage.aspx?id=MzoSev34jkeIUhDViC_vlCNUutHlqxxFlkqM2k6u05ZUOUk0Q1hENlEyUVZSN0YwVUhSOVJPRVROVy4u\" class=\"link-external\">zur Anmeldung (bis 08.06.2026)</a></li>\r\n</ul>\r\n<p>Terminauswahl f\u00fcr einen Workshop - das Format ist besonders f\u00fcr Sie geeignet, wenn Sie noch keine Erfahrung mit KI haben oder die besprochenen Tools direkt praktisch ausprobieren m\u00f6chten: 2,5 h, mit Zeit zum Ausprobieren und f\u00fcr Austausch, bis zu 30 Teilnehmende.</p>\r\n<ul>\r\n<li>Di, 24.03.2026, 14:00-16:30 Uhr: <a href=\"https://forms.office.com/Pages/ResponsePage.aspx?id=MzoSev34jkeIUhDViC_vlECo6GyBaP1KiZlAKtYL-7pUNjNVMEVWV1QxRzVWMDhTU0RGV0xDOEpLQi4u\" class=\"link-external\">zur Anmeldung (bis 19.03.2026)</a></li>\r\n<li>Do, 23.04.2026, 10:00-12:30 Uhr: <a href=\"https://forms.office.com/Pages/ResponsePage.aspx?id=MzoSev34jkeIUhDViC_vlCNUutHlqxxFlkqM2k6u05ZUNEtPWkJMTzM2VE5DMDZTTFFNWEdYTTNYOC4u\" class=\"link-external\">zur Anmeldung (bis 20.04.2026)\u00a0</a></li>\r\n</ul>\r\n<p>\u00a0</p></div>", "available_languages": {"hr": {"id": null, "url": "https://admin.integreat-app.de/ostallgaeu/hr/events/online-schulung-von-kausa-bewerben-mit-wenig-deutschkenntnissen-kico/", "path": "/ostallgaeu/hr/events/online-schulung-von-kausa-bewerben-mit-wenig-deutschkenntnissen-kico/"}, "en": {"id": null, "url": "https://admin.integreat-app.de/ostallgaeu/en/events/online-schulung-von-kausa-bewerben-mit-wenig-deutschkenntnissen-kico/", "path": "/ostallgaeu/en/events/online-schulung-von-kausa-bewerben-mit-wenig-deutschkenntnissen-kico/"}, "es": {"id": null, "url": "https://admin.integreat-app.de/ostallgaeu/es/events/online-schulung-von-kausa-bewerben-mit-wenig-deutschkenntnissen-kico/", "path": "/ostallgaeu/es/events/online-schulung-von-kausa-bewerben-mit-wenig-deutschkenntnissen-kico/"}, "fr": {"id": null, "url": "https://admin.integreat-app.de/ostallgaeu/fr/events/online-schulung-von-kausa-bewerben-mit-wenig-deutschkenntnissen-kico/", "path": "/ostallgaeu/fr/events/online-schulung-von-kausa-bewerben-mit-wenig-deutschkenntnissen-kico/"}, "ar": {"id": null, "url": "https://admin.integreat-app.de/ostallgaeu/ar/events/online-schulung-von-kausa-bewerben-mit-wenig-deutschkenntnissen-kico/", "path": "/ostallgaeu/ar/events/online-schulung-von-kausa-bewerben-mit-wenig-deutschkenntnissen-kico/"}, "fa": {"id": null, "url": "https://admin.integreat-app.de/ostallgaeu/fa/events/online-schulung-von-kausa-bewerben-mit-wenig-deutschkenntnissen-kico/", "path": "/ostallgaeu/fa/events/online-schulung-von-kausa-bewerben-mit-wenig-deutschkenntnissen-kico/"}, "ro": {"id": null, "url": "https://admin.integreat-app.de/ostallgaeu/ro/events/online-schulung-von-kausa-bewerben-mit-wenig-deutschkenntnissen-kico/", "path": "/ostallgaeu/ro/events/online-schulung-von-kausa-bewerben-mit-wenig-deutschkenntnissen-kico/"}, "ru": {"id": null, "url": "https://admin.integreat-app.de/ostallgaeu/ru/events/online-schulung-von-kausa-bewerben-mit-wenig-deutschkenntnissen-kico/", "path": "/ostallgaeu/ru/events/online-schulung-von-kausa-bewerben-mit-wenig-deutschkenntnissen-kico/"}, "tr": {"id": null, "url": "https://admin.integreat-app.de/ostallgaeu/tr/events/online-schulung-von-kausa-bewerben-mit-wenig-deutschkenntnissen-kico/", "path": "/ostallgaeu/tr/events/online-schulung-von-kausa-bewerben-mit-wenig-deutschkenntnissen-kico/"}, "uk": {"id": null, "url": "https://admin.integreat-app.de/ostallgaeu/uk/events/online-schulung-von-kausa-bewerben-mit-wenig-deutschkenntnissen-kico/", "path": "/ostallgaeu/uk/events/online-schulung-von-kausa-bewerben-mit-wenig-deutschkenntnissen-kico/"}, "ti": {"id": null, "url": "https://admin.integreat-app.de/ostallgaeu/ti/events/online-schulung-von-kausa-bewerben-mit-wenig-deutschkenntnissen-kico/", "path": "/ostallgaeu/ti/events/online-schulung-von-kausa-bewerben-mit-wenig-deutschkenntnissen-kico/"}}, "thumbnail": "https://admin.integreat-app.de/media/regions/181/2017/11/internet17.png", "location": {"id": null, "name": null, "address": null, "town": null, "state": null, "postcode": null, "region": null, "country": null, "latitude": null, "longitude": null}, "location_path": null, "meeting_url": null, "event": {"id": 17980, "start": "2026-03-24T00:00:00+01:00", "start_date": "2026-03-24", "start_time": "00:00:00", "end": "2026-06-11T23:59:00+02:00", "end_date": "2026-06-11", "end_time": "23:59:00", "all_day": true, "only_weekdays": false, "recurrence_id": null, "timezone": "Europe/Berlin"}, "hash": null, "recurrence_rule": null}, {"id": 289709, "url": "https://admin.integreat-app.de/ostallgaeu/de/events/bilderbuchkino-in-der-stadtb\u00fccherei-marktoberdorf/", "path": "/ostallgaeu/de/events/bilderbuchkino-in-der-stadtb\u00fccherei-marktoberdorf/", "title": "Bilderbuchkino in der Stadtb\u00fccherei Marktoberdorf", "modified_gmt": "2026-03-06T08:53:10.431Z", "last_updated": "2026-03-06T09:53:10.431+01:00", "excerpt": "F\u00fcr alle ab 4 Jahren werden im Bilderbuchkino die Buchhelden auf der Leinwand lebendig.\r\nEintritt frei, Voranmeldung notwendig!\r\n\u00a0\r\n\u00a0", "content": "<div><p>F\u00fcr alle ab 4 Jahren werden im Bilderbuchkino die Buchhelden auf der Leinwand lebendig.</p>\r\n<p>Eintritt frei, Voranmeldung notwendig!</p>\r\n<p>\u00a0</p>\r\n<p>\u00a0</p></div>", "available_languages": {"hr": {"id": null, "url": "https://admin.integreat-app.de/ostallgaeu/hr/events/bilderbuchkino-in-der-stadtb\u00fccherei-marktoberdorf/", "path": "/ostallgaeu/hr/events/bilderbuchkino-in-der-stadtb\u00fccherei-marktoberdorf/"}, "en": {"id": null, "url": "https://admin.integreat-app.de/ostallgaeu/en/events/bilderbuchkino-in-der-stadtb\u00fccherei-marktoberdorf/", "path": "/ostallgaeu/en/events/bilderbuchkino-in-der-stadtb\u00fccherei-marktoberdorf/"}, "es": {"id": null, "url": "https://admin.integreat-app.de/ostallgaeu/es/events/bilderbuchkino-in-der-stadtb\u00fccherei-marktoberdorf/", "path": "/ostallgaeu/es/events/bilderbuchkino-in-der-stadtb\u00fccherei-marktoberdorf/"}, "fr": {"id": null, "url": "https://admin.integreat-app.de/ostallgaeu/fr/events/bilderbuchkino-in-der-stadtb\u00fccherei-marktoberdorf/", "path": "/ostallgaeu/fr/events/bilderbuchkino-in-der-stadtb\u00fccherei-marktoberdorf/"}, "ar": {"id": null, "url": "https://admin.integreat-app.de/ostallgaeu/ar/events/bilderbuchkino-in-der-stadtb\u00fccherei-marktoberdorf/", "path": "/ostallgaeu/ar/events/bilderbuchkino-in-der-stadtb\u00fccherei-marktoberdorf/"}, "fa": {"id": null, "url": "https://admin.integreat-app.de/ostallgaeu/fa/events/bilderbuchkino-in-der-stadtb\u00fccherei-marktoberdorf/", "path": "/ostallgaeu/fa/events/bilderbuchkino-in-der-stadtb\u00fccherei-marktoberdorf/"}, "ro": {"id": null, "url": "https://admin.integreat-app.de/ostallgaeu/ro/events/bilderbuchkino-in-der-stadtb\u00fccherei-marktoberdorf/", "path": "/ostallgaeu/ro/events/bilderbuchkino-in-der-stadtb\u00fccherei-marktoberdorf/"}, "ru": {"id": null, "url": "https://admin.integreat-app.de/ostallgaeu/ru/events/bilderbuchkino-in-der-stadtb\u00fccherei-marktoberdorf/", "path": "/ostallgaeu/ru/events/bilderbuchkino-in-der-stadtb\u00fccherei-marktoberdorf/"}, "tr": {"id": null, "url": "https://admin.integreat-app.de/ostallgaeu/tr/events/bilderbuchkino-in-der-stadtb\u00fccherei-marktoberdorf/", "path": "/ostallgaeu/tr/events/bilderbuchkino-in-der-stadtb\u00fccherei-marktoberdorf/"}, "uk": {"id": null, "url": "https://admin.integreat-app.de/ostallgaeu/uk/events/bilderbuchkino-in-der-stadtb\u00fccherei-marktoberdorf/", "path": "/ostallgaeu/uk/events/bilderbuchkino-in-der-stadtb\u00fccherei-marktoberdorf/"}, "ti": {"id": null, "url": "https://admin.integreat-app.de/ostallgaeu/ti/events/bilderbuchkino-in-der-stadtb\u00fccherei-marktoberdorf/", "path": "/ostallgaeu/ti/events/bilderbuchkino-in-der-stadtb\u00fccherei-marktoberdorf/"}}, "thumbnail": "https://admin.integreat-app.de/media/regions/181/2026/03/1772787127_logo-stadtbuecherei.jpg", "location": {"id": 17103, "name": "Stadtb\u00fccherei Marktoberdorf", "address": "Kemptener Stra\u00dfe 8", "town": "Marktoberdorf", "state": null, "postcode": "87616", "region": null, "country": "Deutschland", "latitude": 47.777242900000005, "longitude": 10.615660093188032}, "location_path": "/ostallgaeu/de/locations/stadtb\u00fccherei-marktoberdorf/", "meeting_url": null, "event": {"id": 17981, "start": "2026-03-27T16:00:00+01:00", "start_date": "2026-03-27", "start_time": "16:00:00", "end": "2026-03-27T17:00:00+01:00", "end_date": "2026-03-27", "end_time": "17:00:00", "all_day": false, "only_weekdays": false, "recurrence_id": 3972, "timezone": "Europe/Berlin"}, "hash": null, "recurrence_rule": "DTSTART:20260327T150000\nRRULE:FREQ=MONTHLY;UNTIL=20261218T235959;BYDAY=-1FR"}, {"id": 307200, "url": "https://admin.integreat-app.de/ostallgaeu/de/events/offene-sprechstunde-der-wohnungslotsin-im-landratsamt-4/", "path": "/ostallgaeu/de/events/offene-sprechstunde-der-wohnungslotsin-im-landratsamt-4/", "title": "Offene Sprechstunde der Wohnungslotsin im Landratsamt", "modified_gmt": "2026-03-30T07:00:17.727Z", "last_updated": "2026-03-30T09:00:17.727+02:00", "excerpt": "\r\nDie Sprechstunde rund um das Thema Wohnen f\u00fcr gefl\u00fcchtete und zugewanderte Personen findet Donnerstag von 14-17 Uhr \u00a0im Landratsamt bei Frau Andrea Veres (Wohnungslotsin f\u00fcr Zugewanderte im Ostallg\u00e4u) in Zimmer Nummer C129 \u00a0statt.\r\nSie k\u00f6nnen ohne vorherige Terminvereinbarung vorbeikommen, wenn Sie kurze Fragen rund um das Thema Wohnen haben oder kleinere Anliegen schnell kl\u00e4ren m\u00f6chten.Die offene Sprechstunde eignet sich besonders f\u00fcr Themen, die sich in einem kurzen Gespr\u00e4ch besprechen oder unkompliziert erledigen lassen.\r\n\u00a0\r\nF\u00fcr Gefl\u00fcchtete und Zugewanderte: Sie haben eine Anerkennung, leben in einer Asylunterkunft und suchen eine Wohnung?Sie haben Fragen rund ums Wohnen?\r\nF\u00fcr Vermieterinnen und Vermieter: Sie m\u00f6chten an Zugewanderte vermieten oder haben noch Fragen?\r\n", "content": "<div>\r\n<p>Die Sprechstunde rund um das Thema Wohnen f\u00fcr gefl\u00fcchtete und zugewanderte Personen findet Donnerstag von 14-17 Uhr \u00a0im Landratsamt bei <strong>Frau Andrea Veres (Wohnungslotsin f\u00fcr Zugewanderte im Ostallg\u00e4u) in Zimmer Nummer C129</strong> \u00a0statt.</p>\r\n<p>Sie k\u00f6nnen ohne vorherige Terminvereinbarung vorbeikommen, wenn Sie kurze Fragen rund um das Thema Wohnen haben oder kleinere Anliegen schnell kl\u00e4ren m\u00f6chten.<br>Die offene Sprechstunde eignet sich besonders f\u00fcr Themen, die sich in einem kurzen Gespr\u00e4ch besprechen oder unkompliziert erledigen lassen.</p>\r\n<p>\u00a0</p>\r\n<p><strong>F\u00fcr Gefl\u00fcchtete und Zugewanderte:</strong> Sie haben eine Anerkennung, leben in einer Asylunterkunft und suchen eine Wohnung?<br>Sie haben Fragen rund ums Wohnen?</p>\r\n<p><strong>F\u00fcr Vermieterinnen und Vermieter:</strong> Sie m\u00f6chten an Zugewanderte vermieten oder haben noch Fragen?</p>\r\n</div>", "available_languages": {"hr": {"id": 307176, "url": "https://admin.integreat-app.de/ostallgaeu/hr/events/otvoreni-savjetodavni-sati-s-savjetnikom-za-stanovanje-u-okru\u017enom-uredu-4/", "path": "/ostallgaeu/hr/events/otvoreni-savjetodavni-sati-s-savjetnikom-za-stanovanje-u-okru\u017enom-uredu-4/"}, "en": {"id": 307177, "url": "https://admin.integreat-app.de/ostallgaeu/en/events/open-consultation-hours-for-the-housing-guide-at-the-district-office-4/", "path": "/ostallgaeu/en/events/open-consultation-hours-for-the-housing-guide-at-the-district-office-4/"}, "es": {"id": 307178, "url": "https://admin.integreat-app.de/ostallgaeu/es/events/horario-de-consulta-abierto-para-la-gu\u00eda-de-la-vivienda-en-la-oficina-del-distrito-4/", "path": "/ostallgaeu/es/events/horario-de-consulta-abierto-para-la-gu\u00eda-de-la-vivienda-en-la-oficina-del-distrito-4/"}, "fr": {"id": 307179, "url": "https://admin.integreat-app.de/ostallgaeu/fr/events/heures-de-consultation-ouvertes-de-la-pilote-de-logement-au-landratsamt-4/", "path": "/ostallgaeu/fr/events/heures-de-consultation-ouvertes-de-la-pilote-de-logement-au-landratsamt-4/"}, "ar": {"id": 307180, "url": "https://admin.integreat-app.de/ostallgaeu/ar/events/\u0633\u0627\u0639\u0627\u062a-\u0627\u0644\u0627\u0633\u062a\u0634\u0627\u0631\u0629-\u0627\u0644\u0645\u0641\u062a\u0648\u062d\u0629-\u0644\u062f\u0644\u064a\u0644-\u0627\u0644\u0625\u0633\u0643\u0627\u0646-\u0641\u064a-\u0645\u0643\u062a\u0628-\u0627\u0644\u0645\u0642\u0627\u0637\u0639\u0629-4/", "path": "/ostallgaeu/ar/events/\u0633\u0627\u0639\u0627\u062a-\u0627\u0644\u0627\u0633\u062a\u0634\u0627\u0631\u0629-\u0627\u0644\u0645\u0641\u062a\u0648\u062d\u0629-\u0644\u062f\u0644\u064a\u0644-\u0627\u0644\u0625\u0633\u0643\u0627\u0646-\u0641\u064a-\u0645\u0643\u062a\u0628-\u0627\u0644\u0645\u0642\u0627\u0637\u0639\u0629-4/"}, "fa": {"id": 307181, "url": "https://admin.integreat-app.de/ostallgaeu/fa/events/\u0633\u0627\u0639\u0627\u062a-\u0645\u0634\u0627\u0648\u0631\u0647-\u062d\u0636\u0648\u0631\u06cc-\u0628\u0627-\u0645\u0634\u0627\u0648\u0631-\u0645\u0633\u06a9\u0646-\u062f\u0631-\u062f\u0641\u062a\u0631-\u0645\u0646\u0637\u0642\u0647-4/", "path": "/ostallgaeu/fa/events/\u0633\u0627\u0639\u0627\u062a-\u0645\u0634\u0627\u0648\u0631\u0647-\u062d\u0636\u0648\u0631\u06cc-\u0628\u0627-\u0645\u0634\u0627\u0648\u0631-\u0645\u0633\u06a9\u0646-\u062f\u0631-\u062f\u0641\u062a\u0631-\u0645\u0646\u0637\u0642\u0647-4/"}, "ro": {"id": 307182, "url": "https://admin.integreat-app.de/ostallgaeu/ro/events/orele-de-consultare-deschise-pentru-ghidul-privind-locuin\u021bele-la-biroul-districtual-4/", "path": "/ostallgaeu/ro/events/orele-de-consultare-deschise-pentru-ghidul-privind-locuin\u021bele-la-biroul-districtual-4/"}, "ru": {"id": 307183, "url": "https://admin.integreat-app.de/ostallgaeu/ru/events/\u0447\u0430\u0441\u044b-\u043e\u0442\u043a\u0440\u044b\u0442\u044b\u0445-\u043a\u043e\u043d\u0441\u0443\u043b\u044c\u0442\u0430\u0446\u0438\u0439-\u043f\u043e-\u0436\u0438\u043b\u0438\u0449\u043d\u043e\u043c\u0443-\u0441\u043f\u0440\u0430\u0432\u043e\u0447\u043d\u0438\u043a\u0443-\u0432-\u0440\u0430\u0439\u043e\u043d\u043d\u043e\u043c-\u043e\u0444\u0438\u0441\u0435-4/", "path": "/ostallgaeu/ru/events/\u0447\u0430\u0441\u044b-\u043e\u0442\u043a\u0440\u044b\u0442\u044b\u0445-\u043a\u043e\u043d\u0441\u0443\u043b\u044c\u0442\u0430\u0446\u0438\u0439-\u043f\u043e-\u0436\u0438\u043b\u0438\u0449\u043d\u043e\u043c\u0443-\u0441\u043f\u0440\u0430\u0432\u043e\u0447\u043d\u0438\u043a\u0443-\u0432-\u0440\u0430\u0439\u043e\u043d\u043d\u043e\u043c-\u043e\u0444\u0438\u0441\u0435-4/"}, "tr": {"id": 307184, "url": "https://admin.integreat-app.de/ostallgaeu/tr/events/b\u00f6lge-ofisinde-konut-rehberi-i\u00e7in-a\u00e7\u0131k-dan\u0131\u015fma-saatleri-4/", "path": "/ostallgaeu/tr/events/b\u00f6lge-ofisinde-konut-rehberi-i\u00e7in-a\u00e7\u0131k-dan\u0131\u015fma-saatleri-4/"}, "uk": {"id": 307185, "url": "https://admin.integreat-app.de/ostallgaeu/uk/events/\u0432\u0456\u0434\u043a\u0440\u0438\u0442\u0456-\u043a\u043e\u043d\u0441\u0443\u043b\u044c\u0442\u0430\u0446\u0456\u0439\u043d\u0456-\u0433\u043e\u0434\u0438\u043d\u0438-\u0434\u043b\u044f-\u0436\u0438\u0442\u043b\u043e\u0432\u043e\u0433\u043e-\u0433\u0456\u0434\u0430-\u0432-\u0440\u0430\u0439\u043e\u043d\u043d\u043e\u043c\u0443-\u0443\u043f\u0440\u0430\u0432\u043b\u0456\u043d\u043d\u0456-4/", "path": "/ostallgaeu/uk/events/\u0432\u0456\u0434\u043a\u0440\u0438\u0442\u0456-\u043a\u043e\u043d\u0441\u0443\u043b\u044c\u0442\u0430\u0446\u0456\u0439\u043d\u0456-\u0433\u043e\u0434\u0438\u043d\u0438-\u0434\u043b\u044f-\u0436\u0438\u0442\u043b\u043e\u0432\u043e\u0433\u043e-\u0433\u0456\u0434\u0430-\u0432-\u0440\u0430\u0439\u043e\u043d\u043d\u043e\u043c\u0443-\u0443\u043f\u0440\u0430\u0432\u043b\u0456\u043d\u043d\u0456-4/"}, "ti": {"id": 307186, "url": "https://admin.integreat-app.de/ostallgaeu/ti/events/\u12ad\u1349\u1275-\u1293\u12ed-\u121d\u121d\u12bd\u12bb\u122d-\u1230\u12d3\u1273\u1275-\u121d\u1235-\u12a3\u121b\u12bb\u122a-\u12a3\u1263\u12ed\u1272-\u12a3\u1265-\u1264\u1275-\u1345\u1215\u1348\u1275-\u12c8\u1228\u12f3-4/", "path": "/ostallgaeu/ti/events/\u12ad\u1349\u1275-\u1293\u12ed-\u121d\u121d\u12bd\u12bb\u122d-\u1230\u12d3\u1273\u1275-\u121d\u1235-\u12a3\u121b\u12bb\u122a-\u12a3\u1263\u12ed\u1272-\u12a3\u1265-\u1264\u1275-\u1345\u1215\u1348\u1275-\u12c8\u1228\u12f3-4/"}}, "thumbnail": "https://admin.integreat-app.de/media/regions/181/2026/02/1770892330_real-estate-6688945_1280.jpg", "location": {"id": 143, "name": "Landratsamt Ostallg\u00e4u", "address": "Schwabenstr. 11", "town": "Marktoberdorf", "state": null, "postcode": "87616", "region": null, "country": "Deutschland", "latitude": 47.7822637, "longitude": 10.6161969}, "location_path": "/ostallgaeu/de/locations/landratsamt-ostallgaeu-2/", "meeting_url": null, "event": {"id": 19051, "start": "2026-04-02T14:00:00+02:00", "start_date": "2026-04-02", "start_time": "14:00:00", "end": "2026-04-02T16:00:00+02:00", "end_date": "2026-04-02", "end_time": "16:00:00", "all_day": false, "only_weekdays": false, "recurrence_id": 4043, "timezone": "Europe/Berlin"}, "hash": null, "recurrence_rule": "DTSTART:20260402T120000\nRRULE:FREQ=MONTHLY;BYDAY=+4TH"}, {"id": 307203, "url": "https://admin.integreat-app.de/ostallgaeu/de/events/offene-sprechstunde-der-wohnungslotsin-in-f\u00fcssen-4/", "path": "/ostallgaeu/de/events/offene-sprechstunde-der-wohnungslotsin-in-f\u00fcssen-4/", "title": "Offene Sprechstunde der Wohnungslotsin in F\u00fcssen", "modified_gmt": "2026-03-30T07:03:41.741Z", "last_updated": "2026-03-30T09:03:41.741+02:00", "excerpt": "\r\nDie Sprechstunde rund um das Thema Wohnen f\u00fcr gefl\u00fcchtete und zugewanderte Personen findet diesen Donnerstag von 14-17 Uhr \u00a0im Franz-Xaver-Seelos-Haus in F\u00fcssen bei Frau Andrea Veres (Wohnungslotsin f\u00fcr Zugewanderte im Ostallg\u00e4u)\u00a0 statt.\r\nSie k\u00f6nnen ohne vorherige Terminvereinbarung vorbeikommen, wenn Sie kurze Fragen rund um das Thema Wohnen haben oder kleinere Anliegen schnell kl\u00e4ren m\u00f6chten.Die offene Sprechstunde eignet sich besonders f\u00fcr Themen, die sich in einem kurzen Gespr\u00e4ch besprechen oder unkompliziert erledigen lassen.\r\n\u00a0\r\nF\u00fcr Gefl\u00fcchtete und Zugewanderte: Sie haben eine Anerkennung, leben in einer Asylunterkunft und suchen eine Wohnung?Sie haben Fragen rund ums Wohnen?\r\nF\u00fcr Vermieterinnen und Vermieter: Sie m\u00f6chten an Zugewanderte vermieten oder haben noch Fragen?\r\n", "content": "<div>\r\n<p>Die Sprechstunde rund um das Thema Wohnen f\u00fcr gefl\u00fcchtete und zugewanderte Personen findet diesen Donnerstag von 14-17 Uhr \u00a0im Franz-Xaver-Seelos-Haus in F\u00fcssen bei <strong>Frau Andrea Veres (Wohnungslotsin f\u00fcr Zugewanderte im Ostallg\u00e4u)\u00a0</strong> statt.</p>\r\n<p>Sie k\u00f6nnen ohne vorherige Terminvereinbarung vorbeikommen, wenn Sie kurze Fragen rund um das Thema Wohnen haben oder kleinere Anliegen schnell kl\u00e4ren m\u00f6chten.<br>Die offene Sprechstunde eignet sich besonders f\u00fcr Themen, die sich in einem kurzen Gespr\u00e4ch besprechen oder unkompliziert erledigen lassen.</p>\r\n<p>\u00a0</p>\r\n<p><strong>F\u00fcr Gefl\u00fcchtete und Zugewanderte:</strong> Sie haben eine Anerkennung, leben in einer Asylunterkunft und suchen eine Wohnung?<br>Sie haben Fragen rund ums Wohnen?</p>\r\n<p><strong>F\u00fcr Vermieterinnen und Vermieter:</strong> Sie m\u00f6chten an Zugewanderte vermieten oder haben noch Fragen?</p>\r\n</div>", "available_languages": {"hr": {"id": 307204, "url": "https://admin.integreat-app.de/ostallgaeu/hr/events/otvoreni-savjetodavni-sati-s-savjetnikom-za-stanovanje-u-f\u00fcssenu-4/", "path": "/ostallgaeu/hr/events/otvoreni-savjetodavni-sati-s-savjetnikom-za-stanovanje-u-f\u00fcssenu-4/"}, "en": {"id": 307205, "url": "https://admin.integreat-app.de/ostallgaeu/en/events/open-consultation-hours-of-the-housing-guide-in-f\u00fcssen-4/", "path": "/ostallgaeu/en/events/open-consultation-hours-of-the-housing-guide-in-f\u00fcssen-4/"}, "es": {"id": 307206, "url": "https://admin.integreat-app.de/ostallgaeu/es/events/horario-de-consulta-abierta-de-la-gu\u00eda-de-la-vivienda-en-f\u00fcssen-4/", "path": "/ostallgaeu/es/events/horario-de-consulta-abierta-de-la-gu\u00eda-de-la-vivienda-en-f\u00fcssen-4/"}, "fr": {"id": 307207, "url": "https://admin.integreat-app.de/ostallgaeu/fr/events/consultation-ouverte-de-la-pilote-de-logement-\u00e0-f\u00fcssen-4/", "path": "/ostallgaeu/fr/events/consultation-ouverte-de-la-pilote-de-logement-\u00e0-f\u00fcssen-4/"}, "ar": {"id": 307208, "url": "https://admin.integreat-app.de/ostallgaeu/ar/events/\u0633\u0627\u0639\u0627\u062a-\u0627\u0644\u0627\u0633\u062a\u0634\u0627\u0631\u0629-\u0627\u0644\u0645\u0641\u062a\u0648\u062d\u0629-\u0644\u062f\u0644\u064a\u0644-\u0627\u0644\u0625\u0633\u0643\u0627\u0646-\u0641\u064a-\u0641\u0648\u0633\u0646-4/", "path": "/ostallgaeu/ar/events/\u0633\u0627\u0639\u0627\u062a-\u0627\u0644\u0627\u0633\u062a\u0634\u0627\u0631\u0629-\u0627\u0644\u0645\u0641\u062a\u0648\u062d\u0629-\u0644\u062f\u0644\u064a\u0644-\u0627\u0644\u0625\u0633\u0643\u0627\u0646-\u0641\u064a-\u0641\u0648\u0633\u0646-4/"}, "fa": {"id": 307209, "url": "https://admin.integreat-app.de/ostallgaeu/fa/events/\u0633\u0627\u0639\u0627\u062a-\u0645\u0634\u0627\u0648\u0631\u0647-\u062d\u0636\u0648\u0631\u06cc-\u0628\u0627-\u0645\u0634\u0627\u0648\u0631-\u0645\u0633\u06a9\u0646-\u062f\u0631-\u0641\u0648\u0633\u0646-4/", "path": "/ostallgaeu/fa/events/\u0633\u0627\u0639\u0627\u062a-\u0645\u0634\u0627\u0648\u0631\u0647-\u062d\u0636\u0648\u0631\u06cc-\u0628\u0627-\u0645\u0634\u0627\u0648\u0631-\u0645\u0633\u06a9\u0646-\u062f\u0631-\u0641\u0648\u0633\u0646-4/"}, "ro": {"id": 307210, "url": "https://admin.integreat-app.de/ostallgaeu/ro/events/orele-de-consultare-deschise-ale-ghidului-de-locuin\u021be-din-f\u00fcssen-4/", "path": "/ostallgaeu/ro/events/orele-de-consultare-deschise-ale-ghidului-de-locuin\u021be-din-f\u00fcssen-4/"}, "ru": {"id": 307211, "url": "https://admin.integreat-app.de/ostallgaeu/ru/events/\u043e\u0442\u043a\u0440\u044b\u0442\u044b\u0435-\u0447\u0430\u0441\u044b-\u043a\u043e\u043d\u0441\u0443\u043b\u044c\u0442\u0430\u0446\u0438\u0439-\u0441-\u0436\u0438\u043b\u0438\u0449\u043d\u044b\u043c-\u0433\u0438\u0434\u043e\u043c-\u0432-\u0444\u044e\u0441\u0441\u0435\u043d\u0435/", "path": "/ostallgaeu/ru/events/\u043e\u0442\u043a\u0440\u044b\u0442\u044b\u0435-\u0447\u0430\u0441\u044b-\u043a\u043e\u043d\u0441\u0443\u043b\u044c\u0442\u0430\u0446\u0438\u0439-\u0441-\u0436\u0438\u043b\u0438\u0449\u043d\u044b\u043c-\u0433\u0438\u0434\u043e\u043c-\u0432-\u0444\u044e\u0441\u0441\u0435\u043d\u0435/"}, "tr": {"id": 307212, "url": "https://admin.integreat-app.de/ostallgaeu/tr/events/f\u00fcssendeki-konut-rehberinin-a\u00e7\u0131k-dan\u0131\u015fma-saatleri-4/", "path": "/ostallgaeu/tr/events/f\u00fcssendeki-konut-rehberinin-a\u00e7\u0131k-dan\u0131\u015fma-saatleri-4/"}, "uk": {"id": 307213, "url": "https://admin.integreat-app.de/ostallgaeu/uk/events/\u0432\u0456\u0434\u043a\u0440\u0438\u0442\u0456-\u043a\u043e\u043d\u0441\u0443\u043b\u044c\u0442\u0430\u0446\u0456\u0439\u043d\u0456-\u0433\u043e\u0434\u0438\u043d\u0438-\u0436\u0438\u0442\u043b\u043e\u0432\u043e\u0433\u043e-\u0433\u0456\u0434\u0430-\u0443-\u0444\u044e\u0441\u0441\u0435\u043d\u0456-4/", "path": "/ostallgaeu/uk/events/\u0432\u0456\u0434\u043a\u0440\u0438\u0442\u0456-\u043a\u043e\u043d\u0441\u0443\u043b\u044c\u0442\u0430\u0446\u0456\u0439\u043d\u0456-\u0433\u043e\u0434\u0438\u043d\u0438-\u0436\u0438\u0442\u043b\u043e\u0432\u043e\u0433\u043e-\u0433\u0456\u0434\u0430-\u0443-\u0444\u044e\u0441\u0441\u0435\u043d\u0456-4/"}, "ti": {"id": 307214, "url": "https://admin.integreat-app.de/ostallgaeu/ti/events/\u121d\u1235-\u12a3\u121b\u12bb\u122a-\u12a3\u1263\u12ed\u1272-\u12a3\u1265-\u1349\u1230\u1295-\u12ad\u1349\u1275-\u1293\u12ed-\u121d\u121d\u12bd\u12bb\u122d-\u1230\u12d3\u1273\u1275-4/", "path": "/ostallgaeu/ti/events/\u121d\u1235-\u12a3\u121b\u12bb\u122a-\u12a3\u1263\u12ed\u1272-\u12a3\u1265-\u1349\u1230\u1295-\u12ad\u1349\u1275-\u1293\u12ed-\u121d\u121d\u12bd\u12bb\u122d-\u1230\u12d3\u1273\u1275-4/"}}, "thumbnail": "https://admin.integreat-app.de/media/regions/181/2026/02/1770892330_real-estate-6688945_1280.jpg", "location": {"id": 17577, "name": "Franz-Xaver-Seelos-Haus", "address": "Hintere Gasse 7", "town": "F\u00fcssen", "state": null, "postcode": "87629", "region": null, "country": "Deutschland", "latitude": 47.5681619, "longitude": 10.6980712}, "location_path": "/ostallgaeu/de/locations/franz-xaver-seelos-haus/", "meeting_url": null, "event": {"id": 19053, "start": "2026-04-09T14:00:00+02:00", "start_date": "2026-04-09", "start_time": "14:00:00", "end": "2026-04-09T17:00:00+02:00", "end_date": "2026-04-09", "end_time": "17:00:00", "all_day": false, "only_weekdays": false, "recurrence_id": 4045, "timezone": "Europe/Berlin"}, "hash": null, "recurrence_rule": "DTSTART:20260409T120000\nRRULE:FREQ=MONTHLY;INTERVAL=2;UNTIL=20260813T235959;BYDAY=+2TH"}, {"id": 307201, "url": "https://admin.integreat-app.de/ostallgaeu/de/events/offene-sprechstunde-der-wohnungslotsin-im-landratsamt-3/", "path": "/ostallgaeu/de/events/offene-sprechstunde-der-wohnungslotsin-im-landratsamt-3/", "title": "Offene Sprechstunde der Wohnungslotsin im Landratsamt", "modified_gmt": "2026-03-30T07:00:36.566Z", "last_updated": "2026-03-30T09:00:36.566+02:00", "excerpt": "\r\nDie Sprechstunde rund um das Thema Wohnen f\u00fcr gefl\u00fcchtete und zugewanderte Personen findet Donnerstag von 14-17 Uhr \u00a0im Landratsamt bei Frau Andrea Veres (Wohnungslotsin f\u00fcr Zugewanderte im Ostallg\u00e4u) in Zimmer Nummer C129 \u00a0statt.\r\nSie k\u00f6nnen ohne vorherige Terminvereinbarung vorbeikommen, wenn Sie kurze Fragen rund um das Thema Wohnen haben oder kleinere Anliegen schnell kl\u00e4ren m\u00f6chten.Die offene Sprechstunde eignet sich besonders f\u00fcr Themen, die sich in einem kurzen Gespr\u00e4ch besprechen oder unkompliziert erledigen lassen.\r\n\u00a0\r\nF\u00fcr Gefl\u00fcchtete und Zugewanderte: Sie haben eine Anerkennung, leben in einer Asylunterkunft und suchen eine Wohnung?Sie haben Fragen rund ums Wohnen?\r\nF\u00fcr Vermieterinnen und Vermieter: Sie m\u00f6chten an Zugewanderte vermieten oder haben noch Fragen?\r\n\u00a0\r\n", "content": "<div>\r\n<p>Die Sprechstunde rund um das Thema Wohnen f\u00fcr gefl\u00fcchtete und zugewanderte Personen findet Donnerstag von 14-17 Uhr \u00a0im Landratsamt bei <strong>Frau Andrea Veres (Wohnungslotsin f\u00fcr Zugewanderte im Ostallg\u00e4u) in Zimmer Nummer C129 </strong>\u00a0statt.</p>\r\n<p>Sie k\u00f6nnen ohne vorherige Terminvereinbarung vorbeikommen, wenn Sie kurze Fragen rund um das Thema Wohnen haben oder kleinere Anliegen schnell kl\u00e4ren m\u00f6chten.<br>Die offene Sprechstunde eignet sich besonders f\u00fcr Themen, die sich in einem kurzen Gespr\u00e4ch besprechen oder unkompliziert erledigen lassen.</p>\r\n<p>\u00a0</p>\r\n<p><strong>F\u00fcr Gefl\u00fcchtete und Zugewanderte</strong>: Sie haben eine Anerkennung, leben in einer Asylunterkunft und suchen eine Wohnung?<br>Sie haben Fragen rund ums Wohnen?</p>\r\n<p><strong>F\u00fcr Vermieterinnen und Vermieter:</strong> Sie m\u00f6chten an Zugewanderte vermieten oder haben noch Fragen?</p>\r\n<p>\u00a0</p>\r\n</div>", "available_languages": {"hr": {"id": 306727, "url": "https://admin.integreat-app.de/ostallgaeu/hr/events/otvoreni-savjetodavni-sati-s-savjetnikom-za-stanovanje-u-okru\u017enom-uredu-3/", "path": "/ostallgaeu/hr/events/otvoreni-savjetodavni-sati-s-savjetnikom-za-stanovanje-u-okru\u017enom-uredu-3/"}, "en": {"id": 306728, "url": "https://admin.integreat-app.de/ostallgaeu/en/events/open-consultation-hours-for-the-housing-guide-at-the-district-office-3/", "path": "/ostallgaeu/en/events/open-consultation-hours-for-the-housing-guide-at-the-district-office-3/"}, "es": {"id": 306729, "url": "https://admin.integreat-app.de/ostallgaeu/es/events/horario-de-consulta-abierto-para-la-gu\u00eda-de-la-vivienda-en-la-oficina-del-distrito-3/", "path": "/ostallgaeu/es/events/horario-de-consulta-abierto-para-la-gu\u00eda-de-la-vivienda-en-la-oficina-del-distrito-3/"}, "fr": {"id": 306730, "url": "https://admin.integreat-app.de/ostallgaeu/fr/events/heures-de-consultation-ouvertes-de-la-pilote-de-logement-au-landratsamt-3/", "path": "/ostallgaeu/fr/events/heures-de-consultation-ouvertes-de-la-pilote-de-logement-au-landratsamt-3/"}, "ar": {"id": 306731, "url": "https://admin.integreat-app.de/ostallgaeu/ar/events/\u0633\u0627\u0639\u0627\u062a-\u0627\u0644\u0627\u0633\u062a\u0634\u0627\u0631\u0629-\u0627\u0644\u0645\u0641\u062a\u0648\u062d\u0629-\u0644\u062f\u0644\u064a\u0644-\u0627\u0644\u0625\u0633\u0643\u0627\u0646-\u0641\u064a-\u0645\u0643\u062a\u0628-\u0627\u0644\u0645\u0642\u0627\u0637\u0639\u0629-3/", "path": "/ostallgaeu/ar/events/\u0633\u0627\u0639\u0627\u062a-\u0627\u0644\u0627\u0633\u062a\u0634\u0627\u0631\u0629-\u0627\u0644\u0645\u0641\u062a\u0648\u062d\u0629-\u0644\u062f\u0644\u064a\u0644-\u0627\u0644\u0625\u0633\u0643\u0627\u0646-\u0641\u064a-\u0645\u0643\u062a\u0628-\u0627\u0644\u0645\u0642\u0627\u0637\u0639\u0629-3/"}, "fa": {"id": 306732, "url": "https://admin.integreat-app.de/ostallgaeu/fa/events/\u0633\u0627\u0639\u0627\u062a-\u0645\u0634\u0627\u0648\u0631\u0647-\u062d\u0636\u0648\u0631\u06cc-\u0628\u0627-\u0645\u0634\u0627\u0648\u0631-\u0645\u0633\u06a9\u0646-\u062f\u0631-\u062f\u0641\u062a\u0631-\u0645\u0646\u0637\u0642\u0647-3/", "path": "/ostallgaeu/fa/events/\u0633\u0627\u0639\u0627\u062a-\u0645\u0634\u0627\u0648\u0631\u0647-\u062d\u0636\u0648\u0631\u06cc-\u0628\u0627-\u0645\u0634\u0627\u0648\u0631-\u0645\u0633\u06a9\u0646-\u062f\u0631-\u062f\u0641\u062a\u0631-\u0645\u0646\u0637\u0642\u0647-3/"}, "ro": {"id": 306733, "url": "https://admin.integreat-app.de/ostallgaeu/ro/events/orele-de-consultare-deschise-pentru-ghidul-privind-locuin\u021bele-la-biroul-districtual-3/", "path": "/ostallgaeu/ro/events/orele-de-consultare-deschise-pentru-ghidul-privind-locuin\u021bele-la-biroul-districtual-3/"}, "ru": {"id": 306734, "url": "https://admin.integreat-app.de/ostallgaeu/ru/events/\u0447\u0430\u0441\u044b-\u043e\u0442\u043a\u0440\u044b\u0442\u044b\u0445-\u043a\u043e\u043d\u0441\u0443\u043b\u044c\u0442\u0430\u0446\u0438\u0439-\u043f\u043e-\u0436\u0438\u043b\u0438\u0449\u043d\u043e\u043c\u0443-\u0441\u043f\u0440\u0430\u0432\u043e\u0447\u043d\u0438\u043a\u0443-\u0432-\u0440\u0430\u0439\u043e\u043d\u043d\u043e\u043c-\u043e\u0444\u0438\u0441\u0435-3/", "path": "/ostallgaeu/ru/events/\u0447\u0430\u0441\u044b-\u043e\u0442\u043a\u0440\u044b\u0442\u044b\u0445-\u043a\u043e\u043d\u0441\u0443\u043b\u044c\u0442\u0430\u0446\u0438\u0439-\u043f\u043e-\u0436\u0438\u043b\u0438\u0449\u043d\u043e\u043c\u0443-\u0441\u043f\u0440\u0430\u0432\u043e\u0447\u043d\u0438\u043a\u0443-\u0432-\u0440\u0430\u0439\u043e\u043d\u043d\u043e\u043c-\u043e\u0444\u0438\u0441\u0435-3/"}, "tr": {"id": 306735, "url": "https://admin.integreat-app.de/ostallgaeu/tr/events/b\u00f6lge-ofisinde-konut-rehberi-i\u00e7in-a\u00e7\u0131k-dan\u0131\u015fma-saatleri-3/", "path": "/ostallgaeu/tr/events/b\u00f6lge-ofisinde-konut-rehberi-i\u00e7in-a\u00e7\u0131k-dan\u0131\u015fma-saatleri-3/"}, "uk": {"id": 306736, "url": "https://admin.integreat-app.de/ostallgaeu/uk/events/\u0432\u0456\u0434\u043a\u0440\u0438\u0442\u0456-\u043a\u043e\u043d\u0441\u0443\u043b\u044c\u0442\u0430\u0446\u0456\u0439\u043d\u0456-\u0433\u043e\u0434\u0438\u043d\u0438-\u0434\u043b\u044f-\u0436\u0438\u0442\u043b\u043e\u0432\u043e\u0433\u043e-\u0433\u0456\u0434\u0430-\u0432-\u0440\u0430\u0439\u043e\u043d\u043d\u043e\u043c\u0443-\u0443\u043f\u0440\u0430\u0432\u043b\u0456\u043d\u043d\u0456-3/", "path": "/ostallgaeu/uk/events/\u0432\u0456\u0434\u043a\u0440\u0438\u0442\u0456-\u043a\u043e\u043d\u0441\u0443\u043b\u044c\u0442\u0430\u0446\u0456\u0439\u043d\u0456-\u0433\u043e\u0434\u0438\u043d\u0438-\u0434\u043b\u044f-\u0436\u0438\u0442\u043b\u043e\u0432\u043e\u0433\u043e-\u0433\u0456\u0434\u0430-\u0432-\u0440\u0430\u0439\u043e\u043d\u043d\u043e\u043c\u0443-\u0443\u043f\u0440\u0430\u0432\u043b\u0456\u043d\u043d\u0456-3/"}, "ti": {"id": 306737, "url": "https://admin.integreat-app.de/ostallgaeu/ti/events/\u12ad\u1349\u1275-\u1293\u12ed-\u121d\u121d\u12bd\u12bb\u122d-\u1230\u12d3\u1273\u1275-\u121d\u1235-\u12a3\u121b\u12bb\u122a-\u12a3\u1263\u12ed\u1272-\u12a3\u1265-\u1264\u1275-\u1345\u1215\u1348\u1275-\u12c8\u1228\u12f3-3/", "path": "/ostallgaeu/ti/events/\u12ad\u1349\u1275-\u1293\u12ed-\u121d\u121d\u12bd\u12bb\u122d-\u1230\u12d3\u1273\u1275-\u121d\u1235-\u12a3\u121b\u12bb\u122a-\u12a3\u1263\u12ed\u1272-\u12a3\u1265-\u1264\u1275-\u1345\u1215\u1348\u1275-\u12c8\u1228\u12f3-3/"}}, "thumbnail": "https://admin.integreat-app.de/media/regions/181/2026/02/1770892330_real-estate-6688945_1280.jpg", "location": {"id": 143, "name": "Landratsamt Ostallg\u00e4u", "address": "Schwabenstr. 11", "town": "Marktoberdorf", "state": null, "postcode": "87616", "region": null, "country": "Deutschland", "latitude": 47.7822637, "longitude": 10.6161969}, "location_path": "/ostallgaeu/de/locations/landratsamt-ostallgaeu-2/", "meeting_url": null, "event": {"id": 19016, "start": "2026-04-10T14:00:00+02:00", "start_date": "2026-04-10", "start_time": "14:00:00", "end": "2026-04-10T17:00:00+02:00", "end_date": "2026-04-10", "end_time": "17:00:00", "all_day": false, "only_weekdays": false, "recurrence_id": 4035, "timezone": "Europe/Berlin"}, "hash": null, "recurrence_rule": "DTSTART:20260410T120000\nRRULE:FREQ=MONTHLY;BYDAY=+3TH"}, {"id": 317328, "url": "https://admin.integreat-app.de/ostallgaeu/de/events/westafrikanische-trommeln-und-rythmen-mit-paul-a-agbih-im-juze-kaufbeuren/", "path": "/ostallgaeu/de/events/westafrikanische-trommeln-und-rythmen-mit-paul-a-agbih-im-juze-kaufbeuren/", "title": "Westafrikanische Trommeln und Rythmen mit Paul A. Agbih im JuZe Kaufbeuren", "modified_gmt": "2026-04-15T06:14:38.815Z", "last_updated": "2026-04-15T08:14:38.815+02:00", "excerpt": "\r\nWillkommen zur Trommelgruppe!\r\nWestafrikanische Trommeln + Rythmen mit Paul A. Agbih\r\nF\u00fcr alle, die Lust haben auf Rythmus und Trommeln: Reinschnuppern und mitmachen, Trommeln vorhanden.\r\nAb 13. April bis 4. Mai 2026 einmal pro Woche.\r\nTreffpunkt: Montags 18-20 Uhr im JuZe\r\nDer Workshop wird getragen vom AK Asyl KAufbeuren und der Kulturk\u00fcche WahDoh e.V. und ist kostenfrei.\r\n\r\n\u00a0\r\n", "content": "<div>\r\n<p>Willkommen zur Trommelgruppe!</p>\r\n<p>Westafrikanische Trommeln + Rythmen mit Paul A. Agbih</p>\r\n<p>F\u00fcr alle, die Lust haben auf Rythmus und Trommeln: Reinschnuppern und mitmachen, Trommeln vorhanden.</p>\r\n<p>Ab 13. April bis 4. Mai 2026 einmal pro Woche.</p>\r\n<p>Treffpunkt: Montags 18-20 Uhr im JuZe</p>\r\n<p>Der Workshop wird getragen vom AK Asyl KAufbeuren und der Kulturk\u00fcche WahDoh e.V. und ist kostenfrei.</p>\r\n<p><a tabindex=\"-1\" href=\"https://admin.integreat-app.de/media/regions/181/2026/04/1776233242_trommelgruppe.jpg\" aria-hidden=\"true\"><img src=\"https://admin.integreat-app.de/media/regions/181/2026/04/1776233242_trommelgruppe.jpg\" alt=\"\"></a></p>\r\n<p>\u00a0</p>\r\n</div>", "available_languages": {"hr": {"id": 317329, "url": "https://admin.integreat-app.de/ostallgaeu/hr/events/zapadnoafri\u010dki-bubnjevi-i-ritmovi-s-paulom-a-agbihom-u-juze-kaufbeurenu/", "path": "/ostallgaeu/hr/events/zapadnoafri\u010dki-bubnjevi-i-ritmovi-s-paulom-a-agbihom-u-juze-kaufbeurenu/"}, "en": {"id": 317330, "url": "https://admin.integreat-app.de/ostallgaeu/en/events/west-african-drums-and-rhythms-with-paul-a-agbih-at-juze-kaufbeuren/", "path": "/ostallgaeu/en/events/west-african-drums-and-rhythms-with-paul-a-agbih-at-juze-kaufbeuren/"}, "es": {"id": 317331, "url": "https://admin.integreat-app.de/ostallgaeu/es/events/tambores-y-ritmos-de-\u00e1frica-occidental-con-paul-a-agbih-en-juze-kaufbeuren/", "path": "/ostallgaeu/es/events/tambores-y-ritmos-de-\u00e1frica-occidental-con-paul-a-agbih-en-juze-kaufbeuren/"}, "fr": {"id": 317332, "url": "https://admin.integreat-app.de/ostallgaeu/fr/events/tambours-et-rythmes-dafrique-de-louest-avec-paul-a-agbih-au-juze-de-kaufbeuren/", "path": "/ostallgaeu/fr/events/tambours-et-rythmes-dafrique-de-louest-avec-paul-a-agbih-au-juze-de-kaufbeuren/"}, "ar": {"id": 317333, "url": "https://admin.integreat-app.de/ostallgaeu/ar/events/\u0637\u0628\u0648\u0644-\u0648\u0625\u064a\u0642\u0627\u0639\u0627\u062a-\u063a\u0631\u0628-\u0623\u0641\u0631\u064a\u0642\u064a\u0627-\u0645\u0639-\u0628\u0648\u0644-\u0623-\u0623\u063a\u0628\u064a\u0647-\u0641\u064a-\u062c\u0648\u0632\u064a-\u0643\u0648\u0641\u0628\u064a\u0631\u064a\u0646/", "path": "/ostallgaeu/ar/events/\u0637\u0628\u0648\u0644-\u0648\u0625\u064a\u0642\u0627\u0639\u0627\u062a-\u063a\u0631\u0628-\u0623\u0641\u0631\u064a\u0642\u064a\u0627-\u0645\u0639-\u0628\u0648\u0644-\u0623-\u0623\u063a\u0628\u064a\u0647-\u0641\u064a-\u062c\u0648\u0632\u064a-\u0643\u0648\u0641\u0628\u064a\u0631\u064a\u0646/"}, "fa": {"id": 317334, "url": "https://admin.integreat-app.de/ostallgaeu/fa/events/\u062f\u0631\u0627\u0645\u0647\u0627-\u0648-\u0631\u06cc\u062a\u0645\u0647\u0627\u06cc-\u063a\u0631\u0628-\u0622\u0641\u0631\u06cc\u0642\u0627-\u0628\u0627-\u067e\u0644-\u0627\u06cc-\u0622\u06af\u0628\u06cc-\u062f\u0631-\u06cc\u0648\u0632\u0647-\u06a9\u0627\u0641\u0628\u0648\u0631\u0646/", "path": "/ostallgaeu/fa/events/\u062f\u0631\u0627\u0645\u0647\u0627-\u0648-\u0631\u06cc\u062a\u0645\u0647\u0627\u06cc-\u063a\u0631\u0628-\u0622\u0641\u0631\u06cc\u0642\u0627-\u0628\u0627-\u067e\u0644-\u0627\u06cc-\u0622\u06af\u0628\u06cc-\u062f\u0631-\u06cc\u0648\u0632\u0647-\u06a9\u0627\u0641\u0628\u0648\u0631\u0646/"}, "ro": {"id": 317335, "url": "https://admin.integreat-app.de/ostallgaeu/ro/events/tobe-\u0219i-ritmuri-vest-africane-cu-paul-a-agbih-la-juze-kaufbeuren/", "path": "/ostallgaeu/ro/events/tobe-\u0219i-ritmuri-vest-africane-cu-paul-a-agbih-la-juze-kaufbeuren/"}, "ru": {"id": 317336, "url": "https://admin.integreat-app.de/ostallgaeu/ru/events/\u0437\u0430\u043f\u0430\u0434\u043d\u043e\u0430\u0444\u0440\u0438\u043a\u0430\u043d\u0441\u043a\u0438\u0435-\u0431\u0430\u0440\u0430\u0431\u0430\u043d\u044b-\u0438-\u0440\u0438\u0442\u043c\u044b-\u0441-\u043f\u043e\u043b\u043e\u043c-\u0430-\u0430\u0433\u0431\u0438\u0445\u043e\u043c-\u0432-juze-kaufbeuren/", "path": "/ostallgaeu/ru/events/\u0437\u0430\u043f\u0430\u0434\u043d\u043e\u0430\u0444\u0440\u0438\u043a\u0430\u043d\u0441\u043a\u0438\u0435-\u0431\u0430\u0440\u0430\u0431\u0430\u043d\u044b-\u0438-\u0440\u0438\u0442\u043c\u044b-\u0441-\u043f\u043e\u043b\u043e\u043c-\u0430-\u0430\u0433\u0431\u0438\u0445\u043e\u043c-\u0432-juze-kaufbeuren/"}, "tr": {"id": 317337, "url": "https://admin.integreat-app.de/ostallgaeu/tr/events/juze-kaufbeurende-paul-a-agbih-ile-bat\u0131-afrika-davullar\u0131-ve-ritimleri/", "path": "/ostallgaeu/tr/events/juze-kaufbeurende-paul-a-agbih-ile-bat\u0131-afrika-davullar\u0131-ve-ritimleri/"}, "uk": {"id": 317338, "url": "https://admin.integreat-app.de/ostallgaeu/uk/events/\u0437\u0430\u0445\u0456\u0434\u043d\u043e\u0430\u0444\u0440\u0438\u043a\u0430\u043d\u0441\u044c\u043a\u0456-\u0431\u0430\u0440\u0430\u0431\u0430\u043d\u0438-\u0442\u0430-\u0440\u0438\u0442\u043c\u0438-\u0437-\u043f\u043e\u043b\u043e\u043c-\u0430-\u0430\u0433\u0431\u0456\u0445\u043e\u043c-\u0443-juze-kaufbeuren/", "path": "/ostallgaeu/uk/events/\u0437\u0430\u0445\u0456\u0434\u043d\u043e\u0430\u0444\u0440\u0438\u043a\u0430\u043d\u0441\u044c\u043a\u0456-\u0431\u0430\u0440\u0430\u0431\u0430\u043d\u0438-\u0442\u0430-\u0440\u0438\u0442\u043c\u0438-\u0437-\u043f\u043e\u043b\u043e\u043c-\u0430-\u0430\u0433\u0431\u0456\u0445\u043e\u043c-\u0443-juze-kaufbeuren/"}, "ti": {"id": 317339, "url": "https://admin.integreat-app.de/ostallgaeu/ti/events/\u12a8\u1260\u122e\u1295-\u1205\u122d\u1218\u1275\u1295-\u121d\u12d5\u122b\u1265-\u12a3\u134d\u122a\u1243-\u121d\u1235-\u1356\u120d-\u12a4-\u12a3\u130d\u1262\u1205-\u12a3\u1265-juze-kaufbeuren/", "path": "/ostallgaeu/ti/events/\u12a8\u1260\u122e\u1295-\u1205\u122d\u1218\u1275\u1295-\u121d\u12d5\u122b\u1265-\u12a3\u134d\u122a\u1243-\u121d\u1235-\u1356\u120d-\u12a4-\u12a3\u130d\u1262\u1205-\u12a3\u1265-juze-kaufbeuren/"}}, "thumbnail": "https://admin.integreat-app.de/media/regions/181/2026/04/1776233242_trommelgruppe.jpg", "location": {"id": 14761, "name": "JuZe Kaufbeuren", "address": "Hauberrisserstra\u00dfe 8", "town": "Kaufbeuren", "state": null, "postcode": "87600", "region": null, "country": "Deutschland", "latitude": 47.878219599999994, "longitude": 10.62329730710109}, "location_path": "/ostallgaeu/de/locations/juze-kaufbeuren-3/", "meeting_url": null, "event": {"id": 19553, "start": "2026-04-20T18:00:00+02:00", "start_date": "2026-04-20", "start_time": "18:00:00", "end": "2026-04-20T20:00:00+02:00", "end_date": "2026-04-20", "end_time": "20:00:00", "all_day": false, "only_weekdays": false, "recurrence_id": 4087, "timezone": "Europe/Berlin"}, "hash": null, "recurrence_rule": "DTSTART:20260420T160000\nRRULE:FREQ=WEEKLY;UNTIL=20260504T235959;BYDAY=MO"}, {"id": 306553, "url": "https://admin.integreat-app.de/ostallgaeu/de/events/online-fortbildung-radikalisierung-und-flucht/", "path": "/ostallgaeu/de/events/online-fortbildung-radikalisierung-und-flucht/", "title": "Online-Fortbildung: Radikalisierung und Flucht", "modified_gmt": "2026-03-27T09:06:59.458Z", "last_updated": "2026-03-27T10:06:59.458+01:00", "excerpt": "Radikalisierung beginnt h\u00e4ufig schleichend \u2013 im pers\u00f6nlichen Umfeld, online oder im Kontext von Fluchterfahrungen. F\u00fcr Fachkr\u00e4fte in Schule, Jugendarbeit und Gefl\u00fcchtetenarbeit stellt sich daher oft die Frage: Wie lassen sich Radikalisierungsprozesse fr\u00fchzeitig erkennen und pr\u00e4ventiv handeln? Genau hier setzt diese praxisnahe Online-Fortbildung an.\r\nAnmeldung:\u00a0hier.", "content": "<div><p>Radikalisierung beginnt h\u00e4ufig schleichend \u2013 im pers\u00f6nlichen Umfeld, online oder im Kontext von Fluchterfahrungen. F\u00fcr Fachkr\u00e4fte in Schule, Jugendarbeit und Gefl\u00fcchtetenarbeit stellt sich daher oft die Frage: Wie lassen sich Radikalisierungsprozesse fr\u00fchzeitig erkennen und pr\u00e4ventiv handeln? Genau hier setzt diese praxisnahe Online-Fortbildung an.</p>\r\n<p>Anmeldung:\u00a0<a href=\"https://eveeno.com/185792120\" class=\"link-external\">hier.</a></p></div>", "available_languages": {"hr": {"id": null, "url": "https://admin.integreat-app.de/ostallgaeu/hr/events/online-fortbildung-radikalisierung-und-flucht/", "path": "/ostallgaeu/hr/events/online-fortbildung-radikalisierung-und-flucht/"}, "en": {"id": null, "url": "https://admin.integreat-app.de/ostallgaeu/en/events/online-fortbildung-radikalisierung-und-flucht/", "path": "/ostallgaeu/en/events/online-fortbildung-radikalisierung-und-flucht/"}, "es": {"id": null, "url": "https://admin.integreat-app.de/ostallgaeu/es/events/online-fortbildung-radikalisierung-und-flucht/", "path": "/ostallgaeu/es/events/online-fortbildung-radikalisierung-und-flucht/"}, "fr": {"id": null, "url": "https://admin.integreat-app.de/ostallgaeu/fr/events/online-fortbildung-radikalisierung-und-flucht/", "path": "/ostallgaeu/fr/events/online-fortbildung-radikalisierung-und-flucht/"}, "ar": {"id": null, "url": "https://admin.integreat-app.de/ostallgaeu/ar/events/online-fortbildung-radikalisierung-und-flucht/", "path": "/ostallgaeu/ar/events/online-fortbildung-radikalisierung-und-flucht/"}, "fa": {"id": null, "url": "https://admin.integreat-app.de/ostallgaeu/fa/events/online-fortbildung-radikalisierung-und-flucht/", "path": "/ostallgaeu/fa/events/online-fortbildung-radikalisierung-und-flucht/"}, "ro": {"id": null, "url": "https://admin.integreat-app.de/ostallgaeu/ro/events/online-fortbildung-radikalisierung-und-flucht/", "path": "/ostallgaeu/ro/events/online-fortbildung-radikalisierung-und-flucht/"}, "ru": {"id": null, "url": "https://admin.integreat-app.de/ostallgaeu/ru/events/online-fortbildung-radikalisierung-und-flucht/", "path": "/ostallgaeu/ru/events/online-fortbildung-radikalisierung-und-flucht/"}, "tr": {"id": null, "url": "https://admin.integreat-app.de/ostallgaeu/tr/events/online-fortbildung-radikalisierung-und-flucht/", "path": "/ostallgaeu/tr/events/online-fortbildung-radikalisierung-und-flucht/"}, "uk": {"id": null, "url": "https://admin.integreat-app.de/ostallgaeu/uk/events/online-fortbildung-radikalisierung-und-flucht/", "path": "/ostallgaeu/uk/events/online-fortbildung-radikalisierung-und-flucht/"}, "ti": {"id": null, "url": "https://admin.integreat-app.de/ostallgaeu/ti/events/online-fortbildung-radikalisierung-und-flucht/", "path": "/ostallgaeu/ti/events/online-fortbildung-radikalisierung-und-flucht/"}}, "thumbnail": "https://admin.integreat-app.de/media/regions/181/2017/11/internet17.png", "location": {"id": null, "name": null, "address": null, "town": null, "state": null, "postcode": null, "region": null, "country": null, "latitude": null, "longitude": null}, "location_path": null, "meeting_url": null, "event": {"id": 19002, "start": "2026-04-27T10:00:00+02:00", "start_date": "2026-04-27", "start_time": "10:00:00", "end": "2026-04-27T13:00:00+02:00", "end_date": "2026-04-27", "end_time": "13:00:00", "all_day": false, "only_weekdays": false, "recurrence_id": null, "timezone": "Europe/Berlin"}, "hash": null, "recurrence_rule": null}, {"id": 306568, "url": "https://admin.integreat-app.de/ostallgaeu/de/events/online-mittagsinput-f\u00fcr-fachpersonen-sicher-begleiten-kompetent-handeln-umgang-mit-suizidalit\u00e4t/", "path": "/ostallgaeu/de/events/online-mittagsinput-f\u00fcr-fachpersonen-sicher-begleiten-kompetent-handeln-umgang-mit-suizidalit\u00e4t/", "title": "Online-Mittagsinput f\u00fcr Fachpersonen \"Sicher begleiten - kompetent handeln: Umgang mit Suizidalit\u00e4t\"", "modified_gmt": "2026-03-27T09:31:37.129Z", "last_updated": "2026-03-27T10:31:37.129+01:00", "excerpt": "Der professionelle Umgang mit suizidalen Krisen geh\u00f6rt zu den anspruchsvollsten Aufgaben in unserem Arbeitsfeld. Um Sie in dieser wichtigen Verantwortung zu st\u00e4rken, l\u00e4dt das Regionale Netzwerk Suizidpr\u00e4vention Sie herzlich zu unserem neuen monatlichen OnlineMittags-Input ein. Seit Januar 2026 an jedem letzten Montag (Werktag) im Monat, jeweils von 12:30 bis 13:00 Uhr, erwarten Sie kurze, kompakte Inputs zu zentralen Themen rund um die Suizidpr\u00e4vention und den Umgang mit suizidalen Menschen. Die Sessions bieten praxisrelevante Impulse, aktuelle Erkenntnisse und Anregungen f\u00fcr eine sichere, professionelle und zugleich empathische Haltung im Alltag. Die Reihe eignet sich f\u00fcr alle Fachpersonen, die ihre Handlungssicherheit im Umgang mit suizidalen Menschen erweitern und ihr Wissen auffrischen m\u00f6chten \u2013 ganz unkompliziert in der Mittagspause.\r\n26.1.26 \u201eMythen rund um Suizid und Suizidalit\u00e4t\u201c N. Ellinger, M\u00fcnchner Insel23.2.26 \u201eMotive der Suizidalit\u00e4t und warum sie wichtig sind?\u201c U. Wegner, Die Arche e.V., M\u00fcnchen23.3.26 \u201eDas Hilfe-Netzwerk f\u00fcr Menschen in suizidalen Krisen und ihre Angeh\u00f6rigen\u201c A. Woyde, Krisendienst Psychiatrie Oberbayern27.4.26 \u201eBesonderheiten der Suizidalit\u00e4t bei Jugendlichen\u201c S. Bornh\u00e4user, Ev. Telefonseelsorge M\u00fcnchen18.5.26 \u201eGespr\u00e4chsf\u00fchrung bei Suizidalit\u00e4t\u201c E. Bauer, M\u00fcnchner Insel29.6.26 \u201eDer Krisenkompass der TelefonSeesorge \u2013 eine App f\u00fcr Krisensituationen\u201c A. Fischhold, Katholische Telefonseelsorge (Die Zahl der Teilnehmenden ist auf 300 Personen begrenzt)\r\nHier finden Sie den Zugang zum Meeting.", "content": "<div><p>Der professionelle Umgang mit suizidalen Krisen geh\u00f6rt zu den anspruchsvollsten Aufgaben in unserem Arbeitsfeld. Um Sie in dieser wichtigen Verantwortung zu st\u00e4rken, l\u00e4dt das Regionale Netzwerk Suizidpr\u00e4vention Sie herzlich zu unserem neuen monatlichen OnlineMittags-Input ein. Seit Januar 2026 an jedem letzten Montag (Werktag) im Monat, jeweils von 12:30 bis 13:00 Uhr, erwarten Sie kurze, kompakte Inputs zu zentralen Themen rund um die Suizidpr\u00e4vention und den Umgang mit suizidalen Menschen. Die Sessions bieten praxisrelevante Impulse, aktuelle Erkenntnisse und Anregungen f\u00fcr eine sichere, professionelle und zugleich empathische Haltung im Alltag. Die Reihe eignet sich f\u00fcr alle Fachpersonen, die ihre Handlungssicherheit im Umgang mit suizidalen Menschen erweitern und ihr Wissen auffrischen m\u00f6chten \u2013 ganz unkompliziert in der Mittagspause.</p>\r\n<p>26.1.26 \u201eMythen rund um Suizid und Suizidalit\u00e4t\u201c N. Ellinger, M\u00fcnchner Insel<br>23.2.26 \u201eMotive der Suizidalit\u00e4t und warum sie wichtig sind?\u201c U. Wegner, Die Arche e.V., M\u00fcnchen<br>23.3.26 \u201eDas Hilfe-Netzwerk f\u00fcr Menschen in suizidalen Krisen und ihre Angeh\u00f6rigen\u201c A. Woyde, Krisendienst Psychiatrie Oberbayern<br>27.4.26 \u201eBesonderheiten der Suizidalit\u00e4t bei Jugendlichen\u201c S. Bornh\u00e4user, Ev. Telefonseelsorge M\u00fcnchen<br>18.5.26 \u201eGespr\u00e4chsf\u00fchrung bei Suizidalit\u00e4t\u201c E. Bauer, M\u00fcnchner Insel<br>29.6.26 \u201eDer Krisenkompass der TelefonSeesorge \u2013 eine App f\u00fcr Krisensituationen\u201c A. Fischhold, Katholische Telefonseelsorge (Die Zahl der Teilnehmenden ist auf 300 Personen begrenzt)</p>\r\n<p><br><a href=\"https://ksh-m.zoom.us/j/66219225317?pwd=V1dSLbImaY4Jzz6dLDUmxwdY8Ql5H5.1%20Meeting-ID:%20662%201922%205317#success\" class=\"link-external\"><img style=\"width: 15px; height: 15px;\" src=\"https://admin.integreat-app.de/static/svg/www.svg\" alt=\"Link zur Webseite\">Hier</a> finden Sie den Zugang zum Meeting.</p></div>", "available_languages": {"hr": {"id": null, "url": "https://admin.integreat-app.de/ostallgaeu/hr/events/online-mittagsinput-f\u00fcr-fachpersonen-sicher-begleiten-kompetent-handeln-umgang-mit-suizidalit\u00e4t/", "path": "/ostallgaeu/hr/events/online-mittagsinput-f\u00fcr-fachpersonen-sicher-begleiten-kompetent-handeln-umgang-mit-suizidalit\u00e4t/"}, "en": {"id": null, "url": "https://admin.integreat-app.de/ostallgaeu/en/events/online-mittagsinput-f\u00fcr-fachpersonen-sicher-begleiten-kompetent-handeln-umgang-mit-suizidalit\u00e4t/", "path": "/ostallgaeu/en/events/online-mittagsinput-f\u00fcr-fachpersonen-sicher-begleiten-kompetent-handeln-umgang-mit-suizidalit\u00e4t/"}, "es": {"id": null, "url": "https://admin.integreat-app.de/ostallgaeu/es/events/online-mittagsinput-f\u00fcr-fachpersonen-sicher-begleiten-kompetent-handeln-umgang-mit-suizidalit\u00e4t/", "path": "/ostallgaeu/es/events/online-mittagsinput-f\u00fcr-fachpersonen-sicher-begleiten-kompetent-handeln-umgang-mit-suizidalit\u00e4t/"}, "fr": {"id": null, "url": "https://admin.integreat-app.de/ostallgaeu/fr/events/online-mittagsinput-f\u00fcr-fachpersonen-sicher-begleiten-kompetent-handeln-umgang-mit-suizidalit\u00e4t/", "path": "/ostallgaeu/fr/events/online-mittagsinput-f\u00fcr-fachpersonen-sicher-begleiten-kompetent-handeln-umgang-mit-suizidalit\u00e4t/"}, "ar": {"id": null, "url": "https://admin.integreat-app.de/ostallgaeu/ar/events/online-mittagsinput-f\u00fcr-fachpersonen-sicher-begleiten-kompetent-handeln-umgang-mit-suizidalit\u00e4t/", "path": "/ostallgaeu/ar/events/online-mittagsinput-f\u00fcr-fachpersonen-sicher-begleiten-kompetent-handeln-umgang-mit-suizidalit\u00e4t/"}, "fa": {"id": null, "url": "https://admin.integreat-app.de/ostallgaeu/fa/events/online-mittagsinput-f\u00fcr-fachpersonen-sicher-begleiten-kompetent-handeln-umgang-mit-suizidalit\u00e4t/", "path": "/ostallgaeu/fa/events/online-mittagsinput-f\u00fcr-fachpersonen-sicher-begleiten-kompetent-handeln-umgang-mit-suizidalit\u00e4t/"}, "ro": {"id": null, "url": "https://admin.integreat-app.de/ostallgaeu/ro/events/online-mittagsinput-f\u00fcr-fachpersonen-sicher-begleiten-kompetent-handeln-umgang-mit-suizidalit\u00e4t/", "path": "/ostallgaeu/ro/events/online-mittagsinput-f\u00fcr-fachpersonen-sicher-begleiten-kompetent-handeln-umgang-mit-suizidalit\u00e4t/"}, "ru": {"id": null, "url": "https://admin.integreat-app.de/ostallgaeu/ru/events/online-mittagsinput-f\u00fcr-fachpersonen-sicher-begleiten-kompetent-handeln-umgang-mit-suizidalit\u00e4t/", "path": "/ostallgaeu/ru/events/online-mittagsinput-f\u00fcr-fachpersonen-sicher-begleiten-kompetent-handeln-umgang-mit-suizidalit\u00e4t/"}, "tr": {"id": null, "url": "https://admin.integreat-app.de/ostallgaeu/tr/events/online-mittagsinput-f\u00fcr-fachpersonen-sicher-begleiten-kompetent-handeln-umgang-mit-suizidalit\u00e4t/", "path": "/ostallgaeu/tr/events/online-mittagsinput-f\u00fcr-fachpersonen-sicher-begleiten-kompetent-handeln-umgang-mit-suizidalit\u00e4t/"}, "uk": {"id": null, "url": "https://admin.integreat-app.de/ostallgaeu/uk/events/online-mittagsinput-f\u00fcr-fachpersonen-sicher-begleiten-kompetent-handeln-umgang-mit-suizidalit\u00e4t/", "path": "/ostallgaeu/uk/events/online-mittagsinput-f\u00fcr-fachpersonen-sicher-begleiten-kompetent-handeln-umgang-mit-suizidalit\u00e4t/"}, "ti": {"id": null, "url": "https://admin.integreat-app.de/ostallgaeu/ti/events/online-mittagsinput-f\u00fcr-fachpersonen-sicher-begleiten-kompetent-handeln-umgang-mit-suizidalit\u00e4t/", "path": "/ostallgaeu/ti/events/online-mittagsinput-f\u00fcr-fachpersonen-sicher-begleiten-kompetent-handeln-umgang-mit-suizidalit\u00e4t/"}}, "thumbnail": "https://admin.integreat-app.de/media/regions/181/2017/11/internet17.png", "location": {"id": null, "name": null, "address": null, "town": null, "state": null, "postcode": null, "region": null, "country": null, "latitude": null, "longitude": null}, "location_path": null, "meeting_url": null, "event": {"id": 19005, "start": "2026-04-27T12:30:00+02:00", "start_date": "2026-04-27", "start_time": "12:30:00", "end": "2026-04-27T13:00:00+02:00", "end_date": "2026-04-27", "end_time": "13:00:00", "all_day": false, "only_weekdays": false, "recurrence_id": 4028, "timezone": "Europe/Berlin"}, "hash": null, "recurrence_rule": "DTSTART:20260427T103000\nRRULE:FREQ=MONTHLY;UNTIL=20260629T235959;BYDAY=-1MO"}, {"id": 312466, "url": "https://admin.integreat-app.de/ostallgaeu/de/events/online-fortbildung-ehrenamtlich-in-der-gefl\u00fcchtetenhilfe-alltagsnaher-deutschunterricht-praxisnahe-impulse-f\u00fcr-ehrenamtlich-engagierte/", "path": "/ostallgaeu/de/events/online-fortbildung-ehrenamtlich-in-der-gefl\u00fcchtetenhilfe-alltagsnaher-deutschunterricht-praxisnahe-impulse-f\u00fcr-ehrenamtlich-engagierte/", "title": "Online-Fortbildung: Ehrenamtlich in der Gefl\u00fcchtetenhilfe | Alltagsnaher Deutschunterricht \u2013 praxisnahe Impulse f\u00fcr ehrenamtlich Engagierte", "modified_gmt": "2026-04-09T08:27:58.064Z", "last_updated": "2026-04-09T10:27:58.064+02:00", "excerpt": "Datum: 27./28. April 2026Ort: ZoomSchwerpunkt: Deutschvermittlung &amp; Beh\u00f6rdenIn dieser Fortbildung erhalten Sie praxisnahe Impulse, um Ihre ehrenamtliche Arbeit in der Sprachf\u00f6rderung optimal zu gestalten. Wir bieten Ihnen vertiefte Einblicke in zwei zentrale Themenbereiche, die speziell auf die Herausforderungen und Bed\u00fcrfnisse Ihrer T\u00e4tigkeit abgestimmt sind:\r\n\r\nAlltagsnaher Deutschunterricht \u2013 praxisnahe Impulse f\u00fcr ehrenamtlich EngagierteDr. Elena Waggershauser zeigt, wie ehrenamtlicher Deutschunterricht alltagsnah, praxisorientiert und motivierend gestaltet werden kann.\r\nFormulare und Beh\u00f6rden \u2013 eine Orientierung f\u00fcr ehrenamtliche Unterst\u00fctzer:innenUte Haas zeigt, wie ehrenamtliche Engagierte im \u201eBeh\u00f6rden-Dschungel\u201c unterst\u00fctzend begleiten k\u00f6nnen \u2013 st\u00e4rkend, alltagsnah und mit klaren Grenzen.\r\n\r\nDiese Veranstaltung ist f\u00fcr Sie kostenfrei und ein Teil unseres Qualifizierungsprogramms \u201cKompetente Sprachbegleitung von Gefl\u00fcchteten\u201c. Selbstverst\u00e4ndlich ist eine Teilnahme auch unabh\u00e4ngig des Qualifizierungsprogramms jederzeit m\u00f6glich.\r\n\u00a0Vorl\u00e4ufige AgendaMontag, 27. April 2026, 17:30 Uhr \u2013 20:30 Uhr\u201cAlltagsnaher Deutschunterricht \u2013 praxisnahe Impulse f\u00fcr ehrenamtlich Engagierte\u201d (Elena Waggershauser)Dienstag, 28. April 202617:30 Uhr \u2013 20:30 Uhr\u201cFormulare und Beh\u00f6rden \u2013 eine Orientierung f\u00fcr ehrenamtliche Unterst\u00fctzer:innen\u201d (Ute Haas)\r\n\u00a0\r\n\r\nAnmeldung hier.\r\n", "content": "<div><p>Datum: 27./28. April 2026<br>Ort: Zoom<br>Schwerpunkt: Deutschvermittlung &amp; Beh\u00f6rden<br>In dieser Fortbildung erhalten Sie praxisnahe Impulse, um Ihre ehrenamtliche Arbeit in der Sprachf\u00f6rderung optimal zu gestalten. Wir bieten Ihnen vertiefte Einblicke in zwei zentrale Themenbereiche, die speziell auf die Herausforderungen und Bed\u00fcrfnisse Ihrer T\u00e4tigkeit abgestimmt sind:</p>\r\n<ul>\r\n<li>Alltagsnaher Deutschunterricht \u2013 praxisnahe Impulse f\u00fcr ehrenamtlich Engagierte<br>Dr. Elena Waggershauser zeigt, wie ehrenamtlicher Deutschunterricht alltagsnah, praxisorientiert und motivierend gestaltet werden kann.</li>\r\n<li>Formulare und Beh\u00f6rden \u2013 eine Orientierung f\u00fcr ehrenamtliche Unterst\u00fctzer:innen<br>Ute Haas zeigt, wie ehrenamtliche Engagierte im \u201eBeh\u00f6rden-Dschungel\u201c unterst\u00fctzend begleiten k\u00f6nnen \u2013 st\u00e4rkend, alltagsnah und mit klaren Grenzen.</li>\r\n</ul>\r\n<p>Diese Veranstaltung ist f\u00fcr Sie kostenfrei und ein Teil unseres Qualifizierungsprogramms \u201cKompetente Sprachbegleitung von Gefl\u00fcchteten\u201c. Selbstverst\u00e4ndlich ist eine Teilnahme auch unabh\u00e4ngig des Qualifizierungsprogramms jederzeit m\u00f6glich.</p>\r\n<p>\u00a0<br>Vorl\u00e4ufige Agenda<br>Montag, 27. April 2026, 17:30 Uhr \u2013 20:30 Uhr<br>\u201cAlltagsnaher Deutschunterricht \u2013 praxisnahe Impulse f\u00fcr ehrenamtlich Engagierte\u201d (Elena Waggershauser)<br>Dienstag, 28. April 2026<br>17:30 Uhr \u2013 20:30 Uhr<br>\u201cFormulare und Beh\u00f6rden \u2013 eine Orientierung f\u00fcr ehrenamtliche Unterst\u00fctzer:innen\u201d (Ute Haas)</p>\r\n<p>\u00a0</p>\r\n<a href=\"https://lagfa-bayern.de/veranstaltungen/fortbildung-ehrenamtlich-in-der-gefluechtetenhilfe-deutsch-und-behoerden/\" class=\"link-external\">\r\n<p>Anmeldung hier.</p>\r\n</a></div>", "available_languages": {"hr": {"id": null, "url": "https://admin.integreat-app.de/ostallgaeu/hr/events/online-fortbildung-ehrenamtlich-in-der-gefl\u00fcchtetenhilfe-alltagsnaher-deutschunterricht-praxisnahe-impulse-f\u00fcr-ehrenamtlich-engagierte/", "path": "/ostallgaeu/hr/events/online-fortbildung-ehrenamtlich-in-der-gefl\u00fcchtetenhilfe-alltagsnaher-deutschunterricht-praxisnahe-impulse-f\u00fcr-ehrenamtlich-engagierte/"}, "en": {"id": null, "url": "https://admin.integreat-app.de/ostallgaeu/en/events/online-fortbildung-ehrenamtlich-in-der-gefl\u00fcchtetenhilfe-alltagsnaher-deutschunterricht-praxisnahe-impulse-f\u00fcr-ehrenamtlich-engagierte/", "path": "/ostallgaeu/en/events/online-fortbildung-ehrenamtlich-in-der-gefl\u00fcchtetenhilfe-alltagsnaher-deutschunterricht-praxisnahe-impulse-f\u00fcr-ehrenamtlich-engagierte/"}, "es": {"id": null, "url": "https://admin.integreat-app.de/ostallgaeu/es/events/online-fortbildung-ehrenamtlich-in-der-gefl\u00fcchtetenhilfe-alltagsnaher-deutschunterricht-praxisnahe-impulse-f\u00fcr-ehrenamtlich-engagierte/", "path": "/ostallgaeu/es/events/online-fortbildung-ehrenamtlich-in-der-gefl\u00fcchtetenhilfe-alltagsnaher-deutschunterricht-praxisnahe-impulse-f\u00fcr-ehrenamtlich-engagierte/"}, "fr": {"id": null, "url": "https://admin.integreat-app.de/ostallgaeu/fr/events/online-fortbildung-ehrenamtlich-in-der-gefl\u00fcchtetenhilfe-alltagsnaher-deutschunterricht-praxisnahe-impulse-f\u00fcr-ehrenamtlich-engagierte/", "path": "/ostallgaeu/fr/events/online-fortbildung-ehrenamtlich-in-der-gefl\u00fcchtetenhilfe-alltagsnaher-deutschunterricht-praxisnahe-impulse-f\u00fcr-ehrenamtlich-engagierte/"}, "ar": {"id": null, "url": "https://admin.integreat-app.de/ostallgaeu/ar/events/online-fortbildung-ehrenamtlich-in-der-gefl\u00fcchtetenhilfe-alltagsnaher-deutschunterricht-praxisnahe-impulse-f\u00fcr-ehrenamtlich-engagierte/", "path": "/ostallgaeu/ar/events/online-fortbildung-ehrenamtlich-in-der-gefl\u00fcchtetenhilfe-alltagsnaher-deutschunterricht-praxisnahe-impulse-f\u00fcr-ehrenamtlich-engagierte/"}, "fa": {"id": null, "url": "https://admin.integreat-app.de/ostallgaeu/fa/events/online-fortbildung-ehrenamtlich-in-der-gefl\u00fcchtetenhilfe-alltagsnaher-deutschunterricht-praxisnahe-impulse-f\u00fcr-ehrenamtlich-engagierte/", "path": "/ostallgaeu/fa/events/online-fortbildung-ehrenamtlich-in-der-gefl\u00fcchtetenhilfe-alltagsnaher-deutschunterricht-praxisnahe-impulse-f\u00fcr-ehrenamtlich-engagierte/"}, "ro": {"id": null, "url": "https://admin.integreat-app.de/ostallgaeu/ro/events/online-fortbildung-ehrenamtlich-in-der-gefl\u00fcchtetenhilfe-alltagsnaher-deutschunterricht-praxisnahe-impulse-f\u00fcr-ehrenamtlich-engagierte/", "path": "/ostallgaeu/ro/events/online-fortbildung-ehrenamtlich-in-der-gefl\u00fcchtetenhilfe-alltagsnaher-deutschunterricht-praxisnahe-impulse-f\u00fcr-ehrenamtlich-engagierte/"}, "ru": {"id": null, "url": "https://admin.integreat-app.de/ostallgaeu/ru/events/online-fortbildung-ehrenamtlich-in-der-gefl\u00fcchtetenhilfe-alltagsnaher-deutschunterricht-praxisnahe-impulse-f\u00fcr-ehrenamtlich-engagierte/", "path": "/ostallgaeu/ru/events/online-fortbildung-ehrenamtlich-in-der-gefl\u00fcchtetenhilfe-alltagsnaher-deutschunterricht-praxisnahe-impulse-f\u00fcr-ehrenamtlich-engagierte/"}, "tr": {"id": null, "url": "https://admin.integreat-app.de/ostallgaeu/tr/events/online-fortbildung-ehrenamtlich-in-der-gefl\u00fcchtetenhilfe-alltagsnaher-deutschunterricht-praxisnahe-impulse-f\u00fcr-ehrenamtlich-engagierte/", "path": "/ostallgaeu/tr/events/online-fortbildung-ehrenamtlich-in-der-gefl\u00fcchtetenhilfe-alltagsnaher-deutschunterricht-praxisnahe-impulse-f\u00fcr-ehrenamtlich-engagierte/"}, "uk": {"id": null, "url": "https://admin.integreat-app.de/ostallgaeu/uk/events/online-fortbildung-ehrenamtlich-in-der-gefl\u00fcchtetenhilfe-alltagsnaher-deutschunterricht-praxisnahe-impulse-f\u00fcr-ehrenamtlich-engagierte/", "path": "/ostallgaeu/uk/events/online-fortbildung-ehrenamtlich-in-der-gefl\u00fcchtetenhilfe-alltagsnaher-deutschunterricht-praxisnahe-impulse-f\u00fcr-ehrenamtlich-engagierte/"}, "ti": {"id": null, "url": "https://admin.integreat-app.de/ostallgaeu/ti/events/online-fortbildung-ehrenamtlich-in-der-gefl\u00fcchtetenhilfe-alltagsnaher-deutschunterricht-praxisnahe-impulse-f\u00fcr-ehrenamtlich-engagierte/", "path": "/ostallgaeu/ti/events/online-fortbildung-ehrenamtlich-in-der-gefl\u00fcchtetenhilfe-alltagsnaher-deutschunterricht-praxisnahe-impulse-f\u00fcr-ehrenamtlich-engagierte/"}}, "thumbnail": "https://admin.integreat-app.de/media/global/2022/07/internet17.png", "location": {"id": null, "name": null, "address": null, "town": null, "state": null, "postcode": null, "region": null, "country": null, "latitude": null, "longitude": null}, "location_path": null, "meeting_url": null, "event": {"id": 19390, "start": "2026-04-27T17:30:00+02:00", "start_date": "2026-04-27", "start_time": "17:30:00", "end": "2026-04-27T20:30:00+02:00", "end_date": "2026-04-27", "end_time": "20:30:00", "all_day": false, "only_weekdays": false, "recurrence_id": null, "timezone": "Europe/Berlin"}, "hash": null, "recurrence_rule": null}, {"id": 312106, "url": "https://admin.integreat-app.de/ostallgaeu/de/events/online-fortbildung-identit\u00e4tspapiere-und-pass/", "path": "/ostallgaeu/de/events/online-fortbildung-identit\u00e4tspapiere-und-pass/", "title": "Online-Fortbildung: Identit\u00e4tspapiere und Pass", "modified_gmt": "2026-04-08T05:24:44.534Z", "last_updated": "2026-04-08T07:24:44.534+02:00", "excerpt": "Datum:27. AprilZeit:18:30 - 20:30\r\nFortbildung: Identit\u00e4tspapiere und Pass\r\nIdentit\u00e4tsdokumente f\u00fcr Gefl\u00fcchtete: Rechte und Pflichten zur Beschaffung von Identit\u00e4tspapieren vor, w\u00e4hrend und nach dem Asylverfahren.\r\nMit Regine Nowack\r\n\r\nHier geht es zur Anmeldung.\u00a0\r\n\r\nDie Fortbildung findet online \u00fcber die Videoplattform Zoom statt. Der Link wird am Tag der Veranstaltung verschickt.", "content": "<div><p>Datum:27. April<br>Zeit:18:30 - 20:30</p>\r\n<p>Fortbildung: Identit\u00e4tspapiere und Pass</p>\r\n<p>Identit\u00e4tsdokumente f\u00fcr Gefl\u00fcchtete: Rechte und Pflichten zur Beschaffung von Identit\u00e4tspapieren vor, w\u00e4hrend und nach dem Asylverfahren.</p>\r\n<p>Mit Regine Nowack</p>\r\n<a href=\"https://muenchner-fluechtlingsrat.de/termine/fortbildung-identitaetspapiere-und-pass-4/\" class=\"link-external\">\r\n<p>Hier geht es zur Anmeldung.\u00a0</p>\r\n</a>\r\n<p>Die Fortbildung findet online \u00fcber die Videoplattform Zoom statt. Der Link wird am Tag der Veranstaltung verschickt.</p></div>", "available_languages": {"hr": {"id": null, "url": "https://admin.integreat-app.de/ostallgaeu/hr/events/online-fortbildung-identit\u00e4tspapiere-und-pass/", "path": "/ostallgaeu/hr/events/online-fortbildung-identit\u00e4tspapiere-und-pass/"}, "en": {"id": null, "url": "https://admin.integreat-app.de/ostallgaeu/en/events/online-fortbildung-identit\u00e4tspapiere-und-pass/", "path": "/ostallgaeu/en/events/online-fortbildung-identit\u00e4tspapiere-und-pass/"}, "es": {"id": null, "url": "https://admin.integreat-app.de/ostallgaeu/es/events/online-fortbildung-identit\u00e4tspapiere-und-pass/", "path": "/ostallgaeu/es/events/online-fortbildung-identit\u00e4tspapiere-und-pass/"}, "fr": {"id": null, "url": "https://admin.integreat-app.de/ostallgaeu/fr/events/online-fortbildung-identit\u00e4tspapiere-und-pass/", "path": "/ostallgaeu/fr/events/online-fortbildung-identit\u00e4tspapiere-und-pass/"}, "ar": {"id": null, "url": "https://admin.integreat-app.de/ostallgaeu/ar/events/online-fortbildung-identit\u00e4tspapiere-und-pass/", "path": "/ostallgaeu/ar/events/online-fortbildung-identit\u00e4tspapiere-und-pass/"}, "fa": {"id": null, "url": "https://admin.integreat-app.de/ostallgaeu/fa/events/online-fortbildung-identit\u00e4tspapiere-und-pass/", "path": "/ostallgaeu/fa/events/online-fortbildung-identit\u00e4tspapiere-und-pass/"}, "ro": {"id": null, "url": "https://admin.integreat-app.de/ostallgaeu/ro/events/online-fortbildung-identit\u00e4tspapiere-und-pass/", "path": "/ostallgaeu/ro/events/online-fortbildung-identit\u00e4tspapiere-und-pass/"}, "ru": {"id": null, "url": "https://admin.integreat-app.de/ostallgaeu/ru/events/online-fortbildung-identit\u00e4tspapiere-und-pass/", "path": "/ostallgaeu/ru/events/online-fortbildung-identit\u00e4tspapiere-und-pass/"}, "tr": {"id": null, "url": "https://admin.integreat-app.de/ostallgaeu/tr/events/online-fortbildung-identit\u00e4tspapiere-und-pass/", "path": "/ostallgaeu/tr/events/online-fortbildung-identit\u00e4tspapiere-und-pass/"}, "uk": {"id": null, "url": "https://admin.integreat-app.de/ostallgaeu/uk/events/online-fortbildung-identit\u00e4tspapiere-und-pass/", "path": "/ostallgaeu/uk/events/online-fortbildung-identit\u00e4tspapiere-und-pass/"}, "ti": {"id": null, "url": "https://admin.integreat-app.de/ostallgaeu/ti/events/online-fortbildung-identit\u00e4tspapiere-und-pass/", "path": "/ostallgaeu/ti/events/online-fortbildung-identit\u00e4tspapiere-und-pass/"}}, "thumbnail": "https://admin.integreat-app.de/media/regions/181/2026/04/1775625629_fl%C3%BCra.png", "location": {"id": null, "name": null, "address": null, "town": null, "state": null, "postcode": null, "region": null, "country": null, "latitude": null, "longitude": null}, "location_path": null, "meeting_url": null, "event": {"id": 19366, "start": "2026-04-27T18:30:00+02:00", "start_date": "2026-04-27", "start_time": "18:30:00", "end": "2026-04-27T20:30:00+02:00", "end_date": "2026-04-27", "end_time": "20:30:00", "all_day": false, "only_weekdays": false, "recurrence_id": null, "timezone": "Europe/Berlin"}, "hash": null, "recurrence_rule": null}, {"id": 315222, "url": "https://admin.integreat-app.de/ostallgaeu/de/events/nuifinar-chancenqualifizierung-wege-zur-weiterbildung-f\u00fcr-geringqualifizierte-mitarbeitende-online/", "path": "/ostallgaeu/de/events/nuifinar-chancenqualifizierung-wege-zur-weiterbildung-f\u00fcr-geringqualifizierte-mitarbeitende-online/", "title": "NUiFinar: Chancenqualifizierung \u2013 Wege zur Weiterbildung f\u00fcr geringqualifizierte Mitarbeitende (Online)", "modified_gmt": "2026-04-13T09:38:07.946Z", "last_updated": "2026-04-13T11:38:07.946+02:00", "excerpt": "NUiFinar: Chancenqualifizierung \u2013 Wege zur Weiterbildung f\u00fcr geringqualifizierte Mitarbeitende\u00a0\r\n\ud83d\udcc5 Datum: Dienstag, den 28. April 2026\ud83d\udd52 Uhrzeit: 10:00 bis 11:00 Uhr\r\n\ud83d\udccd Wo: Digital via Microsoft Teams\r\n\u00a0\r\nIn diesem Webinar zeigen wir praxisnah und kompakt auf, welche Wege und F\u00f6rderm\u00f6glichkeiten Unternehmen nutzen k\u00f6nnen, um Mitarbeitende mit geringem Qualifikationsniveau gezielt weiterzubilden.\u00a0\r\n\u00a0\r\n\r\nMehr zum Programm hier.\r\n", "content": "<div><p>NUiFinar: Chancenqualifizierung \u2013 Wege zur Weiterbildung f\u00fcr geringqualifizierte Mitarbeitende<br>\u00a0</p>\r\n<p>\ud83d\udcc5 Datum: Dienstag, den 28. April 2026<br>\ud83d\udd52 Uhrzeit: 10:00 bis 11:00 Uhr</p>\r\n<p>\ud83d\udccd Wo: Digital via Microsoft Teams</p>\r\n<p>\u00a0</p>\r\n<p>In diesem Webinar zeigen wir praxisnah und kompakt auf, welche Wege und F\u00f6rderm\u00f6glichkeiten Unternehmen nutzen k\u00f6nnen, um Mitarbeitende mit geringem Qualifikationsniveau gezielt weiterzubilden.\u00a0</p>\r\n<p>\u00a0</p>\r\n<a href=\"https://event.dihk.de/april-nuifinar\" class=\"link-external\">\r\n<p>Mehr zum Programm hier.</p>\r\n</a></div>", "available_languages": {"hr": {"id": null, "url": "https://admin.integreat-app.de/ostallgaeu/hr/events/nuifinar-chancenqualifizierung-wege-zur-weiterbildung-f\u00fcr-geringqualifizierte-mitarbeitende-online/", "path": "/ostallgaeu/hr/events/nuifinar-chancenqualifizierung-wege-zur-weiterbildung-f\u00fcr-geringqualifizierte-mitarbeitende-online/"}, "en": {"id": null, "url": "https://admin.integreat-app.de/ostallgaeu/en/events/nuifinar-chancenqualifizierung-wege-zur-weiterbildung-f\u00fcr-geringqualifizierte-mitarbeitende-online/", "path": "/ostallgaeu/en/events/nuifinar-chancenqualifizierung-wege-zur-weiterbildung-f\u00fcr-geringqualifizierte-mitarbeitende-online/"}, "es": {"id": null, "url": "https://admin.integreat-app.de/ostallgaeu/es/events/nuifinar-chancenqualifizierung-wege-zur-weiterbildung-f\u00fcr-geringqualifizierte-mitarbeitende-online/", "path": "/ostallgaeu/es/events/nuifinar-chancenqualifizierung-wege-zur-weiterbildung-f\u00fcr-geringqualifizierte-mitarbeitende-online/"}, "fr": {"id": null, "url": "https://admin.integreat-app.de/ostallgaeu/fr/events/nuifinar-chancenqualifizierung-wege-zur-weiterbildung-f\u00fcr-geringqualifizierte-mitarbeitende-online/", "path": "/ostallgaeu/fr/events/nuifinar-chancenqualifizierung-wege-zur-weiterbildung-f\u00fcr-geringqualifizierte-mitarbeitende-online/"}, "ar": {"id": null, "url": "https://admin.integreat-app.de/ostallgaeu/ar/events/nuifinar-chancenqualifizierung-wege-zur-weiterbildung-f\u00fcr-geringqualifizierte-mitarbeitende-online/", "path": "/ostallgaeu/ar/events/nuifinar-chancenqualifizierung-wege-zur-weiterbildung-f\u00fcr-geringqualifizierte-mitarbeitende-online/"}, "fa": {"id": null, "url": "https://admin.integreat-app.de/ostallgaeu/fa/events/nuifinar-chancenqualifizierung-wege-zur-weiterbildung-f\u00fcr-geringqualifizierte-mitarbeitende-online/", "path": "/ostallgaeu/fa/events/nuifinar-chancenqualifizierung-wege-zur-weiterbildung-f\u00fcr-geringqualifizierte-mitarbeitende-online/"}, "ro": {"id": null, "url": "https://admin.integreat-app.de/ostallgaeu/ro/events/nuifinar-chancenqualifizierung-wege-zur-weiterbildung-f\u00fcr-geringqualifizierte-mitarbeitende-online/", "path": "/ostallgaeu/ro/events/nuifinar-chancenqualifizierung-wege-zur-weiterbildung-f\u00fcr-geringqualifizierte-mitarbeitende-online/"}, "ru": {"id": null, "url": "https://admin.integreat-app.de/ostallgaeu/ru/events/nuifinar-chancenqualifizierung-wege-zur-weiterbildung-f\u00fcr-geringqualifizierte-mitarbeitende-online/", "path": "/ostallgaeu/ru/events/nuifinar-chancenqualifizierung-wege-zur-weiterbildung-f\u00fcr-geringqualifizierte-mitarbeitende-online/"}, "tr": {"id": null, "url": "https://admin.integreat-app.de/ostallgaeu/tr/events/nuifinar-chancenqualifizierung-wege-zur-weiterbildung-f\u00fcr-geringqualifizierte-mitarbeitende-online/", "path": "/ostallgaeu/tr/events/nuifinar-chancenqualifizierung-wege-zur-weiterbildung-f\u00fcr-geringqualifizierte-mitarbeitende-online/"}, "uk": {"id": null, "url": "https://admin.integreat-app.de/ostallgaeu/uk/events/nuifinar-chancenqualifizierung-wege-zur-weiterbildung-f\u00fcr-geringqualifizierte-mitarbeitende-online/", "path": "/ostallgaeu/uk/events/nuifinar-chancenqualifizierung-wege-zur-weiterbildung-f\u00fcr-geringqualifizierte-mitarbeitende-online/"}, "ti": {"id": null, "url": "https://admin.integreat-app.de/ostallgaeu/ti/events/nuifinar-chancenqualifizierung-wege-zur-weiterbildung-f\u00fcr-geringqualifizierte-mitarbeitende-online/", "path": "/ostallgaeu/ti/events/nuifinar-chancenqualifizierung-wege-zur-weiterbildung-f\u00fcr-geringqualifizierte-mitarbeitende-online/"}}, "thumbnail": "https://admin.integreat-app.de/media/global/2022/07/internet17.png", "location": {"id": null, "name": null, "address": null, "town": null, "state": null, "postcode": null, "region": null, "country": null, "latitude": null, "longitude": null}, "location_path": null, "meeting_url": null, "event": {"id": 19519, "start": "2026-04-28T10:00:00+02:00", "start_date": "2026-04-28", "start_time": "10:00:00", "end": "2026-04-28T11:00:00+02:00", "end_date": "2026-04-28", "end_time": "11:00:00", "all_day": false, "only_weekdays": false, "recurrence_id": null, "timezone": "Europe/Berlin"}, "hash": null, "recurrence_rule": null}, {"id": 292793, "url": "https://admin.integreat-app.de/ostallgaeu/de/events/online-veranstaltung-250-jahre-usa-america-first-weltweit-interventionen-in-venezuela-krieg-in-iran-anspr\u00fcche-auf-gr\u00f6nland/", "path": "/ostallgaeu/de/events/online-veranstaltung-250-jahre-usa-america-first-weltweit-interventionen-in-venezuela-krieg-in-iran-anspr\u00fcche-auf-gr\u00f6nland/", "title": "Online-Veranstaltung: 250 Jahre USA: America First-weltweit? Interventionen in Venezuela, Krieg in Iran, Anspr\u00fcche auf Gr\u00f6nland", "modified_gmt": "2026-03-13T08:02:03.781Z", "last_updated": "2026-03-13T09:02:03.781+01:00", "excerpt": "Die Georg-von-Vollmer-Akademie e.V. l\u00e4dt zu einer Online-Veranstaltung ein.\r\nDie \u00e4lteste moderne Demokratie der Welt steht innen- wie au\u00dfenpolitisch unter Druck. Zwischen wirtschaftlichen Umbr\u00fcchen, politischer Polarisierung und globalen Machtverschiebungen ringen die USA um ihre Rolle \u2013 im eigenen Land und auf der Weltb\u00fchne. In unserer vierteiligen Online-Reihe diskutieren zwei Experten pointiert, kontrovers und verst\u00e4ndlich \u00fcber zentrale Entwicklungen der amerikanischen Politik:\r\nAktuell stehen die USA au\u00dfenpolitisch unter Hochspannung: Der milit\u00e4rische Konflikt mit Iran hat sich zu einem breiten Krieg ausgeweitet, der weit \u00fcber den Nahen Osten hinaus Wirkung zeigt. Anfang des Jahres lie\u00df Trump eine spektakul\u00e4re Milit\u00e4roperation in Venezuela durchf\u00fchren, bei der Pr\u00e4sident Nicol\u00e1s Maduro gefasst wurde \u2013 ein Schritt, der international \u00a0Kritik und Debatten \u00fcber V\u00f6lkerrecht ausgel\u00f6st hat. Gleichzeitig bringen kontroverse Forderungen nach strategischer Einflussnahme auf Gr\u00f6nland alte Interessenkonflikte im hohen Norden wieder auf die Agenda.\r\nMoritz P\u00f6llath und Oscar Prust diskutieren, ob diese Politik Ausdruck einer neuen globalen Durchsetzungsstrategie \u201eAmerica First\u201c ist oder Zeichen einer \u00fcberdehnten Weltmachtpolitik-Trumps. Wie reagiert die internationale Gemeinschaft? Und wie die US-Bev\u00f6lkerung? Wird es eine Abwendung von Trump geben? Welche Rolle spielen Allianzen, Energieinteressen und rechtliche Grenzen? Und was bedeutet das f\u00fcr das Vertrauen in die internationale Ordnung?\r\nTeilnahme kostenfrei.\r\nAnmeldung: hier.", "content": "<div><p>Die Georg-von-Vollmer-Akademie e.V. l\u00e4dt zu einer Online-Veranstaltung ein.</p>\r\n<p>Die \u00e4lteste moderne Demokratie der Welt steht innen- wie au\u00dfenpolitisch unter Druck. Zwischen wirtschaftlichen Umbr\u00fcchen, politischer Polarisierung und globalen Machtverschiebungen ringen die USA um ihre Rolle \u2013 im eigenen Land und auf der Weltb\u00fchne. In unserer vierteiligen Online-Reihe diskutieren zwei Experten pointiert, kontrovers und verst\u00e4ndlich \u00fcber zentrale Entwicklungen der amerikanischen Politik:</p>\r\n<p>Aktuell stehen die USA au\u00dfenpolitisch unter Hochspannung: Der milit\u00e4rische Konflikt mit Iran hat sich zu einem breiten Krieg ausgeweitet, der weit \u00fcber den Nahen Osten hinaus Wirkung zeigt. Anfang des Jahres lie\u00df Trump eine spektakul\u00e4re Milit\u00e4roperation in Venezuela durchf\u00fchren, bei der Pr\u00e4sident Nicol\u00e1s Maduro gefasst wurde \u2013 ein Schritt, der international \u00a0Kritik und Debatten \u00fcber V\u00f6lkerrecht ausgel\u00f6st hat. Gleichzeitig bringen kontroverse Forderungen nach strategischer Einflussnahme auf Gr\u00f6nland alte Interessenkonflikte im hohen Norden wieder auf die Agenda.</p>\r\n<p>Moritz P\u00f6llath und Oscar Prust diskutieren, ob diese Politik Ausdruck einer neuen globalen Durchsetzungsstrategie \u201eAmerica First\u201c ist oder Zeichen einer \u00fcberdehnten Weltmachtpolitik-Trumps. Wie reagiert die internationale Gemeinschaft? Und wie die US-Bev\u00f6lkerung? Wird es eine Abwendung von Trump geben? Welche Rolle spielen Allianzen, Energieinteressen und rechtliche Grenzen? Und was bedeutet das f\u00fcr das Vertrauen in die internationale Ordnung?</p>\r\n<p>Teilnahme kostenfrei.</p>\r\n<p>Anmeldung: <a href=\"https://www.vollmar-akademie.de/programm/kw/bereich/kursdetails/kurs/26241821/kursname/250%20Jahre%20USA%20America%20First%20weltweit/kategorie-id/0/#inhalt\" class=\"link-external\">hier.</a></p></div>", "available_languages": {"hr": {"id": null, "url": "https://admin.integreat-app.de/ostallgaeu/hr/events/online-veranstaltung-250-jahre-usa-america-first-weltweit-interventionen-in-venezuela-krieg-in-iran-anspr\u00fcche-auf-gr\u00f6nland/", "path": "/ostallgaeu/hr/events/online-veranstaltung-250-jahre-usa-america-first-weltweit-interventionen-in-venezuela-krieg-in-iran-anspr\u00fcche-auf-gr\u00f6nland/"}, "en": {"id": null, "url": "https://admin.integreat-app.de/ostallgaeu/en/events/online-veranstaltung-250-jahre-usa-america-first-weltweit-interventionen-in-venezuela-krieg-in-iran-anspr\u00fcche-auf-gr\u00f6nland/", "path": "/ostallgaeu/en/events/online-veranstaltung-250-jahre-usa-america-first-weltweit-interventionen-in-venezuela-krieg-in-iran-anspr\u00fcche-auf-gr\u00f6nland/"}, "es": {"id": null, "url": "https://admin.integreat-app.de/ostallgaeu/es/events/online-veranstaltung-250-jahre-usa-america-first-weltweit-interventionen-in-venezuela-krieg-in-iran-anspr\u00fcche-auf-gr\u00f6nland/", "path": "/ostallgaeu/es/events/online-veranstaltung-250-jahre-usa-america-first-weltweit-interventionen-in-venezuela-krieg-in-iran-anspr\u00fcche-auf-gr\u00f6nland/"}, "fr": {"id": null, "url": "https://admin.integreat-app.de/ostallgaeu/fr/events/online-veranstaltung-250-jahre-usa-america-first-weltweit-interventionen-in-venezuela-krieg-in-iran-anspr\u00fcche-auf-gr\u00f6nland/", "path": "/ostallgaeu/fr/events/online-veranstaltung-250-jahre-usa-america-first-weltweit-interventionen-in-venezuela-krieg-in-iran-anspr\u00fcche-auf-gr\u00f6nland/"}, "ar": {"id": null, "url": "https://admin.integreat-app.de/ostallgaeu/ar/events/online-veranstaltung-250-jahre-usa-america-first-weltweit-interventionen-in-venezuela-krieg-in-iran-anspr\u00fcche-auf-gr\u00f6nland/", "path": "/ostallgaeu/ar/events/online-veranstaltung-250-jahre-usa-america-first-weltweit-interventionen-in-venezuela-krieg-in-iran-anspr\u00fcche-auf-gr\u00f6nland/"}, "fa": {"id": null, "url": "https://admin.integreat-app.de/ostallgaeu/fa/events/online-veranstaltung-250-jahre-usa-america-first-weltweit-interventionen-in-venezuela-krieg-in-iran-anspr\u00fcche-auf-gr\u00f6nland/", "path": "/ostallgaeu/fa/events/online-veranstaltung-250-jahre-usa-america-first-weltweit-interventionen-in-venezuela-krieg-in-iran-anspr\u00fcche-auf-gr\u00f6nland/"}, "ro": {"id": null, "url": "https://admin.integreat-app.de/ostallgaeu/ro/events/online-veranstaltung-250-jahre-usa-america-first-weltweit-interventionen-in-venezuela-krieg-in-iran-anspr\u00fcche-auf-gr\u00f6nland/", "path": "/ostallgaeu/ro/events/online-veranstaltung-250-jahre-usa-america-first-weltweit-interventionen-in-venezuela-krieg-in-iran-anspr\u00fcche-auf-gr\u00f6nland/"}, "ru": {"id": null, "url": "https://admin.integreat-app.de/ostallgaeu/ru/events/online-veranstaltung-250-jahre-usa-america-first-weltweit-interventionen-in-venezuela-krieg-in-iran-anspr\u00fcche-auf-gr\u00f6nland/", "path": "/ostallgaeu/ru/events/online-veranstaltung-250-jahre-usa-america-first-weltweit-interventionen-in-venezuela-krieg-in-iran-anspr\u00fcche-auf-gr\u00f6nland/"}, "tr": {"id": null, "url": "https://admin.integreat-app.de/ostallgaeu/tr/events/online-veranstaltung-250-jahre-usa-america-first-weltweit-interventionen-in-venezuela-krieg-in-iran-anspr\u00fcche-auf-gr\u00f6nland/", "path": "/ostallgaeu/tr/events/online-veranstaltung-250-jahre-usa-america-first-weltweit-interventionen-in-venezuela-krieg-in-iran-anspr\u00fcche-auf-gr\u00f6nland/"}, "uk": {"id": null, "url": "https://admin.integreat-app.de/ostallgaeu/uk/events/online-veranstaltung-250-jahre-usa-america-first-weltweit-interventionen-in-venezuela-krieg-in-iran-anspr\u00fcche-auf-gr\u00f6nland/", "path": "/ostallgaeu/uk/events/online-veranstaltung-250-jahre-usa-america-first-weltweit-interventionen-in-venezuela-krieg-in-iran-anspr\u00fcche-auf-gr\u00f6nland/"}, "ti": {"id": null, "url": "https://admin.integreat-app.de/ostallgaeu/ti/events/online-veranstaltung-250-jahre-usa-america-first-weltweit-interventionen-in-venezuela-krieg-in-iran-anspr\u00fcche-auf-gr\u00f6nland/", "path": "/ostallgaeu/ti/events/online-veranstaltung-250-jahre-usa-america-first-weltweit-interventionen-in-venezuela-krieg-in-iran-anspr\u00fcche-auf-gr\u00f6nland/"}}, "thumbnail": "https://admin.integreat-app.de/media/regions/181/2017/11/internet17.png", "location": {"id": null, "name": null, "address": null, "town": null, "state": null, "postcode": null, "region": null, "country": null, "latitude": null, "longitude": null}, "location_path": null, "meeting_url": null, "event": {"id": 18231, "start": "2026-04-28T17:30:00+02:00", "start_date": "2026-04-28", "start_time": "17:30:00", "end": "2026-04-28T19:00:00+02:00", "end_date": "2026-04-28", "end_time": "19:00:00", "all_day": false, "only_weekdays": false, "recurrence_id": null, "timezone": "Europe/Berlin"}, "hash": null, "recurrence_rule": null}, {"id": 312468, "url": "https://admin.integreat-app.de/ostallgaeu/de/events/online-fortbildung-ehrenamtliche-in-der-gefl\u00fcchtetenhilfe-formulare-und-beh\u00f6rden-eine-orientierung-f\u00fcr-ehrenamtliche-unterst\u00fctzerinnen/", "path": "/ostallgaeu/de/events/online-fortbildung-ehrenamtliche-in-der-gefl\u00fcchtetenhilfe-formulare-und-beh\u00f6rden-eine-orientierung-f\u00fcr-ehrenamtliche-unterst\u00fctzerinnen/", "title": "Online-Fortbildung: Ehrenamtliche in der Gefl\u00fcchtetenhilfe |  Formulare und Beh\u00f6rden \u2013 eine Orientierung f\u00fcr ehrenamtliche Unterst\u00fctzer:innen", "modified_gmt": "2026-04-09T08:30:50.609Z", "last_updated": "2026-04-09T10:30:50.609+02:00", "excerpt": "\r\nDatum: 27./28. April 2026Ort: ZoomSchwerpunkt: Deutschvermittlung &amp; Beh\u00f6rdenIn dieser Fortbildung erhalten Sie praxisnahe Impulse, um Ihre ehrenamtliche Arbeit in der Sprachf\u00f6rderung optimal zu gestalten. Wir bieten Ihnen vertiefte Einblicke in zwei zentrale Themenbereiche, die speziell auf die Herausforderungen und Bed\u00fcrfnisse Ihrer T\u00e4tigkeit abgestimmt sind:\r\n\r\nAlltagsnaher Deutschunterricht \u2013 praxisnahe Impulse f\u00fcr ehrenamtlich EngagierteDr. Elena Waggershauser zeigt, wie ehrenamtlicher Deutschunterricht alltagsnah, praxisorientiert und motivierend gestaltet werden kann.\r\nFormulare und Beh\u00f6rden \u2013 eine Orientierung f\u00fcr ehrenamtliche Unterst\u00fctzer:innenUte Haas zeigt, wie ehrenamtliche Engagierte im \u201eBeh\u00f6rden-Dschungel\u201c unterst\u00fctzend begleiten k\u00f6nnen \u2013 st\u00e4rkend, alltagsnah und mit klaren Grenzen.\r\n\r\nDiese Veranstaltung ist f\u00fcr Sie kostenfrei und ein Teil unseres Qualifizierungsprogramms \u201cKompetente Sprachbegleitung von Gefl\u00fcchteten\u201c. Selbstverst\u00e4ndlich ist eine Teilnahme auch unabh\u00e4ngig des Qualifizierungsprogramms jederzeit m\u00f6glich.\r\n\u00a0Vorl\u00e4ufige AgendaMontag, 27. April 2026, 17:30 Uhr \u2013 20:30 Uhr\u201cAlltagsnaher Deutschunterricht \u2013 praxisnahe Impulse f\u00fcr ehrenamtlich Engagierte\u201d (Elena Waggershauser)Dienstag, 28. April 202617:30 Uhr \u2013 20:30 Uhr\u201cFormulare und Beh\u00f6rden \u2013 eine Orientierung f\u00fcr ehrenamtliche Unterst\u00fctzer:innen\u201d (Ute Haas)\r\n\u00a0\r\n\r\nAnmeldung hier.\r\n", "content": "<div>\r\n<p>Datum: 27./28. April 2026<br>Ort: Zoom<br>Schwerpunkt: Deutschvermittlung &amp; Beh\u00f6rden<br>In dieser Fortbildung erhalten Sie praxisnahe Impulse, um Ihre ehrenamtliche Arbeit in der Sprachf\u00f6rderung optimal zu gestalten. Wir bieten Ihnen vertiefte Einblicke in zwei zentrale Themenbereiche, die speziell auf die Herausforderungen und Bed\u00fcrfnisse Ihrer T\u00e4tigkeit abgestimmt sind:</p>\r\n<ul>\r\n<li>Alltagsnaher Deutschunterricht \u2013 praxisnahe Impulse f\u00fcr ehrenamtlich Engagierte<br>Dr. Elena Waggershauser zeigt, wie ehrenamtlicher Deutschunterricht alltagsnah, praxisorientiert und motivierend gestaltet werden kann.</li>\r\n<li>Formulare und Beh\u00f6rden \u2013 eine Orientierung f\u00fcr ehrenamtliche Unterst\u00fctzer:innen<br>Ute Haas zeigt, wie ehrenamtliche Engagierte im \u201eBeh\u00f6rden-Dschungel\u201c unterst\u00fctzend begleiten k\u00f6nnen \u2013 st\u00e4rkend, alltagsnah und mit klaren Grenzen.</li>\r\n</ul>\r\n<p>Diese Veranstaltung ist f\u00fcr Sie kostenfrei und ein Teil unseres Qualifizierungsprogramms \u201cKompetente Sprachbegleitung von Gefl\u00fcchteten\u201c. Selbstverst\u00e4ndlich ist eine Teilnahme auch unabh\u00e4ngig des Qualifizierungsprogramms jederzeit m\u00f6glich.</p>\r\n<p>\u00a0<br>Vorl\u00e4ufige Agenda<br>Montag, 27. April 2026, 17:30 Uhr \u2013 20:30 Uhr<br>\u201cAlltagsnaher Deutschunterricht \u2013 praxisnahe Impulse f\u00fcr ehrenamtlich Engagierte\u201d (Elena Waggershauser)<br>Dienstag, 28. April 2026<br>17:30 Uhr \u2013 20:30 Uhr<br>\u201cFormulare und Beh\u00f6rden \u2013 eine Orientierung f\u00fcr ehrenamtliche Unterst\u00fctzer:innen\u201d (Ute Haas)</p>\r\n<p>\u00a0</p>\r\n<a class=\"link-external\" href=\"https://lagfa-bayern.de/veranstaltungen/fortbildung-ehrenamtlich-in-der-gefluechtetenhilfe-deutsch-und-behoerden/\">\r\n<p>Anmeldung hier.</p>\r\n</a></div>", "available_languages": {"hr": {"id": null, "url": "https://admin.integreat-app.de/ostallgaeu/hr/events/online-fortbildung-ehrenamtliche-in-der-gefl\u00fcchtetenhilfe-formulare-und-beh\u00f6rden-eine-orientierung-f\u00fcr-ehrenamtliche-unterst\u00fctzerinnen/", "path": "/ostallgaeu/hr/events/online-fortbildung-ehrenamtliche-in-der-gefl\u00fcchtetenhilfe-formulare-und-beh\u00f6rden-eine-orientierung-f\u00fcr-ehrenamtliche-unterst\u00fctzerinnen/"}, "en": {"id": null, "url": "https://admin.integreat-app.de/ostallgaeu/en/events/online-fortbildung-ehrenamtliche-in-der-gefl\u00fcchtetenhilfe-formulare-und-beh\u00f6rden-eine-orientierung-f\u00fcr-ehrenamtliche-unterst\u00fctzerinnen/", "path": "/ostallgaeu/en/events/online-fortbildung-ehrenamtliche-in-der-gefl\u00fcchtetenhilfe-formulare-und-beh\u00f6rden-eine-orientierung-f\u00fcr-ehrenamtliche-unterst\u00fctzerinnen/"}, "es": {"id": null, "url": "https://admin.integreat-app.de/ostallgaeu/es/events/online-fortbildung-ehrenamtliche-in-der-gefl\u00fcchtetenhilfe-formulare-und-beh\u00f6rden-eine-orientierung-f\u00fcr-ehrenamtliche-unterst\u00fctzerinnen/", "path": "/ostallgaeu/es/events/online-fortbildung-ehrenamtliche-in-der-gefl\u00fcchtetenhilfe-formulare-und-beh\u00f6rden-eine-orientierung-f\u00fcr-ehrenamtliche-unterst\u00fctzerinnen/"}, "fr": {"id": null, "url": "https://admin.integreat-app.de/ostallgaeu/fr/events/online-fortbildung-ehrenamtliche-in-der-gefl\u00fcchtetenhilfe-formulare-und-beh\u00f6rden-eine-orientierung-f\u00fcr-ehrenamtliche-unterst\u00fctzerinnen/", "path": "/ostallgaeu/fr/events/online-fortbildung-ehrenamtliche-in-der-gefl\u00fcchtetenhilfe-formulare-und-beh\u00f6rden-eine-orientierung-f\u00fcr-ehrenamtliche-unterst\u00fctzerinnen/"}, "ar": {"id": null, "url": "https://admin.integreat-app.de/ostallgaeu/ar/events/online-fortbildung-ehrenamtliche-in-der-gefl\u00fcchtetenhilfe-formulare-und-beh\u00f6rden-eine-orientierung-f\u00fcr-ehrenamtliche-unterst\u00fctzerinnen/", "path": "/ostallgaeu/ar/events/online-fortbildung-ehrenamtliche-in-der-gefl\u00fcchtetenhilfe-formulare-und-beh\u00f6rden-eine-orientierung-f\u00fcr-ehrenamtliche-unterst\u00fctzerinnen/"}, "fa": {"id": null, "url": "https://admin.integreat-app.de/ostallgaeu/fa/events/online-fortbildung-ehrenamtliche-in-der-gefl\u00fcchtetenhilfe-formulare-und-beh\u00f6rden-eine-orientierung-f\u00fcr-ehrenamtliche-unterst\u00fctzerinnen/", "path": "/ostallgaeu/fa/events/online-fortbildung-ehrenamtliche-in-der-gefl\u00fcchtetenhilfe-formulare-und-beh\u00f6rden-eine-orientierung-f\u00fcr-ehrenamtliche-unterst\u00fctzerinnen/"}, "ro": {"id": null, "url": "https://admin.integreat-app.de/ostallgaeu/ro/events/online-fortbildung-ehrenamtliche-in-der-gefl\u00fcchtetenhilfe-formulare-und-beh\u00f6rden-eine-orientierung-f\u00fcr-ehrenamtliche-unterst\u00fctzerinnen/", "path": "/ostallgaeu/ro/events/online-fortbildung-ehrenamtliche-in-der-gefl\u00fcchtetenhilfe-formulare-und-beh\u00f6rden-eine-orientierung-f\u00fcr-ehrenamtliche-unterst\u00fctzerinnen/"}, "ru": {"id": null, "url": "https://admin.integreat-app.de/ostallgaeu/ru/events/online-fortbildung-ehrenamtliche-in-der-gefl\u00fcchtetenhilfe-formulare-und-beh\u00f6rden-eine-orientierung-f\u00fcr-ehrenamtliche-unterst\u00fctzerinnen/", "path": "/ostallgaeu/ru/events/online-fortbildung-ehrenamtliche-in-der-gefl\u00fcchtetenhilfe-formulare-und-beh\u00f6rden-eine-orientierung-f\u00fcr-ehrenamtliche-unterst\u00fctzerinnen/"}, "tr": {"id": null, "url": "https://admin.integreat-app.de/ostallgaeu/tr/events/online-fortbildung-ehrenamtliche-in-der-gefl\u00fcchtetenhilfe-formulare-und-beh\u00f6rden-eine-orientierung-f\u00fcr-ehrenamtliche-unterst\u00fctzerinnen/", "path": "/ostallgaeu/tr/events/online-fortbildung-ehrenamtliche-in-der-gefl\u00fcchtetenhilfe-formulare-und-beh\u00f6rden-eine-orientierung-f\u00fcr-ehrenamtliche-unterst\u00fctzerinnen/"}, "uk": {"id": null, "url": "https://admin.integreat-app.de/ostallgaeu/uk/events/online-fortbildung-ehrenamtliche-in-der-gefl\u00fcchtetenhilfe-formulare-und-beh\u00f6rden-eine-orientierung-f\u00fcr-ehrenamtliche-unterst\u00fctzerinnen/", "path": "/ostallgaeu/uk/events/online-fortbildung-ehrenamtliche-in-der-gefl\u00fcchtetenhilfe-formulare-und-beh\u00f6rden-eine-orientierung-f\u00fcr-ehrenamtliche-unterst\u00fctzerinnen/"}, "ti": {"id": null, "url": "https://admin.integreat-app.de/ostallgaeu/ti/events/online-fortbildung-ehrenamtliche-in-der-gefl\u00fcchtetenhilfe-formulare-und-beh\u00f6rden-eine-orientierung-f\u00fcr-ehrenamtliche-unterst\u00fctzerinnen/", "path": "/ostallgaeu/ti/events/online-fortbildung-ehrenamtliche-in-der-gefl\u00fcchtetenhilfe-formulare-und-beh\u00f6rden-eine-orientierung-f\u00fcr-ehrenamtliche-unterst\u00fctzerinnen/"}}, "thumbnail": "https://admin.integreat-app.de/media/global/2022/07/internet17.png", "location": {"id": null, "name": null, "address": null, "town": null, "state": null, "postcode": null, "region": null, "country": null, "latitude": null, "longitude": null}, "location_path": null, "meeting_url": null, "event": {"id": 19391, "start": "2026-04-28T17:30:00+02:00", "start_date": "2026-04-28", "start_time": "17:30:00", "end": "2026-04-28T20:30:00+02:00", "end_date": "2026-04-28", "end_time": "20:30:00", "all_day": false, "only_weekdays": false, "recurrence_id": null, "timezone": "Europe/Berlin"}, "hash": null, "recurrence_rule": null}, {"id": 323414, "url": "https://admin.integreat-app.de/ostallgaeu/de/events/interkulturelle-handlungskompetenzen-st\u00e4rken-der-islam-im-berufsalltag-online/", "path": "/ostallgaeu/de/events/interkulturelle-handlungskompetenzen-st\u00e4rken-der-islam-im-berufsalltag-online/", "title": "Interkulturelle Handlungskompetenzen st\u00e4rken: Der Islam im Berufsalltag (Online)", "modified_gmt": "2026-04-22T08:59:12.992Z", "last_updated": "2026-04-22T10:59:12.992+02:00", "excerpt": "Inhalte:\r\n\r\nEntwicklung eines tiefergehenden Verst\u00e4ndnisses f\u00fcr den Islam und Muslim*innen\r\nWissen \u00fcber innermuslimische Pluralit\u00e4t und muslimische Lebenswelten\r\nSt\u00e4rkung der eigenen interkulturellen und interreligi\u00f6sen Kompetenzen\r\nHerausforderungen im Umgang mit religi\u00f6ser Vielfalt erkennen und bew\u00e4ltigen\r\nPraktische Handlungsoptionen, um ein unterst\u00fctzendes Arbeitsumfeld f\u00fcr muslimische Mitarbeiter*innen zu schaffen\r\nReflexion mitgebrachter Fallbeispiele\r\n\r\nMethoden:\u00a0Impulsvortr\u00e4ge, Erfahrungsaustausch und Diskussion, Fallbeispiele, Gruppenarbeit\r\nZielgruppen: F\u00fchrungskr\u00e4fte und Mitarbeiter*innen aus Wohlfahrtsverb\u00e4nden und sozialen Organisationen\r\nKostenfrei. Online \u00fcber Zoom.\r\n\r\nWeitere Infos und Anmeldung hier.\r\n", "content": "<div><p>Inhalte:</p>\r\n<ul>\r\n<li>Entwicklung eines tiefergehenden Verst\u00e4ndnisses f\u00fcr den Islam und Muslim*innen</li>\r\n<li>Wissen \u00fcber innermuslimische Pluralit\u00e4t und muslimische Lebenswelten</li>\r\n<li>St\u00e4rkung der eigenen interkulturellen und interreligi\u00f6sen Kompetenzen</li>\r\n<li>Herausforderungen im Umgang mit religi\u00f6ser Vielfalt erkennen und bew\u00e4ltigen</li>\r\n<li>Praktische Handlungsoptionen, um ein unterst\u00fctzendes Arbeitsumfeld f\u00fcr muslimische Mitarbeiter*innen zu schaffen</li>\r\n<li>Reflexion mitgebrachter Fallbeispiele</li>\r\n</ul>\r\n<p>Methoden:\u00a0Impulsvortr\u00e4ge, Erfahrungsaustausch und Diskussion, Fallbeispiele, Gruppenarbeit</p>\r\n<p>Zielgruppen: F\u00fchrungskr\u00e4fte und Mitarbeiter*innen aus Wohlfahrtsverb\u00e4nden und sozialen Organisationen</p>\r\n<p>Kostenfrei. Online \u00fcber Zoom.</p>\r\n<a href=\"https://www.ibpro.de/fuehrung/kw/bereich/kursdetails/kurs/261014/kursname/Interkulturelle%20Handlungskompetenzen%20staerken%20Der%20Islam%20im%20Berufsalltag/kategorie-id/24/\" class=\"link-external\">\r\n<p>Weitere Infos und Anmeldung hier.</p>\r\n</a></div>", "available_languages": {"hr": {"id": null, "url": "https://admin.integreat-app.de/ostallgaeu/hr/events/interkulturelle-handlungskompetenzen-st\u00e4rken-der-islam-im-berufsalltag-online/", "path": "/ostallgaeu/hr/events/interkulturelle-handlungskompetenzen-st\u00e4rken-der-islam-im-berufsalltag-online/"}, "en": {"id": null, "url": "https://admin.integreat-app.de/ostallgaeu/en/events/interkulturelle-handlungskompetenzen-st\u00e4rken-der-islam-im-berufsalltag-online/", "path": "/ostallgaeu/en/events/interkulturelle-handlungskompetenzen-st\u00e4rken-der-islam-im-berufsalltag-online/"}, "es": {"id": null, "url": "https://admin.integreat-app.de/ostallgaeu/es/events/interkulturelle-handlungskompetenzen-st\u00e4rken-der-islam-im-berufsalltag-online/", "path": "/ostallgaeu/es/events/interkulturelle-handlungskompetenzen-st\u00e4rken-der-islam-im-berufsalltag-online/"}, "fr": {"id": null, "url": "https://admin.integreat-app.de/ostallgaeu/fr/events/interkulturelle-handlungskompetenzen-st\u00e4rken-der-islam-im-berufsalltag-online/", "path": "/ostallgaeu/fr/events/interkulturelle-handlungskompetenzen-st\u00e4rken-der-islam-im-berufsalltag-online/"}, "ar": {"id": null, "url": "https://admin.integreat-app.de/ostallgaeu/ar/events/interkulturelle-handlungskompetenzen-st\u00e4rken-der-islam-im-berufsalltag-online/", "path": "/ostallgaeu/ar/events/interkulturelle-handlungskompetenzen-st\u00e4rken-der-islam-im-berufsalltag-online/"}, "fa": {"id": null, "url": "https://admin.integreat-app.de/ostallgaeu/fa/events/interkulturelle-handlungskompetenzen-st\u00e4rken-der-islam-im-berufsalltag-online/", "path": "/ostallgaeu/fa/events/interkulturelle-handlungskompetenzen-st\u00e4rken-der-islam-im-berufsalltag-online/"}, "ro": {"id": null, "url": "https://admin.integreat-app.de/ostallgaeu/ro/events/interkulturelle-handlungskompetenzen-st\u00e4rken-der-islam-im-berufsalltag-online/", "path": "/ostallgaeu/ro/events/interkulturelle-handlungskompetenzen-st\u00e4rken-der-islam-im-berufsalltag-online/"}, "ru": {"id": null, "url": "https://admin.integreat-app.de/ostallgaeu/ru/events/interkulturelle-handlungskompetenzen-st\u00e4rken-der-islam-im-berufsalltag-online/", "path": "/ostallgaeu/ru/events/interkulturelle-handlungskompetenzen-st\u00e4rken-der-islam-im-berufsalltag-online/"}, "tr": {"id": null, "url": "https://admin.integreat-app.de/ostallgaeu/tr/events/interkulturelle-handlungskompetenzen-st\u00e4rken-der-islam-im-berufsalltag-online/", "path": "/ostallgaeu/tr/events/interkulturelle-handlungskompetenzen-st\u00e4rken-der-islam-im-berufsalltag-online/"}, "uk": {"id": null, "url": "https://admin.integreat-app.de/ostallgaeu/uk/events/interkulturelle-handlungskompetenzen-st\u00e4rken-der-islam-im-berufsalltag-online/", "path": "/ostallgaeu/uk/events/interkulturelle-handlungskompetenzen-st\u00e4rken-der-islam-im-berufsalltag-online/"}, "ti": {"id": null, "url": "https://admin.integreat-app.de/ostallgaeu/ti/events/interkulturelle-handlungskompetenzen-st\u00e4rken-der-islam-im-berufsalltag-online/", "path": "/ostallgaeu/ti/events/interkulturelle-handlungskompetenzen-st\u00e4rken-der-islam-im-berufsalltag-online/"}}, "thumbnail": "https://admin.integreat-app.de/media/regions/181/2017/11/internet17.png", "location": {"id": null, "name": null, "address": null, "town": null, "state": null, "postcode": null, "region": null, "country": null, "latitude": null, "longitude": null}, "location_path": null, "meeting_url": null, "event": {"id": 19718, "start": "2026-04-29T14:00:00+02:00", "start_date": "2026-04-29", "start_time": "14:00:00", "end": "2026-04-29T17:00:00+02:00", "end_date": "2026-04-29", "end_time": "17:00:00", "all_day": false, "only_weekdays": false, "recurrence_id": null, "timezone": "Europe/Berlin"}, "hash": null, "recurrence_rule": null}, {"id": 299964, "url": "https://admin.integreat-app.de/ostallgaeu/de/events/sprechstunde-f\u00fcr-digitales-in-oberg\u00fcnzburg-2/", "path": "/ostallgaeu/de/events/sprechstunde-f\u00fcr-digitales-in-oberg\u00fcnzburg-2/", "title": "Sprechstunde f\u00fcr Digitales in Oberg\u00fcnzburg", "modified_gmt": "2026-03-20T07:49:04.713Z", "last_updated": "2026-03-20T08:49:04.713+01:00", "excerpt": "\r\nEin kostenfreies Beratungsangebot f\u00fcr alle Fragen rund um digitale Themen und KI-Anwendungen f\u00fcr ALLE\r\nBeispiele der Beratung:\r\nNutzung sozialer NetzwerkeUmgang mit DatenUmgang mit Office-ProgrammenTeilnahme an Online-MeetingsOnline-BankingBeratung zu KI-Toolsund vieles mehr!\r\n", "content": "<div>\r\n<p>Ein kostenfreies Beratungsangebot f\u00fcr alle Fragen rund um digitale Themen und KI-Anwendungen f\u00fcr ALLE</p>\r\n<p>Beispiele der Beratung:</p>\r\n<p>Nutzung sozialer Netzwerke<br>Umgang mit Daten<br>Umgang mit Office-Programmen<br>Teilnahme an Online-Meetings<br>Online-Banking<br>Beratung zu KI-Tools<br>und vieles mehr!</p>\r\n</div>", "available_languages": {"hr": {"id": 299965, "url": "https://admin.integreat-app.de/ostallgaeu/hr/events/digitalna-savjetodavna-sesija-u-oberg\u00fcnzburgu-2/", "path": "/ostallgaeu/hr/events/digitalna-savjetodavna-sesija-u-oberg\u00fcnzburgu-2/"}, "en": {"id": 299966, "url": "https://admin.integreat-app.de/ostallgaeu/en/events/consultation-hour-for-digital-matters-in-oberg\u00fcnzburg-2/", "path": "/ostallgaeu/en/events/consultation-hour-for-digital-matters-in-oberg\u00fcnzburg-2/"}, "es": {"id": 299967, "url": "https://admin.integreat-app.de/ostallgaeu/es/events/hora-de-consulta-para-asuntos-digitales-en-oberg\u00fcnzburg-2/", "path": "/ostallgaeu/es/events/hora-de-consulta-para-asuntos-digitales-en-oberg\u00fcnzburg-2/"}, "fr": {"id": 299968, "url": "https://admin.integreat-app.de/ostallgaeu/fr/events/consultation-pour-le-num\u00e9rique-\u00e0-oberg\u00fcnzburg-2/", "path": "/ostallgaeu/fr/events/consultation-pour-le-num\u00e9rique-\u00e0-oberg\u00fcnzburg-2/"}, "ar": {"id": 299969, "url": "https://admin.integreat-app.de/ostallgaeu/ar/events/\u0633\u0627\u0639\u0629-\u0627\u0633\u062a\u0634\u0627\u0631\u0629-\u0641\u064a-\u0627\u0644\u0623\u0645\u0648\u0631-\u0627\u0644\u0631\u0642\u0645\u064a\u0629-\u0641\u064a-\u0623\u0648\u0628\u0631\u063a\u0648\u0646\u0632\u0628\u0648\u0631\u063a-2/", "path": "/ostallgaeu/ar/events/\u0633\u0627\u0639\u0629-\u0627\u0633\u062a\u0634\u0627\u0631\u0629-\u0641\u064a-\u0627\u0644\u0623\u0645\u0648\u0631-\u0627\u0644\u0631\u0642\u0645\u064a\u0629-\u0641\u064a-\u0623\u0648\u0628\u0631\u063a\u0648\u0646\u0632\u0628\u0648\u0631\u063a-2/"}, "fa": {"id": 299970, "url": "https://admin.integreat-app.de/ostallgaeu/fa/events/\u062c\u0644\u0633\u0647-\u0645\u0634\u0627\u0648\u0631\u0647-\u062f\u06cc\u062c\u06cc\u062a\u0627\u0644-\u062f\u0631-\u0627\u0648\u0628\u0631\u06af\u0648\u0646\u0632\u0628\u0631\u06af-2/", "path": "/ostallgaeu/fa/events/\u062c\u0644\u0633\u0647-\u0645\u0634\u0627\u0648\u0631\u0647-\u062f\u06cc\u062c\u06cc\u062a\u0627\u0644-\u062f\u0631-\u0627\u0648\u0628\u0631\u06af\u0648\u0646\u0632\u0628\u0631\u06af-2/"}, "ro": {"id": 299971, "url": "https://admin.integreat-app.de/ostallgaeu/ro/events/o-or\u0103-de-consultan\u021b\u0103-pentru-probleme-digitale-\u00een-oberg\u00fcnzburg-2/", "path": "/ostallgaeu/ro/events/o-or\u0103-de-consultan\u021b\u0103-pentru-probleme-digitale-\u00een-oberg\u00fcnzburg-2/"}, "ru": {"id": 299972, "url": "https://admin.integreat-app.de/ostallgaeu/ru/events/\u0447\u0430\u0441-\u043a\u043e\u043d\u0441\u0443\u043b\u044c\u0442\u0430\u0446\u0438\u0439-\u043f\u043e-\u0432\u043e\u043f\u0440\u043e\u0441\u0430\u043c-\u0446\u0438\u0444\u0440\u043e\u0432\u044b\u0445-\u0442\u0435\u0445\u043d\u043e\u043b\u043e\u0433\u0438\u0439-\u0432-\u043e\u0431\u0435\u0440\u0433\u044e\u043d\u0446\u0431\u0443\u0440\u0433\u0435-2/", "path": "/ostallgaeu/ru/events/\u0447\u0430\u0441-\u043a\u043e\u043d\u0441\u0443\u043b\u044c\u0442\u0430\u0446\u0438\u0439-\u043f\u043e-\u0432\u043e\u043f\u0440\u043e\u0441\u0430\u043c-\u0446\u0438\u0444\u0440\u043e\u0432\u044b\u0445-\u0442\u0435\u0445\u043d\u043e\u043b\u043e\u0433\u0438\u0439-\u0432-\u043e\u0431\u0435\u0440\u0433\u044e\u043d\u0446\u0431\u0443\u0440\u0433\u0435-2/"}, "tr": {"id": 299973, "url": "https://admin.integreat-app.de/ostallgaeu/tr/events/oberg\u00fcnzburgda-dijital-konular-i\u00e7in-dan\u0131\u015fma-saati-2/", "path": "/ostallgaeu/tr/events/oberg\u00fcnzburgda-dijital-konular-i\u00e7in-dan\u0131\u015fma-saati-2/"}, "uk": {"id": 299974, "url": "https://admin.integreat-app.de/ostallgaeu/uk/events/\u0433\u043e\u0434\u0438\u043d\u0430-\u043a\u043e\u043d\u0441\u0443\u043b\u044c\u0442\u0430\u0446\u0456\u0439-\u0437-\u0446\u0438\u0444\u0440\u043e\u0432\u0438\u0445-\u043f\u0438\u0442\u0430\u043d\u044c-\u0432-\u043e\u0431\u0435\u0440\u0433\u044e\u043d\u0446\u0431\u0443\u0440\u0437\u0456-2/", "path": "/ostallgaeu/uk/events/\u0433\u043e\u0434\u0438\u043d\u0430-\u043a\u043e\u043d\u0441\u0443\u043b\u044c\u0442\u0430\u0446\u0456\u0439-\u0437-\u0446\u0438\u0444\u0440\u043e\u0432\u0438\u0445-\u043f\u0438\u0442\u0430\u043d\u044c-\u0432-\u043e\u0431\u0435\u0440\u0433\u044e\u043d\u0446\u0431\u0443\u0440\u0437\u0456-2/"}, "ti": {"id": 299975, "url": "https://admin.integreat-app.de/ostallgaeu/ti/events/\u1293\u12ed-\u121d\u121d\u12bd\u12bb\u122d-\u1230\u12d3\u1273\u1275-\u1295\u12f2\u1302\u1273\u120b\u12ca-\u1309\u12f3\u12eb\u1275-\u12a3\u1265-\u12a6\u1260\u122d\u1309\u1295\u12dd\u1260\u122d\u130d-2/", "path": "/ostallgaeu/ti/events/\u1293\u12ed-\u121d\u121d\u12bd\u12bb\u122d-\u1230\u12d3\u1273\u1275-\u1295\u12f2\u1302\u1273\u120b\u12ca-\u1309\u12f3\u12eb\u1275-\u12a3\u1265-\u12a6\u1260\u122d\u1309\u1295\u12dd\u1260\u122d\u130d-2/"}}, "thumbnail": "https://admin.integreat-app.de/media/regions/181/2025/12/1766136275_vhs-neu.jpg", "location": {"id": 17371, "name": "vhs Ostallg\u00e4u Mitte - Zweigstelle Oberg\u00fcnzburg", "address": "Kapit\u00e4n-Nauer-Stra\u00dfe 20", "town": "Oberg\u00fcnzburg", "state": null, "postcode": "87634", "region": null, "country": "Deutschland", "latitude": 47.847015850000005, "longitude": 10.416720319788128}, "location_path": "/ostallgaeu/de/locations/vhs-ostallg\u00e4u-mitte-zweigstelle-oberg\u00fcnzburg/", "meeting_url": null, "event": {"id": 18394, "start": "2026-04-29T16:00:00+02:00", "start_date": "2026-04-29", "start_time": "16:00:00", "end": "2026-04-29T19:00:00+02:00", "end_date": "2026-04-29", "end_time": "19:00:00", "all_day": false, "only_weekdays": false, "recurrence_id": null, "timezone": "Europe/Berlin"}, "hash": null, "recurrence_rule": null}, {"id": 312471, "url": "https://admin.integreat-app.de/ostallgaeu/de/events/duale-ausbildung-informationen-f\u00fcr-eltern-und-sch\u00fclerinnen-spanisch-online/", "path": "/ostallgaeu/de/events/duale-ausbildung-informationen-f\u00fcr-eltern-und-sch\u00fclerinnen-spanisch-online/", "title": "Duale Ausbildung - Informationen f\u00fcr Eltern und Sch\u00fcler*innen SPANISCH (Online)", "modified_gmt": "2026-04-09T08:51:22.438Z", "last_updated": "2026-04-09T10:51:22.438+02:00", "excerpt": "\r\nBerufswahl \u2013 Online-Infoabende f\u00fcr Eltern und Sch\u00fcler in 8 Sprachen\r\nAlle Eltern-Infoabende finden online von 18:30 - 20:00 Uhr statt. \u00a0Eine Anmeldung ist nicht erforderlich. Der Einwahl-Link f\u00fchrt Sie zur aktuellen Veranstaltung.\r\nDuale Ausbildung - Informationen f\u00fcr Eltern und Sch\u00fcler*innenIn Deutschland bietet eine duale Ausbildung sehr gute Zukunftschancen. Wie funktioniert eine duale Ausbildung? Welche Berufe gibt es? Wie findet man einen Ausbildungsplatz? Bei unseren mehrsprachigen Infoabenden erhalten Eltern und Sch\u00fcler Antworten. Es gibt viele praktische Tipps, wie der \u00dcbergang von der Schule ins Berufsleben gelingt! Start 18:30 Uhr, Login ab 18:15 Uhr.\r\n\r\nAnmeldung hier.\r\n", "content": "<div>\r\n<p>Berufswahl \u2013 Online-Infoabende f\u00fcr Eltern und Sch\u00fcler in 8 Sprachen</p>\r\n<p>Alle Eltern-Infoabende finden online von 18:30 - 20:00 Uhr statt. \u00a0Eine Anmeldung ist nicht erforderlich. Der Einwahl-Link f\u00fchrt Sie zur aktuellen Veranstaltung.</p>\r\n<p>Duale Ausbildung - Informationen f\u00fcr Eltern und Sch\u00fcler*innen<br>In Deutschland bietet eine duale Ausbildung sehr gute Zukunftschancen. Wie funktioniert eine duale Ausbildung? Welche Berufe gibt es? Wie findet man einen Ausbildungsplatz? Bei unseren mehrsprachigen Infoabenden erhalten Eltern und Sch\u00fcler Antworten. Es gibt viele praktische Tipps, wie der \u00dcbergang von der Schule ins Berufsleben gelingt! Start 18:30 Uhr, Login ab 18:15 Uhr.</p>\r\n<a class=\"link-external\" href=\"https://www.kausa-bayern.de/infothek/veranstaltungen\">\r\n<p>Anmeldung hier.</p>\r\n</a></div>", "available_languages": {"hr": {"id": null, "url": "https://admin.integreat-app.de/ostallgaeu/hr/events/duale-ausbildung-informationen-f\u00fcr-eltern-und-sch\u00fclerinnen-spanisch-online/", "path": "/ostallgaeu/hr/events/duale-ausbildung-informationen-f\u00fcr-eltern-und-sch\u00fclerinnen-spanisch-online/"}, "en": {"id": null, "url": "https://admin.integreat-app.de/ostallgaeu/en/events/duale-ausbildung-informationen-f\u00fcr-eltern-und-sch\u00fclerinnen-spanisch-online/", "path": "/ostallgaeu/en/events/duale-ausbildung-informationen-f\u00fcr-eltern-und-sch\u00fclerinnen-spanisch-online/"}, "es": {"id": 312472, "url": "https://admin.integreat-app.de/ostallgaeu/es/events/formaci\u00f3n-profesional-dual-informaci\u00f3n-para-padres-y-alumnos-espa\u00f1ol-online/", "path": "/ostallgaeu/es/events/formaci\u00f3n-profesional-dual-informaci\u00f3n-para-padres-y-alumnos-espa\u00f1ol-online/"}, "fr": {"id": null, "url": "https://admin.integreat-app.de/ostallgaeu/fr/events/duale-ausbildung-informationen-f\u00fcr-eltern-und-sch\u00fclerinnen-spanisch-online/", "path": "/ostallgaeu/fr/events/duale-ausbildung-informationen-f\u00fcr-eltern-und-sch\u00fclerinnen-spanisch-online/"}, "ar": {"id": null, "url": "https://admin.integreat-app.de/ostallgaeu/ar/events/duale-ausbildung-informationen-f\u00fcr-eltern-und-sch\u00fclerinnen-spanisch-online/", "path": "/ostallgaeu/ar/events/duale-ausbildung-informationen-f\u00fcr-eltern-und-sch\u00fclerinnen-spanisch-online/"}, "fa": {"id": null, "url": "https://admin.integreat-app.de/ostallgaeu/fa/events/duale-ausbildung-informationen-f\u00fcr-eltern-und-sch\u00fclerinnen-spanisch-online/", "path": "/ostallgaeu/fa/events/duale-ausbildung-informationen-f\u00fcr-eltern-und-sch\u00fclerinnen-spanisch-online/"}, "ro": {"id": null, "url": "https://admin.integreat-app.de/ostallgaeu/ro/events/duale-ausbildung-informationen-f\u00fcr-eltern-und-sch\u00fclerinnen-spanisch-online/", "path": "/ostallgaeu/ro/events/duale-ausbildung-informationen-f\u00fcr-eltern-und-sch\u00fclerinnen-spanisch-online/"}, "ru": {"id": null, "url": "https://admin.integreat-app.de/ostallgaeu/ru/events/duale-ausbildung-informationen-f\u00fcr-eltern-und-sch\u00fclerinnen-spanisch-online/", "path": "/ostallgaeu/ru/events/duale-ausbildung-informationen-f\u00fcr-eltern-und-sch\u00fclerinnen-spanisch-online/"}, "tr": {"id": null, "url": "https://admin.integreat-app.de/ostallgaeu/tr/events/duale-ausbildung-informationen-f\u00fcr-eltern-und-sch\u00fclerinnen-spanisch-online/", "path": "/ostallgaeu/tr/events/duale-ausbildung-informationen-f\u00fcr-eltern-und-sch\u00fclerinnen-spanisch-online/"}, "uk": {"id": null, "url": "https://admin.integreat-app.de/ostallgaeu/uk/events/duale-ausbildung-informationen-f\u00fcr-eltern-und-sch\u00fclerinnen-spanisch-online/", "path": "/ostallgaeu/uk/events/duale-ausbildung-informationen-f\u00fcr-eltern-und-sch\u00fclerinnen-spanisch-online/"}, "ti": {"id": null, "url": "https://admin.integreat-app.de/ostallgaeu/ti/events/duale-ausbildung-informationen-f\u00fcr-eltern-und-sch\u00fclerinnen-spanisch-online/", "path": "/ostallgaeu/ti/events/duale-ausbildung-informationen-f\u00fcr-eltern-und-sch\u00fclerinnen-spanisch-online/"}}, "thumbnail": "https://admin.integreat-app.de/media/regions/181/2026/04/1775724585_kausa.png", "location": {"id": null, "name": null, "address": null, "town": null, "state": null, "postcode": null, "region": null, "country": null, "latitude": null, "longitude": null}, "location_path": null, "meeting_url": null, "event": {"id": 19393, "start": "2026-04-29T18:30:00+02:00", "start_date": "2026-04-29", "start_time": "18:30:00", "end": "2026-04-29T20:00:00+02:00", "end_date": "2026-04-29", "end_time": "20:00:00", "all_day": false, "only_weekdays": false, "recurrence_id": null, "timezone": "Europe/Berlin"}, "hash": null, "recurrence_rule": null}, {"id": 306534, "url": "https://admin.integreat-app.de/ostallgaeu/de/events/fgmc-fallsupervision-f\u00fcr-fachkr\u00e4fte/", "path": "/ostallgaeu/de/events/fgmc-fallsupervision-f\u00fcr-fachkr\u00e4fte/", "title": "FGM/C Fallsupervision f\u00fcr Fachkr\u00e4fte", "modified_gmt": "2026-03-27T08:37:44.568Z", "last_updated": "2026-03-27T09:37:44.568+01:00", "excerpt": "IN VIA l\u00e4dt Sie als Fachkraft zur Fallsupervision mit der Supervisiorin Barbara Abdallah-Steinkopff ein.\r\nDie Kurse haben begrenzte Pl\u00e4tze.\r\nTermine sind der 30.April, 9.Juli und 15.Oktober.\r\nDie Anmeldung ist jetzt m\u00f6glich!\r\n\u00a0\r\nN\u00e4here Informationen finden Sie im Flyer:\r\nFGM Fallsupervision 2026_Einladung_30.04.2026.pdf\r\n\u00a0", "content": "<div><p>IN VIA l\u00e4dt Sie als Fachkraft zur Fallsupervision mit der Supervisiorin Barbara Abdallah-Steinkopff ein.</p>\r\n<p>Die Kurse haben begrenzte Pl\u00e4tze.</p>\r\n<p>Termine sind der 30.April, 9.Juli und 15.Oktober.</p>\r\n<p>Die Anmeldung ist jetzt m\u00f6glich!</p>\r\n<p>\u00a0</p>\r\n<p>N\u00e4here Informationen finden Sie im Flyer:</p>\r\n<p><a href=\"https://admin.integreat-app.de/media/regions/181/2026/03/1774600621_FGM_Fallsupervision_2026_Einladung_30.04.2026.pdf\">FGM Fallsupervision 2026_Einladung_30.04.2026.pdf</a></p>\r\n<p>\u00a0</p></div>", "available_languages": {"hr": {"id": null, "url": "https://admin.integreat-app.de/ostallgaeu/hr/events/fgmc-fallsupervision-f\u00fcr-fachkr\u00e4fte/", "path": "/ostallgaeu/hr/events/fgmc-fallsupervision-f\u00fcr-fachkr\u00e4fte/"}, "en": {"id": null, "url": "https://admin.integreat-app.de/ostallgaeu/en/events/fgmc-fallsupervision-f\u00fcr-fachkr\u00e4fte/", "path": "/ostallgaeu/en/events/fgmc-fallsupervision-f\u00fcr-fachkr\u00e4fte/"}, "es": {"id": null, "url": "https://admin.integreat-app.de/ostallgaeu/es/events/fgmc-fallsupervision-f\u00fcr-fachkr\u00e4fte/", "path": "/ostallgaeu/es/events/fgmc-fallsupervision-f\u00fcr-fachkr\u00e4fte/"}, "fr": {"id": null, "url": "https://admin.integreat-app.de/ostallgaeu/fr/events/fgmc-fallsupervision-f\u00fcr-fachkr\u00e4fte/", "path": "/ostallgaeu/fr/events/fgmc-fallsupervision-f\u00fcr-fachkr\u00e4fte/"}, "ar": {"id": null, "url": "https://admin.integreat-app.de/ostallgaeu/ar/events/fgmc-fallsupervision-f\u00fcr-fachkr\u00e4fte/", "path": "/ostallgaeu/ar/events/fgmc-fallsupervision-f\u00fcr-fachkr\u00e4fte/"}, "fa": {"id": null, "url": "https://admin.integreat-app.de/ostallgaeu/fa/events/fgmc-fallsupervision-f\u00fcr-fachkr\u00e4fte/", "path": "/ostallgaeu/fa/events/fgmc-fallsupervision-f\u00fcr-fachkr\u00e4fte/"}, "ro": {"id": null, "url": "https://admin.integreat-app.de/ostallgaeu/ro/events/fgmc-fallsupervision-f\u00fcr-fachkr\u00e4fte/", "path": "/ostallgaeu/ro/events/fgmc-fallsupervision-f\u00fcr-fachkr\u00e4fte/"}, "ru": {"id": null, "url": "https://admin.integreat-app.de/ostallgaeu/ru/events/fgmc-fallsupervision-f\u00fcr-fachkr\u00e4fte/", "path": "/ostallgaeu/ru/events/fgmc-fallsupervision-f\u00fcr-fachkr\u00e4fte/"}, "tr": {"id": null, "url": "https://admin.integreat-app.de/ostallgaeu/tr/events/fgmc-fallsupervision-f\u00fcr-fachkr\u00e4fte/", "path": "/ostallgaeu/tr/events/fgmc-fallsupervision-f\u00fcr-fachkr\u00e4fte/"}, "uk": {"id": null, "url": "https://admin.integreat-app.de/ostallgaeu/uk/events/fgmc-fallsupervision-f\u00fcr-fachkr\u00e4fte/", "path": "/ostallgaeu/uk/events/fgmc-fallsupervision-f\u00fcr-fachkr\u00e4fte/"}, "ti": {"id": null, "url": "https://admin.integreat-app.de/ostallgaeu/ti/events/fgmc-fallsupervision-f\u00fcr-fachkr\u00e4fte/", "path": "/ostallgaeu/ti/events/fgmc-fallsupervision-f\u00fcr-fachkr\u00e4fte/"}}, "thumbnail": "https://admin.integreat-app.de/media/regions/181/2017/11/internet17.png", "location": {"id": null, "name": null, "address": null, "town": null, "state": null, "postcode": null, "region": null, "country": null, "latitude": null, "longitude": null}, "location_path": null, "meeting_url": null, "event": {"id": 18224, "start": "2026-04-30T10:30:00+02:00", "start_date": "2026-04-30", "start_time": "10:30:00", "end": "2026-04-30T12:00:00+02:00", "end_date": "2026-04-30", "end_time": "12:00:00", "all_day": false, "only_weekdays": false, "recurrence_id": null, "timezone": "Europe/Berlin"}, "hash": null, "recurrence_rule": null}, {"id": 307245, "url": "https://admin.integreat-app.de/ostallgaeu/de/events/offene-sprechstunde-der-wohnungslotsin-im-landratsamt-6/", "path": "/ostallgaeu/de/events/offene-sprechstunde-der-wohnungslotsin-im-landratsamt-6/", "title": "Offene Sprechstunde der Wohnungslotsin im Landratsamt", "modified_gmt": "2026-03-30T07:11:34.565Z", "last_updated": "2026-03-30T09:11:34.565+02:00", "excerpt": "\r\nDie Sprechstunde rund um das Thema Wohnen f\u00fcr gefl\u00fcchtete und zugewanderte Personen findet am\u00a0 Donnerstag von 14-17 Uhr bei Frau Andrea Veres (Wohnungslotsin f\u00fcr Zugewanderte im Ostallg\u00e4u) im Landratsamt im Zimmer C129 statt.\r\nSie k\u00f6nnen ohne vorherige Terminvereinbarung vorbeikommen, wenn Sie kurze Fragen rund um das Thema Wohnen haben oder kleinere Anliegen schnell kl\u00e4ren m\u00f6chten.Die offene Sprechstunde eignet sich besonders f\u00fcr Themen, die sich in einem kurzen Gespr\u00e4ch besprechen oder unkompliziert erledigen lassen.\r\n\u00a0\r\nF\u00fcr Gefl\u00fcchtete und Zugewanderte: Sie haben eine Anerkennung, leben in einer Asylunterkunft und suchen eine Wohnung?Sie haben Fragen rund ums Wohnen?\r\nF\u00fcr Vermieterinnen und Vermieter: Sie m\u00f6chten an Zugewanderte vermieten oder haben noch Fragen?\r\n", "content": "<div>\r\n<p>Die Sprechstunde rund um das Thema Wohnen f\u00fcr gefl\u00fcchtete und zugewanderte Personen findet am\u00a0 Donnerstag von 14-17 Uhr bei<strong> Frau Andrea Veres (Wohnungslotsin f\u00fcr Zugewanderte im Ostallg\u00e4u) im Landratsamt im Zimmer C129</strong> statt.</p>\r\n<p>Sie k\u00f6nnen ohne vorherige Terminvereinbarung vorbeikommen, wenn Sie kurze Fragen rund um das Thema Wohnen haben oder kleinere Anliegen schnell kl\u00e4ren m\u00f6chten.<br>Die offene Sprechstunde eignet sich besonders f\u00fcr Themen, die sich in einem kurzen Gespr\u00e4ch besprechen oder unkompliziert erledigen lassen.</p>\r\n<p>\u00a0</p>\r\n<p><strong>F\u00fcr Gefl\u00fcchtete und Zugewanderte: </strong>Sie haben eine Anerkennung, leben in einer Asylunterkunft und suchen eine Wohnung?<br>Sie haben Fragen rund ums Wohnen?</p>\r\n<p><strong>F\u00fcr Vermieterinnen und Vermieter:</strong> Sie m\u00f6chten an Zugewanderte vermieten oder haben noch Fragen?</p>\r\n</div>", "available_languages": {"hr": {"id": 307246, "url": "https://admin.integreat-app.de/ostallgaeu/hr/events/otvoreni-savjetodavni-sati-s-savjetnikom-za-stanovanje-u-okru\u017enom-uredu-6/", "path": "/ostallgaeu/hr/events/otvoreni-savjetodavni-sati-s-savjetnikom-za-stanovanje-u-okru\u017enom-uredu-6/"}, "en": {"id": 307247, "url": "https://admin.integreat-app.de/ostallgaeu/en/events/open-consultation-hours-for-the-housing-guide-at-the-district-office-6/", "path": "/ostallgaeu/en/events/open-consultation-hours-for-the-housing-guide-at-the-district-office-6/"}, "es": {"id": 307248, "url": "https://admin.integreat-app.de/ostallgaeu/es/events/horario-de-consulta-abierto-para-la-gu\u00eda-de-la-vivienda-en-la-oficina-del-distrito-6/", "path": "/ostallgaeu/es/events/horario-de-consulta-abierto-para-la-gu\u00eda-de-la-vivienda-en-la-oficina-del-distrito-6/"}, "fr": {"id": 307249, "url": "https://admin.integreat-app.de/ostallgaeu/fr/events/heures-de-consultation-ouvertes-de-la-pilote-de-logement-au-landratsamt-6/", "path": "/ostallgaeu/fr/events/heures-de-consultation-ouvertes-de-la-pilote-de-logement-au-landratsamt-6/"}, "ar": {"id": 307250, "url": "https://admin.integreat-app.de/ostallgaeu/ar/events/\u0633\u0627\u0639\u0627\u062a-\u0627\u0644\u0627\u0633\u062a\u0634\u0627\u0631\u0629-\u0627\u0644\u0645\u0641\u062a\u0648\u062d\u0629-\u0644\u062f\u0644\u064a\u0644-\u0627\u0644\u0625\u0633\u0643\u0627\u0646-\u0641\u064a-\u0645\u0643\u062a\u0628-\u0627\u0644\u0645\u0642\u0627\u0637\u0639\u0629-6/", "path": "/ostallgaeu/ar/events/\u0633\u0627\u0639\u0627\u062a-\u0627\u0644\u0627\u0633\u062a\u0634\u0627\u0631\u0629-\u0627\u0644\u0645\u0641\u062a\u0648\u062d\u0629-\u0644\u062f\u0644\u064a\u0644-\u0627\u0644\u0625\u0633\u0643\u0627\u0646-\u0641\u064a-\u0645\u0643\u062a\u0628-\u0627\u0644\u0645\u0642\u0627\u0637\u0639\u0629-6/"}, "fa": {"id": 307251, "url": "https://admin.integreat-app.de/ostallgaeu/fa/events/\u0633\u0627\u0639\u0627\u062a-\u0645\u0634\u0627\u0648\u0631\u0647-\u062d\u0636\u0648\u0631\u06cc-\u0628\u0627-\u0645\u0634\u0627\u0648\u0631-\u0645\u0633\u06a9\u0646-\u062f\u0631-\u062f\u0641\u062a\u0631-\u0645\u0646\u0637\u0642\u0647-6/", "path": "/ostallgaeu/fa/events/\u0633\u0627\u0639\u0627\u062a-\u0645\u0634\u0627\u0648\u0631\u0647-\u062d\u0636\u0648\u0631\u06cc-\u0628\u0627-\u0645\u0634\u0627\u0648\u0631-\u0645\u0633\u06a9\u0646-\u062f\u0631-\u062f\u0641\u062a\u0631-\u0645\u0646\u0637\u0642\u0647-6/"}, "ro": {"id": 307252, "url": "https://admin.integreat-app.de/ostallgaeu/ro/events/orele-de-consultare-deschise-pentru-ghidul-privind-locuin\u021bele-la-biroul-districtual-6/", "path": "/ostallgaeu/ro/events/orele-de-consultare-deschise-pentru-ghidul-privind-locuin\u021bele-la-biroul-districtual-6/"}, "ru": {"id": 307253, "url": "https://admin.integreat-app.de/ostallgaeu/ru/events/\u0447\u0430\u0441\u044b-\u043e\u0442\u043a\u0440\u044b\u0442\u044b\u0445-\u043a\u043e\u043d\u0441\u0443\u043b\u044c\u0442\u0430\u0446\u0438\u0439-\u043f\u043e-\u0436\u0438\u043b\u0438\u0449\u043d\u043e\u043c\u0443-\u0441\u043f\u0440\u0430\u0432\u043e\u0447\u043d\u0438\u043a\u0443-\u0432-\u0440\u0430\u0439\u043e\u043d\u043d\u043e\u043c-\u043e\u0444\u0438\u0441\u0435-6/", "path": "/ostallgaeu/ru/events/\u0447\u0430\u0441\u044b-\u043e\u0442\u043a\u0440\u044b\u0442\u044b\u0445-\u043a\u043e\u043d\u0441\u0443\u043b\u044c\u0442\u0430\u0446\u0438\u0439-\u043f\u043e-\u0436\u0438\u043b\u0438\u0449\u043d\u043e\u043c\u0443-\u0441\u043f\u0440\u0430\u0432\u043e\u0447\u043d\u0438\u043a\u0443-\u0432-\u0440\u0430\u0439\u043e\u043d\u043d\u043e\u043c-\u043e\u0444\u0438\u0441\u0435-6/"}, "tr": {"id": 307254, "url": "https://admin.integreat-app.de/ostallgaeu/tr/events/b\u00f6lge-ofisinde-konut-rehberi-i\u00e7in-a\u00e7\u0131k-dan\u0131\u015fma-saatleri-6/", "path": "/ostallgaeu/tr/events/b\u00f6lge-ofisinde-konut-rehberi-i\u00e7in-a\u00e7\u0131k-dan\u0131\u015fma-saatleri-6/"}, "uk": {"id": 307255, "url": "https://admin.integreat-app.de/ostallgaeu/uk/events/\u0432\u0456\u0434\u043a\u0440\u0438\u0442\u0456-\u043a\u043e\u043d\u0441\u0443\u043b\u044c\u0442\u0430\u0446\u0456\u0439\u043d\u0456-\u0433\u043e\u0434\u0438\u043d\u0438-\u0434\u043b\u044f-\u0436\u0438\u0442\u043b\u043e\u0432\u043e\u0433\u043e-\u0433\u0456\u0434\u0430-\u0432-\u0440\u0430\u0439\u043e\u043d\u043d\u043e\u043c\u0443-\u0443\u043f\u0440\u0430\u0432\u043b\u0456\u043d\u043d\u0456-6/", "path": "/ostallgaeu/uk/events/\u0432\u0456\u0434\u043a\u0440\u0438\u0442\u0456-\u043a\u043e\u043d\u0441\u0443\u043b\u044c\u0442\u0430\u0446\u0456\u0439\u043d\u0456-\u0433\u043e\u0434\u0438\u043d\u0438-\u0434\u043b\u044f-\u0436\u0438\u0442\u043b\u043e\u0432\u043e\u0433\u043e-\u0433\u0456\u0434\u0430-\u0432-\u0440\u0430\u0439\u043e\u043d\u043d\u043e\u043c\u0443-\u0443\u043f\u0440\u0430\u0432\u043b\u0456\u043d\u043d\u0456-6/"}, "ti": {"id": 307256, "url": "https://admin.integreat-app.de/ostallgaeu/ti/events/\u12ad\u1349\u1275-\u1293\u12ed-\u121d\u121d\u12bd\u12bb\u122d-\u1230\u12d3\u1273\u1275-\u121d\u1235-\u12a3\u121b\u12bb\u122a-\u12a3\u1263\u12ed\u1272-\u12a3\u1265-\u1264\u1275-\u1345\u1215\u1348\u1275-\u12c8\u1228\u12f3-6/", "path": "/ostallgaeu/ti/events/\u12ad\u1349\u1275-\u1293\u12ed-\u121d\u121d\u12bd\u12bb\u122d-\u1230\u12d3\u1273\u1275-\u121d\u1235-\u12a3\u121b\u12bb\u122a-\u12a3\u1263\u12ed\u1272-\u12a3\u1265-\u1264\u1275-\u1345\u1215\u1348\u1275-\u12c8\u1228\u12f3-6/"}}, "thumbnail": "https://admin.integreat-app.de/media/regions/181/2026/02/1770892330_real-estate-6688945_1280.jpg", "location": {"id": 143, "name": "Landratsamt Ostallg\u00e4u", "address": "Schwabenstr. 11", "town": "Marktoberdorf", "state": null, "postcode": "87616", "region": null, "country": "Deutschland", "latitude": 47.7822637, "longitude": 10.6161969}, "location_path": "/ostallgaeu/de/locations/landratsamt-ostallgaeu-2/", "meeting_url": null, "event": {"id": 19056, "start": "2026-04-30T14:00:00+02:00", "start_date": "2026-04-30", "start_time": "14:00:00", "end": "2026-04-30T17:00:00+02:00", "end_date": "2026-04-30", "end_time": "17:00:00", "all_day": false, "only_weekdays": false, "recurrence_id": 4048, "timezone": "Europe/Berlin"}, "hash": null, "recurrence_rule": "DTSTART:20260430T120000\nRRULE:FREQ=MONTHLY;BYDAY=-1TH"}, {"id": 312615, "url": "https://admin.integreat-app.de/ostallgaeu/de/events/duale-ausbildung-infoabend-f\u00fcr-eltern-und-sch\u00fclerinnen-polnisch-online/", "path": "/ostallgaeu/de/events/duale-ausbildung-infoabend-f\u00fcr-eltern-und-sch\u00fclerinnen-polnisch-online/", "title": "Duale Ausbildung: Infoabend f\u00fcr Eltern und Sch\u00fcler*innen POLNISCH (Online)", "modified_gmt": "2026-04-09T09:48:37.216Z", "last_updated": "2026-04-09T11:48:37.216+02:00", "excerpt": "\r\nBerufswahl \u2013 Online-Infoabende f\u00fcr Eltern und Sch\u00fcler in 8 Sprachen\r\nAlle Eltern-Infoabende finden online von 18:30 - 20:00 Uhr statt. \u00a0Eine Anmeldung ist nicht erforderlich. Der Einwahl-Link f\u00fchrt Sie zur aktuellen Veranstaltung.\r\nDuale Ausbildung - Informationen f\u00fcr Eltern und Sch\u00fcler*innenIn Deutschland bietet eine duale Ausbildung sehr gute Zukunftschancen. Wie funktioniert eine duale Ausbildung? Welche Berufe gibt es? Wie findet man einen Ausbildungsplatz? Bei unseren mehrsprachigen Infoabenden erhalten Eltern und Sch\u00fcler Antworten. Es gibt viele praktische Tipps, wie der \u00dcbergang von der Schule ins Berufsleben gelingt! Start 18:30 Uhr, Login ab 18:15 Uhr.\r\n\r\nAnmeldung hier.\r\n", "content": "<div>\r\n<p>Berufswahl \u2013 Online-Infoabende f\u00fcr Eltern und Sch\u00fcler in 8 Sprachen</p>\r\n<p>Alle Eltern-Infoabende finden online von 18:30 - 20:00 Uhr statt. \u00a0Eine Anmeldung ist nicht erforderlich. Der Einwahl-Link f\u00fchrt Sie zur aktuellen Veranstaltung.</p>\r\n<p>Duale Ausbildung - Informationen f\u00fcr Eltern und Sch\u00fcler*innen<br>In Deutschland bietet eine duale Ausbildung sehr gute Zukunftschancen. Wie funktioniert eine duale Ausbildung? Welche Berufe gibt es? Wie findet man einen Ausbildungsplatz? Bei unseren mehrsprachigen Infoabenden erhalten Eltern und Sch\u00fcler Antworten. Es gibt viele praktische Tipps, wie der \u00dcbergang von der Schule ins Berufsleben gelingt! Start 18:30 Uhr, Login ab 18:15 Uhr.</p>\r\n<a class=\"link-external\" href=\"https://www.kausa-bayern.de/infothek/veranstaltungen\">\r\n<p>Anmeldung hier.</p>\r\n</a></div>", "available_languages": {"hr": {"id": null, "url": "https://admin.integreat-app.de/ostallgaeu/hr/events/duale-ausbildung-infoabend-f\u00fcr-eltern-und-sch\u00fclerinnen-polnisch-online/", "path": "/ostallgaeu/hr/events/duale-ausbildung-infoabend-f\u00fcr-eltern-und-sch\u00fclerinnen-polnisch-online/"}, "en": {"id": null, "url": "https://admin.integreat-app.de/ostallgaeu/en/events/duale-ausbildung-infoabend-f\u00fcr-eltern-und-sch\u00fclerinnen-polnisch-online/", "path": "/ostallgaeu/en/events/duale-ausbildung-infoabend-f\u00fcr-eltern-und-sch\u00fclerinnen-polnisch-online/"}, "es": {"id": null, "url": "https://admin.integreat-app.de/ostallgaeu/es/events/duale-ausbildung-infoabend-f\u00fcr-eltern-und-sch\u00fclerinnen-polnisch-online/", "path": "/ostallgaeu/es/events/duale-ausbildung-infoabend-f\u00fcr-eltern-und-sch\u00fclerinnen-polnisch-online/"}, "fr": {"id": null, "url": "https://admin.integreat-app.de/ostallgaeu/fr/events/duale-ausbildung-infoabend-f\u00fcr-eltern-und-sch\u00fclerinnen-polnisch-online/", "path": "/ostallgaeu/fr/events/duale-ausbildung-infoabend-f\u00fcr-eltern-und-sch\u00fclerinnen-polnisch-online/"}, "ar": {"id": null, "url": "https://admin.integreat-app.de/ostallgaeu/ar/events/duale-ausbildung-infoabend-f\u00fcr-eltern-und-sch\u00fclerinnen-polnisch-online/", "path": "/ostallgaeu/ar/events/duale-ausbildung-infoabend-f\u00fcr-eltern-und-sch\u00fclerinnen-polnisch-online/"}, "fa": {"id": null, "url": "https://admin.integreat-app.de/ostallgaeu/fa/events/duale-ausbildung-infoabend-f\u00fcr-eltern-und-sch\u00fclerinnen-polnisch-online/", "path": "/ostallgaeu/fa/events/duale-ausbildung-infoabend-f\u00fcr-eltern-und-sch\u00fclerinnen-polnisch-online/"}, "ro": {"id": null, "url": "https://admin.integreat-app.de/ostallgaeu/ro/events/duale-ausbildung-infoabend-f\u00fcr-eltern-und-sch\u00fclerinnen-polnisch-online/", "path": "/ostallgaeu/ro/events/duale-ausbildung-infoabend-f\u00fcr-eltern-und-sch\u00fclerinnen-polnisch-online/"}, "ru": {"id": null, "url": "https://admin.integreat-app.de/ostallgaeu/ru/events/duale-ausbildung-infoabend-f\u00fcr-eltern-und-sch\u00fclerinnen-polnisch-online/", "path": "/ostallgaeu/ru/events/duale-ausbildung-infoabend-f\u00fcr-eltern-und-sch\u00fclerinnen-polnisch-online/"}, "tr": {"id": null, "url": "https://admin.integreat-app.de/ostallgaeu/tr/events/duale-ausbildung-infoabend-f\u00fcr-eltern-und-sch\u00fclerinnen-polnisch-online/", "path": "/ostallgaeu/tr/events/duale-ausbildung-infoabend-f\u00fcr-eltern-und-sch\u00fclerinnen-polnisch-online/"}, "uk": {"id": null, "url": "https://admin.integreat-app.de/ostallgaeu/uk/events/duale-ausbildung-infoabend-f\u00fcr-eltern-und-sch\u00fclerinnen-polnisch-online/", "path": "/ostallgaeu/uk/events/duale-ausbildung-infoabend-f\u00fcr-eltern-und-sch\u00fclerinnen-polnisch-online/"}, "ti": {"id": null, "url": "https://admin.integreat-app.de/ostallgaeu/ti/events/duale-ausbildung-infoabend-f\u00fcr-eltern-und-sch\u00fclerinnen-polnisch-online/", "path": "/ostallgaeu/ti/events/duale-ausbildung-infoabend-f\u00fcr-eltern-und-sch\u00fclerinnen-polnisch-online/"}}, "thumbnail": "https://admin.integreat-app.de/media/regions/181/2026/04/1775724585_kausa.png", "location": {"id": null, "name": null, "address": null, "town": null, "state": null, "postcode": null, "region": null, "country": null, "latitude": null, "longitude": null}, "location_path": null, "meeting_url": null, "event": {"id": 19394, "start": "2026-04-30T18:30:00+02:00", "start_date": "2026-04-30", "start_time": "18:30:00", "end": "2026-04-30T20:00:00+02:00", "end_date": "2026-04-30", "end_time": "20:00:00", "all_day": false, "only_weekdays": false, "recurrence_id": null, "timezone": "Europe/Berlin"}, "hash": null, "recurrence_rule": null}, {"id": 319885, "url": "https://admin.integreat-app.de/ostallgaeu/de/events/spielplatztreff-mit-gesundem-picknick-f\u00fcr-alleinerziehende/", "path": "/ostallgaeu/de/events/spielplatztreff-mit-gesundem-picknick-f\u00fcr-alleinerziehende/", "title": "Spielplatztreff mit gesundem Picknick f\u00fcr Alleinerziehende", "modified_gmt": "2026-04-17T08:21:43.517Z", "last_updated": "2026-04-17T10:21:43.517+02:00", "excerpt": "\r\nDer Treff bietet alleinerziehenden und getrennt lebenden Eltern mit ihren Kindern eine kleine Auszeit f\u00fcr sch\u00f6ne gemeinsame Aktivit\u00e4ten und Austausch.\r\nTreffpunkt ist der Spielplatz am DAV-Kletterzentrum in Kaufbeuren.\r\nDies ist eine Veranstaltung der Familienst\u00fctzpunkte \"Apfelkern\" und \"Hand in Hand\".\r\nAnmeldung bis eine Woche vorher unter: familienstuetzpunkt.haken-kf@bistum-augsburg.de\u00a0 \r\nOder telefonisch unter +49\u00a083419082383\r\n\u00a0\r\n", "content": "<div>\r\n<p>Der Treff bietet alleinerziehenden und getrennt lebenden Eltern mit ihren Kindern eine kleine Auszeit f\u00fcr sch\u00f6ne gemeinsame Aktivit\u00e4ten und Austausch.</p>\r\n<p>Treffpunkt ist der Spielplatz am DAV-Kletterzentrum in Kaufbeuren.</p>\r\n<p>Dies ist eine Veranstaltung der Familienst\u00fctzpunkte \"Apfelkern\" und \"Hand in Hand\".</p>\r\n<p>Anmeldung bis eine Woche vorher unter: <img style=\"width: 15px; height: 15px;\" src=\"https://admin.integreat-app.de/static/svg/email.svg\" alt=\"E-Mail-Adresse\"><a class=\"link-external\" href=\"mailto:familienstuetzpunkt.haken-kf@bistum-augsburg.de\">familienstuetzpunkt.haken-kf@bistum-augsburg.de\u00a0 </a></p>\r\n<p>Oder telefonisch unter<img style=\"width: 15px; height: 15px;\" src=\"https://admin.integreat-app.de/static/svg/call.svg\" alt=\"Telefonnummer\"> <a class=\"link-external\" href=\"tel:+4983419082383\"><span class=\"notranslate\" dir=\"ltr\" translate=\"no\">+49\u00a083419082383</span></a></p>\r\n<p>\u00a0</p>\r\n</div>", "available_languages": {"hr": {"id": 319886, "url": "https://admin.integreat-app.de/ostallgaeu/hr/events/sastanak-na-igrali\u0161tu-uz-zdrav-piknik-za-samohrane-roditelje/", "path": "/ostallgaeu/hr/events/sastanak-na-igrali\u0161tu-uz-zdrav-piknik-za-samohrane-roditelje/"}, "en": {"id": 319887, "url": "https://admin.integreat-app.de/ostallgaeu/en/events/playground-meeting-with-healthy-picnic-for-single-parents/", "path": "/ostallgaeu/en/events/playground-meeting-with-healthy-picnic-for-single-parents/"}, "es": {"id": 319888, "url": "https://admin.integreat-app.de/ostallgaeu/es/events/reuni\u00f3n-con-picnic-saludable-para-familias-monoparentales/", "path": "/ostallgaeu/es/events/reuni\u00f3n-con-picnic-saludable-para-familias-monoparentales/"}, "fr": {"id": 319889, "url": "https://admin.integreat-app.de/ostallgaeu/fr/events/rencontre-sur-le-terrain-de-jeu-avec-pique-nique-sain-pour-les-parents-isol\u00e9s/", "path": "/ostallgaeu/fr/events/rencontre-sur-le-terrain-de-jeu-avec-pique-nique-sain-pour-les-parents-isol\u00e9s/"}, "ar": {"id": 319890, "url": "https://admin.integreat-app.de/ostallgaeu/ar/events/\u0644\u0642\u0627\u0621-\u0641\u064a-\u0627\u0644\u0645\u0644\u0639\u0628-\u0645\u0639-\u0646\u0632\u0647\u0629-\u0635\u062d\u064a\u0629-\u0644\u0644\u0622\u0628\u0627\u0621-\u0648\u0627\u0644\u0623\u0645\u0647\u0627\u062a-\u0627\u0644\u0639\u0627\u0632\u0628\u064a\u0646/", "path": "/ostallgaeu/ar/events/\u0644\u0642\u0627\u0621-\u0641\u064a-\u0627\u0644\u0645\u0644\u0639\u0628-\u0645\u0639-\u0646\u0632\u0647\u0629-\u0635\u062d\u064a\u0629-\u0644\u0644\u0622\u0628\u0627\u0621-\u0648\u0627\u0644\u0623\u0645\u0647\u0627\u062a-\u0627\u0644\u0639\u0627\u0632\u0628\u064a\u0646/"}, "fa": {"id": 319891, "url": "https://admin.integreat-app.de/ostallgaeu/fa/events/\u062f\u06cc\u062f\u0627\u0631-\u062f\u0631-\u0632\u0645\u06cc\u0646-\u0628\u0627\u0632\u06cc-\u0628\u0627-\u067e\u06cc\u06a9\u0646\u06cc\u06a9-\u0633\u0627\u0644\u0645-\u0628\u0631\u0627\u06cc-\u0648\u0627\u0644\u062f\u06cc\u0646-\u0645\u062c\u0631\u062f/", "path": "/ostallgaeu/fa/events/\u062f\u06cc\u062f\u0627\u0631-\u062f\u0631-\u0632\u0645\u06cc\u0646-\u0628\u0627\u0632\u06cc-\u0628\u0627-\u067e\u06cc\u06a9\u0646\u06cc\u06a9-\u0633\u0627\u0644\u0645-\u0628\u0631\u0627\u06cc-\u0648\u0627\u0644\u062f\u06cc\u0646-\u0645\u062c\u0631\u062f/"}, "ro": {"id": 319892, "url": "https://admin.integreat-app.de/ostallgaeu/ro/events/\u00eent\u00e2lnire-la-locul-de-joac\u0103-cu-un-picnic-s\u0103n\u0103tos-pentru-p\u0103rin\u021bii-singuri/", "path": "/ostallgaeu/ro/events/\u00eent\u00e2lnire-la-locul-de-joac\u0103-cu-un-picnic-s\u0103n\u0103tos-pentru-p\u0103rin\u021bii-singuri/"}, "ru": {"id": 319893, "url": "https://admin.integreat-app.de/ostallgaeu/ru/events/\u0432\u0441\u0442\u0440\u0435\u0447\u0430-\u043d\u0430-\u0434\u0435\u0442\u0441\u043a\u043e\u0439-\u043f\u043b\u043e\u0449\u0430\u0434\u043a\u0435-\u0441-\u043f\u043e\u043b\u0435\u0437\u043d\u044b\u043c-\u043f\u0438\u043a\u043d\u0438\u043a\u043e\u043c-\u0434\u043b\u044f-\u043e\u0434\u0438\u043d\u043e\u043a\u0438\u0445-\u0440\u043e\u0434\u0438\u0442\u0435\u043b\u0435\u0439/", "path": "/ostallgaeu/ru/events/\u0432\u0441\u0442\u0440\u0435\u0447\u0430-\u043d\u0430-\u0434\u0435\u0442\u0441\u043a\u043e\u0439-\u043f\u043b\u043e\u0449\u0430\u0434\u043a\u0435-\u0441-\u043f\u043e\u043b\u0435\u0437\u043d\u044b\u043c-\u043f\u0438\u043a\u043d\u0438\u043a\u043e\u043c-\u0434\u043b\u044f-\u043e\u0434\u0438\u043d\u043e\u043a\u0438\u0445-\u0440\u043e\u0434\u0438\u0442\u0435\u043b\u0435\u0439/"}, "tr": {"id": 319894, "url": "https://admin.integreat-app.de/ostallgaeu/tr/events/bekar-ebeveynler-i\u00e7in-sa\u011fl\u0131kl\u0131-piknik-ile-oyun-alan\u0131-bulu\u015fmas\u0131/", "path": "/ostallgaeu/tr/events/bekar-ebeveynler-i\u00e7in-sa\u011fl\u0131kl\u0131-piknik-ile-oyun-alan\u0131-bulu\u015fmas\u0131/"}, "uk": {"id": 319895, "url": "https://admin.integreat-app.de/ostallgaeu/uk/events/\u0437\u0443\u0441\u0442\u0440\u0456\u0447-\u043d\u0430-\u0434\u0438\u0442\u044f\u0447\u043e\u043c\u0443-\u043c\u0430\u0439\u0434\u0430\u043d\u0447\u0438\u043a\u0443-\u0437\u0456-\u0437\u0434\u043e\u0440\u043e\u0432\u0438\u043c-\u043f\u0456\u043a\u043d\u0456\u043a\u043e\u043c-\u0434\u043b\u044f-\u043e\u0434\u0438\u043d\u043e\u043a\u0438\u0445-\u0431\u0430\u0442\u044c\u043a\u0456\u0432/", "path": "/ostallgaeu/uk/events/\u0437\u0443\u0441\u0442\u0440\u0456\u0447-\u043d\u0430-\u0434\u0438\u0442\u044f\u0447\u043e\u043c\u0443-\u043c\u0430\u0439\u0434\u0430\u043d\u0447\u0438\u043a\u0443-\u0437\u0456-\u0437\u0434\u043e\u0440\u043e\u0432\u0438\u043c-\u043f\u0456\u043a\u043d\u0456\u043a\u043e\u043c-\u0434\u043b\u044f-\u043e\u0434\u0438\u043d\u043e\u043a\u0438\u0445-\u0431\u0430\u0442\u044c\u043a\u0456\u0432/"}, "ti": {"id": 319896, "url": "https://admin.integreat-app.de/ostallgaeu/ti/events/\u1293\u12ed-\u1218\u133b\u12c8\u1272-\u1266\u1273-\u121d\u1275\u12a5\u12bd\u12bb\u1265-\u121d\u1235-\u1325\u12d5\u1293-\u12d8\u1208\u12ce-\u1352\u12ad\u1292\u12ad-\u1295\u1295\u133d\u120d-\u12c8\u1208\u12f2/", "path": "/ostallgaeu/ti/events/\u1293\u12ed-\u1218\u133b\u12c8\u1272-\u1266\u1273-\u121d\u1275\u12a5\u12bd\u12bb\u1265-\u121d\u1235-\u1325\u12d5\u1293-\u12d8\u1208\u12ce-\u1352\u12ad\u1292\u12ad-\u1295\u1295\u133d\u120d-\u12c8\u1208\u12f2/"}}, "thumbnail": "https://admin.integreat-app.de/media/regions/181/2019/12/Logo_Familienstuetzpunkt_LK-OAL_05_2018_web-klein.jpg", "location": {"id": 17929, "name": "DAV-Kletterzentrum", "address": "Buronstra\u00dfe 99", "town": "Kaufbeuren", "state": null, "postcode": "87600", "region": null, "country": "Deutschland", "latitude": 47.89793775, "longitude": 10.616596540881353}, "location_path": "/ostallgaeu/de/locations/dav-kletterzentrum/", "meeting_url": null, "event": {"id": 19649, "start": "2026-05-02T14:30:00+02:00", "start_date": "2026-05-02", "start_time": "14:30:00", "end": "2026-05-02T16:00:00+02:00", "end_date": "2026-05-02", "end_time": "16:00:00", "all_day": false, "only_weekdays": false, "recurrence_id": null, "timezone": "Europe/Berlin"}, "hash": null, "recurrence_rule": null}, {"id": 325002, "url": "https://admin.integreat-app.de/ostallgaeu/de/events/online-veranstaltung-einfache-sprache-in-der-kita/", "path": "/ostallgaeu/de/events/online-veranstaltung-einfache-sprache-in-der-kita/", "title": "Online-Veranstaltung: Einfache Sprache in der Kita", "modified_gmt": "2026-04-24T08:06:18.670Z", "last_updated": "2026-04-24T10:06:18.670+02:00", "excerpt": "Das IFP veranstalet eine Online-Schulung zum obrigen Titel.\r\nAush\u00e4nge, Elternbriefe und viel mehr \u2013 im p\u00e4dagogischen Alltag informieren Sie verschiedene Menschen \u00fcber ganz unterschiedliche Themen und Inhalte. Wie sollten diese Texte formuliert und aufgebaut sein, damit die Informationen alle Personen erreichen und beim ersten Lesen verstanden werden? Sie lernen das Konzept der Einfachen Sprache sowie die Unterschiede zwischen Einfacher und Leichter Sprache kennen. Es werden sprachliche Barrieren identifiziert und Alternativen gesucht. Es findet auch eine Praxiseinheit statt.\r\nAnmeldung: hier.\r\n\u00a0", "content": "<div><p>Das IFP veranstalet eine Online-Schulung zum obrigen Titel.</p>\r\n<p>Aush\u00e4nge, Elternbriefe und viel mehr \u2013 im p\u00e4dagogischen Alltag informieren Sie verschiedene Menschen \u00fcber ganz unterschiedliche Themen und Inhalte. Wie sollten diese Texte formuliert und aufgebaut sein, damit die Informationen alle Personen erreichen und beim ersten Lesen verstanden werden? Sie lernen das Konzept der Einfachen Sprache sowie die Unterschiede zwischen Einfacher und Leichter Sprache kennen. Es werden sprachliche Barrieren identifiziert und Alternativen gesucht. Es findet auch eine Praxiseinheit statt.</p>\r\n<p>Anmeldung:<a href=\"https://tms.aloom.de/inklusion-2026-online-textoptimierung\" class=\"link-external\"> hier.</a></p>\r\n<p>\u00a0</p></div>", "available_languages": {"hr": {"id": null, "url": "https://admin.integreat-app.de/ostallgaeu/hr/events/online-veranstaltung-einfache-sprache-in-der-kita/", "path": "/ostallgaeu/hr/events/online-veranstaltung-einfache-sprache-in-der-kita/"}, "en": {"id": null, "url": "https://admin.integreat-app.de/ostallgaeu/en/events/online-veranstaltung-einfache-sprache-in-der-kita/", "path": "/ostallgaeu/en/events/online-veranstaltung-einfache-sprache-in-der-kita/"}, "es": {"id": null, "url": "https://admin.integreat-app.de/ostallgaeu/es/events/online-veranstaltung-einfache-sprache-in-der-kita/", "path": "/ostallgaeu/es/events/online-veranstaltung-einfache-sprache-in-der-kita/"}, "fr": {"id": null, "url": "https://admin.integreat-app.de/ostallgaeu/fr/events/online-veranstaltung-einfache-sprache-in-der-kita/", "path": "/ostallgaeu/fr/events/online-veranstaltung-einfache-sprache-in-der-kita/"}, "ar": {"id": null, "url": "https://admin.integreat-app.de/ostallgaeu/ar/events/online-veranstaltung-einfache-sprache-in-der-kita/", "path": "/ostallgaeu/ar/events/online-veranstaltung-einfache-sprache-in-der-kita/"}, "fa": {"id": null, "url": "https://admin.integreat-app.de/ostallgaeu/fa/events/online-veranstaltung-einfache-sprache-in-der-kita/", "path": "/ostallgaeu/fa/events/online-veranstaltung-einfache-sprache-in-der-kita/"}, "ro": {"id": null, "url": "https://admin.integreat-app.de/ostallgaeu/ro/events/online-veranstaltung-einfache-sprache-in-der-kita/", "path": "/ostallgaeu/ro/events/online-veranstaltung-einfache-sprache-in-der-kita/"}, "ru": {"id": null, "url": "https://admin.integreat-app.de/ostallgaeu/ru/events/online-veranstaltung-einfache-sprache-in-der-kita/", "path": "/ostallgaeu/ru/events/online-veranstaltung-einfache-sprache-in-der-kita/"}, "tr": {"id": null, "url": "https://admin.integreat-app.de/ostallgaeu/tr/events/online-veranstaltung-einfache-sprache-in-der-kita/", "path": "/ostallgaeu/tr/events/online-veranstaltung-einfache-sprache-in-der-kita/"}, "uk": {"id": null, "url": "https://admin.integreat-app.de/ostallgaeu/uk/events/online-veranstaltung-einfache-sprache-in-der-kita/", "path": "/ostallgaeu/uk/events/online-veranstaltung-einfache-sprache-in-der-kita/"}, "ti": {"id": null, "url": "https://admin.integreat-app.de/ostallgaeu/ti/events/online-veranstaltung-einfache-sprache-in-der-kita/", "path": "/ostallgaeu/ti/events/online-veranstaltung-einfache-sprache-in-der-kita/"}}, "thumbnail": "https://admin.integreat-app.de/media/regions/181/2017/11/internet17.png", "location": {"id": null, "name": null, "address": null, "town": null, "state": null, "postcode": null, "region": null, "country": null, "latitude": null, "longitude": null}, "location_path": null, "meeting_url": null, "event": {"id": 19788, "start": "2026-05-04T14:30:00+02:00", "start_date": "2026-05-04", "start_time": "14:30:00", "end": "2026-05-04T16:00:00+02:00", "end_date": "2026-05-04", "end_time": "16:00:00", "all_day": false, "only_weekdays": false, "recurrence_id": null, "timezone": "Europe/Berlin"}, "hash": null, "recurrence_rule": null}, {"id": 286704, "url": "https://admin.integreat-app.de/ostallgaeu/de/events/online-workshop-antidiskriminierung-vielheit-verbindet-f\u00fcr-lehrkr\u00e4fte-und-lernbegleiter-3/", "path": "/ostallgaeu/de/events/online-workshop-antidiskriminierung-vielheit-verbindet-f\u00fcr-lehrkr\u00e4fte-und-lernbegleiter-3/", "title": "Online-Workshop: \"Antidiskriminierung: Vielheit verbindet\" f\u00fcr Lehrkr\u00e4fte und Lernbegleiter", "modified_gmt": "2026-03-02T07:43:13.773Z", "last_updated": "2026-03-02T08:43:13.773+01:00", "excerpt": "\r\n\"SchlaU: Lernen\" l\u00e4dt zu einem Online-Workshop f\u00fcr Lehrkr\u00e4fte ein.\r\nRassismus ist tief in unserer Gesellschaft verwurzelt - in unserer Sprache, in Bildern, in unseren Denk- und Verhaltensmustern sowie in unseren Institutionen. Im schulischen Umfeld sind rassistische Strukturen oft sichtbar. Gemeinsam wird darauf eingegangen wie Diskriminierung und Rassismus in der Schule erkannt, kritisch hinterfragt und wie aktiv dagegen vorgegangen werden kann.\r\n\u00a0\r\n04.05.2026: Gemeinsam gegen Diskriminierung\u00a0(Rassismus erkennen und verstehen, Rassismus im Schulalltag)\r\n18.05.2026: (M)eine Rolle im System (Bewusstsein und Reflexion der eigenen Rolle, Perspektivenwechsel und M\u00f6glichkeitsr\u00e4ume)\r\n18.06.2026: Bewusst (wei\u00df) sein und Verantwortungs\u00fcbernahme (Kritisches Wei\u00dfsein, Abwehrmechanismen u. Unsicherheiten erkennen)\r\n\u00a0\r\nDie Workshop-Termine sind kostenlos und bauen aufeinander auf. Die Teilnehmerzahl ist begrenzt. F\u00fcr ein Zertifikat ist die Teilnahme an allen drei Workshops verpflichtend.\u00a0\r\n\u00a0\r\nZur Anmeldung\r\n", "content": "<div>\r\n<p>\"SchlaU: Lernen\" l\u00e4dt zu einem Online-Workshop f\u00fcr Lehrkr\u00e4fte ein.</p>\r\n<p>Rassismus ist tief in unserer Gesellschaft verwurzelt - in unserer Sprache, in Bildern, in unseren Denk- und Verhaltensmustern sowie in unseren Institutionen. Im schulischen Umfeld sind rassistische Strukturen oft sichtbar. Gemeinsam wird darauf eingegangen wie Diskriminierung und Rassismus in der Schule erkannt, kritisch hinterfragt und wie aktiv dagegen vorgegangen werden kann.</p>\r\n<p>\u00a0</p>\r\n<p><strong>04.05.2026: Gemeinsam gegen Diskriminierung\u00a0</strong>(Rassismus erkennen und verstehen, Rassismus im Schulalltag)</p>\r\n<p><strong>18.05.2026: (M)eine Rolle im System</strong> (Bewusstsein und Reflexion der eigenen Rolle, Perspektivenwechsel und M\u00f6glichkeitsr\u00e4ume)</p>\r\n<p><strong>18.06.2026: Bewusst (wei\u00df) sein und Verantwortungs\u00fcbernahme</strong> (Kritisches Wei\u00dfsein, Abwehrmechanismen u. Unsicherheiten erkennen)</p>\r\n<p>\u00a0</p>\r\n<p>Die Workshop-Termine sind kostenlos und bauen aufeinander auf. Die Teilnehmerzahl ist begrenzt. F\u00fcr ein Zertifikat ist die Teilnahme an allen drei Workshops verpflichtend.\u00a0</p>\r\n<p>\u00a0</p>\r\n<p><a class=\"link-external\" href=\"https://www.schlau-lernen.org/online-workshop/antidiskriminierung-vielheit-verbindet/\">Zur Anmeldung</a></p>\r\n</div>", "available_languages": {"hr": {"id": null, "url": "https://admin.integreat-app.de/ostallgaeu/hr/events/online-workshop-antidiskriminierung-vielheit-verbindet-f\u00fcr-lehrkr\u00e4fte-und-lernbegleiter-3/", "path": "/ostallgaeu/hr/events/online-workshop-antidiskriminierung-vielheit-verbindet-f\u00fcr-lehrkr\u00e4fte-und-lernbegleiter-3/"}, "en": {"id": null, "url": "https://admin.integreat-app.de/ostallgaeu/en/events/online-workshop-antidiskriminierung-vielheit-verbindet-f\u00fcr-lehrkr\u00e4fte-und-lernbegleiter-3/", "path": "/ostallgaeu/en/events/online-workshop-antidiskriminierung-vielheit-verbindet-f\u00fcr-lehrkr\u00e4fte-und-lernbegleiter-3/"}, "es": {"id": null, "url": "https://admin.integreat-app.de/ostallgaeu/es/events/online-workshop-antidiskriminierung-vielheit-verbindet-f\u00fcr-lehrkr\u00e4fte-und-lernbegleiter-3/", "path": "/ostallgaeu/es/events/online-workshop-antidiskriminierung-vielheit-verbindet-f\u00fcr-lehrkr\u00e4fte-und-lernbegleiter-3/"}, "fr": {"id": null, "url": "https://admin.integreat-app.de/ostallgaeu/fr/events/online-workshop-antidiskriminierung-vielheit-verbindet-f\u00fcr-lehrkr\u00e4fte-und-lernbegleiter-3/", "path": "/ostallgaeu/fr/events/online-workshop-antidiskriminierung-vielheit-verbindet-f\u00fcr-lehrkr\u00e4fte-und-lernbegleiter-3/"}, "ar": {"id": null, "url": "https://admin.integreat-app.de/ostallgaeu/ar/events/online-workshop-antidiskriminierung-vielheit-verbindet-f\u00fcr-lehrkr\u00e4fte-und-lernbegleiter-3/", "path": "/ostallgaeu/ar/events/online-workshop-antidiskriminierung-vielheit-verbindet-f\u00fcr-lehrkr\u00e4fte-und-lernbegleiter-3/"}, "fa": {"id": null, "url": "https://admin.integreat-app.de/ostallgaeu/fa/events/online-workshop-antidiskriminierung-vielheit-verbindet-f\u00fcr-lehrkr\u00e4fte-und-lernbegleiter-3/", "path": "/ostallgaeu/fa/events/online-workshop-antidiskriminierung-vielheit-verbindet-f\u00fcr-lehrkr\u00e4fte-und-lernbegleiter-3/"}, "ro": {"id": null, "url": "https://admin.integreat-app.de/ostallgaeu/ro/events/online-workshop-antidiskriminierung-vielheit-verbindet-f\u00fcr-lehrkr\u00e4fte-und-lernbegleiter-3/", "path": "/ostallgaeu/ro/events/online-workshop-antidiskriminierung-vielheit-verbindet-f\u00fcr-lehrkr\u00e4fte-und-lernbegleiter-3/"}, "ru": {"id": null, "url": "https://admin.integreat-app.de/ostallgaeu/ru/events/online-workshop-antidiskriminierung-vielheit-verbindet-f\u00fcr-lehrkr\u00e4fte-und-lernbegleiter-3/", "path": "/ostallgaeu/ru/events/online-workshop-antidiskriminierung-vielheit-verbindet-f\u00fcr-lehrkr\u00e4fte-und-lernbegleiter-3/"}, "tr": {"id": null, "url": "https://admin.integreat-app.de/ostallgaeu/tr/events/online-workshop-antidiskriminierung-vielheit-verbindet-f\u00fcr-lehrkr\u00e4fte-und-lernbegleiter-3/", "path": "/ostallgaeu/tr/events/online-workshop-antidiskriminierung-vielheit-verbindet-f\u00fcr-lehrkr\u00e4fte-und-lernbegleiter-3/"}, "uk": {"id": null, "url": "https://admin.integreat-app.de/ostallgaeu/uk/events/online-workshop-antidiskriminierung-vielheit-verbindet-f\u00fcr-lehrkr\u00e4fte-und-lernbegleiter-3/", "path": "/ostallgaeu/uk/events/online-workshop-antidiskriminierung-vielheit-verbindet-f\u00fcr-lehrkr\u00e4fte-und-lernbegleiter-3/"}, "ti": {"id": null, "url": "https://admin.integreat-app.de/ostallgaeu/ti/events/online-workshop-antidiskriminierung-vielheit-verbindet-f\u00fcr-lehrkr\u00e4fte-und-lernbegleiter-3/", "path": "/ostallgaeu/ti/events/online-workshop-antidiskriminierung-vielheit-verbindet-f\u00fcr-lehrkr\u00e4fte-und-lernbegleiter-3/"}}, "thumbnail": "https://admin.integreat-app.de/media/regions/181/2017/11/internet17.png", "location": {"id": null, "name": null, "address": null, "town": null, "state": null, "postcode": null, "region": null, "country": null, "latitude": null, "longitude": null}, "location_path": null, "meeting_url": null, "event": {"id": 17778, "start": "2026-05-04T15:00:00+02:00", "start_date": "2026-05-04", "start_time": "15:00:00", "end": "2026-05-04T18:00:00+02:00", "end_date": "2026-05-04", "end_time": "18:00:00", "all_day": false, "only_weekdays": false, "recurrence_id": null, "timezone": "Europe/Berlin"}, "hash": null, "recurrence_rule": null}, {"id": 292794, "url": "https://admin.integreat-app.de/ostallgaeu/de/events/online-veranstaltung-250-jahre-usa-demokratie-am-scheideweg/", "path": "/ostallgaeu/de/events/online-veranstaltung-250-jahre-usa-demokratie-am-scheideweg/", "title": "Online-Veranstaltung: 250 Jahre USA: Demokratie am Scheideweg?", "modified_gmt": "2026-03-13T08:04:23.619Z", "last_updated": "2026-03-13T09:04:23.619+01:00", "excerpt": "Die Georg-von-Vollmar-Akademie e.V. l\u00e4dt zu einer Online-Veranstaltung ein.\r\nDie \u00e4lteste moderne Demokratie der Welt steht innen- wie au\u00dfenpolitisch unter Druck. Zwischen wirtschaftlichen Umbr\u00fcchen, politischer Polarisierung und globalen Machtverschiebungen ringen die USA um ihre Rolle \u2013 im eigenen Land und auf der Weltb\u00fchne. In unserer vierteiligen Online-Reihe diskutieren zwei Experten pointiert, kontrovers und verst\u00e4ndlich \u00fcber zentrale Entwicklungen der amerikanischen Politik:\r\nDie kommenden midterm elections gelten als Stimmungstest f\u00fcr das politische System der USA. Ist die \u00e4lteste moderne Demokratie in Gefahr, autokratische Z\u00fcge anzunehmen? Oder zeigen Institutionen und Zivilgesellschaft gerade ihre St\u00e4rke?\r\nMoritz P\u00f6llath und ein Experte analysieren sinkende Zustimmungswerte f\u00fcr Donald Trump, strategische Fehler und m\u00f6gliche Comebacks. Wie positioniert sich die Demokraten neu? Welche Themen dominieren den Wahlkampf \u2013 Inflation, Migration, Kulturk\u00e4mpfe? Und welche Szenarien sind realistisch?\r\nZum Abschluss der Reihe wagen unsere Expert:innen einen Ausblick: Wie stabil sind die USA 250 Jahre nach 1776 \u2013 und was bedeutet das f\u00fcr Europa und die Welt?\r\n\u00a0\r\nTeilnahme kostenfrei.\r\nAnmeldung: hier.", "content": "<div><p>Die Georg-von-Vollmar-Akademie e.V. l\u00e4dt zu einer Online-Veranstaltung ein.</p>\r\n<p>Die \u00e4lteste moderne Demokratie der Welt steht innen- wie au\u00dfenpolitisch unter Druck. Zwischen wirtschaftlichen Umbr\u00fcchen, politischer Polarisierung und globalen Machtverschiebungen ringen die USA um ihre Rolle \u2013 im eigenen Land und auf der Weltb\u00fchne. In unserer vierteiligen Online-Reihe diskutieren zwei Experten pointiert, kontrovers und verst\u00e4ndlich \u00fcber zentrale Entwicklungen der amerikanischen Politik:</p>\r\n<p>Die kommenden midterm elections gelten als Stimmungstest f\u00fcr das politische System der USA. Ist die \u00e4lteste moderne Demokratie in Gefahr, autokratische Z\u00fcge anzunehmen? Oder zeigen Institutionen und Zivilgesellschaft gerade ihre St\u00e4rke?</p>\r\n<p>Moritz P\u00f6llath und ein Experte analysieren sinkende Zustimmungswerte f\u00fcr Donald Trump, strategische Fehler und m\u00f6gliche Comebacks. Wie positioniert sich die Demokraten neu? Welche Themen dominieren den Wahlkampf \u2013 Inflation, Migration, Kulturk\u00e4mpfe? Und welche Szenarien sind realistisch?</p>\r\n<p>Zum Abschluss der Reihe wagen unsere Expert:innen einen Ausblick: Wie stabil sind die USA 250 Jahre nach 1776 \u2013 und was bedeutet das f\u00fcr Europa und die Welt?</p>\r\n<p>\u00a0</p>\r\n<p>Teilnahme kostenfrei.</p>\r\n<p>Anmeldung: <a href=\"https://www.vollmar-akademie.de/programm/kw/bereich/kursdetails/kurs/26241921/kursname/250%20Jahre%20USA%20Demokratie%20am%20Scheideweg/kategorie-id/0/#inhalt\" class=\"link-external\">hier.</a></p></div>", "available_languages": {"hr": {"id": null, "url": "https://admin.integreat-app.de/ostallgaeu/hr/events/online-veranstaltung-250-jahre-usa-demokratie-am-scheideweg/", "path": "/ostallgaeu/hr/events/online-veranstaltung-250-jahre-usa-demokratie-am-scheideweg/"}, "en": {"id": null, "url": "https://admin.integreat-app.de/ostallgaeu/en/events/online-veranstaltung-250-jahre-usa-demokratie-am-scheideweg/", "path": "/ostallgaeu/en/events/online-veranstaltung-250-jahre-usa-demokratie-am-scheideweg/"}, "es": {"id": null, "url": "https://admin.integreat-app.de/ostallgaeu/es/events/online-veranstaltung-250-jahre-usa-demokratie-am-scheideweg/", "path": "/ostallgaeu/es/events/online-veranstaltung-250-jahre-usa-demokratie-am-scheideweg/"}, "fr": {"id": null, "url": "https://admin.integreat-app.de/ostallgaeu/fr/events/online-veranstaltung-250-jahre-usa-demokratie-am-scheideweg/", "path": "/ostallgaeu/fr/events/online-veranstaltung-250-jahre-usa-demokratie-am-scheideweg/"}, "ar": {"id": null, "url": "https://admin.integreat-app.de/ostallgaeu/ar/events/online-veranstaltung-250-jahre-usa-demokratie-am-scheideweg/", "path": "/ostallgaeu/ar/events/online-veranstaltung-250-jahre-usa-demokratie-am-scheideweg/"}, "fa": {"id": null, "url": "https://admin.integreat-app.de/ostallgaeu/fa/events/online-veranstaltung-250-jahre-usa-demokratie-am-scheideweg/", "path": "/ostallgaeu/fa/events/online-veranstaltung-250-jahre-usa-demokratie-am-scheideweg/"}, "ro": {"id": null, "url": "https://admin.integreat-app.de/ostallgaeu/ro/events/online-veranstaltung-250-jahre-usa-demokratie-am-scheideweg/", "path": "/ostallgaeu/ro/events/online-veranstaltung-250-jahre-usa-demokratie-am-scheideweg/"}, "ru": {"id": null, "url": "https://admin.integreat-app.de/ostallgaeu/ru/events/online-veranstaltung-250-jahre-usa-demokratie-am-scheideweg/", "path": "/ostallgaeu/ru/events/online-veranstaltung-250-jahre-usa-demokratie-am-scheideweg/"}, "tr": {"id": null, "url": "https://admin.integreat-app.de/ostallgaeu/tr/events/online-veranstaltung-250-jahre-usa-demokratie-am-scheideweg/", "path": "/ostallgaeu/tr/events/online-veranstaltung-250-jahre-usa-demokratie-am-scheideweg/"}, "uk": {"id": null, "url": "https://admin.integreat-app.de/ostallgaeu/uk/events/online-veranstaltung-250-jahre-usa-demokratie-am-scheideweg/", "path": "/ostallgaeu/uk/events/online-veranstaltung-250-jahre-usa-demokratie-am-scheideweg/"}, "ti": {"id": null, "url": "https://admin.integreat-app.de/ostallgaeu/ti/events/online-veranstaltung-250-jahre-usa-demokratie-am-scheideweg/", "path": "/ostallgaeu/ti/events/online-veranstaltung-250-jahre-usa-demokratie-am-scheideweg/"}}, "thumbnail": "https://admin.integreat-app.de/media/regions/181/2017/11/internet17.png", "location": {"id": null, "name": null, "address": null, "town": null, "state": null, "postcode": null, "region": null, "country": null, "latitude": null, "longitude": null}, "location_path": null, "meeting_url": null, "event": {"id": 18232, "start": "2026-05-05T17:30:00+02:00", "start_date": "2026-05-05", "start_time": "17:30:00", "end": "2026-05-05T19:00:00+02:00", "end_date": "2026-05-05", "end_time": "19:00:00", "all_day": false, "only_weekdays": false, "recurrence_id": null, "timezone": "Europe/Berlin"}, "hash": null, "recurrence_rule": null}, {"id": 326447, "url": "https://admin.integreat-app.de/ostallgaeu/de/events/online-veranstaltung-austausch-zum-thema-arbeitsmarktintegration-von-menschen-mit-flucht-oder-migrationshintergrund/", "path": "/ostallgaeu/de/events/online-veranstaltung-austausch-zum-thema-arbeitsmarktintegration-von-menschen-mit-flucht-oder-migrationshintergrund/", "title": "Online-Veranstaltung: Austausch zum Thema Arbeitsmarktintegration von Menschen mit Flucht- oder Migrationshintergrund", "modified_gmt": "2026-04-27T08:33:40.753Z", "last_updated": "2026-04-27T10:33:40.753+02:00", "excerpt": "lagfa bayern l\u00e4dt zu einer Online-Veranstaltung ein.\r\nBei diesem Austauschtreffen wird vorrangig \u00fcber das Thema Arbeitsmarktintegration von Menschen mit Flucht- oder Migrationshintergrund gesprochen.\r\nDer Einstieg in Ausbildung und Arbeit kann f\u00fcr sie mit besonderen Herausforderungen verbunden sein. Neben sprachlichen H\u00fcrden spielen rechtliche Rahmenbedingungen, formale Anforderungen von Arbeitgebenden sowie individuelle Lebenslagen eine zentrale Rolle. In diesem themenbezogenen Austauschtreffen erhalten Sie einen praxisnahen \u00dcberblick \u00fcber zentrale Aspekte der Arbeitsmarktintegration. Thematisiert werden unter anderem grundlegende rechtliche Regelungen wie Arbeitserlaubnisse, Erwartungen von Arbeitgebenden sowie typische Herausforderungen im Bewerbungs- und Arbeitsalltag.\r\nEin besonderer Schwerpunkt liegt auch auf der Rolle von Ehrenamtlichen: Wie kann Unterst\u00fctzung sinnvoll und empowernd gestaltet werden und wo liegen die Grenzen ehrenamtlichen Engagements? Diese Veranstaltung richtet sich an alle Ehrenamtlichen, die Menschen mit Flucht- oder Migrationshintergrund in der Arbeitsmarktintegration begleiten sowie an alle Interessierten.\r\nDiese Veranstaltung ist kostenfrei und ein Teil des Qualifizierungsprogramms \u201cKompetente Sprachbegleitung von Gefl\u00fcchteten\u201d. Selbstverst\u00e4ndlich ist eine Teilnahme auch unabh\u00e4ngig des Qualifizierungsprogramms jederzeit m\u00f6glich.\r\nAnmeldung hier.", "content": "<div><p>lagfa bayern l\u00e4dt zu einer Online-Veranstaltung ein.</p>\r\n<p>Bei diesem Austauschtreffen wird vorrangig \u00fcber das Thema Arbeitsmarktintegration von Menschen mit Flucht- oder Migrationshintergrund gesprochen.</p>\r\n<p>Der Einstieg in Ausbildung und Arbeit kann f\u00fcr sie mit besonderen Herausforderungen verbunden sein. Neben sprachlichen H\u00fcrden spielen rechtliche Rahmenbedingungen, formale Anforderungen von Arbeitgebenden sowie individuelle Lebenslagen eine zentrale Rolle. In diesem themenbezogenen Austauschtreffen erhalten Sie einen praxisnahen \u00dcberblick \u00fcber zentrale Aspekte der Arbeitsmarktintegration. Thematisiert werden unter anderem grundlegende rechtliche Regelungen wie Arbeitserlaubnisse, Erwartungen von Arbeitgebenden sowie typische Herausforderungen im Bewerbungs- und Arbeitsalltag.</p>\r\n<p>Ein besonderer Schwerpunkt liegt auch auf der Rolle von Ehrenamtlichen: Wie kann Unterst\u00fctzung sinnvoll und empowernd gestaltet werden und wo liegen die Grenzen ehrenamtlichen Engagements? Diese Veranstaltung richtet sich an alle Ehrenamtlichen, die Menschen mit Flucht- oder Migrationshintergrund in der Arbeitsmarktintegration begleiten sowie an alle Interessierten.</p>\r\n<p>Diese Veranstaltung ist kostenfrei und ein Teil des Qualifizierungsprogramms \u201cKompetente Sprachbegleitung von Gefl\u00fcchteten\u201d. Selbstverst\u00e4ndlich ist eine Teilnahme auch unabh\u00e4ngig des Qualifizierungsprogramms jederzeit m\u00f6glich.</p>\r\n<p>Anmeldung <a href=\"https://lagfa-bayern.de/veranstaltungen/vernetzung-und-austausch-in-der-gefluechtetenhilfe-2026-miltenberg/\" class=\"link-external\">hier.</a></p></div>", "available_languages": {"hr": {"id": null, "url": "https://admin.integreat-app.de/ostallgaeu/hr/events/online-veranstaltung-austausch-zum-thema-arbeitsmarktintegration-von-menschen-mit-flucht-oder-migrationshintergrund/", "path": "/ostallgaeu/hr/events/online-veranstaltung-austausch-zum-thema-arbeitsmarktintegration-von-menschen-mit-flucht-oder-migrationshintergrund/"}, "en": {"id": null, "url": "https://admin.integreat-app.de/ostallgaeu/en/events/online-veranstaltung-austausch-zum-thema-arbeitsmarktintegration-von-menschen-mit-flucht-oder-migrationshintergrund/", "path": "/ostallgaeu/en/events/online-veranstaltung-austausch-zum-thema-arbeitsmarktintegration-von-menschen-mit-flucht-oder-migrationshintergrund/"}, "es": {"id": null, "url": "https://admin.integreat-app.de/ostallgaeu/es/events/online-veranstaltung-austausch-zum-thema-arbeitsmarktintegration-von-menschen-mit-flucht-oder-migrationshintergrund/", "path": "/ostallgaeu/es/events/online-veranstaltung-austausch-zum-thema-arbeitsmarktintegration-von-menschen-mit-flucht-oder-migrationshintergrund/"}, "fr": {"id": null, "url": "https://admin.integreat-app.de/ostallgaeu/fr/events/online-veranstaltung-austausch-zum-thema-arbeitsmarktintegration-von-menschen-mit-flucht-oder-migrationshintergrund/", "path": "/ostallgaeu/fr/events/online-veranstaltung-austausch-zum-thema-arbeitsmarktintegration-von-menschen-mit-flucht-oder-migrationshintergrund/"}, "ar": {"id": null, "url": "https://admin.integreat-app.de/ostallgaeu/ar/events/online-veranstaltung-austausch-zum-thema-arbeitsmarktintegration-von-menschen-mit-flucht-oder-migrationshintergrund/", "path": "/ostallgaeu/ar/events/online-veranstaltung-austausch-zum-thema-arbeitsmarktintegration-von-menschen-mit-flucht-oder-migrationshintergrund/"}, "fa": {"id": null, "url": "https://admin.integreat-app.de/ostallgaeu/fa/events/online-veranstaltung-austausch-zum-thema-arbeitsmarktintegration-von-menschen-mit-flucht-oder-migrationshintergrund/", "path": "/ostallgaeu/fa/events/online-veranstaltung-austausch-zum-thema-arbeitsmarktintegration-von-menschen-mit-flucht-oder-migrationshintergrund/"}, "ro": {"id": null, "url": "https://admin.integreat-app.de/ostallgaeu/ro/events/online-veranstaltung-austausch-zum-thema-arbeitsmarktintegration-von-menschen-mit-flucht-oder-migrationshintergrund/", "path": "/ostallgaeu/ro/events/online-veranstaltung-austausch-zum-thema-arbeitsmarktintegration-von-menschen-mit-flucht-oder-migrationshintergrund/"}, "ru": {"id": null, "url": "https://admin.integreat-app.de/ostallgaeu/ru/events/online-veranstaltung-austausch-zum-thema-arbeitsmarktintegration-von-menschen-mit-flucht-oder-migrationshintergrund/", "path": "/ostallgaeu/ru/events/online-veranstaltung-austausch-zum-thema-arbeitsmarktintegration-von-menschen-mit-flucht-oder-migrationshintergrund/"}, "tr": {"id": null, "url": "https://admin.integreat-app.de/ostallgaeu/tr/events/online-veranstaltung-austausch-zum-thema-arbeitsmarktintegration-von-menschen-mit-flucht-oder-migrationshintergrund/", "path": "/ostallgaeu/tr/events/online-veranstaltung-austausch-zum-thema-arbeitsmarktintegration-von-menschen-mit-flucht-oder-migrationshintergrund/"}, "uk": {"id": null, "url": "https://admin.integreat-app.de/ostallgaeu/uk/events/online-veranstaltung-austausch-zum-thema-arbeitsmarktintegration-von-menschen-mit-flucht-oder-migrationshintergrund/", "path": "/ostallgaeu/uk/events/online-veranstaltung-austausch-zum-thema-arbeitsmarktintegration-von-menschen-mit-flucht-oder-migrationshintergrund/"}, "ti": {"id": null, "url": "https://admin.integreat-app.de/ostallgaeu/ti/events/online-veranstaltung-austausch-zum-thema-arbeitsmarktintegration-von-menschen-mit-flucht-oder-migrationshintergrund/", "path": "/ostallgaeu/ti/events/online-veranstaltung-austausch-zum-thema-arbeitsmarktintegration-von-menschen-mit-flucht-oder-migrationshintergrund/"}}, "thumbnail": "https://admin.integreat-app.de/media/regions/181/2017/11/internet17.png", "location": {"id": null, "name": null, "address": null, "town": null, "state": null, "postcode": null, "region": null, "country": null, "latitude": null, "longitude": null}, "location_path": null, "meeting_url": null, "event": {"id": 19820, "start": "2026-05-05T17:30:00+02:00", "start_date": "2026-05-05", "start_time": "17:30:00", "end": "2026-05-05T20:30:00+02:00", "end_date": "2026-05-05", "end_time": "20:30:00", "all_day": false, "only_weekdays": false, "recurrence_id": null, "timezone": "Europe/Berlin"}, "hash": null, "recurrence_rule": null}, {"id": 312107, "url": "https://admin.integreat-app.de/ostallgaeu/de/events/online-fortbildung-arbeit-und-ausbildung/", "path": "/ostallgaeu/de/events/online-fortbildung-arbeit-und-ausbildung/", "title": "Online-Fortbildung: Arbeit und Ausbildung", "modified_gmt": "2026-04-08T05:26:19.734Z", "last_updated": "2026-04-08T07:26:19.734+02:00", "excerpt": "Fortbildung: Arbeit und Ausbildung\u00a0Datum:5. Mai 2026Zeit:18:30 - 20:30 Uhr\r\nRechtliche Grundlagen und M\u00f6glichkeiten f\u00fcr Aufenthalte \u00fcber Arbeit und Ausbildung.\r\nMit Christian Oppl, MFR\r\n\r\nHier geht es zur Anmeldung.\u00a0\r\n\r\n\u00a0\r\nDie Fortbildung findet online \u00fcber die Videoplattform Zoom statt. Der Link wird am Tag der Veranstaltung verschickt.", "content": "<div><p>Fortbildung: Arbeit und Ausbildung<br>\u00a0<br>Datum:5. Mai 2026<br>Zeit:18:30 - 20:30 Uhr</p>\r\n<p>Rechtliche Grundlagen und M\u00f6glichkeiten f\u00fcr Aufenthalte \u00fcber Arbeit und Ausbildung.</p>\r\n<p>Mit Christian Oppl, MFR</p>\r\n<a href=\"https://muenchner-fluechtlingsrat.de/termine/fortbildung-arbeit-und-ausbildung-4/\" class=\"link-external\">\r\n<p>Hier geht es zur Anmeldung.\u00a0</p>\r\n</a>\r\n<p>\u00a0</p>\r\n<p>Die Fortbildung findet online \u00fcber die Videoplattform Zoom statt. Der Link wird am Tag der Veranstaltung verschickt.</p></div>", "available_languages": {"hr": {"id": null, "url": "https://admin.integreat-app.de/ostallgaeu/hr/events/online-fortbildung-arbeit-und-ausbildung/", "path": "/ostallgaeu/hr/events/online-fortbildung-arbeit-und-ausbildung/"}, "en": {"id": null, "url": "https://admin.integreat-app.de/ostallgaeu/en/events/online-fortbildung-arbeit-und-ausbildung/", "path": "/ostallgaeu/en/events/online-fortbildung-arbeit-und-ausbildung/"}, "es": {"id": null, "url": "https://admin.integreat-app.de/ostallgaeu/es/events/online-fortbildung-arbeit-und-ausbildung/", "path": "/ostallgaeu/es/events/online-fortbildung-arbeit-und-ausbildung/"}, "fr": {"id": null, "url": "https://admin.integreat-app.de/ostallgaeu/fr/events/online-fortbildung-arbeit-und-ausbildung/", "path": "/ostallgaeu/fr/events/online-fortbildung-arbeit-und-ausbildung/"}, "ar": {"id": null, "url": "https://admin.integreat-app.de/ostallgaeu/ar/events/online-fortbildung-arbeit-und-ausbildung/", "path": "/ostallgaeu/ar/events/online-fortbildung-arbeit-und-ausbildung/"}, "fa": {"id": null, "url": "https://admin.integreat-app.de/ostallgaeu/fa/events/online-fortbildung-arbeit-und-ausbildung/", "path": "/ostallgaeu/fa/events/online-fortbildung-arbeit-und-ausbildung/"}, "ro": {"id": null, "url": "https://admin.integreat-app.de/ostallgaeu/ro/events/online-fortbildung-arbeit-und-ausbildung/", "path": "/ostallgaeu/ro/events/online-fortbildung-arbeit-und-ausbildung/"}, "ru": {"id": null, "url": "https://admin.integreat-app.de/ostallgaeu/ru/events/online-fortbildung-arbeit-und-ausbildung/", "path": "/ostallgaeu/ru/events/online-fortbildung-arbeit-und-ausbildung/"}, "tr": {"id": null, "url": "https://admin.integreat-app.de/ostallgaeu/tr/events/online-fortbildung-arbeit-und-ausbildung/", "path": "/ostallgaeu/tr/events/online-fortbildung-arbeit-und-ausbildung/"}, "uk": {"id": null, "url": "https://admin.integreat-app.de/ostallgaeu/uk/events/online-fortbildung-arbeit-und-ausbildung/", "path": "/ostallgaeu/uk/events/online-fortbildung-arbeit-und-ausbildung/"}, "ti": {"id": null, "url": "https://admin.integreat-app.de/ostallgaeu/ti/events/online-fortbildung-arbeit-und-ausbildung/", "path": "/ostallgaeu/ti/events/online-fortbildung-arbeit-und-ausbildung/"}}, "thumbnail": "https://admin.integreat-app.de/media/regions/181/2026/04/1775625629_fl%C3%BCra.png", "location": {"id": null, "name": null, "address": null, "town": null, "state": null, "postcode": null, "region": null, "country": null, "latitude": null, "longitude": null}, "location_path": null, "meeting_url": null, "event": {"id": 19367, "start": "2026-05-05T18:30:00+02:00", "start_date": "2026-05-05", "start_time": "18:30:00", "end": "2026-05-05T20:30:00+02:00", "end_date": "2026-05-05", "end_time": "20:30:00", "all_day": false, "only_weekdays": false, "recurrence_id": null, "timezone": "Europe/Berlin"}, "hash": null, "recurrence_rule": null}, {"id": 309491, "url": "https://admin.integreat-app.de/ostallgaeu/de/events/online-info-verbraucherzentrale-private-haftpflicht-versicherung-ist-sie-wirklich-wichtig/", "path": "/ostallgaeu/de/events/online-info-verbraucherzentrale-private-haftpflicht-versicherung-ist-sie-wirklich-wichtig/", "title": "Online-Info Verbraucherzentrale: Private Haftpflicht-Versicherung - Ist sie wirklich wichtig?", "modified_gmt": "2026-04-01T09:32:27.163Z", "last_updated": "2026-04-01T11:32:27.163+02:00", "excerpt": "\r\nVortr\u00e4ge in Einfacher Sprache\u00a0F\u00fcr Menschen mit Deutsch ab A2-Niveau \u00a0\u2013 \u00a0kostenlos \u00a0\u2013 \u00a0mit Anmeldung\u00a0\r\nMittwoch, 06. Mai 2026, 14:00 \u2013 15:00 Uhr\r\nPrivate Haftpflicht-Versicherung - Ist sie wirklich wichtig? \u00a0In Deutschland gibt es viele verschiedene Versicherungen. \u00a0Welche Versicherungen brauche ich wirklich?\u00a0\u2022 Brauche ich eine Private Haftpflicht-Versicherung?\u00a0\u2022 Sollte ich mein Handy, Auto oder meinen Hund versichern?\u00a0\u2022 Wann zahlt eine Versicherung?\u00a0\r\nAnmeldung hier.\r\n", "content": "<div>\r\n<p>Vortr\u00e4ge in Einfacher Sprache\u00a0<br>F\u00fcr Menschen mit Deutsch ab A2-Niveau \u00a0\u2013 \u00a0kostenlos \u00a0\u2013 \u00a0mit Anmeldung\u00a0</p>\r\n<p>Mittwoch, 06. Mai 2026, 14:00 \u2013 15:00 Uhr</p>\r\n<p>Private Haftpflicht-Versicherung - Ist sie wirklich wichtig? \u00a0<br>In Deutschland gibt es viele verschiedene Versicherungen. \u00a0Welche Versicherungen brauche ich wirklich?\u00a0<br>\u2022 Brauche ich eine Private Haftpflicht-Versicherung?\u00a0<br>\u2022 Sollte ich mein Handy, Auto oder meinen Hund versichern?\u00a0<br>\u2022 Wann zahlt eine Versicherung?\u00a0</p>\r\n<p>Anmeldung <a class=\"link-external\" href=\"https://www.verbraucherzentrale.bayern/geld-versicherungen/einfache-sprache-private-haftpflichtversicherung-ist-sie-wirklich-wichtig-118331\">hier</a>.</p>\r\n</div>", "available_languages": {"hr": {"id": 309492, "url": "https://admin.integreat-app.de/ostallgaeu/hr/events/online-savjetodavni-centar-za-potro\u0161a\u010de-osiguranje-od-osobne-odgovornosti-je-li-ono-doista-potrebno/", "path": "/ostallgaeu/hr/events/online-savjetodavni-centar-za-potro\u0161a\u010de-osiguranje-od-osobne-odgovornosti-je-li-ono-doista-potrebno/"}, "en": {"id": 309493, "url": "https://admin.integreat-app.de/ostallgaeu/en/events/online-information-from-the-consumer-advice-centre-private-liability-insurance-is-it-really-important/", "path": "/ostallgaeu/en/events/online-information-from-the-consumer-advice-centre-private-liability-insurance-is-it-really-important/"}, "es": {"id": 309494, "url": "https://admin.integreat-app.de/ostallgaeu/es/events/informaci\u00f3n-en-l\u00ednea-del-centro-de-asesoramiento-al-consumidor-seguro-de-responsabilidad-civil-privada-es-realmente-importante/", "path": "/ostallgaeu/es/events/informaci\u00f3n-en-l\u00ednea-del-centro-de-asesoramiento-al-consumidor-seguro-de-responsabilidad-civil-privada-es-realmente-importante/"}, "fr": {"id": 309495, "url": "https://admin.integreat-app.de/ostallgaeu/fr/events/online-info-verbraucherzentrale-assurance-responsabilit\u00e9-civile-priv\u00e9e-est-ce-vraiment-important/", "path": "/ostallgaeu/fr/events/online-info-verbraucherzentrale-assurance-responsabilit\u00e9-civile-priv\u00e9e-est-ce-vraiment-important/"}, "ar": {"id": 309496, "url": "https://admin.integreat-app.de/ostallgaeu/ar/events/\u0645\u0639\u0644\u0648\u0645\u0627\u062a-\u0639\u0628\u0631-\u0627\u0644\u0625\u0646\u062a\u0631\u0646\u062a-\u0645\u0646-\u0645\u0631\u0643\u0632-\u0627\u0633\u062a\u0634\u0627\u0631\u0627\u062a-\u0627\u0644\u0645\u0633\u062a\u0647\u0644\u0643-\u062a\u0623\u0645\u064a\u0646-\u0627\u0644\u0645\u0633\u0624\u0648\u0644\u064a\u0629-\u0627\u0644\u062e\u0627\u0635\u0629-\u0647\u0644-\u0647\u0648-\u0645\u0647\u0645-\u062d\u0642\u0627/", "path": "/ostallgaeu/ar/events/\u0645\u0639\u0644\u0648\u0645\u0627\u062a-\u0639\u0628\u0631-\u0627\u0644\u0625\u0646\u062a\u0631\u0646\u062a-\u0645\u0646-\u0645\u0631\u0643\u0632-\u0627\u0633\u062a\u0634\u0627\u0631\u0627\u062a-\u0627\u0644\u0645\u0633\u062a\u0647\u0644\u0643-\u062a\u0623\u0645\u064a\u0646-\u0627\u0644\u0645\u0633\u0624\u0648\u0644\u064a\u0629-\u0627\u0644\u062e\u0627\u0635\u0629-\u0647\u0644-\u0647\u0648-\u0645\u0647\u0645-\u062d\u0642\u0627/"}, "fa": {"id": 309497, "url": "https://admin.integreat-app.de/ostallgaeu/fa/events/\u0645\u0631\u06a9\u0632-\u0645\u0634\u0627\u0648\u0631\u0647-\u0645\u0635\u0631\u0641\u06a9\u0646\u0646\u062f\u0647-\u0622\u0646\u0644\u0627\u06cc\u0646-\u0628\u06cc\u0645\u0647-\u0645\u0633\u0626\u0648\u0644\u06cc\u062a-\u0634\u062e\u0635-\u062b\u0627\u0644\u062b-\u0622\u06cc\u0627-\u0648\u0627\u0642\u0639\u0627-\u0636\u0631\u0648\u0631\u06cc-\u0627\u0633\u062a/", "path": "/ostallgaeu/fa/events/\u0645\u0631\u06a9\u0632-\u0645\u0634\u0627\u0648\u0631\u0647-\u0645\u0635\u0631\u0641\u06a9\u0646\u0646\u062f\u0647-\u0622\u0646\u0644\u0627\u06cc\u0646-\u0628\u06cc\u0645\u0647-\u0645\u0633\u0626\u0648\u0644\u06cc\u062a-\u0634\u062e\u0635-\u062b\u0627\u0644\u062b-\u0622\u06cc\u0627-\u0648\u0627\u0642\u0639\u0627-\u0636\u0631\u0648\u0631\u06cc-\u0627\u0633\u062a/"}, "ro": {"id": 309498, "url": "https://admin.integreat-app.de/ostallgaeu/ro/events/informa\u021bii-online-de-la-centrul-de-consiliere-a-consumatorilor-asigurarea-de-r\u0103spundere-civil\u0103-privat\u0103-este-cu-adev\u0103rat-important\u0103/", "path": "/ostallgaeu/ro/events/informa\u021bii-online-de-la-centrul-de-consiliere-a-consumatorilor-asigurarea-de-r\u0103spundere-civil\u0103-privat\u0103-este-cu-adev\u0103rat-important\u0103/"}, "ru": {"id": 309499, "url": "https://admin.integreat-app.de/ostallgaeu/ru/events/\u043e\u043d\u043b\u0430\u0439\u043d-\u0438\u043d\u0444\u043e\u0440\u043c\u0430\u0446\u0438\u044f-\u043e\u0442-\u0446\u0435\u043d\u0442\u0440\u0430-\u043f\u043e\u0442\u0440\u0435\u0431\u0438\u0442\u0435\u043b\u044c\u0441\u043a\u043e\u0433\u043e-\u043a\u043e\u043d\u0441\u0443\u043b\u044c\u0442\u0438\u0440\u043e\u0432\u0430\u043d\u0438\u044f-\u0441\u0442\u0440\u0430\u0445\u043e\u0432\u0430\u043d\u0438\u0435-\u0447\u0430\u0441\u0442\u043d\u043e\u0439-\u043e\u0442\u0432\u0435\u0442\u0441\u0442\u0432\u0435\u043d\u043d\u043e\u0441\u0442\u0438-\u0442\u0430\u043a-\u043b\u0438-\u044d\u0442\u043e-\u0432\u0430\u0436\u043d\u043e/", "path": "/ostallgaeu/ru/events/\u043e\u043d\u043b\u0430\u0439\u043d-\u0438\u043d\u0444\u043e\u0440\u043c\u0430\u0446\u0438\u044f-\u043e\u0442-\u0446\u0435\u043d\u0442\u0440\u0430-\u043f\u043e\u0442\u0440\u0435\u0431\u0438\u0442\u0435\u043b\u044c\u0441\u043a\u043e\u0433\u043e-\u043a\u043e\u043d\u0441\u0443\u043b\u044c\u0442\u0438\u0440\u043e\u0432\u0430\u043d\u0438\u044f-\u0441\u0442\u0440\u0430\u0445\u043e\u0432\u0430\u043d\u0438\u0435-\u0447\u0430\u0441\u0442\u043d\u043e\u0439-\u043e\u0442\u0432\u0435\u0442\u0441\u0442\u0432\u0435\u043d\u043d\u043e\u0441\u0442\u0438-\u0442\u0430\u043a-\u043b\u0438-\u044d\u0442\u043e-\u0432\u0430\u0436\u043d\u043e/"}, "tr": {"id": 309500, "url": "https://admin.integreat-app.de/ostallgaeu/tr/events/t\u00fcketici-dan\u0131\u015fma-merkezinden-online-bilgi-\u00f6zel-sorumluluk-sigortas\u0131-ger\u00e7ekten-\u00f6nemli-mi/", "path": "/ostallgaeu/tr/events/t\u00fcketici-dan\u0131\u015fma-merkezinden-online-bilgi-\u00f6zel-sorumluluk-sigortas\u0131-ger\u00e7ekten-\u00f6nemli-mi/"}, "uk": {"id": 309501, "url": "https://admin.integreat-app.de/ostallgaeu/uk/events/\u043e\u043d\u043b\u0430\u0439\u043d-\u0456\u043d\u0444\u043e\u0440\u043c\u0430\u0446\u0456\u044f-\u0432\u0456\u0434-\u0446\u0435\u043d\u0442\u0440\u0443-\u043a\u043e\u043d\u0441\u0443\u043b\u044c\u0442\u0443\u0432\u0430\u043d\u043d\u044f-\u0441\u043f\u043e\u0436\u0438\u0432\u0430\u0447\u0456\u0432-\u0441\u0442\u0440\u0430\u0445\u0443\u0432\u0430\u043d\u043d\u044f-\u0446\u0438\u0432\u0456\u043b\u044c\u043d\u043e\u0457-\u0432\u0456\u0434\u043f\u043e\u0432\u0456\u0434\u0430\u043b\u044c\u043d\u043e\u0441\u0442\u0456-\u0447\u0438-\u0434\u0456\u0439\u0441\u043d\u043e-\u0432\u043e\u043d\u043e-\u0432\u0430\u0436\u043b\u0438\u0432\u0435/", "path": "/ostallgaeu/uk/events/\u043e\u043d\u043b\u0430\u0439\u043d-\u0456\u043d\u0444\u043e\u0440\u043c\u0430\u0446\u0456\u044f-\u0432\u0456\u0434-\u0446\u0435\u043d\u0442\u0440\u0443-\u043a\u043e\u043d\u0441\u0443\u043b\u044c\u0442\u0443\u0432\u0430\u043d\u043d\u044f-\u0441\u043f\u043e\u0436\u0438\u0432\u0430\u0447\u0456\u0432-\u0441\u0442\u0440\u0430\u0445\u0443\u0432\u0430\u043d\u043d\u044f-\u0446\u0438\u0432\u0456\u043b\u044c\u043d\u043e\u0457-\u0432\u0456\u0434\u043f\u043e\u0432\u0456\u0434\u0430\u043b\u044c\u043d\u043e\u0441\u0442\u0456-\u0447\u0438-\u0434\u0456\u0439\u0441\u043d\u043e-\u0432\u043e\u043d\u043e-\u0432\u0430\u0436\u043b\u0438\u0432\u0435/"}, "ti": {"id": 309502, "url": "https://admin.integreat-app.de/ostallgaeu/ti/events/\u12ab\u1265-\u121b\u12a5\u12a8\u120d-\u121d\u12bd\u122a-\u1270\u1320\u1240\u121d\u1272-\u12dd\u1218\u133d\u12a5-\u1213\u1260\u122c\u1273-\u1265\u12a2\u1295\u1270\u122d\u1290\u1275-\u1293\u12ed-\u1265\u1215\u1272-\u1213\u120b\u134d\u1290\u1275-\u1218\u12f5\u1215\u1295-\u1265\u1213\u1242-\u12a3\u1308\u12f3\u1232-\u12f5\u12e9/", "path": "/ostallgaeu/ti/events/\u12ab\u1265-\u121b\u12a5\u12a8\u120d-\u121d\u12bd\u122a-\u1270\u1320\u1240\u121d\u1272-\u12dd\u1218\u133d\u12a5-\u1213\u1260\u122c\u1273-\u1265\u12a2\u1295\u1270\u122d\u1290\u1275-\u1293\u12ed-\u1265\u1215\u1272-\u1213\u120b\u134d\u1290\u1275-\u1218\u12f5\u1215\u1295-\u1265\u1213\u1242-\u12a3\u1308\u12f3\u1232-\u12f5\u12e9/"}}, "thumbnail": "https://admin.integreat-app.de/media/regions/181/2017/11/internet17.png", "location": {"id": null, "name": null, "address": null, "town": null, "state": null, "postcode": null, "region": null, "country": null, "latitude": null, "longitude": null}, "location_path": null, "meeting_url": null, "event": {"id": 19208, "start": "2026-05-06T14:00:00+02:00", "start_date": "2026-05-06", "start_time": "14:00:00", "end": "2026-05-06T15:00:00+02:00", "end_date": "2026-05-06", "end_time": "15:00:00", "all_day": false, "only_weekdays": false, "recurrence_id": null, "timezone": "Europe/Berlin"}, "hash": null, "recurrence_rule": null}, {"id": 306556, "url": "https://admin.integreat-app.de/ostallgaeu/de/events/online-workshop-bewerben-mit-wenig-deutschkenntnissen/", "path": "/ostallgaeu/de/events/online-workshop-bewerben-mit-wenig-deutschkenntnissen/", "title": "Online-Workshop: Bewerben mit wenig Deutschkenntnissen", "modified_gmt": "2026-03-27T09:19:32.501Z", "last_updated": "2026-03-27T10:19:32.501+01:00", "excerpt": "\r\nUm einen Arbeits- oder Ausbildungsplatz zu finden, sind in Deutschland in der Regel Bewerbungsunterlagen erforderlich. Dies kann f\u00fcr gefl\u00fcchtete Menschen eine gro\u00dfe Herausforderung darstellen, insbesondere aufgrund mangelnder Sprachkenntnisse. In diesem Vortrag lernen Sie, wie Sie als Ehrenamtliche Gefl\u00fcchtete praxisnah und niedrigschwellig bei Bewerbungen unterst\u00fctzen k\u00f6nnen. Es werden Tipps und Tools zum Bewerbungsprozess vorgestellt, sowohl mit als auch ohne K\u00fcnstliche Intelligenz (KI). Au\u00dferdem werden M\u00f6glichkeiten und Grenzen von KI als Unterst\u00fctzungstool gezeigt.\u00a0\r\nVeranstalter: Diakonie M\u00fcnchen\r\nAnmeldung und Informationen: hier.\r\n", "content": "<div>\r\n<p>Um einen Arbeits- oder Ausbildungsplatz zu finden, sind in Deutschland in der Regel Bewerbungsunterlagen erforderlich. Dies kann f\u00fcr gefl\u00fcchtete Menschen eine gro\u00dfe Herausforderung darstellen, insbesondere aufgrund mangelnder Sprachkenntnisse. In diesem Vortrag lernen Sie, wie Sie als Ehrenamtliche Gefl\u00fcchtete praxisnah und niedrigschwellig bei Bewerbungen unterst\u00fctzen k\u00f6nnen. Es werden Tipps und Tools zum Bewerbungsprozess vorgestellt, sowohl mit als auch ohne K\u00fcnstliche Intelligenz (KI). Au\u00dferdem werden M\u00f6glichkeiten und Grenzen von KI als Unterst\u00fctzungstool gezeigt.\u00a0</p>\r\n<p>Veranstalter: Diakonie M\u00fcnchen</p>\r\n<p>Anmeldung und Informationen: <a class=\"link-external\" href=\"https://www.diakonie-muc-obb.de/component/eventbooking/bewerben/individual-registration\">hier.</a></p>\r\n</div>", "available_languages": {"hr": {"id": 306557, "url": "https://admin.integreat-app.de/ostallgaeu/hr/events/online-radionica-prijava-za-posao-s-ograni\u010denim-znanjem-njema\u010dkog-jezika/", "path": "/ostallgaeu/hr/events/online-radionica-prijava-za-posao-s-ograni\u010denim-znanjem-njema\u010dkog-jezika/"}, "en": {"id": 306558, "url": "https://admin.integreat-app.de/ostallgaeu/en/events/online-workshop-applying-with-little-knowledge-of-german/", "path": "/ostallgaeu/en/events/online-workshop-applying-with-little-knowledge-of-german/"}, "es": {"id": 306559, "url": "https://admin.integreat-app.de/ostallgaeu/es/events/taller-en-l\u00ednea-aplicar-con-pocos-conocimientos-de-alem\u00e1n/", "path": "/ostallgaeu/es/events/taller-en-l\u00ednea-aplicar-con-pocos-conocimientos-de-alem\u00e1n/"}, "fr": {"id": 306560, "url": "https://admin.integreat-app.de/ostallgaeu/fr/events/atelier-en-ligne-postuler-avec-peu-de-connaissances-dallemand/", "path": "/ostallgaeu/fr/events/atelier-en-ligne-postuler-avec-peu-de-connaissances-dallemand/"}, "ar": {"id": 306561, "url": "https://admin.integreat-app.de/ostallgaeu/ar/events/\u0648\u0631\u0634\u0629-\u0639\u0645\u0644-\u0639\u0628\u0631-\u0627\u0644\u0625\u0646\u062a\u0631\u0646\u062a-\u0627\u0644\u062a\u0642\u062f\u064a\u0645-\u0645\u0639-\u0645\u0639\u0631\u0641\u0629-\u0642\u0644\u064a\u0644\u0629-\u0628\u0627\u0644\u0644\u063a\u0629-\u0627\u0644\u0623\u0644\u0645\u0627\u0646\u064a\u0629/", "path": "/ostallgaeu/ar/events/\u0648\u0631\u0634\u0629-\u0639\u0645\u0644-\u0639\u0628\u0631-\u0627\u0644\u0625\u0646\u062a\u0631\u0646\u062a-\u0627\u0644\u062a\u0642\u062f\u064a\u0645-\u0645\u0639-\u0645\u0639\u0631\u0641\u0629-\u0642\u0644\u064a\u0644\u0629-\u0628\u0627\u0644\u0644\u063a\u0629-\u0627\u0644\u0623\u0644\u0645\u0627\u0646\u064a\u0629/"}, "fa": {"id": 306562, "url": "https://admin.integreat-app.de/ostallgaeu/fa/events/\u06a9\u0627\u0631\u06af\u0627\u0647-\u0622\u0646\u0644\u0627\u06cc\u0646-\u062f\u0631\u062e\u0648\u0627\u0633\u062a-\u0634\u063a\u0644\u06cc-\u0628\u0627-\u062f\u0627\u0646\u0634-\u0645\u062d\u062f\u0648\u062f-\u0632\u0628\u0627\u0646-\u0622\u0644\u0645\u0627\u0646\u06cc/", "path": "/ostallgaeu/fa/events/\u06a9\u0627\u0631\u06af\u0627\u0647-\u0622\u0646\u0644\u0627\u06cc\u0646-\u062f\u0631\u062e\u0648\u0627\u0633\u062a-\u0634\u063a\u0644\u06cc-\u0628\u0627-\u062f\u0627\u0646\u0634-\u0645\u062d\u062f\u0648\u062f-\u0632\u0628\u0627\u0646-\u0622\u0644\u0645\u0627\u0646\u06cc/"}, "ro": {"id": 306563, "url": "https://admin.integreat-app.de/ostallgaeu/ro/events/atelier-online-aplicarea-cu-cuno\u0219tin\u021be-reduse-de-limba-german\u0103/", "path": "/ostallgaeu/ro/events/atelier-online-aplicarea-cu-cuno\u0219tin\u021be-reduse-de-limba-german\u0103/"}, "ru": {"id": 306564, "url": "https://admin.integreat-app.de/ostallgaeu/ru/events/\u043e\u043d\u043b\u0430\u0439\u043d-\u0441\u0435\u043c\u0438\u043d\u0430\u0440-\u043f\u0440\u0438\u043c\u0435\u043d\u0435\u043d\u0438\u0435-\u0441-\u043c\u0438\u043d\u0438\u043c\u0430\u043b\u044c\u043d\u044b\u043c-\u0437\u043d\u0430\u043d\u0438\u0435\u043c-\u043d\u0435\u043c\u0435\u0446\u043a\u043e\u0433\u043e-\u044f\u0437\u044b\u043a\u0430/", "path": "/ostallgaeu/ru/events/\u043e\u043d\u043b\u0430\u0439\u043d-\u0441\u0435\u043c\u0438\u043d\u0430\u0440-\u043f\u0440\u0438\u043c\u0435\u043d\u0435\u043d\u0438\u0435-\u0441-\u043c\u0438\u043d\u0438\u043c\u0430\u043b\u044c\u043d\u044b\u043c-\u0437\u043d\u0430\u043d\u0438\u0435\u043c-\u043d\u0435\u043c\u0435\u0446\u043a\u043e\u0433\u043e-\u044f\u0437\u044b\u043a\u0430/"}, "tr": {"id": 306565, "url": "https://admin.integreat-app.de/ostallgaeu/tr/events/\u00e7evrimi\u00e7i-at\u00f6lye-\u00e7al\u0131\u015fmas\u0131-az-almanca-bilgisiyle-ba\u015fvuru-yapmak/", "path": "/ostallgaeu/tr/events/\u00e7evrimi\u00e7i-at\u00f6lye-\u00e7al\u0131\u015fmas\u0131-az-almanca-bilgisiyle-ba\u015fvuru-yapmak/"}, "uk": {"id": 306566, "url": "https://admin.integreat-app.de/ostallgaeu/uk/events/\u043e\u043d\u043b\u0430\u0439\u043d-\u043f\u0440\u0430\u043a\u0442\u0438\u043a\u0443\u043c-\u043f\u043e\u0434\u0430\u0447\u0430-\u0434\u043e\u043a\u0443\u043c\u0435\u043d\u0442\u0456\u0432-\u0437-\u043f\u043e\u0433\u0430\u043d\u0438\u043c-\u0437\u043d\u0430\u043d\u043d\u044f\u043c-\u043d\u0456\u043c\u0435\u0446\u044c\u043a\u043e\u0457-\u043c\u043e\u0432\u0438/", "path": "/ostallgaeu/uk/events/\u043e\u043d\u043b\u0430\u0439\u043d-\u043f\u0440\u0430\u043a\u0442\u0438\u043a\u0443\u043c-\u043f\u043e\u0434\u0430\u0447\u0430-\u0434\u043e\u043a\u0443\u043c\u0435\u043d\u0442\u0456\u0432-\u0437-\u043f\u043e\u0433\u0430\u043d\u0438\u043c-\u0437\u043d\u0430\u043d\u043d\u044f\u043c-\u043d\u0456\u043c\u0435\u0446\u044c\u043a\u043e\u0457-\u043c\u043e\u0432\u0438/"}, "ti": {"id": 306567, "url": "https://admin.integreat-app.de/ostallgaeu/ti/events/\u1265\u12a2\u1295\u1270\u122d\u1290\u1275-\u12d3\u12cd\u12f0-\u1218\u133d\u1293\u12d5\u1272-\u12cd\u1231\u1295-\u12ad\u12a5\u1208\u1275-\u1300\u122d\u1218\u1295-\u12d8\u1208\u12ce-\u1235\u122b\u1215-\u121d\u121d\u120d\u12ab\u1275/", "path": "/ostallgaeu/ti/events/\u1265\u12a2\u1295\u1270\u122d\u1290\u1275-\u12d3\u12cd\u12f0-\u1218\u133d\u1293\u12d5\u1272-\u12cd\u1231\u1295-\u12ad\u12a5\u1208\u1275-\u1300\u122d\u1218\u1295-\u12d8\u1208\u12ce-\u1235\u122b\u1215-\u121d\u121d\u120d\u12ab\u1275/"}}, "thumbnail": "https://admin.integreat-app.de/media/regions/181/2017/11/internet17.png", "location": {"id": null, "name": null, "address": null, "town": null, "state": null, "postcode": null, "region": null, "country": null, "latitude": null, "longitude": null}, "location_path": null, "meeting_url": null, "event": {"id": 19004, "start": "2026-05-06T17:30:00+02:00", "start_date": "2026-05-06", "start_time": "17:30:00", "end": "2026-05-06T18:30:00+02:00", "end_date": "2026-05-06", "end_time": "18:30:00", "all_day": false, "only_weekdays": false, "recurrence_id": null, "timezone": "Europe/Berlin"}, "hash": null, "recurrence_rule": null}, {"id": 319912, "url": "https://admin.integreat-app.de/ostallgaeu/de/events/online-vortrag-neue-geas-zwischen-schutzverantwortung-und-abschottung/", "path": "/ostallgaeu/de/events/online-vortrag-neue-geas-zwischen-schutzverantwortung-und-abschottung/", "title": "Online-Vortrag: Neue GEAS zwischen Schutzverantwortung und Abschottung", "modified_gmt": "2026-04-17T09:05:42.560Z", "last_updated": "2026-04-17T11:05:42.560+02:00", "excerpt": "Ab Juni\u202f2026 soll das Gemeinsame Europ\u00e4ische Asylsystem (GEAS) in Deutschland gelten, um Asylverfahren und Aufnahmebedingungen EU\u2011weit zu vereinheitlichen und die Verantwortung f\u00fcr Schutzsuchende gerechter zu verteilen. Gleichzeitig werden Versch\u00e4rfungen diskutiert, etwa beim Zugang zu Schutzverfahren oder bei Grenzregelungen.\r\nRechtsanw\u00e4ltin Anna Fr\u00f6lich erl\u00e4utert im Seminar die Rechtsgrundlagen, die geplanten \u00c4nderungen und die Spannungen zwischen Schutzverantwortung und Abschottung.\r\nDieses Seminar richtet sich an haupt- und ehrenamtliche Helfer*innen. F\u00fcr dieses Seminar sind Deutschkenntnisse auf C1-Niveau empfohlen.\r\nVeranstaltungsort: Online via Zoom\r\nKursgeb\u00fchr: 0,00 Euro\r\nHier k\u00f6nnen Sie sich anmelden.", "content": "<div><p>Ab Juni\u202f2026 soll das Gemeinsame Europ\u00e4ische Asylsystem (GEAS) in Deutschland gelten, um Asylverfahren und Aufnahmebedingungen EU\u2011weit zu vereinheitlichen und die Verantwortung f\u00fcr Schutzsuchende gerechter zu verteilen. Gleichzeitig werden Versch\u00e4rfungen diskutiert, etwa beim Zugang zu Schutzverfahren oder bei Grenzregelungen.</p>\r\n<p>Rechtsanw\u00e4ltin Anna Fr\u00f6lich erl\u00e4utert im Seminar die Rechtsgrundlagen, die geplanten \u00c4nderungen und die Spannungen zwischen Schutzverantwortung und Abschottung.</p>\r\n<p>Dieses Seminar richtet sich an haupt- und ehrenamtliche Helfer*innen. F\u00fcr dieses Seminar sind Deutschkenntnisse auf C1-Niveau empfohlen.</p>\r\n<p>Veranstaltungsort: Online via Zoom</p>\r\n<p>Kursgeb\u00fchr: 0,00 Euro</p>\r\n<p><a href=\"https://www.eventbrite.de/e/neue-geas-zwischen-schutzverantwortung-und-abschottung-tickets-1977609412990?aff=oddtdtcreator\" class=\"link-external\">Hier </a>k\u00f6nnen Sie sich anmelden.</p></div>", "available_languages": {"hr": {"id": null, "url": "https://admin.integreat-app.de/ostallgaeu/hr/events/online-vortrag-neue-geas-zwischen-schutzverantwortung-und-abschottung/", "path": "/ostallgaeu/hr/events/online-vortrag-neue-geas-zwischen-schutzverantwortung-und-abschottung/"}, "en": {"id": null, "url": "https://admin.integreat-app.de/ostallgaeu/en/events/online-vortrag-neue-geas-zwischen-schutzverantwortung-und-abschottung/", "path": "/ostallgaeu/en/events/online-vortrag-neue-geas-zwischen-schutzverantwortung-und-abschottung/"}, "es": {"id": null, "url": "https://admin.integreat-app.de/ostallgaeu/es/events/online-vortrag-neue-geas-zwischen-schutzverantwortung-und-abschottung/", "path": "/ostallgaeu/es/events/online-vortrag-neue-geas-zwischen-schutzverantwortung-und-abschottung/"}, "fr": {"id": null, "url": "https://admin.integreat-app.de/ostallgaeu/fr/events/online-vortrag-neue-geas-zwischen-schutzverantwortung-und-abschottung/", "path": "/ostallgaeu/fr/events/online-vortrag-neue-geas-zwischen-schutzverantwortung-und-abschottung/"}, "ar": {"id": null, "url": "https://admin.integreat-app.de/ostallgaeu/ar/events/online-vortrag-neue-geas-zwischen-schutzverantwortung-und-abschottung/", "path": "/ostallgaeu/ar/events/online-vortrag-neue-geas-zwischen-schutzverantwortung-und-abschottung/"}, "fa": {"id": null, "url": "https://admin.integreat-app.de/ostallgaeu/fa/events/online-vortrag-neue-geas-zwischen-schutzverantwortung-und-abschottung/", "path": "/ostallgaeu/fa/events/online-vortrag-neue-geas-zwischen-schutzverantwortung-und-abschottung/"}, "ro": {"id": null, "url": "https://admin.integreat-app.de/ostallgaeu/ro/events/online-vortrag-neue-geas-zwischen-schutzverantwortung-und-abschottung/", "path": "/ostallgaeu/ro/events/online-vortrag-neue-geas-zwischen-schutzverantwortung-und-abschottung/"}, "ru": {"id": null, "url": "https://admin.integreat-app.de/ostallgaeu/ru/events/online-vortrag-neue-geas-zwischen-schutzverantwortung-und-abschottung/", "path": "/ostallgaeu/ru/events/online-vortrag-neue-geas-zwischen-schutzverantwortung-und-abschottung/"}, "tr": {"id": null, "url": "https://admin.integreat-app.de/ostallgaeu/tr/events/online-vortrag-neue-geas-zwischen-schutzverantwortung-und-abschottung/", "path": "/ostallgaeu/tr/events/online-vortrag-neue-geas-zwischen-schutzverantwortung-und-abschottung/"}, "uk": {"id": null, "url": "https://admin.integreat-app.de/ostallgaeu/uk/events/online-vortrag-neue-geas-zwischen-schutzverantwortung-und-abschottung/", "path": "/ostallgaeu/uk/events/online-vortrag-neue-geas-zwischen-schutzverantwortung-und-abschottung/"}, "ti": {"id": null, "url": "https://admin.integreat-app.de/ostallgaeu/ti/events/online-vortrag-neue-geas-zwischen-schutzverantwortung-und-abschottung/", "path": "/ostallgaeu/ti/events/online-vortrag-neue-geas-zwischen-schutzverantwortung-und-abschottung/"}}, "thumbnail": "https://admin.integreat-app.de/media/regions/181/2017/11/internet17.png", "location": {"id": null, "name": null, "address": null, "town": null, "state": null, "postcode": null, "region": null, "country": null, "latitude": null, "longitude": null}, "location_path": null, "meeting_url": null, "event": {"id": 19652, "start": "2026-05-06T18:30:00+02:00", "start_date": "2026-05-06", "start_time": "18:30:00", "end": "2026-05-06T20:30:00+02:00", "end_date": "2026-05-06", "end_time": "20:30:00", "all_day": false, "only_weekdays": false, "recurrence_id": null, "timezone": "Europe/Berlin"}, "hash": null, "recurrence_rule": null}, {"id": 259329, "url": "https://admin.integreat-app.de/ostallgaeu/de/events/ausbildungsmesse-marktoberdorf/", "path": "/ostallgaeu/de/events/ausbildungsmesse-marktoberdorf/", "title": "Ausbildungsmesse Marktoberdorf", "modified_gmt": "2026-01-12T08:49:55.508Z", "last_updated": "2026-01-12T09:49:55.508+01:00", "excerpt": "\r\nHier kannst du viele Firmen kennenlernen und mit Mitarbeitern sprechen. Du bekommst Informationen zu den Firmen und zu den Ausbildungsberufen.\u00a0\r\nHier gibt es weitere Informationen zum Programm und den Ausstellern.\r\n", "content": "<div>\r\n<p>Hier kannst du viele Firmen kennenlernen und mit Mitarbeitern sprechen. Du bekommst Informationen zu den Firmen und zu den Ausbildungsberufen.\u00a0</p>\r\n<p><img style=\"width: 15px; height: 15px;\" src=\"https://admin.integreat-app.de/static/svg/www.svg\" alt=\"Link zur Webseite\"><a class=\"link-external\" href=\"https://www.mattfeldt-saenger.de/ausbildung-marktoberdorf/Besucher#Infos\">Hier </a>gibt es weitere Informationen zum Programm und den Ausstellern.</p>\r\n</div>", "available_languages": {"hr": {"id": 231626, "url": "https://admin.integreat-app.de/ostallgaeu/hr/events/sajam-naukovanja-u-marktoberdorfu/", "path": "/ostallgaeu/hr/events/sajam-naukovanja-u-marktoberdorfu/"}, "en": {"id": 231627, "url": "https://admin.integreat-app.de/ostallgaeu/en/events/training-fair-marktoberdorf/", "path": "/ostallgaeu/en/events/training-fair-marktoberdorf/"}, "es": {"id": 231628, "url": "https://admin.integreat-app.de/ostallgaeu/es/events/feria-de-formaci\u00f3n-de-marktoberdorf/", "path": "/ostallgaeu/es/events/feria-de-formaci\u00f3n-de-marktoberdorf/"}, "fr": {"id": 231629, "url": "https://admin.integreat-app.de/ostallgaeu/fr/events/salon-de-la-formation-de-marktoberdorf/", "path": "/ostallgaeu/fr/events/salon-de-la-formation-de-marktoberdorf/"}, "ar": {"id": 231630, "url": "https://admin.integreat-app.de/ostallgaeu/ar/events/\u0645\u0639\u0631\u0636-\u0645\u0627\u0631\u0643\u062a\u0648\u0628\u0631\u062f\u0648\u0631\u0641-\u0627\u0644\u062a\u062f\u0631\u064a\u0628\u064a/", "path": "/ostallgaeu/ar/events/\u0645\u0639\u0631\u0636-\u0645\u0627\u0631\u0643\u062a\u0648\u0628\u0631\u062f\u0648\u0631\u0641-\u0627\u0644\u062a\u062f\u0631\u064a\u0628\u064a/"}, "fa": {"id": 231631, "url": "https://admin.integreat-app.de/ostallgaeu/fa/events/\u0646\u0645\u0627\u06cc\u0634\u06af\u0627\u0647-\u06a9\u0627\u0631\u0622\u0645\u0648\u0632\u06cc-\u0645\u0627\u0631\u06a9\u062a\u0648\u0628\u0631\u062f\u0648\u0631\u0641/", "path": "/ostallgaeu/fa/events/\u0646\u0645\u0627\u06cc\u0634\u06af\u0627\u0647-\u06a9\u0627\u0631\u0622\u0645\u0648\u0632\u06cc-\u0645\u0627\u0631\u06a9\u062a\u0648\u0628\u0631\u062f\u0648\u0631\u0641/"}, "ro": {"id": 231632, "url": "https://admin.integreat-app.de/ostallgaeu/ro/events/t\u00e2rg-de-formare-marktoberdorf/", "path": "/ostallgaeu/ro/events/t\u00e2rg-de-formare-marktoberdorf/"}, "ru": {"id": 231633, "url": "https://admin.integreat-app.de/ostallgaeu/ru/events/\u0443\u0447\u0435\u0431\u043d\u0430\u044f-\u0432\u044b\u0441\u0442\u0430\u0432\u043a\u0430-\u043c\u0430\u0440\u043a\u0442\u043e\u0431\u0435\u0440\u0434\u043e\u0440\u0444/", "path": "/ostallgaeu/ru/events/\u0443\u0447\u0435\u0431\u043d\u0430\u044f-\u0432\u044b\u0441\u0442\u0430\u0432\u043a\u0430-\u043c\u0430\u0440\u043a\u0442\u043e\u0431\u0435\u0440\u0434\u043e\u0440\u0444/"}, "tr": {"id": 231634, "url": "https://admin.integreat-app.de/ostallgaeu/tr/events/marktoberdorf-e\u011fitim-fuar\u0131/", "path": "/ostallgaeu/tr/events/marktoberdorf-e\u011fitim-fuar\u0131/"}, "uk": {"id": 231635, "url": "https://admin.integreat-app.de/ostallgaeu/uk/events/\u043d\u0430\u0432\u0447\u0430\u043b\u044c\u043d\u0438\u0439-\u044f\u0440\u043c\u0430\u0440\u043e\u043a-\u043c\u0430\u0440\u043a\u0442\u043e\u0431\u0435\u0440\u0434\u043e\u0440\u0444/", "path": "/ostallgaeu/uk/events/\u043d\u0430\u0432\u0447\u0430\u043b\u044c\u043d\u0438\u0439-\u044f\u0440\u043c\u0430\u0440\u043e\u043a-\u043c\u0430\u0440\u043a\u0442\u043e\u0431\u0435\u0440\u0434\u043e\u0440\u0444/"}, "ti": {"id": 231636, "url": "https://admin.integreat-app.de/ostallgaeu/ti/events/\u121b\u122d\u12ad\u1276\u1260\u122d\u12f6\u122d\u134d-\u1293\u12ed-\u120d\u121d\u121d\u12f5-\u121d\u122d\u12a2\u1275/", "path": "/ostallgaeu/ti/events/\u121b\u122d\u12ad\u1276\u1260\u122d\u12f6\u122d\u134d-\u1293\u12ed-\u120d\u121d\u121d\u12f5-\u121d\u122d\u12a2\u1275/"}}, "thumbnail": "https://admin.integreat-app.de/media/regions/181/2017/11/Jobs.png", "location": {"id": 2358, "name": "Modeon", "address": "Schwabenstra\u00dfe 58", "town": "Marktoberdorf", "state": null, "postcode": "87616", "region": null, "country": "Deutschland", "latitude": 47.783292, "longitude": 10.6173237}, "location_path": "/ostallgaeu/de/locations/modeon/", "meeting_url": null, "event": {"id": 13489, "start": "2026-05-07T10:00:00+02:00", "start_date": "2026-05-07", "start_time": "10:00:00", "end": "2026-05-08T16:00:00+02:00", "end_date": "2026-05-08", "end_time": "16:00:00", "all_day": false, "only_weekdays": false, "recurrence_id": null, "timezone": "Europe/Berlin"}, "hash": null, "recurrence_rule": null}, {"id": 307228, "url": "https://admin.integreat-app.de/ostallgaeu/de/events/offene-sprechstunde-der-wohnungslotsin-in-f\u00fcssen-5/", "path": "/ostallgaeu/de/events/offene-sprechstunde-der-wohnungslotsin-in-f\u00fcssen-5/", "title": "Offene Sprechstunde der Wohnungslotsin in F\u00fcssen", "modified_gmt": "2026-03-30T07:06:14.880Z", "last_updated": "2026-03-30T09:06:14.880+02:00", "excerpt": "\r\nDie Sprechstunde rund um das Thema Wohnen f\u00fcr gefl\u00fcchtete und zugewanderte Personen findet am Donnerstag von 14-17 Uhr \u00a0im Franz-Xaver-Seelos-Haus in F\u00fcssen bei Frau Andrea Veres (Wohnungslotsin f\u00fcr Zugewanderte im Ostallg\u00e4u) \u00a0statt.\r\nSie k\u00f6nnen ohne vorherige Terminvereinbarung vorbeikommen, wenn Sie kurze Fragen rund um das Thema Wohnen haben oder kleinere Anliegen schnell kl\u00e4ren m\u00f6chten.Die offene Sprechstunde eignet sich besonders f\u00fcr Themen, die sich in einem kurzen Gespr\u00e4ch besprechen oder unkompliziert erledigen lassen.\r\n\u00a0\r\nF\u00fcr Gefl\u00fcchtete und Zugewanderte: Sie haben eine Anerkennung, leben in einer Asylunterkunft und suchen eine Wohnung?Sie haben Fragen rund ums Wohnen?\r\nF\u00fcr Vermieterinnen und Vermieter: Sie m\u00f6chten an Zugewanderte vermieten oder haben noch Fragen?\r\n", "content": "<div>\r\n<p>Die Sprechstunde rund um das Thema Wohnen f\u00fcr gefl\u00fcchtete und zugewanderte Personen findet am Donnerstag von 14-17 Uhr \u00a0im<strong> Franz-Xaver-Seelos-Haus in F\u00fcssen bei Frau Andrea Veres (Wohnungslotsin f\u00fcr Zugewanderte im Ostallg\u00e4u) \u00a0</strong>statt.</p>\r\n<p>Sie k\u00f6nnen ohne vorherige Terminvereinbarung vorbeikommen, wenn Sie kurze Fragen rund um das Thema Wohnen haben oder kleinere Anliegen schnell kl\u00e4ren m\u00f6chten.<br>Die offene Sprechstunde eignet sich besonders f\u00fcr Themen, die sich in einem kurzen Gespr\u00e4ch besprechen oder unkompliziert erledigen lassen.</p>\r\n<p>\u00a0</p>\r\n<p><strong>F\u00fcr Gefl\u00fcchtete und Zugewanderte: S</strong>ie haben eine Anerkennung, leben in einer Asylunterkunft und suchen eine Wohnung?<br>Sie haben Fragen rund ums Wohnen?</p>\r\n<p><strong>F\u00fcr Vermieterinnen und Vermieter: </strong>Sie m\u00f6chten an Zugewanderte vermieten oder haben noch Fragen?</p>\r\n</div>", "available_languages": {"hr": {"id": 307217, "url": "https://admin.integreat-app.de/ostallgaeu/hr/events/otvoreni-savjetodavni-sati-s-savjetnikom-za-stanovanje-u-f\u00fcssenu-5/", "path": "/ostallgaeu/hr/events/otvoreni-savjetodavni-sati-s-savjetnikom-za-stanovanje-u-f\u00fcssenu-5/"}, "en": {"id": 307218, "url": "https://admin.integreat-app.de/ostallgaeu/en/events/open-consultation-hours-of-the-housing-guide-in-f\u00fcssen-5/", "path": "/ostallgaeu/en/events/open-consultation-hours-of-the-housing-guide-in-f\u00fcssen-5/"}, "es": {"id": 307219, "url": "https://admin.integreat-app.de/ostallgaeu/es/events/horario-de-consulta-abierta-de-la-gu\u00eda-de-la-vivienda-en-f\u00fcssen-5/", "path": "/ostallgaeu/es/events/horario-de-consulta-abierta-de-la-gu\u00eda-de-la-vivienda-en-f\u00fcssen-5/"}, "fr": {"id": 307220, "url": "https://admin.integreat-app.de/ostallgaeu/fr/events/consultation-ouverte-de-la-pilote-de-logement-\u00e0-f\u00fcssen-5/", "path": "/ostallgaeu/fr/events/consultation-ouverte-de-la-pilote-de-logement-\u00e0-f\u00fcssen-5/"}, "ar": {"id": 307221, "url": "https://admin.integreat-app.de/ostallgaeu/ar/events/\u0633\u0627\u0639\u0627\u062a-\u0627\u0644\u0627\u0633\u062a\u0634\u0627\u0631\u0629-\u0627\u0644\u0645\u0641\u062a\u0648\u062d\u0629-\u0644\u062f\u0644\u064a\u0644-\u0627\u0644\u0625\u0633\u0643\u0627\u0646-\u0641\u064a-\u0641\u0648\u0633\u0646-5/", "path": "/ostallgaeu/ar/events/\u0633\u0627\u0639\u0627\u062a-\u0627\u0644\u0627\u0633\u062a\u0634\u0627\u0631\u0629-\u0627\u0644\u0645\u0641\u062a\u0648\u062d\u0629-\u0644\u062f\u0644\u064a\u0644-\u0627\u0644\u0625\u0633\u0643\u0627\u0646-\u0641\u064a-\u0641\u0648\u0633\u0646-5/"}, "fa": {"id": 307222, "url": "https://admin.integreat-app.de/ostallgaeu/fa/events/\u0633\u0627\u0639\u0627\u062a-\u0645\u0634\u0627\u0648\u0631\u0647-\u062d\u0636\u0648\u0631\u06cc-\u0628\u0627-\u0645\u0634\u0627\u0648\u0631-\u0645\u0633\u06a9\u0646-\u062f\u0631-\u0641\u0648\u0633\u0646-5/", "path": "/ostallgaeu/fa/events/\u0633\u0627\u0639\u0627\u062a-\u0645\u0634\u0627\u0648\u0631\u0647-\u062d\u0636\u0648\u0631\u06cc-\u0628\u0627-\u0645\u0634\u0627\u0648\u0631-\u0645\u0633\u06a9\u0646-\u062f\u0631-\u0641\u0648\u0633\u0646-5/"}, "ro": {"id": 307223, "url": "https://admin.integreat-app.de/ostallgaeu/ro/events/orele-de-consultare-deschise-ale-ghidului-de-locuin\u021be-din-f\u00fcssen-5/", "path": "/ostallgaeu/ro/events/orele-de-consultare-deschise-ale-ghidului-de-locuin\u021be-din-f\u00fcssen-5/"}, "ru": {"id": 307224, "url": "https://admin.integreat-app.de/ostallgaeu/ru/events/\u043e\u0442\u043a\u0440\u044b\u0442\u044b\u0435-\u0447\u0430\u0441\u044b-\u043a\u043e\u043d\u0441\u0443\u043b\u044c\u0442\u0430\u0446\u0438\u0439-\u0441-\u0436\u0438\u043b\u0438\u0449\u043d\u044b\u043c-\u0433\u0438\u0434\u043e\u043c-\u0432-\u0444\u044e\u0441\u0441\u0435\u043d\u0435-2/", "path": "/ostallgaeu/ru/events/\u043e\u0442\u043a\u0440\u044b\u0442\u044b\u0435-\u0447\u0430\u0441\u044b-\u043a\u043e\u043d\u0441\u0443\u043b\u044c\u0442\u0430\u0446\u0438\u0439-\u0441-\u0436\u0438\u043b\u0438\u0449\u043d\u044b\u043c-\u0433\u0438\u0434\u043e\u043c-\u0432-\u0444\u044e\u0441\u0441\u0435\u043d\u0435-2/"}, "tr": {"id": 307225, "url": "https://admin.integreat-app.de/ostallgaeu/tr/events/f\u00fcssendeki-konut-rehberinin-a\u00e7\u0131k-dan\u0131\u015fma-saatleri-5/", "path": "/ostallgaeu/tr/events/f\u00fcssendeki-konut-rehberinin-a\u00e7\u0131k-dan\u0131\u015fma-saatleri-5/"}, "uk": {"id": 307226, "url": "https://admin.integreat-app.de/ostallgaeu/uk/events/\u0432\u0456\u0434\u043a\u0440\u0438\u0442\u0456-\u043a\u043e\u043d\u0441\u0443\u043b\u044c\u0442\u0430\u0446\u0456\u0439\u043d\u0456-\u0433\u043e\u0434\u0438\u043d\u0438-\u0436\u0438\u0442\u043b\u043e\u0432\u043e\u0433\u043e-\u0433\u0456\u0434\u0430-\u0443-\u0444\u044e\u0441\u0441\u0435\u043d\u0456-5/", "path": "/ostallgaeu/uk/events/\u0432\u0456\u0434\u043a\u0440\u0438\u0442\u0456-\u043a\u043e\u043d\u0441\u0443\u043b\u044c\u0442\u0430\u0446\u0456\u0439\u043d\u0456-\u0433\u043e\u0434\u0438\u043d\u0438-\u0436\u0438\u0442\u043b\u043e\u0432\u043e\u0433\u043e-\u0433\u0456\u0434\u0430-\u0443-\u0444\u044e\u0441\u0441\u0435\u043d\u0456-5/"}, "ti": {"id": 307227, "url": "https://admin.integreat-app.de/ostallgaeu/ti/events/\u121d\u1235-\u12a3\u121b\u12bb\u122a-\u12a3\u1263\u12ed\u1272-\u12a3\u1265-\u1349\u1230\u1295-\u12ad\u1349\u1275-\u1293\u12ed-\u121d\u121d\u12bd\u12bb\u122d-\u1230\u12d3\u1273\u1275-5/", "path": "/ostallgaeu/ti/events/\u121d\u1235-\u12a3\u121b\u12bb\u122a-\u12a3\u1263\u12ed\u1272-\u12a3\u1265-\u1349\u1230\u1295-\u12ad\u1349\u1275-\u1293\u12ed-\u121d\u121d\u12bd\u12bb\u122d-\u1230\u12d3\u1273\u1275-5/"}}, "thumbnail": "https://admin.integreat-app.de/media/regions/181/2026/02/1770892330_real-estate-6688945_1280.jpg", "location": {"id": 17577, "name": "Franz-Xaver-Seelos-Haus", "address": "Hintere Gasse 7", "town": "F\u00fcssen", "state": null, "postcode": "87629", "region": null, "country": "Deutschland", "latitude": 47.5681619, "longitude": 10.6980712}, "location_path": "/ostallgaeu/de/locations/franz-xaver-seelos-haus/", "meeting_url": null, "event": {"id": 19054, "start": "2026-05-07T14:00:00+02:00", "start_date": "2026-05-07", "start_time": "14:00:00", "end": "2026-05-07T17:00:00+02:00", "end_date": "2026-05-07", "end_time": "17:00:00", "all_day": false, "only_weekdays": false, "recurrence_id": 4046, "timezone": "Europe/Berlin"}, "hash": null, "recurrence_rule": "DTSTART:20260507T120000\nRRULE:FREQ=MONTHLY;INTERVAL=2;UNTIL=20260702T235959;BYDAY=+1TH"}, {"id": 312616, "url": "https://admin.integreat-app.de/ostallgaeu/de/events/duale-ausbildung-infoabend-f\u00fcr-eltern-und-sch\u00fclerinnen-t\u00fcrkisch-online/", "path": "/ostallgaeu/de/events/duale-ausbildung-infoabend-f\u00fcr-eltern-und-sch\u00fclerinnen-t\u00fcrkisch-online/", "title": "Duale Ausbildung: Infoabend f\u00fcr Eltern und Sch\u00fcler*innen T\u00dcRKISCH (Online)", "modified_gmt": "2026-04-09T09:48:42.872Z", "last_updated": "2026-04-09T11:48:42.872+02:00", "excerpt": "\r\nBerufswahl \u2013 Online-Infoabende f\u00fcr Eltern und Sch\u00fcler in 8 Sprachen\r\nAlle Eltern-Infoabende finden online von 18:30 - 20:00 Uhr statt. \u00a0Eine Anmeldung ist nicht erforderlich. Der Einwahl-Link f\u00fchrt Sie zur aktuellen Veranstaltung.\r\nDuale Ausbildung - Informationen f\u00fcr Eltern und Sch\u00fcler*innenIn Deutschland bietet eine duale Ausbildung sehr gute Zukunftschancen. Wie funktioniert eine duale Ausbildung? Welche Berufe gibt es? Wie findet man einen Ausbildungsplatz? Bei unseren mehrsprachigen Infoabenden erhalten Eltern und Sch\u00fcler Antworten. Es gibt viele praktische Tipps, wie der \u00dcbergang von der Schule ins Berufsleben gelingt! Start 18:30 Uhr, Login ab 18:15 Uhr.\r\n\r\nAnmeldung hier.\r\n", "content": "<div>\r\n<p>Berufswahl \u2013 Online-Infoabende f\u00fcr Eltern und Sch\u00fcler in 8 Sprachen</p>\r\n<p>Alle Eltern-Infoabende finden online von 18:30 - 20:00 Uhr statt. \u00a0Eine Anmeldung ist nicht erforderlich. Der Einwahl-Link f\u00fchrt Sie zur aktuellen Veranstaltung.</p>\r\n<p>Duale Ausbildung - Informationen f\u00fcr Eltern und Sch\u00fcler*innen<br>In Deutschland bietet eine duale Ausbildung sehr gute Zukunftschancen. Wie funktioniert eine duale Ausbildung? Welche Berufe gibt es? Wie findet man einen Ausbildungsplatz? Bei unseren mehrsprachigen Infoabenden erhalten Eltern und Sch\u00fcler Antworten. Es gibt viele praktische Tipps, wie der \u00dcbergang von der Schule ins Berufsleben gelingt! Start 18:30 Uhr, Login ab 18:15 Uhr.</p>\r\n<a class=\"link-external\" href=\"https://www.kausa-bayern.de/infothek/veranstaltungen\">\r\n<p>Anmeldung hier.</p>\r\n</a></div>", "available_languages": {"hr": {"id": null, "url": "https://admin.integreat-app.de/ostallgaeu/hr/events/duale-ausbildung-infoabend-f\u00fcr-eltern-und-sch\u00fclerinnen-t\u00fcrkisch-online/", "path": "/ostallgaeu/hr/events/duale-ausbildung-infoabend-f\u00fcr-eltern-und-sch\u00fclerinnen-t\u00fcrkisch-online/"}, "en": {"id": null, "url": "https://admin.integreat-app.de/ostallgaeu/en/events/duale-ausbildung-infoabend-f\u00fcr-eltern-und-sch\u00fclerinnen-t\u00fcrkisch-online/", "path": "/ostallgaeu/en/events/duale-ausbildung-infoabend-f\u00fcr-eltern-und-sch\u00fclerinnen-t\u00fcrkisch-online/"}, "es": {"id": null, "url": "https://admin.integreat-app.de/ostallgaeu/es/events/duale-ausbildung-infoabend-f\u00fcr-eltern-und-sch\u00fclerinnen-t\u00fcrkisch-online/", "path": "/ostallgaeu/es/events/duale-ausbildung-infoabend-f\u00fcr-eltern-und-sch\u00fclerinnen-t\u00fcrkisch-online/"}, "fr": {"id": null, "url": "https://admin.integreat-app.de/ostallgaeu/fr/events/duale-ausbildung-infoabend-f\u00fcr-eltern-und-sch\u00fclerinnen-t\u00fcrkisch-online/", "path": "/ostallgaeu/fr/events/duale-ausbildung-infoabend-f\u00fcr-eltern-und-sch\u00fclerinnen-t\u00fcrkisch-online/"}, "ar": {"id": null, "url": "https://admin.integreat-app.de/ostallgaeu/ar/events/duale-ausbildung-infoabend-f\u00fcr-eltern-und-sch\u00fclerinnen-t\u00fcrkisch-online/", "path": "/ostallgaeu/ar/events/duale-ausbildung-infoabend-f\u00fcr-eltern-und-sch\u00fclerinnen-t\u00fcrkisch-online/"}, "fa": {"id": null, "url": "https://admin.integreat-app.de/ostallgaeu/fa/events/duale-ausbildung-infoabend-f\u00fcr-eltern-und-sch\u00fclerinnen-t\u00fcrkisch-online/", "path": "/ostallgaeu/fa/events/duale-ausbildung-infoabend-f\u00fcr-eltern-und-sch\u00fclerinnen-t\u00fcrkisch-online/"}, "ro": {"id": null, "url": "https://admin.integreat-app.de/ostallgaeu/ro/events/duale-ausbildung-infoabend-f\u00fcr-eltern-und-sch\u00fclerinnen-t\u00fcrkisch-online/", "path": "/ostallgaeu/ro/events/duale-ausbildung-infoabend-f\u00fcr-eltern-und-sch\u00fclerinnen-t\u00fcrkisch-online/"}, "ru": {"id": null, "url": "https://admin.integreat-app.de/ostallgaeu/ru/events/duale-ausbildung-infoabend-f\u00fcr-eltern-und-sch\u00fclerinnen-t\u00fcrkisch-online/", "path": "/ostallgaeu/ru/events/duale-ausbildung-infoabend-f\u00fcr-eltern-und-sch\u00fclerinnen-t\u00fcrkisch-online/"}, "tr": {"id": 312477, "url": "https://admin.integreat-app.de/ostallgaeu/tr/events/ikili-e\u011fitim-veliler-ve-\u00f6\u011frenciler-i\u00e7in-\u00e7evrimi\u00e7i-bilgilendirme-ak\u015fam\u0131-t\u00fcrk\u00e7e-\u00e7evrimi\u00e7i/", "path": "/ostallgaeu/tr/events/ikili-e\u011fitim-veliler-ve-\u00f6\u011frenciler-i\u00e7in-\u00e7evrimi\u00e7i-bilgilendirme-ak\u015fam\u0131-t\u00fcrk\u00e7e-\u00e7evrimi\u00e7i/"}, "uk": {"id": null, "url": "https://admin.integreat-app.de/ostallgaeu/uk/events/duale-ausbildung-infoabend-f\u00fcr-eltern-und-sch\u00fclerinnen-t\u00fcrkisch-online/", "path": "/ostallgaeu/uk/events/duale-ausbildung-infoabend-f\u00fcr-eltern-und-sch\u00fclerinnen-t\u00fcrkisch-online/"}, "ti": {"id": null, "url": "https://admin.integreat-app.de/ostallgaeu/ti/events/duale-ausbildung-infoabend-f\u00fcr-eltern-und-sch\u00fclerinnen-t\u00fcrkisch-online/", "path": "/ostallgaeu/ti/events/duale-ausbildung-infoabend-f\u00fcr-eltern-und-sch\u00fclerinnen-t\u00fcrkisch-online/"}}, "thumbnail": "https://admin.integreat-app.de/media/regions/181/2026/04/1775724585_kausa.png", "location": {"id": null, "name": null, "address": null, "town": null, "state": null, "postcode": null, "region": null, "country": null, "latitude": null, "longitude": null}, "location_path": null, "meeting_url": null, "event": {"id": 19395, "start": "2026-05-07T18:30:00+02:00", "start_date": "2026-05-07", "start_time": "18:30:00", "end": "2026-05-07T20:00:00+02:00", "end_date": "2026-05-07", "end_time": "20:00:00", "all_day": false, "only_weekdays": false, "recurrence_id": null, "timezone": "Europe/Berlin"}, "hash": null, "recurrence_rule": null}, {"id": 290896, "url": "https://admin.integreat-app.de/ostallgaeu/de/events/internationale-teestube-pfronten-4/", "path": "/ostallgaeu/de/events/internationale-teestube-pfronten-4/", "title": "Internationale Teestube Pfronten", "modified_gmt": "2026-03-10T07:50:08.762Z", "last_updated": "2026-03-10T08:50:08.762+01:00", "excerpt": "Der Unterst\u00fctzerkreis Asyl Pfronten l\u00e4dt zur Internationalen Teestube ein. Alle Interessierten sind zu dem geselligen Treffen in der \u00a0Evangelischen Auferstehungskirche in Pfronten herzlich Willkommen. Hier kann man Kontakte kn\u00fcpfen, sich gegenseitig kennen lernen und miteinander spielen und lachen.\r\n\u00a0\r\n", "content": "<div><p>Der Unterst\u00fctzerkreis Asyl Pfronten l\u00e4dt zur Internationalen Teestube ein. Alle Interessierten sind zu dem geselligen Treffen in der \u00a0Evangelischen Auferstehungskirche in Pfronten herzlich Willkommen. Hier kann man Kontakte kn\u00fcpfen, sich gegenseitig kennen lernen und miteinander spielen und lachen.</p>\r\n<p>\u00a0</p>\r\n<p><a href=\"https://admin.integreat-app.de/media/regions/181/2026/03/1773128890_Postkarte__Teestube-1.Hj.2026.jpg\" aria-hidden=\"true\" tabindex=\"-1\"><img src=\"https://admin.integreat-app.de/media/regions/181/2026/03/1773128890_Postkarte__Teestube-1.Hj.2026.jpg\" alt=\"\"></a></p></div>", "available_languages": {"hr": {"id": 290898, "url": "https://admin.integreat-app.de/ostallgaeu/hr/events/me\u0111unarodni-\u010dajni-salon-pfronten-3/", "path": "/ostallgaeu/hr/events/me\u0111unarodni-\u010dajni-salon-pfronten-3/"}, "en": {"id": 290900, "url": "https://admin.integreat-app.de/ostallgaeu/en/events/international-tearoom-pfronten-4/", "path": "/ostallgaeu/en/events/international-tearoom-pfronten-4/"}, "es": {"id": 290902, "url": "https://admin.integreat-app.de/ostallgaeu/es/events/sal\u00f3n-de-t\u00e9-internacional-pfronten-4/", "path": "/ostallgaeu/es/events/sal\u00f3n-de-t\u00e9-internacional-pfronten-4/"}, "fr": {"id": 290904, "url": "https://admin.integreat-app.de/ostallgaeu/fr/events/salon-de-th\u00e9-international-de-pfronten-4/", "path": "/ostallgaeu/fr/events/salon-de-th\u00e9-international-de-pfronten-4/"}, "ar": {"id": 290906, "url": "https://admin.integreat-app.de/ostallgaeu/ar/events/\u063a\u0631\u0641\u0629-\u0627\u0644\u0637\u0639\u0627\u0645-\u0627\u0644\u062f\u0648\u0644\u064a\u0629-\u0628\u0641\u0631\u0648\u0646\u062a\u0646-4/", "path": "/ostallgaeu/ar/events/\u063a\u0631\u0641\u0629-\u0627\u0644\u0637\u0639\u0627\u0645-\u0627\u0644\u062f\u0648\u0644\u064a\u0629-\u0628\u0641\u0631\u0648\u0646\u062a\u0646-4/"}, "fa": {"id": 290908, "url": "https://admin.integreat-app.de/ostallgaeu/fa/events/\u0686\u0627\u06cc\u062e\u0627\u0646\u0647-\u0628\u06cc\u0646\u0627\u0644\u0645\u0644\u0644\u06cc-\u0641\u0641\u0631\u0648\u062a\u0646-3/", "path": "/ostallgaeu/fa/events/\u0686\u0627\u06cc\u062e\u0627\u0646\u0647-\u0628\u06cc\u0646\u0627\u0644\u0645\u0644\u0644\u06cc-\u0641\u0641\u0631\u0648\u062a\u0646-3/"}, "ro": {"id": 290910, "url": "https://admin.integreat-app.de/ostallgaeu/ro/events/salon-de-ceai-interna\u021bional-pfronten-4/", "path": "/ostallgaeu/ro/events/salon-de-ceai-interna\u021bional-pfronten-4/"}, "ru": {"id": 290912, "url": "https://admin.integreat-app.de/ostallgaeu/ru/events/\u043c\u0435\u0436\u0434\u0443\u043d\u0430\u0440\u043e\u0434\u043d\u0430\u044f-\u0447\u0430\u0439\u043d\u0430\u044f-\u043a\u043e\u043c\u043d\u0430\u0442\u0430-\u043f\u0444\u0440\u043e\u043d\u0442\u0435\u043d-4/", "path": "/ostallgaeu/ru/events/\u043c\u0435\u0436\u0434\u0443\u043d\u0430\u0440\u043e\u0434\u043d\u0430\u044f-\u0447\u0430\u0439\u043d\u0430\u044f-\u043a\u043e\u043c\u043d\u0430\u0442\u0430-\u043f\u0444\u0440\u043e\u043d\u0442\u0435\u043d-4/"}, "tr": {"id": 290914, "url": "https://admin.integreat-app.de/ostallgaeu/tr/events/uluslararas\u0131-\u00e7ay-salonu-pfronten-4/", "path": "/ostallgaeu/tr/events/uluslararas\u0131-\u00e7ay-salonu-pfronten-4/"}, "uk": {"id": 290916, "url": "https://admin.integreat-app.de/ostallgaeu/uk/events/\u043c\u0456\u0436\u043d\u0430\u0440\u043e\u0434\u043d\u0430-\u043a\u0430\u0432\u044f\u0440\u043d\u044f-pfronten-4/", "path": "/ostallgaeu/uk/events/\u043c\u0456\u0436\u043d\u0430\u0440\u043e\u0434\u043d\u0430-\u043a\u0430\u0432\u044f\u0440\u043d\u044f-pfronten-4/"}, "ti": {"id": 290917, "url": "https://admin.integreat-app.de/ostallgaeu/ti/events/\u12d3\u1208\u121d\u1208\u12bb\u12ca-\u12ad\u134d\u120a-\u123b\u1202-\u1355\u134d\u122e\u1295\u1270\u1295-4/", "path": "/ostallgaeu/ti/events/\u12d3\u1208\u121d\u1208\u12bb\u12ca-\u12ad\u134d\u120a-\u123b\u1202-\u1355\u134d\u122e\u1295\u1270\u1295-4/"}}, "thumbnail": "https://admin.integreat-app.de/media/regions/181/2017/11/coffee131.png", "location": {"id": 8799, "name": "Evang.-luth. Auferstehungskirche, Pfronten", "address": "Rudolf-Wetzer-Str. 7", "town": "Pfronten", "state": null, "postcode": "87459", "region": null, "country": "Deutschland", "latitude": 47.58028555, "longitude": 10.559352397923888}, "location_path": "/ostallgaeu/de/locations/evang-luth-auferstehungskirche-pfronten/", "meeting_url": null, "event": {"id": 16016, "start": "2026-05-08T16:00:00+02:00", "start_date": "2026-05-08", "start_time": "16:00:00", "end": "2026-05-08T18:00:00+02:00", "end_date": "2026-05-08", "end_time": "18:00:00", "all_day": false, "only_weekdays": false, "recurrence_id": null, "timezone": "Europe/Berlin"}, "hash": null, "recurrence_rule": null}, {"id": 324999, "url": "https://admin.integreat-app.de/ostallgaeu/de/events/online-infoveranstaltung-demokratiebildung-in-der-kita/", "path": "/ostallgaeu/de/events/online-infoveranstaltung-demokratiebildung-in-der-kita/", "title": "Online-Infoveranstaltung \"Demokratiebildung in der Kita\"", "modified_gmt": "2026-04-24T07:17:43.715Z", "last_updated": "2026-04-24T09:17:43.715+02:00", "excerpt": "\r\nDas Staatsinstitut f\u00fcr Fr\u00fchp\u00e4dagogik und Medienkompetenz (IFP) unterst\u00fctzt die fr\u00fchp\u00e4dagogische Praxis in Kitas und in der Kindertagespflege beim Umsetzen und Reflektieren mit Informationen und Materialien rund um das Thema \u201eDemokratiebildung im p\u00e4dagogischen Alltag\u201c. Zudem wurde auf dem KITA HUB ein offener Online-Kurs eingestellt, der vielf\u00e4ltige Anregungen zur Umsetzung einer gelebten Alltagsdemokratie in Kindertageseinrichtungen und in der Kindertagespflege bietet. Der Kurs erm\u00f6glicht einen \u00dcberblick \u00fcber Grundlagen, vermittelt die Kernthemen der Demokratiebildung und gibt Anregungen zur Umsetzung im p\u00e4dagogischen Alltag und zur Reflexion im Team. Alle Inhalte sind frei zug\u00e4nglich und individuell nutzbar. Die Inhalte des Kurses k\u00f6nnen auch offline \u00fcber ein Workbook im PDF-Format erarbeitet werden.\r\nAn dieser Online-Infoveranstaltungen besteht die M\u00f6glichkeit, Details zum Onlinekurs zu erfahren.\r\nEine Anmeldung ist nicht erforderlich.\u00a0Hier k\u00f6nnen Sie sich direkt einloggen.\r\n\u00a0\r\n", "content": "<div>\r\n<p>Das Staatsinstitut f\u00fcr Fr\u00fchp\u00e4dagogik und Medienkompetenz (IFP) unterst\u00fctzt die fr\u00fchp\u00e4dagogische Praxis in Kitas und in der Kindertagespflege beim Umsetzen und Reflektieren mit Informationen und Materialien rund um das Thema \u201eDemokratiebildung im p\u00e4dagogischen Alltag\u201c. Zudem wurde auf dem KITA HUB ein offener Online-Kurs eingestellt, der vielf\u00e4ltige Anregungen zur Umsetzung einer gelebten Alltagsdemokratie in Kindertageseinrichtungen und in der Kindertagespflege bietet. Der Kurs erm\u00f6glicht einen \u00dcberblick \u00fcber Grundlagen, vermittelt die Kernthemen der Demokratiebildung und gibt Anregungen zur Umsetzung im p\u00e4dagogischen Alltag und zur Reflexion im Team. Alle Inhalte sind frei zug\u00e4nglich und individuell nutzbar. Die Inhalte des Kurses k\u00f6nnen auch offline \u00fcber ein Workbook im PDF-Format erarbeitet werden.</p>\r\n<p>An dieser Online-Infoveranstaltungen besteht die M\u00f6glichkeit, Details zum Onlinekurs zu erfahren.</p>\r\n<p>Eine Anmeldung ist nicht erforderlich.\u00a0<a class=\"link-external\" href=\"https://ifp-bayern.webex.com/wbxmjs/joinservice/sites/ifp-bayern/meeting/download/75a244b3ade3471a84ffbbb29b028d24?MTID=m18b70ffa6f11652b9400cec6f86b73a2\">Hier</a> k\u00f6nnen Sie sich direkt einloggen.</p>\r\n<p>\u00a0</p>\r\n</div>", "available_languages": {"hr": {"id": null, "url": "https://admin.integreat-app.de/ostallgaeu/hr/events/online-infoveranstaltung-demokratiebildung-in-der-kita/", "path": "/ostallgaeu/hr/events/online-infoveranstaltung-demokratiebildung-in-der-kita/"}, "en": {"id": null, "url": "https://admin.integreat-app.de/ostallgaeu/en/events/online-infoveranstaltung-demokratiebildung-in-der-kita/", "path": "/ostallgaeu/en/events/online-infoveranstaltung-demokratiebildung-in-der-kita/"}, "es": {"id": null, "url": "https://admin.integreat-app.de/ostallgaeu/es/events/online-infoveranstaltung-demokratiebildung-in-der-kita/", "path": "/ostallgaeu/es/events/online-infoveranstaltung-demokratiebildung-in-der-kita/"}, "fr": {"id": null, "url": "https://admin.integreat-app.de/ostallgaeu/fr/events/online-infoveranstaltung-demokratiebildung-in-der-kita/", "path": "/ostallgaeu/fr/events/online-infoveranstaltung-demokratiebildung-in-der-kita/"}, "ar": {"id": null, "url": "https://admin.integreat-app.de/ostallgaeu/ar/events/online-infoveranstaltung-demokratiebildung-in-der-kita/", "path": "/ostallgaeu/ar/events/online-infoveranstaltung-demokratiebildung-in-der-kita/"}, "fa": {"id": null, "url": "https://admin.integreat-app.de/ostallgaeu/fa/events/online-infoveranstaltung-demokratiebildung-in-der-kita/", "path": "/ostallgaeu/fa/events/online-infoveranstaltung-demokratiebildung-in-der-kita/"}, "ro": {"id": null, "url": "https://admin.integreat-app.de/ostallgaeu/ro/events/online-infoveranstaltung-demokratiebildung-in-der-kita/", "path": "/ostallgaeu/ro/events/online-infoveranstaltung-demokratiebildung-in-der-kita/"}, "ru": {"id": null, "url": "https://admin.integreat-app.de/ostallgaeu/ru/events/online-infoveranstaltung-demokratiebildung-in-der-kita/", "path": "/ostallgaeu/ru/events/online-infoveranstaltung-demokratiebildung-in-der-kita/"}, "tr": {"id": null, "url": "https://admin.integreat-app.de/ostallgaeu/tr/events/online-infoveranstaltung-demokratiebildung-in-der-kita/", "path": "/ostallgaeu/tr/events/online-infoveranstaltung-demokratiebildung-in-der-kita/"}, "uk": {"id": null, "url": "https://admin.integreat-app.de/ostallgaeu/uk/events/online-infoveranstaltung-demokratiebildung-in-der-kita/", "path": "/ostallgaeu/uk/events/online-infoveranstaltung-demokratiebildung-in-der-kita/"}, "ti": {"id": null, "url": "https://admin.integreat-app.de/ostallgaeu/ti/events/online-infoveranstaltung-demokratiebildung-in-der-kita/", "path": "/ostallgaeu/ti/events/online-infoveranstaltung-demokratiebildung-in-der-kita/"}}, "thumbnail": "https://admin.integreat-app.de/media/regions/181/2017/11/internet17.png", "location": {"id": null, "name": null, "address": null, "town": null, "state": null, "postcode": null, "region": null, "country": null, "latitude": null, "longitude": null}, "location_path": null, "meeting_url": null, "event": {"id": 19787, "start": "2026-05-12T15:00:00+02:00", "start_date": "2026-05-12", "start_time": "15:00:00", "end": "2026-05-12T16:00:00+02:00", "end_date": "2026-05-12", "end_time": "16:00:00", "all_day": false, "only_weekdays": false, "recurrence_id": null, "timezone": "Europe/Berlin"}, "hash": null, "recurrence_rule": null}, {"id": 312617, "url": "https://admin.integreat-app.de/ostallgaeu/de/events/duale-ausbildung-infoabend-f\u00fcr-eltern-und-sch\u00fclerinnen-bulgarisch-online/", "path": "/ostallgaeu/de/events/duale-ausbildung-infoabend-f\u00fcr-eltern-und-sch\u00fclerinnen-bulgarisch-online/", "title": "Duale Ausbildung: Infoabend f\u00fcr Eltern und Sch\u00fcler*innen BULGARISCH (Online)", "modified_gmt": "2026-04-09T09:48:47.961Z", "last_updated": "2026-04-09T11:48:47.961+02:00", "excerpt": "\r\nBerufswahl \u2013 Online-Infoabende f\u00fcr Eltern und Sch\u00fcler in 8 Sprachen\r\nAlle Eltern-Infoabende finden online von 18:30 - 20:00 Uhr statt. \u00a0Eine Anmeldung ist nicht erforderlich. Der Einwahl-Link f\u00fchrt Sie zur aktuellen Veranstaltung.\r\nDuale Ausbildung - Informationen f\u00fcr Eltern und Sch\u00fcler*innenIn Deutschland bietet eine duale Ausbildung sehr gute Zukunftschancen. Wie funktioniert eine duale Ausbildung? Welche Berufe gibt es? Wie findet man einen Ausbildungsplatz? Bei unseren mehrsprachigen Infoabenden erhalten Eltern und Sch\u00fcler Antworten. Es gibt viele praktische Tipps, wie der \u00dcbergang von der Schule ins Berufsleben gelingt! Start 18:30 Uhr, Login ab 18:15 Uhr.\r\n\r\nAnmeldung hier.\r\n", "content": "<div>\r\n<p>Berufswahl \u2013 Online-Infoabende f\u00fcr Eltern und Sch\u00fcler in 8 Sprachen</p>\r\n<p>Alle Eltern-Infoabende finden online von 18:30 - 20:00 Uhr statt. \u00a0Eine Anmeldung ist nicht erforderlich. Der Einwahl-Link f\u00fchrt Sie zur aktuellen Veranstaltung.</p>\r\n<p>Duale Ausbildung - Informationen f\u00fcr Eltern und Sch\u00fcler*innen<br>In Deutschland bietet eine duale Ausbildung sehr gute Zukunftschancen. Wie funktioniert eine duale Ausbildung? Welche Berufe gibt es? Wie findet man einen Ausbildungsplatz? Bei unseren mehrsprachigen Infoabenden erhalten Eltern und Sch\u00fcler Antworten. Es gibt viele praktische Tipps, wie der \u00dcbergang von der Schule ins Berufsleben gelingt! Start 18:30 Uhr, Login ab 18:15 Uhr.</p>\r\n<a class=\"link-external\" href=\"https://www.kausa-bayern.de/infothek/veranstaltungen\">\r\n<p>Anmeldung hier.</p>\r\n</a></div>", "available_languages": {"hr": {"id": 312480, "url": "https://admin.integreat-app.de/ostallgaeu/hr/events/dvostruka-strukovna-obuka-online-informativno-ve\u010der-za-roditelje-i-u\u010denike-bulgarski-online/", "path": "/ostallgaeu/hr/events/dvostruka-strukovna-obuka-online-informativno-ve\u010der-za-roditelje-i-u\u010denike-bulgarski-online/"}, "en": {"id": null, "url": "https://admin.integreat-app.de/ostallgaeu/en/events/duale-ausbildung-infoabend-f\u00fcr-eltern-und-sch\u00fclerinnen-bulgarisch-online/", "path": "/ostallgaeu/en/events/duale-ausbildung-infoabend-f\u00fcr-eltern-und-sch\u00fclerinnen-bulgarisch-online/"}, "es": {"id": null, "url": "https://admin.integreat-app.de/ostallgaeu/es/events/duale-ausbildung-infoabend-f\u00fcr-eltern-und-sch\u00fclerinnen-bulgarisch-online/", "path": "/ostallgaeu/es/events/duale-ausbildung-infoabend-f\u00fcr-eltern-und-sch\u00fclerinnen-bulgarisch-online/"}, "fr": {"id": null, "url": "https://admin.integreat-app.de/ostallgaeu/fr/events/duale-ausbildung-infoabend-f\u00fcr-eltern-und-sch\u00fclerinnen-bulgarisch-online/", "path": "/ostallgaeu/fr/events/duale-ausbildung-infoabend-f\u00fcr-eltern-und-sch\u00fclerinnen-bulgarisch-online/"}, "ar": {"id": null, "url": "https://admin.integreat-app.de/ostallgaeu/ar/events/duale-ausbildung-infoabend-f\u00fcr-eltern-und-sch\u00fclerinnen-bulgarisch-online/", "path": "/ostallgaeu/ar/events/duale-ausbildung-infoabend-f\u00fcr-eltern-und-sch\u00fclerinnen-bulgarisch-online/"}, "fa": {"id": null, "url": "https://admin.integreat-app.de/ostallgaeu/fa/events/duale-ausbildung-infoabend-f\u00fcr-eltern-und-sch\u00fclerinnen-bulgarisch-online/", "path": "/ostallgaeu/fa/events/duale-ausbildung-infoabend-f\u00fcr-eltern-und-sch\u00fclerinnen-bulgarisch-online/"}, "ro": {"id": null, "url": "https://admin.integreat-app.de/ostallgaeu/ro/events/duale-ausbildung-infoabend-f\u00fcr-eltern-und-sch\u00fclerinnen-bulgarisch-online/", "path": "/ostallgaeu/ro/events/duale-ausbildung-infoabend-f\u00fcr-eltern-und-sch\u00fclerinnen-bulgarisch-online/"}, "ru": {"id": 312481, "url": "https://admin.integreat-app.de/ostallgaeu/ru/events/\u0434\u0443\u0430\u043b\u044c\u043d\u043e\u0435-\u043e\u0431\u0443\u0447\u0435\u043d\u0438\u0435-\u0438\u043d\u0444\u043e\u0440\u043c\u0430\u0446\u0438\u043e\u043d\u043d\u044b\u0439-\u0432\u0435\u0447\u0435\u0440-\u0434\u043b\u044f-\u0440\u043e\u0434\u0438\u0442\u0435\u043b\u0435\u0439-\u0438-\u0443\u0447\u0435\u043d\u0438\u043a\u043e\u0432-bulgarian-online/", "path": "/ostallgaeu/ru/events/\u0434\u0443\u0430\u043b\u044c\u043d\u043e\u0435-\u043e\u0431\u0443\u0447\u0435\u043d\u0438\u0435-\u0438\u043d\u0444\u043e\u0440\u043c\u0430\u0446\u0438\u043e\u043d\u043d\u044b\u0439-\u0432\u0435\u0447\u0435\u0440-\u0434\u043b\u044f-\u0440\u043e\u0434\u0438\u0442\u0435\u043b\u0435\u0439-\u0438-\u0443\u0447\u0435\u043d\u0438\u043a\u043e\u0432-bulgarian-online/"}, "tr": {"id": null, "url": "https://admin.integreat-app.de/ostallgaeu/tr/events/duale-ausbildung-infoabend-f\u00fcr-eltern-und-sch\u00fclerinnen-bulgarisch-online/", "path": "/ostallgaeu/tr/events/duale-ausbildung-infoabend-f\u00fcr-eltern-und-sch\u00fclerinnen-bulgarisch-online/"}, "uk": {"id": null, "url": "https://admin.integreat-app.de/ostallgaeu/uk/events/duale-ausbildung-infoabend-f\u00fcr-eltern-und-sch\u00fclerinnen-bulgarisch-online/", "path": "/ostallgaeu/uk/events/duale-ausbildung-infoabend-f\u00fcr-eltern-und-sch\u00fclerinnen-bulgarisch-online/"}, "ti": {"id": null, "url": "https://admin.integreat-app.de/ostallgaeu/ti/events/duale-ausbildung-infoabend-f\u00fcr-eltern-und-sch\u00fclerinnen-bulgarisch-online/", "path": "/ostallgaeu/ti/events/duale-ausbildung-infoabend-f\u00fcr-eltern-und-sch\u00fclerinnen-bulgarisch-online/"}}, "thumbnail": "https://admin.integreat-app.de/media/regions/181/2026/04/1775724585_kausa.png", "location": {"id": null, "name": null, "address": null, "town": null, "state": null, "postcode": null, "region": null, "country": null, "latitude": null, "longitude": null}, "location_path": null, "meeting_url": null, "event": {"id": 19396, "start": "2026-05-12T18:30:00+02:00", "start_date": "2026-05-12", "start_time": "18:30:00", "end": "2026-05-12T20:00:00+02:00", "end_date": "2026-05-12", "end_time": "20:00:00", "all_day": false, "only_weekdays": false, "recurrence_id": null, "timezone": "Europe/Berlin"}, "hash": null, "recurrence_rule": null}, {"id": 312108, "url": "https://admin.integreat-app.de/ostallgaeu/de/events/online-fortbildung-perspektiven-nach-24-aufenthg/", "path": "/ostallgaeu/de/events/online-fortbildung-perspektiven-nach-24-aufenthg/", "title": "Online-Fortbildung: Perspektiven nach \u00a724 AufenthG", "modified_gmt": "2026-04-08T05:27:44.656Z", "last_updated": "2026-04-08T07:27:44.656+02:00", "excerpt": "Datum:12. Mai 2026Zeit:18:30 - 20:30 Uhr\r\nM\u00f6glichkeiten nach dem vor\u00fcbergehenden Schutz von \u00a724 AufenthG in andere Aufenthalte zu kommen.\r\nMit Rebecca Kilian-Mason, MFR\r\n\r\nHier geht es zur Anmeldung.\r\n\r\n\u00a0\r\nDie Fortbildung findet online \u00fcber die Videoplattform Zoom statt. Der Link wird am Tag der Veranstaltung verschickt.", "content": "<div><p>Datum:12. Mai 2026<br>Zeit:18:30 - 20:30 Uhr</p>\r\n<p>M\u00f6glichkeiten nach dem vor\u00fcbergehenden Schutz von \u00a724 AufenthG in andere Aufenthalte zu kommen.</p>\r\n<p>Mit Rebecca Kilian-Mason, MFR</p>\r\n<a href=\"https://muenchner-fluechtlingsrat.de/termine/fortbildung-perspektiven-nach-%c2%a724-aufenthg/\" class=\"link-external\">\r\n<p>Hier geht es zur Anmeldung.</p>\r\n</a>\r\n<p>\u00a0</p>\r\n<p>Die Fortbildung findet online \u00fcber die Videoplattform Zoom statt. Der Link wird am Tag der Veranstaltung verschickt.</p></div>", "available_languages": {"hr": {"id": null, "url": "https://admin.integreat-app.de/ostallgaeu/hr/events/online-fortbildung-perspektiven-nach-24-aufenthg/", "path": "/ostallgaeu/hr/events/online-fortbildung-perspektiven-nach-24-aufenthg/"}, "en": {"id": null, "url": "https://admin.integreat-app.de/ostallgaeu/en/events/online-fortbildung-perspektiven-nach-24-aufenthg/", "path": "/ostallgaeu/en/events/online-fortbildung-perspektiven-nach-24-aufenthg/"}, "es": {"id": null, "url": "https://admin.integreat-app.de/ostallgaeu/es/events/online-fortbildung-perspektiven-nach-24-aufenthg/", "path": "/ostallgaeu/es/events/online-fortbildung-perspektiven-nach-24-aufenthg/"}, "fr": {"id": null, "url": "https://admin.integreat-app.de/ostallgaeu/fr/events/online-fortbildung-perspektiven-nach-24-aufenthg/", "path": "/ostallgaeu/fr/events/online-fortbildung-perspektiven-nach-24-aufenthg/"}, "ar": {"id": null, "url": "https://admin.integreat-app.de/ostallgaeu/ar/events/online-fortbildung-perspektiven-nach-24-aufenthg/", "path": "/ostallgaeu/ar/events/online-fortbildung-perspektiven-nach-24-aufenthg/"}, "fa": {"id": null, "url": "https://admin.integreat-app.de/ostallgaeu/fa/events/online-fortbildung-perspektiven-nach-24-aufenthg/", "path": "/ostallgaeu/fa/events/online-fortbildung-perspektiven-nach-24-aufenthg/"}, "ro": {"id": null, "url": "https://admin.integreat-app.de/ostallgaeu/ro/events/online-fortbildung-perspektiven-nach-24-aufenthg/", "path": "/ostallgaeu/ro/events/online-fortbildung-perspektiven-nach-24-aufenthg/"}, "ru": {"id": null, "url": "https://admin.integreat-app.de/ostallgaeu/ru/events/online-fortbildung-perspektiven-nach-24-aufenthg/", "path": "/ostallgaeu/ru/events/online-fortbildung-perspektiven-nach-24-aufenthg/"}, "tr": {"id": null, "url": "https://admin.integreat-app.de/ostallgaeu/tr/events/online-fortbildung-perspektiven-nach-24-aufenthg/", "path": "/ostallgaeu/tr/events/online-fortbildung-perspektiven-nach-24-aufenthg/"}, "uk": {"id": null, "url": "https://admin.integreat-app.de/ostallgaeu/uk/events/online-fortbildung-perspektiven-nach-24-aufenthg/", "path": "/ostallgaeu/uk/events/online-fortbildung-perspektiven-nach-24-aufenthg/"}, "ti": {"id": null, "url": "https://admin.integreat-app.de/ostallgaeu/ti/events/online-fortbildung-perspektiven-nach-24-aufenthg/", "path": "/ostallgaeu/ti/events/online-fortbildung-perspektiven-nach-24-aufenthg/"}}, "thumbnail": "https://admin.integreat-app.de/media/regions/181/2026/04/1775625629_fl%C3%BCra.png", "location": {"id": null, "name": null, "address": null, "town": null, "state": null, "postcode": null, "region": null, "country": null, "latitude": null, "longitude": null}, "location_path": null, "meeting_url": null, "event": {"id": 19368, "start": "2026-05-12T18:30:00+02:00", "start_date": "2026-05-12", "start_time": "18:30:00", "end": "2026-05-12T20:30:00+02:00", "end_date": "2026-05-12", "end_time": "20:30:00", "all_day": false, "only_weekdays": false, "recurrence_id": null, "timezone": "Europe/Berlin"}, "hash": null, "recurrence_rule": null}, {"id": 251501, "url": "https://admin.integreat-app.de/ostallgaeu/de/events/internationaler-poetry-slam/", "path": "/ostallgaeu/de/events/internationaler-poetry-slam/", "title": "Internationaler Poetry Slam", "modified_gmt": "2025-12-19T09:39:52.424Z", "last_updated": "2025-12-19T10:39:52.424+01:00", "excerpt": "\r\nIm Rahmen des Allg\u00e4uer Literaturfestivals findet ein Internationaler Poetry Slam statt.\r\nWeitere Infos folgen...\r\n", "content": "<div>\r\n<p>Im Rahmen des Allg\u00e4uer Literaturfestivals findet ein Internationaler Poetry Slam statt.</p>\r\n<p>Weitere Infos folgen...</p>\r\n</div>", "available_languages": {"hr": {"id": null, "url": "https://admin.integreat-app.de/ostallgaeu/hr/events/internationaler-poetry-slam/", "path": "/ostallgaeu/hr/events/internationaler-poetry-slam/"}, "en": {"id": null, "url": "https://admin.integreat-app.de/ostallgaeu/en/events/internationaler-poetry-slam/", "path": "/ostallgaeu/en/events/internationaler-poetry-slam/"}, "es": {"id": null, "url": "https://admin.integreat-app.de/ostallgaeu/es/events/internationaler-poetry-slam/", "path": "/ostallgaeu/es/events/internationaler-poetry-slam/"}, "fr": {"id": null, "url": "https://admin.integreat-app.de/ostallgaeu/fr/events/internationaler-poetry-slam/", "path": "/ostallgaeu/fr/events/internationaler-poetry-slam/"}, "ar": {"id": null, "url": "https://admin.integreat-app.de/ostallgaeu/ar/events/internationaler-poetry-slam/", "path": "/ostallgaeu/ar/events/internationaler-poetry-slam/"}, "fa": {"id": null, "url": "https://admin.integreat-app.de/ostallgaeu/fa/events/internationaler-poetry-slam/", "path": "/ostallgaeu/fa/events/internationaler-poetry-slam/"}, "ro": {"id": null, "url": "https://admin.integreat-app.de/ostallgaeu/ro/events/internationaler-poetry-slam/", "path": "/ostallgaeu/ro/events/internationaler-poetry-slam/"}, "ru": {"id": null, "url": "https://admin.integreat-app.de/ostallgaeu/ru/events/internationaler-poetry-slam/", "path": "/ostallgaeu/ru/events/internationaler-poetry-slam/"}, "tr": {"id": null, "url": "https://admin.integreat-app.de/ostallgaeu/tr/events/internationaler-poetry-slam/", "path": "/ostallgaeu/tr/events/internationaler-poetry-slam/"}, "uk": {"id": null, "url": "https://admin.integreat-app.de/ostallgaeu/uk/events/internationaler-poetry-slam/", "path": "/ostallgaeu/uk/events/internationaler-poetry-slam/"}, "ti": {"id": null, "url": "https://admin.integreat-app.de/ostallgaeu/ti/events/internationaler-poetry-slam/", "path": "/ostallgaeu/ti/events/internationaler-poetry-slam/"}}, "thumbnail": "https://admin.integreat-app.de/media/regions/181/2025/12/1766136857_diakonie-neu.jpg", "location": {"id": 1281, "name": "Kulturverein Lollipop", "address": "Freudental 5", "town": "Kempten (Allg\u00e4u)", "state": null, "postcode": "87435", "region": null, "country": "Deutschland", "latitude": 47.722098349999996, "longitude": 10.31830366645022}, "location_path": "/ostallgaeu/de/locations/kulturverein-lollipop/", "meeting_url": null, "event": {"id": 14804, "start": "2026-05-12T19:00:00+02:00", "start_date": "2026-05-12", "start_time": "19:00:00", "end": "2026-05-12T22:00:00+02:00", "end_date": "2026-05-12", "end_time": "22:00:00", "all_day": false, "only_weekdays": false, "recurrence_id": null, "timezone": "Europe/Berlin"}, "hash": null, "recurrence_rule": null}, {"id": 259326, "url": "https://admin.integreat-app.de/ostallgaeu/de/events/1-allg\u00e4uer-jobfestival-in-kaufbeuren/", "path": "/ostallgaeu/de/events/1-allg\u00e4uer-jobfestival-in-kaufbeuren/", "title": "1. Allg\u00e4uer Jobfestival in Kaufbeuren", "modified_gmt": "2026-01-12T08:48:53.354Z", "last_updated": "2026-01-12T09:48:53.354+01:00", "excerpt": "\r\nAn diesem Tag erwarten Sie viele Informationen zu lokalen Arbeitgebern.\r\nEgal ob Schulabg\u00e4nger und Eltern, Quereinstieger oder Jobsuchende- es sind alle eingeladen. Rund 100 Aussteller erwarten Sie.\r\nSie k\u00f6nnen sich mit den Arbeitgebern austauschen, sich informieren und auch direkt vor Ort bei den Firmen bewerben!\r\n\u00a0\r\n12 - 16 Uhr: Ausbildung\r\n16-20 Uhr: Karriere, Fachkr\u00e4fte und Quereinstieg\r\n\u00a0\r\n", "content": "<div>\r\n<p>An diesem Tag erwarten Sie viele Informationen zu lokalen Arbeitgebern.</p>\r\n<p>Egal ob Schulabg\u00e4nger und Eltern, Quereinstieger oder Jobsuchende- es sind alle eingeladen. Rund 100 Aussteller erwarten Sie.</p>\r\n<p>Sie k\u00f6nnen sich mit den Arbeitgebern austauschen, sich informieren und auch direkt vor Ort bei den Firmen bewerben!</p>\r\n<p>\u00a0</p>\r\n<p><strong>12 - 16 Uhr: Ausbildung</strong></p>\r\n<p><strong>16-20 Uhr: Karriere, Fachkr\u00e4fte und Quereinstieg</strong></p>\r\n<p>\u00a0</p>\r\n</div>", "available_languages": {"hr": {"id": null, "url": "https://admin.integreat-app.de/ostallgaeu/hr/events/1-allg\u00e4uer-jobfestival-in-kaufbeuren/", "path": "/ostallgaeu/hr/events/1-allg\u00e4uer-jobfestival-in-kaufbeuren/"}, "en": {"id": 259327, "url": "https://admin.integreat-app.de/ostallgaeu/en/events/1st-allg\u00e4u-job-festival-in-kaufbeuren/", "path": "/ostallgaeu/en/events/1st-allg\u00e4u-job-festival-in-kaufbeuren/"}, "es": {"id": null, "url": "https://admin.integreat-app.de/ostallgaeu/es/events/1-allg\u00e4uer-jobfestival-in-kaufbeuren/", "path": "/ostallgaeu/es/events/1-allg\u00e4uer-jobfestival-in-kaufbeuren/"}, "fr": {"id": null, "url": "https://admin.integreat-app.de/ostallgaeu/fr/events/1-allg\u00e4uer-jobfestival-in-kaufbeuren/", "path": "/ostallgaeu/fr/events/1-allg\u00e4uer-jobfestival-in-kaufbeuren/"}, "ar": {"id": null, "url": "https://admin.integreat-app.de/ostallgaeu/ar/events/1-allg\u00e4uer-jobfestival-in-kaufbeuren/", "path": "/ostallgaeu/ar/events/1-allg\u00e4uer-jobfestival-in-kaufbeuren/"}, "fa": {"id": null, "url": "https://admin.integreat-app.de/ostallgaeu/fa/events/1-allg\u00e4uer-jobfestival-in-kaufbeuren/", "path": "/ostallgaeu/fa/events/1-allg\u00e4uer-jobfestival-in-kaufbeuren/"}, "ro": {"id": null, "url": "https://admin.integreat-app.de/ostallgaeu/ro/events/1-allg\u00e4uer-jobfestival-in-kaufbeuren/", "path": "/ostallgaeu/ro/events/1-allg\u00e4uer-jobfestival-in-kaufbeuren/"}, "ru": {"id": null, "url": "https://admin.integreat-app.de/ostallgaeu/ru/events/1-allg\u00e4uer-jobfestival-in-kaufbeuren/", "path": "/ostallgaeu/ru/events/1-allg\u00e4uer-jobfestival-in-kaufbeuren/"}, "tr": {"id": null, "url": "https://admin.integreat-app.de/ostallgaeu/tr/events/1-allg\u00e4uer-jobfestival-in-kaufbeuren/", "path": "/ostallgaeu/tr/events/1-allg\u00e4uer-jobfestival-in-kaufbeuren/"}, "uk": {"id": null, "url": "https://admin.integreat-app.de/ostallgaeu/uk/events/1-allg\u00e4uer-jobfestival-in-kaufbeuren/", "path": "/ostallgaeu/uk/events/1-allg\u00e4uer-jobfestival-in-kaufbeuren/"}, "ti": {"id": null, "url": "https://admin.integreat-app.de/ostallgaeu/ti/events/1-allg\u00e4uer-jobfestival-in-kaufbeuren/", "path": "/ostallgaeu/ti/events/1-allg\u00e4uer-jobfestival-in-kaufbeuren/"}}, "thumbnail": "https://admin.integreat-app.de/media/regions/181/2017/11/Jobs.png", "location": {"id": 16104, "name": "Eisstadion Kaufbeuren", "address": "Bahnhofstra\u00dfe 11", "town": "Kaufbeuren", "state": null, "postcode": "87600", "region": null, "country": "Deutschland", "latitude": 47.8774503, "longitude": 10.629900106601209}, "location_path": "/ostallgaeu/de/locations/eisstadion-kaufbeuren/", "meeting_url": null, "event": {"id": 16437, "start": "2026-05-13T12:00:00+02:00", "start_date": "2026-05-13", "start_time": "12:00:00", "end": "2026-05-13T20:00:00+02:00", "end_date": "2026-05-13", "end_time": "20:00:00", "all_day": false, "only_weekdays": false, "recurrence_id": null, "timezone": "Europe/Berlin"}, "hash": null, "recurrence_rule": null}, {"id": 309504, "url": "https://admin.integreat-app.de/ostallgaeu/de/events/online-info-verbraucherzentrale-energie-sparen-im-alltag-tipps-und-tricks/", "path": "/ostallgaeu/de/events/online-info-verbraucherzentrale-energie-sparen-im-alltag-tipps-und-tricks/", "title": "Online-Info Verbraucherzentrale: Energie sparen im Alltag \u2013 Tipps und Tricks", "modified_gmt": "2026-04-01T09:35:13.592Z", "last_updated": "2026-04-01T11:35:13.592+02:00", "excerpt": "\r\nVortr\u00e4ge in Einfacher Sprache\u00a0F\u00fcr Menschen mit Deutsch ab A2-Niveau \u00a0\u2013 \u00a0kostenlos \u00a0\u2013 \u00a0mit Anmeldung\u00a0\r\nMittwoch, 13. Mai 2026, 19:00 \u2013 20:00 Uhr\r\nEnergie sparen im Alltag \u2013 Tipps und Tricks \u00a0Energie ist teuer. Heizen, warmes Wasser und Strom kosten viel\u00a0Geld. Hier bekommen Sie einfache Tipps, wie Sie zu Hause\u00a0Energie und Geld sparen.\u00a0\u2022 Kann ich meine Kosten f\u00fcr Strom und Heizung senken?\u00a0\u2022 Wie kann ich meinen Verbrauch im eigenen Haushalt \u00a0reduzieren?\u00a0\r\nAnmeldung hier.\r\n", "content": "<div>\r\n<p>Vortr\u00e4ge in Einfacher Sprache\u00a0<br>F\u00fcr Menschen mit Deutsch ab A2-Niveau \u00a0\u2013 \u00a0kostenlos \u00a0\u2013 \u00a0mit Anmeldung\u00a0</p>\r\n<p>Mittwoch, 13. Mai 2026, 19:00 \u2013 20:00 Uhr</p>\r\n<p>Energie sparen im Alltag \u2013 Tipps und Tricks \u00a0<br>Energie ist teuer. Heizen, warmes Wasser und Strom kosten viel\u00a0<br>Geld. Hier bekommen Sie einfache Tipps, wie Sie zu Hause\u00a0<br>Energie und Geld sparen.\u00a0<br>\u2022 Kann ich meine Kosten f\u00fcr Strom und Heizung senken?\u00a0<br>\u2022 Wie kann ich meinen Verbrauch im eigenen Haushalt \u00a0<br>reduzieren?\u00a0</p>\r\n<p>Anmeldung <a class=\"link-external\" href=\"https://www.verbraucherzentrale.bayern/energie/einfache-sprache-energie-sparen-im-alltag-tipps-und-tricks-114332\">hier</a>.</p>\r\n</div>", "available_languages": {"hr": {"id": 309505, "url": "https://admin.integreat-app.de/ostallgaeu/hr/events/informacije-na-internetu-iz-centra-za-savjetovanje-potro\u0161a\u010da-u\u0161teda-energije-u-svakodnevnom-\u017eivotu-savjeti-i-trikovi/", "path": "/ostallgaeu/hr/events/informacije-na-internetu-iz-centra-za-savjetovanje-potro\u0161a\u010da-u\u0161teda-energije-u-svakodnevnom-\u017eivotu-savjeti-i-trikovi/"}, "en": {"id": 309506, "url": "https://admin.integreat-app.de/ostallgaeu/en/events/online-information-from-the-consumer-advice-centre-saving-energy-in-everyday-life-tips-and-tricks/", "path": "/ostallgaeu/en/events/online-information-from-the-consumer-advice-centre-saving-energy-in-everyday-life-tips-and-tricks/"}, "es": {"id": 309507, "url": "https://admin.integreat-app.de/ostallgaeu/es/events/informaci\u00f3n-en-l\u00ednea-del-centro-de-asesoramiento-al-consumidor-ahorrar-energ\u00eda-en-la-vida-cotidiana-consejos-y-trucos/", "path": "/ostallgaeu/es/events/informaci\u00f3n-en-l\u00ednea-del-centro-de-asesoramiento-al-consumidor-ahorrar-energ\u00eda-en-la-vida-cotidiana-consejos-y-trucos/"}, "fr": {"id": 309508, "url": "https://admin.integreat-app.de/ostallgaeu/fr/events/online-info-verbraucherzentrale-\u00e9conomiser-de-l\u00e9nergie-au-quotidien-conseils-et-astuces/", "path": "/ostallgaeu/fr/events/online-info-verbraucherzentrale-\u00e9conomiser-de-l\u00e9nergie-au-quotidien-conseils-et-astuces/"}, "ar": {"id": 309509, "url": "https://admin.integreat-app.de/ostallgaeu/ar/events/\u0645\u0639\u0644\u0648\u0645\u0627\u062a-\u0639\u0628\u0631-\u0627\u0644\u0625\u0646\u062a\u0631\u0646\u062a-\u0645\u0646-\u0645\u0631\u0643\u0632-\u0627\u0633\u062a\u0634\u0627\u0631\u0627\u062a-\u0627\u0644\u0645\u0633\u062a\u0647\u0644\u0643\u064a\u0646-\u062a\u0648\u0641\u064a\u0631-\u0627\u0644\u0637\u0627\u0642\u0629-\u0641\u064a-\u0627\u0644\u062d\u064a\u0627\u0629-\u0627\u0644\u064a\u0648\u0645\u064a\u0629-\u0646\u0635\u0627\u0626\u062d-\u0648\u062d\u064a\u0644/", "path": "/ostallgaeu/ar/events/\u0645\u0639\u0644\u0648\u0645\u0627\u062a-\u0639\u0628\u0631-\u0627\u0644\u0625\u0646\u062a\u0631\u0646\u062a-\u0645\u0646-\u0645\u0631\u0643\u0632-\u0627\u0633\u062a\u0634\u0627\u0631\u0627\u062a-\u0627\u0644\u0645\u0633\u062a\u0647\u0644\u0643\u064a\u0646-\u062a\u0648\u0641\u064a\u0631-\u0627\u0644\u0637\u0627\u0642\u0629-\u0641\u064a-\u0627\u0644\u062d\u064a\u0627\u0629-\u0627\u0644\u064a\u0648\u0645\u064a\u0629-\u0646\u0635\u0627\u0626\u062d-\u0648\u062d\u064a\u0644/"}, "fa": {"id": 309510, "url": "https://admin.integreat-app.de/ostallgaeu/fa/events/\u0627\u0637\u0644\u0627\u0639\u0627\u062a-\u0622\u0646\u0644\u0627\u06cc\u0646-\u0627\u0632-\u0645\u0631\u06a9\u0632-\u0645\u0634\u0627\u0648\u0631\u0647-\u0645\u0635\u0631\u0641\u06a9\u0646\u0646\u062f\u0647-\u0635\u0631\u0641\u0647\u062c\u0648\u06cc\u06cc-\u062f\u0631-\u0627\u0646\u0631\u0698\u06cc-\u062f\u0631-\u0632\u0646\u062f\u06af\u06cc-\u0631\u0648\u0632\u0645\u0631\u0647-\u0646\u06a9\u0627\u062a-\u0648-\u062a\u0631\u0641\u0646\u062f\u0647\u0627/", "path": "/ostallgaeu/fa/events/\u0627\u0637\u0644\u0627\u0639\u0627\u062a-\u0622\u0646\u0644\u0627\u06cc\u0646-\u0627\u0632-\u0645\u0631\u06a9\u0632-\u0645\u0634\u0627\u0648\u0631\u0647-\u0645\u0635\u0631\u0641\u06a9\u0646\u0646\u062f\u0647-\u0635\u0631\u0641\u0647\u062c\u0648\u06cc\u06cc-\u062f\u0631-\u0627\u0646\u0631\u0698\u06cc-\u062f\u0631-\u0632\u0646\u062f\u06af\u06cc-\u0631\u0648\u0632\u0645\u0631\u0647-\u0646\u06a9\u0627\u062a-\u0648-\u062a\u0631\u0641\u0646\u062f\u0647\u0627/"}, "ro": {"id": 309511, "url": "https://admin.integreat-app.de/ostallgaeu/ro/events/informa\u021bii-online-de-la-centrul-de-consiliere-pentru-consumatori-economisirea-energiei-\u00een-via\u021ba-de-zi-cu-zi-sfaturi-\u0219i-trucuri/", "path": "/ostallgaeu/ro/events/informa\u021bii-online-de-la-centrul-de-consiliere-pentru-consumatori-economisirea-energiei-\u00een-via\u021ba-de-zi-cu-zi-sfaturi-\u0219i-trucuri/"}, "ru": {"id": 309512, "url": "https://admin.integreat-app.de/ostallgaeu/ru/events/\u043e\u043d\u043b\u0430\u0439\u043d-\u0438\u043d\u0444\u043e\u0440\u043c\u0430\u0446\u0438\u044f-\u043e\u0442-\u043a\u043e\u043d\u0441\u0443\u043b\u044c\u0442\u0430\u0446\u0438\u043e\u043d\u043d\u043e\u0433\u043e-\u0446\u0435\u043d\u0442\u0440\u0430-\u0434\u043b\u044f-\u043f\u043e\u0442\u0440\u0435\u0431\u0438\u0442\u0435\u043b\u0435\u0439-\u044d\u043a\u043e\u043d\u043e\u043c\u0438\u044f-\u044d\u043d\u0435\u0440\u0433\u0438\u0438-\u0432-\u043f\u043e\u0432\u0441\u0435\u0434\u043d\u0435\u0432\u043d\u043e\u0439-\u0436\u0438\u0437\u043d\u0438-\u0441\u043e\u0432\u0435\u0442\u044b-\u0438-\u0440\u0435\u043a\u043e\u043c\u0435\u043d\u0434\u0430\u0446\u0438\u0438/", "path": "/ostallgaeu/ru/events/\u043e\u043d\u043b\u0430\u0439\u043d-\u0438\u043d\u0444\u043e\u0440\u043c\u0430\u0446\u0438\u044f-\u043e\u0442-\u043a\u043e\u043d\u0441\u0443\u043b\u044c\u0442\u0430\u0446\u0438\u043e\u043d\u043d\u043e\u0433\u043e-\u0446\u0435\u043d\u0442\u0440\u0430-\u0434\u043b\u044f-\u043f\u043e\u0442\u0440\u0435\u0431\u0438\u0442\u0435\u043b\u0435\u0439-\u044d\u043a\u043e\u043d\u043e\u043c\u0438\u044f-\u044d\u043d\u0435\u0440\u0433\u0438\u0438-\u0432-\u043f\u043e\u0432\u0441\u0435\u0434\u043d\u0435\u0432\u043d\u043e\u0439-\u0436\u0438\u0437\u043d\u0438-\u0441\u043e\u0432\u0435\u0442\u044b-\u0438-\u0440\u0435\u043a\u043e\u043c\u0435\u043d\u0434\u0430\u0446\u0438\u0438/"}, "tr": {"id": 309513, "url": "https://admin.integreat-app.de/ostallgaeu/tr/events/t\u00fcketici-dan\u0131\u015fma-merkezinden-\u00e7evrimi\u00e7i-bilgiler-g\u00fcnl\u00fck-ya\u015famda-enerji-tasarrufu-ipu\u00e7lar\u0131-ve-p\u00fcf-noktalar\u0131/", "path": "/ostallgaeu/tr/events/t\u00fcketici-dan\u0131\u015fma-merkezinden-\u00e7evrimi\u00e7i-bilgiler-g\u00fcnl\u00fck-ya\u015famda-enerji-tasarrufu-ipu\u00e7lar\u0131-ve-p\u00fcf-noktalar\u0131/"}, "uk": {"id": 309514, "url": "https://admin.integreat-app.de/ostallgaeu/uk/events/\u043e\u043d\u043b\u0430\u0439\u043d-\u0456\u043d\u0444\u043e\u0440\u043c\u0430\u0446\u0456\u044f-\u0432\u0456\u0434-\u0446\u0435\u043d\u0442\u0440\u0443-\u043a\u043e\u043d\u0441\u0443\u043b\u044c\u0442\u0443\u0432\u0430\u043d\u043d\u044f-\u0441\u043f\u043e\u0436\u0438\u0432\u0430\u0447\u0456\u0432-\u0435\u043a\u043e\u043d\u043e\u043c\u0456\u044f-\u0435\u043d\u0435\u0440\u0433\u0456\u0457-\u0443-\u043f\u043e\u0432\u0441\u044f\u043a\u0434\u0435\u043d\u043d\u043e\u043c\u0443-\u0436\u0438\u0442\u0442\u0456-\u043f\u043e\u0440\u0430\u0434\u0438-\u0442\u0430-\u043f\u0456\u0434\u043a\u0430\u0437\u043a\u0438/", "path": "/ostallgaeu/uk/events/\u043e\u043d\u043b\u0430\u0439\u043d-\u0456\u043d\u0444\u043e\u0440\u043c\u0430\u0446\u0456\u044f-\u0432\u0456\u0434-\u0446\u0435\u043d\u0442\u0440\u0443-\u043a\u043e\u043d\u0441\u0443\u043b\u044c\u0442\u0443\u0432\u0430\u043d\u043d\u044f-\u0441\u043f\u043e\u0436\u0438\u0432\u0430\u0447\u0456\u0432-\u0435\u043a\u043e\u043d\u043e\u043c\u0456\u044f-\u0435\u043d\u0435\u0440\u0433\u0456\u0457-\u0443-\u043f\u043e\u0432\u0441\u044f\u043a\u0434\u0435\u043d\u043d\u043e\u043c\u0443-\u0436\u0438\u0442\u0442\u0456-\u043f\u043e\u0440\u0430\u0434\u0438-\u0442\u0430-\u043f\u0456\u0434\u043a\u0430\u0437\u043a\u0438/"}, "ti": {"id": 309515, "url": "https://admin.integreat-app.de/ostallgaeu/ti/events/\u121b\u12a5\u12a8\u120d-\u121d\u12bd\u122a-\u1270\u1320\u1240\u121d\u1272-\u1265\u12a2\u1295\u1270\u122d\u1290\u1275-\u1213\u1260\u122c\u1273-\u12a3\u1265-\u1218\u12d3\u120d\u1273\u12ca-\u1205\u12ed\u12c8\u1275-\u1338\u12d3\u1275-\u121d\u1251\u1323\u1265-\u121d\u12bd\u122d\u1273\u1275\u1295-\u1265\u120d\u1213\u1273\u1275\u1295/", "path": "/ostallgaeu/ti/events/\u121b\u12a5\u12a8\u120d-\u121d\u12bd\u122a-\u1270\u1320\u1240\u121d\u1272-\u1265\u12a2\u1295\u1270\u122d\u1290\u1275-\u1213\u1260\u122c\u1273-\u12a3\u1265-\u1218\u12d3\u120d\u1273\u12ca-\u1205\u12ed\u12c8\u1275-\u1338\u12d3\u1275-\u121d\u1251\u1323\u1265-\u121d\u12bd\u122d\u1273\u1275\u1295-\u1265\u120d\u1213\u1273\u1275\u1295/"}}, "thumbnail": "https://admin.integreat-app.de/media/regions/181/2017/11/internet17.png", "location": {"id": null, "name": null, "address": null, "town": null, "state": null, "postcode": null, "region": null, "country": null, "latitude": null, "longitude": null}, "location_path": null, "meeting_url": null, "event": {"id": 19209, "start": "2026-05-13T19:00:00+02:00", "start_date": "2026-05-13", "start_time": "19:00:00", "end": "2026-05-13T20:00:00+02:00", "end_date": "2026-05-13", "end_time": "20:00:00", "all_day": false, "only_weekdays": false, "recurrence_id": null, "timezone": "Europe/Berlin"}, "hash": null, "recurrence_rule": null}, {"id": 286699, "url": "https://admin.integreat-app.de/ostallgaeu/de/events/online-workshop-antidiskriminierung-vielheit-verbindet-f\u00fcr-lehrkr\u00e4fte-und-lernbegleiter/", "path": "/ostallgaeu/de/events/online-workshop-antidiskriminierung-vielheit-verbindet-f\u00fcr-lehrkr\u00e4fte-und-lernbegleiter/", "title": "Online-Workshop \"Antidiskriminierung: Vielheit verbindet\" f\u00fcr Lehrkr\u00e4fte und Lernbegleiter", "modified_gmt": "2026-03-02T07:40:23.601Z", "last_updated": "2026-03-02T08:40:23.601+01:00", "excerpt": "\"SchlaU: Lernen\" l\u00e4dt zu einem Online-Workshop f\u00fcr Lehrkr\u00e4fte ein.\r\nRassismus ist tief in unserer Gesellschaft verwurzelt - in unserer Sprache, in Bildern, in unseren Denk- und Verhaltensmustern sowie in unseren Institutionen. Im schulischen Umfeld sind rassistische Strukturen oft sichtbar. Gemeinsam wird darauf eingegangen wie Diskriminierung und Rassismus in der Schule erkannt, kritisch hinterfragt und wie aktiv dagegen vorgegangen werden kann.\r\n\u00a0\r\n04.05.2026: Gemeinsam gegen Diskriminierung (Rassismus erkennen und verstehen, Rassismus im Schulalltag)\r\n18.05.2026: (M)eine Rolle im System (Bewusstsein und Reflexion der eigenen Rolle, Perspektivenwechsel und M\u00f6glichkeitsr\u00e4ume)\r\n18.06.2026: Bewusst (wei\u00df) sein und Verantwortungs\u00fcbernahme (Kritisches Wei\u00dfsein, Abwehrmechanismen u. Unsicherheiten erkennen)\r\n\u00a0\r\nDie Workshop-Termine sind kostenlos und bauen aufeinander auf. Die Teilnehmerzahl ist begrenzt. F\u00fcr ein Zertifikat ist die Teilnahme an allen drei Workshops verpflichtend.\u00a0\r\n\u00a0\r\nZur Anmeldung", "content": "<div><p>\"SchlaU: Lernen\" l\u00e4dt zu einem Online-Workshop f\u00fcr Lehrkr\u00e4fte ein.</p>\r\n<p>Rassismus ist tief in unserer Gesellschaft verwurzelt - in unserer Sprache, in Bildern, in unseren Denk- und Verhaltensmustern sowie in unseren Institutionen. Im schulischen Umfeld sind rassistische Strukturen oft sichtbar. Gemeinsam wird darauf eingegangen wie Diskriminierung und Rassismus in der Schule erkannt, kritisch hinterfragt und wie aktiv dagegen vorgegangen werden kann.</p>\r\n<p>\u00a0</p>\r\n<p><strong>04.05.2026: Gemeinsam gegen Diskriminierung </strong>(Rassismus erkennen und verstehen, Rassismus im Schulalltag)</p>\r\n<p><strong>18.05.2026: (M)eine Rolle im System</strong> (Bewusstsein und Reflexion der eigenen Rolle, Perspektivenwechsel und M\u00f6glichkeitsr\u00e4ume)</p>\r\n<p><strong>18.06.2026: Bewusst (wei\u00df) sein und Verantwortungs\u00fcbernahme </strong>(Kritisches Wei\u00dfsein, Abwehrmechanismen u. Unsicherheiten erkennen)</p>\r\n<p>\u00a0</p>\r\n<p>Die Workshop-Termine sind kostenlos und bauen aufeinander auf. Die Teilnehmerzahl ist begrenzt. F\u00fcr ein Zertifikat ist die Teilnahme an allen drei Workshops verpflichtend.\u00a0</p>\r\n<p>\u00a0</p>\r\n<p><a href=\"https://www.schlau-lernen.org/online-workshop/antidiskriminierung-vielheit-verbindet/\" class=\"link-external\">Zur Anmeldung</a></p></div>", "available_languages": {"hr": {"id": null, "url": "https://admin.integreat-app.de/ostallgaeu/hr/events/online-workshop-antidiskriminierung-vielheit-verbindet-f\u00fcr-lehrkr\u00e4fte-und-lernbegleiter/", "path": "/ostallgaeu/hr/events/online-workshop-antidiskriminierung-vielheit-verbindet-f\u00fcr-lehrkr\u00e4fte-und-lernbegleiter/"}, "en": {"id": null, "url": "https://admin.integreat-app.de/ostallgaeu/en/events/online-workshop-antidiskriminierung-vielheit-verbindet-f\u00fcr-lehrkr\u00e4fte-und-lernbegleiter/", "path": "/ostallgaeu/en/events/online-workshop-antidiskriminierung-vielheit-verbindet-f\u00fcr-lehrkr\u00e4fte-und-lernbegleiter/"}, "es": {"id": null, "url": "https://admin.integreat-app.de/ostallgaeu/es/events/online-workshop-antidiskriminierung-vielheit-verbindet-f\u00fcr-lehrkr\u00e4fte-und-lernbegleiter/", "path": "/ostallgaeu/es/events/online-workshop-antidiskriminierung-vielheit-verbindet-f\u00fcr-lehrkr\u00e4fte-und-lernbegleiter/"}, "fr": {"id": null, "url": "https://admin.integreat-app.de/ostallgaeu/fr/events/online-workshop-antidiskriminierung-vielheit-verbindet-f\u00fcr-lehrkr\u00e4fte-und-lernbegleiter/", "path": "/ostallgaeu/fr/events/online-workshop-antidiskriminierung-vielheit-verbindet-f\u00fcr-lehrkr\u00e4fte-und-lernbegleiter/"}, "ar": {"id": null, "url": "https://admin.integreat-app.de/ostallgaeu/ar/events/online-workshop-antidiskriminierung-vielheit-verbindet-f\u00fcr-lehrkr\u00e4fte-und-lernbegleiter/", "path": "/ostallgaeu/ar/events/online-workshop-antidiskriminierung-vielheit-verbindet-f\u00fcr-lehrkr\u00e4fte-und-lernbegleiter/"}, "fa": {"id": null, "url": "https://admin.integreat-app.de/ostallgaeu/fa/events/online-workshop-antidiskriminierung-vielheit-verbindet-f\u00fcr-lehrkr\u00e4fte-und-lernbegleiter/", "path": "/ostallgaeu/fa/events/online-workshop-antidiskriminierung-vielheit-verbindet-f\u00fcr-lehrkr\u00e4fte-und-lernbegleiter/"}, "ro": {"id": null, "url": "https://admin.integreat-app.de/ostallgaeu/ro/events/online-workshop-antidiskriminierung-vielheit-verbindet-f\u00fcr-lehrkr\u00e4fte-und-lernbegleiter/", "path": "/ostallgaeu/ro/events/online-workshop-antidiskriminierung-vielheit-verbindet-f\u00fcr-lehrkr\u00e4fte-und-lernbegleiter/"}, "ru": {"id": null, "url": "https://admin.integreat-app.de/ostallgaeu/ru/events/online-workshop-antidiskriminierung-vielheit-verbindet-f\u00fcr-lehrkr\u00e4fte-und-lernbegleiter/", "path": "/ostallgaeu/ru/events/online-workshop-antidiskriminierung-vielheit-verbindet-f\u00fcr-lehrkr\u00e4fte-und-lernbegleiter/"}, "tr": {"id": null, "url": "https://admin.integreat-app.de/ostallgaeu/tr/events/online-workshop-antidiskriminierung-vielheit-verbindet-f\u00fcr-lehrkr\u00e4fte-und-lernbegleiter/", "path": "/ostallgaeu/tr/events/online-workshop-antidiskriminierung-vielheit-verbindet-f\u00fcr-lehrkr\u00e4fte-und-lernbegleiter/"}, "uk": {"id": null, "url": "https://admin.integreat-app.de/ostallgaeu/uk/events/online-workshop-antidiskriminierung-vielheit-verbindet-f\u00fcr-lehrkr\u00e4fte-und-lernbegleiter/", "path": "/ostallgaeu/uk/events/online-workshop-antidiskriminierung-vielheit-verbindet-f\u00fcr-lehrkr\u00e4fte-und-lernbegleiter/"}, "ti": {"id": null, "url": "https://admin.integreat-app.de/ostallgaeu/ti/events/online-workshop-antidiskriminierung-vielheit-verbindet-f\u00fcr-lehrkr\u00e4fte-und-lernbegleiter/", "path": "/ostallgaeu/ti/events/online-workshop-antidiskriminierung-vielheit-verbindet-f\u00fcr-lehrkr\u00e4fte-und-lernbegleiter/"}}, "thumbnail": "https://admin.integreat-app.de/media/regions/181/2017/11/internet17.png", "location": {"id": null, "name": null, "address": null, "town": null, "state": null, "postcode": null, "region": null, "country": null, "latitude": null, "longitude": null}, "location_path": null, "meeting_url": null, "event": {"id": 17779, "start": "2026-05-18T15:00:00+02:00", "start_date": "2026-05-18", "start_time": "15:00:00", "end": "2026-05-18T18:00:00+02:00", "end_date": "2026-05-18", "end_time": "18:00:00", "all_day": false, "only_weekdays": false, "recurrence_id": null, "timezone": "Europe/Berlin"}, "hash": null, "recurrence_rule": null}, {"id": 306554, "url": "https://admin.integreat-app.de/ostallgaeu/de/events/online-veranstaltung-schutz-in-deutschland-f\u00fcr-afghanische-gefl\u00fcchtete-eine-menschenrechtliche-bewertung/", "path": "/ostallgaeu/de/events/online-veranstaltung-schutz-in-deutschland-f\u00fcr-afghanische-gefl\u00fcchtete-eine-menschenrechtliche-bewertung/", "title": "Online-Veranstaltung: Schutz in Deutschland f\u00fcr afghanische Gefl\u00fcchtete - eine menschenrechtliche Bewertung", "modified_gmt": "2026-03-27T09:09:06.320Z", "last_updated": "2026-03-27T10:09:06.320+01:00", "excerpt": "Die Diakonie M\u00fcnchen veranstaltet einen Online-Workshop.\r\nNele Allenberg vom Deutschen Institut f\u00fcr Menschenrechte gibt einen \u00dcberblick \u00fcber die aktuellen Asylzahlen und wirft einen kritischen Blick auf die Entwicklungen in der deutschen Asylpolitik gegen\u00fcber schutzsuchenden Afghan*innen.\u00a0\r\nAnmeldung: hier.", "content": "<div><p>Die Diakonie M\u00fcnchen veranstaltet einen Online-Workshop.</p>\r\n<p>Nele Allenberg vom Deutschen Institut f\u00fcr Menschenrechte gibt einen \u00dcberblick \u00fcber die aktuellen Asylzahlen und wirft einen kritischen Blick auf die Entwicklungen in der deutschen Asylpolitik gegen\u00fcber schutzsuchenden Afghan*innen.\u00a0</p>\r\n<p>Anmeldung: <a href=\"https://www.diakonie-muc-obb.de/component/eventbooking/afghanistan-menschenrechte\" class=\"link-external\">hier.</a></p></div>", "available_languages": {"hr": {"id": null, "url": "https://admin.integreat-app.de/ostallgaeu/hr/events/online-veranstaltung-schutz-in-deutschland-f\u00fcr-afghanische-gefl\u00fcchtete-eine-menschenrechtliche-bewertung/", "path": "/ostallgaeu/hr/events/online-veranstaltung-schutz-in-deutschland-f\u00fcr-afghanische-gefl\u00fcchtete-eine-menschenrechtliche-bewertung/"}, "en": {"id": null, "url": "https://admin.integreat-app.de/ostallgaeu/en/events/online-veranstaltung-schutz-in-deutschland-f\u00fcr-afghanische-gefl\u00fcchtete-eine-menschenrechtliche-bewertung/", "path": "/ostallgaeu/en/events/online-veranstaltung-schutz-in-deutschland-f\u00fcr-afghanische-gefl\u00fcchtete-eine-menschenrechtliche-bewertung/"}, "es": {"id": null, "url": "https://admin.integreat-app.de/ostallgaeu/es/events/online-veranstaltung-schutz-in-deutschland-f\u00fcr-afghanische-gefl\u00fcchtete-eine-menschenrechtliche-bewertung/", "path": "/ostallgaeu/es/events/online-veranstaltung-schutz-in-deutschland-f\u00fcr-afghanische-gefl\u00fcchtete-eine-menschenrechtliche-bewertung/"}, "fr": {"id": null, "url": "https://admin.integreat-app.de/ostallgaeu/fr/events/online-veranstaltung-schutz-in-deutschland-f\u00fcr-afghanische-gefl\u00fcchtete-eine-menschenrechtliche-bewertung/", "path": "/ostallgaeu/fr/events/online-veranstaltung-schutz-in-deutschland-f\u00fcr-afghanische-gefl\u00fcchtete-eine-menschenrechtliche-bewertung/"}, "ar": {"id": null, "url": "https://admin.integreat-app.de/ostallgaeu/ar/events/online-veranstaltung-schutz-in-deutschland-f\u00fcr-afghanische-gefl\u00fcchtete-eine-menschenrechtliche-bewertung/", "path": "/ostallgaeu/ar/events/online-veranstaltung-schutz-in-deutschland-f\u00fcr-afghanische-gefl\u00fcchtete-eine-menschenrechtliche-bewertung/"}, "fa": {"id": null, "url": "https://admin.integreat-app.de/ostallgaeu/fa/events/online-veranstaltung-schutz-in-deutschland-f\u00fcr-afghanische-gefl\u00fcchtete-eine-menschenrechtliche-bewertung/", "path": "/ostallgaeu/fa/events/online-veranstaltung-schutz-in-deutschland-f\u00fcr-afghanische-gefl\u00fcchtete-eine-menschenrechtliche-bewertung/"}, "ro": {"id": null, "url": "https://admin.integreat-app.de/ostallgaeu/ro/events/online-veranstaltung-schutz-in-deutschland-f\u00fcr-afghanische-gefl\u00fcchtete-eine-menschenrechtliche-bewertung/", "path": "/ostallgaeu/ro/events/online-veranstaltung-schutz-in-deutschland-f\u00fcr-afghanische-gefl\u00fcchtete-eine-menschenrechtliche-bewertung/"}, "ru": {"id": null, "url": "https://admin.integreat-app.de/ostallgaeu/ru/events/online-veranstaltung-schutz-in-deutschland-f\u00fcr-afghanische-gefl\u00fcchtete-eine-menschenrechtliche-bewertung/", "path": "/ostallgaeu/ru/events/online-veranstaltung-schutz-in-deutschland-f\u00fcr-afghanische-gefl\u00fcchtete-eine-menschenrechtliche-bewertung/"}, "tr": {"id": null, "url": "https://admin.integreat-app.de/ostallgaeu/tr/events/online-veranstaltung-schutz-in-deutschland-f\u00fcr-afghanische-gefl\u00fcchtete-eine-menschenrechtliche-bewertung/", "path": "/ostallgaeu/tr/events/online-veranstaltung-schutz-in-deutschland-f\u00fcr-afghanische-gefl\u00fcchtete-eine-menschenrechtliche-bewertung/"}, "uk": {"id": null, "url": "https://admin.integreat-app.de/ostallgaeu/uk/events/online-veranstaltung-schutz-in-deutschland-f\u00fcr-afghanische-gefl\u00fcchtete-eine-menschenrechtliche-bewertung/", "path": "/ostallgaeu/uk/events/online-veranstaltung-schutz-in-deutschland-f\u00fcr-afghanische-gefl\u00fcchtete-eine-menschenrechtliche-bewertung/"}, "ti": {"id": null, "url": "https://admin.integreat-app.de/ostallgaeu/ti/events/online-veranstaltung-schutz-in-deutschland-f\u00fcr-afghanische-gefl\u00fcchtete-eine-menschenrechtliche-bewertung/", "path": "/ostallgaeu/ti/events/online-veranstaltung-schutz-in-deutschland-f\u00fcr-afghanische-gefl\u00fcchtete-eine-menschenrechtliche-bewertung/"}}, "thumbnail": "https://admin.integreat-app.de/media/regions/181/2017/11/internet17.png", "location": {"id": null, "name": null, "address": null, "town": null, "state": null, "postcode": null, "region": null, "country": null, "latitude": null, "longitude": null}, "location_path": null, "meeting_url": null, "event": {"id": 19003, "start": "2026-05-18T18:00:00+02:00", "start_date": "2026-05-18", "start_time": "18:00:00", "end": "2026-05-18T19:00:00+02:00", "end_date": "2026-05-18", "end_time": "19:00:00", "all_day": false, "only_weekdays": false, "recurrence_id": null, "timezone": "Europe/Berlin"}, "hash": null, "recurrence_rule": null}, {"id": 309483, "url": "https://admin.integreat-app.de/ostallgaeu/de/events/online-workshop-schutz-in-deutschland-f\u00fcr-afghanische-gefl\u00fcchtete-eine-menschenrechtliche-bewertung/", "path": "/ostallgaeu/de/events/online-workshop-schutz-in-deutschland-f\u00fcr-afghanische-gefl\u00fcchtete-eine-menschenrechtliche-bewertung/", "title": "Online-Workshop: Schutz in Deutschland f\u00fcr afghanische Gefl\u00fcchtete \u2013 eine menschenrechtliche Bewertung.", "modified_gmt": "2026-04-01T09:15:40.100Z", "last_updated": "2026-04-01T11:15:40.100+02:00", "excerpt": "Schutz in Deutschland f\u00fcr afghanische Gefl\u00fcchtete \u2013 eine menschenrechtliche BewertungDatum: Montag, 18.05.2026Uhrzeit: 18:00 - 19:30 UhrAnmeldeschluss: 15.05.2026 --&gt; Hier\r\nInhalteAfghanistan ist nach wie vor das h\u00e4ufigste Herkunftsland von Asylsuchenden in Deutschland. Um dem Leiden unter dem De-facto-Regime der Taliban zu entfliehen, versuchen weiterhin viele Menschen, Schutz in anderen L\u00e4ndern zu finden.\r\n\u00a0Der Alltag in Afghanistan ist durch Inhaftierungen, Folter, Gewaltanwendung im \u00f6ffentlichen Raum sowie extreme, lebensbedrohliche Armut gepr\u00e4gt. Besonders gef\u00e4hrdet sind Frauen, ehemalige Ortskr\u00e4fte, ethnische Minderheiten, LGBTQ*-Personen sowie Menschenrechtsaktivist*innen.\r\n\u00a0Doch die Asylpolitik in Deutschland wird zunehmend restriktiver. Die Schutzquote f\u00fcr afghanische M\u00e4nner sinkt und Zusagen aus Aufnahmeprogrammen wurden zur\u00fcckgenommen. Zudem sollen einige als Gef\u00e4hrder oder Straft\u00e4ter eingestufte Personen weiterhin abgeschoben werden.\r\n\u00a0Solche Praktiken sind jedoch fragw\u00fcrdig bzw. versto\u00dfen gegen internationale Menschenrechtsabkommen. Nele Allenberg vom Deutschen Institut f\u00fcr Menschenrechte gibt einen \u00dcberblick \u00fcber die aktuellen Asylzahlen und wirft einen kritischen Blick auf die Entwicklungen in der deutschen Asylpolitik gegen\u00fcber schutzsuchenden Afghan*innen.\r\nVeranstalterInterkulturelle Akademie der Diakonie M\u00fcnchen und Oberbayern gGmbH\r\nZielgruppeFreiwillig / ehrenamtlich in der Fl\u00fcchtlingshilfe Engagierte aus der Region M\u00fcnchen und diejenigen, die ein Engagement planen.\r\nReferentenNele Allenberg, Leiterin der Abteilung Menschenrechtspolitik Inland und Europa, Deutsches Institut f\u00fcr Menschenrechte\r\nOrtOnline-Workshop\r\nKostenDie Veranstaltung wird durch das Sozialreferat der Landeshauptstadt M\u00fcnchen gef\u00f6rdert und ist kostenfrei.", "content": "<div><p>Schutz in Deutschland f\u00fcr afghanische Gefl\u00fcchtete \u2013 eine menschenrechtliche Bewertung<br>Datum: Montag, 18.05.2026<br>Uhrzeit: 18:00 - 19:30 Uhr<br>Anmeldeschluss: 15.05.2026 --&gt; <a href=\"https://www.diakonie-muc-obb.de/component/eventbooking/afghanistan-menschenrechte\" class=\"link-external\">Hier</a><br><br></p>\r\n<p>Inhalte<br>Afghanistan ist nach wie vor das h\u00e4ufigste Herkunftsland von Asylsuchenden in Deutschland. Um dem Leiden unter dem De-facto-Regime der Taliban zu entfliehen, versuchen weiterhin viele Menschen, Schutz in anderen L\u00e4ndern zu finden.</p>\r\n<p>\u00a0Der Alltag in Afghanistan ist durch Inhaftierungen, Folter, Gewaltanwendung im \u00f6ffentlichen Raum sowie extreme, lebensbedrohliche Armut gepr\u00e4gt. Besonders gef\u00e4hrdet sind Frauen, ehemalige Ortskr\u00e4fte, ethnische Minderheiten, LGBTQ*-Personen sowie Menschenrechtsaktivist*innen.</p>\r\n<p>\u00a0Doch die Asylpolitik in Deutschland wird zunehmend restriktiver. Die Schutzquote f\u00fcr afghanische M\u00e4nner sinkt und Zusagen aus Aufnahmeprogrammen wurden zur\u00fcckgenommen. Zudem sollen einige als Gef\u00e4hrder oder Straft\u00e4ter eingestufte Personen weiterhin abgeschoben werden.</p>\r\n<p>\u00a0Solche Praktiken sind jedoch fragw\u00fcrdig bzw. versto\u00dfen gegen internationale Menschenrechtsabkommen. Nele Allenberg vom Deutschen Institut f\u00fcr Menschenrechte gibt einen \u00dcberblick \u00fcber die aktuellen Asylzahlen und wirft einen kritischen Blick auf die Entwicklungen in der deutschen Asylpolitik gegen\u00fcber schutzsuchenden Afghan*innen.</p>\r\n<p>Veranstalter<br>Interkulturelle Akademie der Diakonie M\u00fcnchen und Oberbayern gGmbH</p>\r\n<p>Zielgruppe<br>Freiwillig / ehrenamtlich in der Fl\u00fcchtlingshilfe Engagierte aus der Region M\u00fcnchen und diejenigen, die ein Engagement planen.</p>\r\n<p>Referenten<br>Nele Allenberg, Leiterin der Abteilung Menschenrechtspolitik Inland und Europa, Deutsches Institut f\u00fcr Menschenrechte</p>\r\n<p>Ort<br>Online-Workshop</p>\r\n<p>Kosten<br>Die Veranstaltung wird durch das Sozialreferat der Landeshauptstadt M\u00fcnchen gef\u00f6rdert und ist kostenfrei.</p></div>", "available_languages": {"hr": {"id": null, "url": "https://admin.integreat-app.de/ostallgaeu/hr/events/online-workshop-schutz-in-deutschland-f\u00fcr-afghanische-gefl\u00fcchtete-eine-menschenrechtliche-bewertung/", "path": "/ostallgaeu/hr/events/online-workshop-schutz-in-deutschland-f\u00fcr-afghanische-gefl\u00fcchtete-eine-menschenrechtliche-bewertung/"}, "en": {"id": null, "url": "https://admin.integreat-app.de/ostallgaeu/en/events/online-workshop-schutz-in-deutschland-f\u00fcr-afghanische-gefl\u00fcchtete-eine-menschenrechtliche-bewertung/", "path": "/ostallgaeu/en/events/online-workshop-schutz-in-deutschland-f\u00fcr-afghanische-gefl\u00fcchtete-eine-menschenrechtliche-bewertung/"}, "es": {"id": null, "url": "https://admin.integreat-app.de/ostallgaeu/es/events/online-workshop-schutz-in-deutschland-f\u00fcr-afghanische-gefl\u00fcchtete-eine-menschenrechtliche-bewertung/", "path": "/ostallgaeu/es/events/online-workshop-schutz-in-deutschland-f\u00fcr-afghanische-gefl\u00fcchtete-eine-menschenrechtliche-bewertung/"}, "fr": {"id": null, "url": "https://admin.integreat-app.de/ostallgaeu/fr/events/online-workshop-schutz-in-deutschland-f\u00fcr-afghanische-gefl\u00fcchtete-eine-menschenrechtliche-bewertung/", "path": "/ostallgaeu/fr/events/online-workshop-schutz-in-deutschland-f\u00fcr-afghanische-gefl\u00fcchtete-eine-menschenrechtliche-bewertung/"}, "ar": {"id": null, "url": "https://admin.integreat-app.de/ostallgaeu/ar/events/online-workshop-schutz-in-deutschland-f\u00fcr-afghanische-gefl\u00fcchtete-eine-menschenrechtliche-bewertung/", "path": "/ostallgaeu/ar/events/online-workshop-schutz-in-deutschland-f\u00fcr-afghanische-gefl\u00fcchtete-eine-menschenrechtliche-bewertung/"}, "fa": {"id": null, "url": "https://admin.integreat-app.de/ostallgaeu/fa/events/online-workshop-schutz-in-deutschland-f\u00fcr-afghanische-gefl\u00fcchtete-eine-menschenrechtliche-bewertung/", "path": "/ostallgaeu/fa/events/online-workshop-schutz-in-deutschland-f\u00fcr-afghanische-gefl\u00fcchtete-eine-menschenrechtliche-bewertung/"}, "ro": {"id": null, "url": "https://admin.integreat-app.de/ostallgaeu/ro/events/online-workshop-schutz-in-deutschland-f\u00fcr-afghanische-gefl\u00fcchtete-eine-menschenrechtliche-bewertung/", "path": "/ostallgaeu/ro/events/online-workshop-schutz-in-deutschland-f\u00fcr-afghanische-gefl\u00fcchtete-eine-menschenrechtliche-bewertung/"}, "ru": {"id": null, "url": "https://admin.integreat-app.de/ostallgaeu/ru/events/online-workshop-schutz-in-deutschland-f\u00fcr-afghanische-gefl\u00fcchtete-eine-menschenrechtliche-bewertung/", "path": "/ostallgaeu/ru/events/online-workshop-schutz-in-deutschland-f\u00fcr-afghanische-gefl\u00fcchtete-eine-menschenrechtliche-bewertung/"}, "tr": {"id": null, "url": "https://admin.integreat-app.de/ostallgaeu/tr/events/online-workshop-schutz-in-deutschland-f\u00fcr-afghanische-gefl\u00fcchtete-eine-menschenrechtliche-bewertung/", "path": "/ostallgaeu/tr/events/online-workshop-schutz-in-deutschland-f\u00fcr-afghanische-gefl\u00fcchtete-eine-menschenrechtliche-bewertung/"}, "uk": {"id": null, "url": "https://admin.integreat-app.de/ostallgaeu/uk/events/online-workshop-schutz-in-deutschland-f\u00fcr-afghanische-gefl\u00fcchtete-eine-menschenrechtliche-bewertung/", "path": "/ostallgaeu/uk/events/online-workshop-schutz-in-deutschland-f\u00fcr-afghanische-gefl\u00fcchtete-eine-menschenrechtliche-bewertung/"}, "ti": {"id": null, "url": "https://admin.integreat-app.de/ostallgaeu/ti/events/online-workshop-schutz-in-deutschland-f\u00fcr-afghanische-gefl\u00fcchtete-eine-menschenrechtliche-bewertung/", "path": "/ostallgaeu/ti/events/online-workshop-schutz-in-deutschland-f\u00fcr-afghanische-gefl\u00fcchtete-eine-menschenrechtliche-bewertung/"}}, "thumbnail": "https://admin.integreat-app.de/media/regions/181/2017/11/internet17.png", "location": {"id": null, "name": null, "address": null, "town": null, "state": null, "postcode": null, "region": null, "country": null, "latitude": null, "longitude": null}, "location_path": null, "meeting_url": null, "event": {"id": 19202, "start": "2026-05-18T18:00:00+02:00", "start_date": "2026-05-18", "start_time": "18:00:00", "end": "2026-05-18T19:30:00+02:00", "end_date": "2026-05-18", "end_time": "19:30:00", "all_day": false, "only_weekdays": false, "recurrence_id": null, "timezone": "Europe/Berlin"}, "hash": null, "recurrence_rule": null}, {"id": 312109, "url": "https://admin.integreat-app.de/ostallgaeu/de/events/online-fortbildung-anh\u00f6rungsvorbereitung/", "path": "/ostallgaeu/de/events/online-fortbildung-anh\u00f6rungsvorbereitung/", "title": "Online-Fortbildung: Anh\u00f6rungsvorbereitung", "modified_gmt": "2026-04-08T05:29:14.691Z", "last_updated": "2026-04-08T07:29:14.691+02:00", "excerpt": "Datum:18. Mai 2026Zeit:18:30 - 20:30 Uhr\r\nWas gilt es bei der Anh\u00f6rungsvorbereitung zu beachten? Welche Rechte haben Beist\u00e4nde und wie k\u00f6nnen sie am besten unterst\u00fctzen?\r\nMit Lea Hehnen, MFR\r\n\r\nHier geht es zur Anmeldung.\r\n\r\n\u00a0\r\nDie Fortbildung findet online \u00fcber die Videoplattform Zoom statt. Der Link wird am Tag der Veranstaltung verschickt.", "content": "<div><p>Datum:18. Mai 2026<br>Zeit:18:30 - 20:30 Uhr</p>\r\n<p>Was gilt es bei der Anh\u00f6rungsvorbereitung zu beachten? Welche Rechte haben Beist\u00e4nde und wie k\u00f6nnen sie am besten unterst\u00fctzen?</p>\r\n<p>Mit Lea Hehnen, MFR</p>\r\n<a href=\"https://muenchner-fluechtlingsrat.de/termine/fortbildung-anhoerungsvorbereitung-3/\" class=\"link-external\">\r\n<p>Hier geht es zur Anmeldung.</p>\r\n</a>\r\n<p>\u00a0</p>\r\n<p>Die Fortbildung findet online \u00fcber die Videoplattform Zoom statt. Der Link wird am Tag der Veranstaltung verschickt.</p></div>", "available_languages": {"hr": {"id": null, "url": "https://admin.integreat-app.de/ostallgaeu/hr/events/online-fortbildung-anh\u00f6rungsvorbereitung/", "path": "/ostallgaeu/hr/events/online-fortbildung-anh\u00f6rungsvorbereitung/"}, "en": {"id": null, "url": "https://admin.integreat-app.de/ostallgaeu/en/events/online-fortbildung-anh\u00f6rungsvorbereitung/", "path": "/ostallgaeu/en/events/online-fortbildung-anh\u00f6rungsvorbereitung/"}, "es": {"id": null, "url": "https://admin.integreat-app.de/ostallgaeu/es/events/online-fortbildung-anh\u00f6rungsvorbereitung/", "path": "/ostallgaeu/es/events/online-fortbildung-anh\u00f6rungsvorbereitung/"}, "fr": {"id": null, "url": "https://admin.integreat-app.de/ostallgaeu/fr/events/online-fortbildung-anh\u00f6rungsvorbereitung/", "path": "/ostallgaeu/fr/events/online-fortbildung-anh\u00f6rungsvorbereitung/"}, "ar": {"id": null, "url": "https://admin.integreat-app.de/ostallgaeu/ar/events/online-fortbildung-anh\u00f6rungsvorbereitung/", "path": "/ostallgaeu/ar/events/online-fortbildung-anh\u00f6rungsvorbereitung/"}, "fa": {"id": null, "url": "https://admin.integreat-app.de/ostallgaeu/fa/events/online-fortbildung-anh\u00f6rungsvorbereitung/", "path": "/ostallgaeu/fa/events/online-fortbildung-anh\u00f6rungsvorbereitung/"}, "ro": {"id": null, "url": "https://admin.integreat-app.de/ostallgaeu/ro/events/online-fortbildung-anh\u00f6rungsvorbereitung/", "path": "/ostallgaeu/ro/events/online-fortbildung-anh\u00f6rungsvorbereitung/"}, "ru": {"id": null, "url": "https://admin.integreat-app.de/ostallgaeu/ru/events/online-fortbildung-anh\u00f6rungsvorbereitung/", "path": "/ostallgaeu/ru/events/online-fortbildung-anh\u00f6rungsvorbereitung/"}, "tr": {"id": null, "url": "https://admin.integreat-app.de/ostallgaeu/tr/events/online-fortbildung-anh\u00f6rungsvorbereitung/", "path": "/ostallgaeu/tr/events/online-fortbildung-anh\u00f6rungsvorbereitung/"}, "uk": {"id": null, "url": "https://admin.integreat-app.de/ostallgaeu/uk/events/online-fortbildung-anh\u00f6rungsvorbereitung/", "path": "/ostallgaeu/uk/events/online-fortbildung-anh\u00f6rungsvorbereitung/"}, "ti": {"id": null, "url": "https://admin.integreat-app.de/ostallgaeu/ti/events/online-fortbildung-anh\u00f6rungsvorbereitung/", "path": "/ostallgaeu/ti/events/online-fortbildung-anh\u00f6rungsvorbereitung/"}}, "thumbnail": "https://admin.integreat-app.de/media/regions/181/2026/04/1775625629_fl%C3%BCra.png", "location": {"id": null, "name": null, "address": null, "town": null, "state": null, "postcode": null, "region": null, "country": null, "latitude": null, "longitude": null}, "location_path": null, "meeting_url": null, "event": {"id": 19369, "start": "2026-05-18T18:30:00+02:00", "start_date": "2026-05-18", "start_time": "18:30:00", "end": "2026-05-18T20:30:00+02:00", "end_date": "2026-05-18", "end_time": "20:30:00", "all_day": false, "only_weekdays": false, "recurrence_id": null, "timezone": "Europe/Berlin"}, "hash": null, "recurrence_rule": null}, {"id": 312618, "url": "https://admin.integreat-app.de/ostallgaeu/de/events/duale-ausbildung-infoabend-f\u00fcr-eltern-und-sch\u00fclerinnen-arabsich-online/", "path": "/ostallgaeu/de/events/duale-ausbildung-infoabend-f\u00fcr-eltern-und-sch\u00fclerinnen-arabsich-online/", "title": "Duale Ausbildung: Infoabend f\u00fcr Eltern und Sch\u00fcler*innen ARABSICH (Online)", "modified_gmt": "2026-04-09T09:48:52.426Z", "last_updated": "2026-04-09T11:48:52.426+02:00", "excerpt": "\r\nBerufswahl \u2013 Online-Infoabende f\u00fcr Eltern und Sch\u00fcler in 8 Sprachen\r\nAlle Eltern-Infoabende finden online von 18:30 - 20:00 Uhr statt. \u00a0Eine Anmeldung ist nicht erforderlich. Der Einwahl-Link f\u00fchrt Sie zur aktuellen Veranstaltung.\r\nDuale Ausbildung - Informationen f\u00fcr Eltern und Sch\u00fcler*innenIn Deutschland bietet eine duale Ausbildung sehr gute Zukunftschancen. Wie funktioniert eine duale Ausbildung? Welche Berufe gibt es? Wie findet man einen Ausbildungsplatz? Bei unseren mehrsprachigen Infoabenden erhalten Eltern und Sch\u00fcler Antworten. Es gibt viele praktische Tipps, wie der \u00dcbergang von der Schule ins Berufsleben gelingt! Start 18:30 Uhr, Login ab 18:15 Uhr.\r\n\r\nAnmeldung hier.\r\n", "content": "<div>\r\n<p>Berufswahl \u2013 Online-Infoabende f\u00fcr Eltern und Sch\u00fcler in 8 Sprachen</p>\r\n<p>Alle Eltern-Infoabende finden online von 18:30 - 20:00 Uhr statt. \u00a0Eine Anmeldung ist nicht erforderlich. Der Einwahl-Link f\u00fchrt Sie zur aktuellen Veranstaltung.</p>\r\n<p>Duale Ausbildung - Informationen f\u00fcr Eltern und Sch\u00fcler*innen<br>In Deutschland bietet eine duale Ausbildung sehr gute Zukunftschancen. Wie funktioniert eine duale Ausbildung? Welche Berufe gibt es? Wie findet man einen Ausbildungsplatz? Bei unseren mehrsprachigen Infoabenden erhalten Eltern und Sch\u00fcler Antworten. Es gibt viele praktische Tipps, wie der \u00dcbergang von der Schule ins Berufsleben gelingt! Start 18:30 Uhr, Login ab 18:15 Uhr.</p>\r\n<a class=\"link-external\" href=\"https://www.kausa-bayern.de/infothek/veranstaltungen\">\r\n<p>Anmeldung hier.</p>\r\n</a></div>", "available_languages": {"hr": {"id": null, "url": "https://admin.integreat-app.de/ostallgaeu/hr/events/duale-ausbildung-infoabend-f\u00fcr-eltern-und-sch\u00fclerinnen-arabsich-online/", "path": "/ostallgaeu/hr/events/duale-ausbildung-infoabend-f\u00fcr-eltern-und-sch\u00fclerinnen-arabsich-online/"}, "en": {"id": null, "url": "https://admin.integreat-app.de/ostallgaeu/en/events/duale-ausbildung-infoabend-f\u00fcr-eltern-und-sch\u00fclerinnen-arabsich-online/", "path": "/ostallgaeu/en/events/duale-ausbildung-infoabend-f\u00fcr-eltern-und-sch\u00fclerinnen-arabsich-online/"}, "es": {"id": null, "url": "https://admin.integreat-app.de/ostallgaeu/es/events/duale-ausbildung-infoabend-f\u00fcr-eltern-und-sch\u00fclerinnen-arabsich-online/", "path": "/ostallgaeu/es/events/duale-ausbildung-infoabend-f\u00fcr-eltern-und-sch\u00fclerinnen-arabsich-online/"}, "fr": {"id": null, "url": "https://admin.integreat-app.de/ostallgaeu/fr/events/duale-ausbildung-infoabend-f\u00fcr-eltern-und-sch\u00fclerinnen-arabsich-online/", "path": "/ostallgaeu/fr/events/duale-ausbildung-infoabend-f\u00fcr-eltern-und-sch\u00fclerinnen-arabsich-online/"}, "ar": {"id": 312484, "url": "https://admin.integreat-app.de/ostallgaeu/ar/events/\u0627\u0644\u062a\u062f\u0631\u064a\u0628-\u0627\u0644\u0645\u0632\u062f\u0648\u062c-\u0623\u0645\u0633\u064a\u0629-\u0625\u0639\u0644\u0627\u0645\u064a\u0629-\u0639\u0628\u0631-\u0627\u0644\u0625\u0646\u062a\u0631\u0646\u062a-\u0644\u0623\u0648\u0644\u064a\u0627\u0621-\u0627\u0644\u0623\u0645\u0648\u0631-\u0648\u0627\u0644\u0637\u0644\u0627\u0628-arabsich-\u0639\u0628\u0631-\u0627\u0644\u0625\u0646\u062a\u0631\u0646\u062a/", "path": "/ostallgaeu/ar/events/\u0627\u0644\u062a\u062f\u0631\u064a\u0628-\u0627\u0644\u0645\u0632\u062f\u0648\u062c-\u0623\u0645\u0633\u064a\u0629-\u0625\u0639\u0644\u0627\u0645\u064a\u0629-\u0639\u0628\u0631-\u0627\u0644\u0625\u0646\u062a\u0631\u0646\u062a-\u0644\u0623\u0648\u0644\u064a\u0627\u0621-\u0627\u0644\u0623\u0645\u0648\u0631-\u0648\u0627\u0644\u0637\u0644\u0627\u0628-arabsich-\u0639\u0628\u0631-\u0627\u0644\u0625\u0646\u062a\u0631\u0646\u062a/"}, "fa": {"id": null, "url": "https://admin.integreat-app.de/ostallgaeu/fa/events/duale-ausbildung-infoabend-f\u00fcr-eltern-und-sch\u00fclerinnen-arabsich-online/", "path": "/ostallgaeu/fa/events/duale-ausbildung-infoabend-f\u00fcr-eltern-und-sch\u00fclerinnen-arabsich-online/"}, "ro": {"id": null, "url": "https://admin.integreat-app.de/ostallgaeu/ro/events/duale-ausbildung-infoabend-f\u00fcr-eltern-und-sch\u00fclerinnen-arabsich-online/", "path": "/ostallgaeu/ro/events/duale-ausbildung-infoabend-f\u00fcr-eltern-und-sch\u00fclerinnen-arabsich-online/"}, "ru": {"id": null, "url": "https://admin.integreat-app.de/ostallgaeu/ru/events/duale-ausbildung-infoabend-f\u00fcr-eltern-und-sch\u00fclerinnen-arabsich-online/", "path": "/ostallgaeu/ru/events/duale-ausbildung-infoabend-f\u00fcr-eltern-und-sch\u00fclerinnen-arabsich-online/"}, "tr": {"id": null, "url": "https://admin.integreat-app.de/ostallgaeu/tr/events/duale-ausbildung-infoabend-f\u00fcr-eltern-und-sch\u00fclerinnen-arabsich-online/", "path": "/ostallgaeu/tr/events/duale-ausbildung-infoabend-f\u00fcr-eltern-und-sch\u00fclerinnen-arabsich-online/"}, "uk": {"id": null, "url": "https://admin.integreat-app.de/ostallgaeu/uk/events/duale-ausbildung-infoabend-f\u00fcr-eltern-und-sch\u00fclerinnen-arabsich-online/", "path": "/ostallgaeu/uk/events/duale-ausbildung-infoabend-f\u00fcr-eltern-und-sch\u00fclerinnen-arabsich-online/"}, "ti": {"id": null, "url": "https://admin.integreat-app.de/ostallgaeu/ti/events/duale-ausbildung-infoabend-f\u00fcr-eltern-und-sch\u00fclerinnen-arabsich-online/", "path": "/ostallgaeu/ti/events/duale-ausbildung-infoabend-f\u00fcr-eltern-und-sch\u00fclerinnen-arabsich-online/"}}, "thumbnail": "https://admin.integreat-app.de/media/regions/181/2026/04/1775724585_kausa.png", "location": {"id": null, "name": null, "address": null, "town": null, "state": null, "postcode": null, "region": null, "country": null, "latitude": null, "longitude": null}, "location_path": null, "meeting_url": null, "event": {"id": 19397, "start": "2026-05-19T18:30:00+02:00", "start_date": "2026-05-19", "start_time": "18:30:00", "end": "2026-05-19T20:00:00+02:00", "end_date": "2026-05-19", "end_time": "20:00:00", "all_day": false, "only_weekdays": false, "recurrence_id": null, "timezone": "Europe/Berlin"}, "hash": null, "recurrence_rule": null}, {"id": 241796, "url": "https://admin.integreat-app.de/ostallgaeu/de/events/online-lesung-gemeinsam-anders-f\u00fcr-eine-vielf\u00e4ltige-und-gerechte-zukunft-2/", "path": "/ostallgaeu/de/events/online-lesung-gemeinsam-anders-f\u00fcr-eine-vielf\u00e4ltige-und-gerechte-zukunft-2/", "title": "Online-Lesung: Gemeinsam anders-f\u00fcr eine vielf\u00e4ltige und gerechte Zukunft\"", "modified_gmt": "2025-12-01T06:54:49.920Z", "last_updated": "2025-12-01T07:54:49.920+01:00", "excerpt": "\r\nIm Rahmen des Allg\u00e4uer Literaturfestivals findet eine Online Lesung mit Sarah Vecera zum Thema \"Gemeinsam anders \u2013 f\u00fcr eine vielf\u00e4ltige und gerechte Zukunft\" statt.\r\nReferentin: Sarah Vecera, Theologin, Religionsp\u00e4dagogin und Autorin\r\nAnmeldung: asylinkempten@diakonie-allgaeu.de\r\n", "content": "<div>\r\n<p>Im Rahmen des Allg\u00e4uer Literaturfestivals findet eine Online Lesung mit Sarah Vecera zum Thema \"Gemeinsam anders \u2013 f\u00fcr eine vielf\u00e4ltige und gerechte Zukunft\" statt.</p>\r\n<p>Referentin: Sarah Vecera, Theologin, Religionsp\u00e4dagogin und Autorin</p>\r\n<p><br>Anmeldung: <img style=\"width: 15px; height: 15px;\" src=\"https://admin.integreat-app.de/static/svg/email.svg\" alt=\"E-Mail-Adresse\"><a class=\"link-external\" href=\"https://asylinkempten@diakonie-allgaeu.de\">asylinkempten@diakonie-allgaeu.de</a></p>\r\n</div>", "available_languages": {"hr": {"id": null, "url": "https://admin.integreat-app.de/ostallgaeu/hr/events/online-lesung-gemeinsam-anders-f\u00fcr-eine-vielf\u00e4ltige-und-gerechte-zukunft-2/", "path": "/ostallgaeu/hr/events/online-lesung-gemeinsam-anders-f\u00fcr-eine-vielf\u00e4ltige-und-gerechte-zukunft-2/"}, "en": {"id": null, "url": "https://admin.integreat-app.de/ostallgaeu/en/events/online-lesung-gemeinsam-anders-f\u00fcr-eine-vielf\u00e4ltige-und-gerechte-zukunft-2/", "path": "/ostallgaeu/en/events/online-lesung-gemeinsam-anders-f\u00fcr-eine-vielf\u00e4ltige-und-gerechte-zukunft-2/"}, "es": {"id": null, "url": "https://admin.integreat-app.de/ostallgaeu/es/events/online-lesung-gemeinsam-anders-f\u00fcr-eine-vielf\u00e4ltige-und-gerechte-zukunft-2/", "path": "/ostallgaeu/es/events/online-lesung-gemeinsam-anders-f\u00fcr-eine-vielf\u00e4ltige-und-gerechte-zukunft-2/"}, "fr": {"id": null, "url": "https://admin.integreat-app.de/ostallgaeu/fr/events/online-lesung-gemeinsam-anders-f\u00fcr-eine-vielf\u00e4ltige-und-gerechte-zukunft-2/", "path": "/ostallgaeu/fr/events/online-lesung-gemeinsam-anders-f\u00fcr-eine-vielf\u00e4ltige-und-gerechte-zukunft-2/"}, "ar": {"id": null, "url": "https://admin.integreat-app.de/ostallgaeu/ar/events/online-lesung-gemeinsam-anders-f\u00fcr-eine-vielf\u00e4ltige-und-gerechte-zukunft-2/", "path": "/ostallgaeu/ar/events/online-lesung-gemeinsam-anders-f\u00fcr-eine-vielf\u00e4ltige-und-gerechte-zukunft-2/"}, "fa": {"id": null, "url": "https://admin.integreat-app.de/ostallgaeu/fa/events/online-lesung-gemeinsam-anders-f\u00fcr-eine-vielf\u00e4ltige-und-gerechte-zukunft-2/", "path": "/ostallgaeu/fa/events/online-lesung-gemeinsam-anders-f\u00fcr-eine-vielf\u00e4ltige-und-gerechte-zukunft-2/"}, "ro": {"id": null, "url": "https://admin.integreat-app.de/ostallgaeu/ro/events/online-lesung-gemeinsam-anders-f\u00fcr-eine-vielf\u00e4ltige-und-gerechte-zukunft-2/", "path": "/ostallgaeu/ro/events/online-lesung-gemeinsam-anders-f\u00fcr-eine-vielf\u00e4ltige-und-gerechte-zukunft-2/"}, "ru": {"id": null, "url": "https://admin.integreat-app.de/ostallgaeu/ru/events/online-lesung-gemeinsam-anders-f\u00fcr-eine-vielf\u00e4ltige-und-gerechte-zukunft-2/", "path": "/ostallgaeu/ru/events/online-lesung-gemeinsam-anders-f\u00fcr-eine-vielf\u00e4ltige-und-gerechte-zukunft-2/"}, "tr": {"id": null, "url": "https://admin.integreat-app.de/ostallgaeu/tr/events/online-lesung-gemeinsam-anders-f\u00fcr-eine-vielf\u00e4ltige-und-gerechte-zukunft-2/", "path": "/ostallgaeu/tr/events/online-lesung-gemeinsam-anders-f\u00fcr-eine-vielf\u00e4ltige-und-gerechte-zukunft-2/"}, "uk": {"id": null, "url": "https://admin.integreat-app.de/ostallgaeu/uk/events/online-lesung-gemeinsam-anders-f\u00fcr-eine-vielf\u00e4ltige-und-gerechte-zukunft-2/", "path": "/ostallgaeu/uk/events/online-lesung-gemeinsam-anders-f\u00fcr-eine-vielf\u00e4ltige-und-gerechte-zukunft-2/"}, "ti": {"id": null, "url": "https://admin.integreat-app.de/ostallgaeu/ti/events/online-lesung-gemeinsam-anders-f\u00fcr-eine-vielf\u00e4ltige-und-gerechte-zukunft-2/", "path": "/ostallgaeu/ti/events/online-lesung-gemeinsam-anders-f\u00fcr-eine-vielf\u00e4ltige-und-gerechte-zukunft-2/"}}, "thumbnail": "https://admin.integreat-app.de/media/regions/181/2017/11/internet17.png", "location": {"id": null, "name": null, "address": null, "town": null, "state": null, "postcode": null, "region": null, "country": null, "latitude": null, "longitude": null}, "location_path": null, "meeting_url": null, "event": {"id": 14805, "start": "2026-05-19T19:00:00+02:00", "start_date": "2026-05-19", "start_time": "19:00:00", "end": "2026-05-19T21:00:00+02:00", "end_date": "2026-05-19", "end_time": "21:00:00", "all_day": false, "only_weekdays": false, "recurrence_id": null, "timezone": "Europe/Berlin"}, "hash": null, "recurrence_rule": null}, {"id": 251417, "url": "https://admin.integreat-app.de/ostallgaeu/de/events/online-seminar-handel-mit-und-ausbeutung-von-kindern-und-jugendlichen-im-migrations-und-asylkontext-2/", "path": "/ostallgaeu/de/events/online-seminar-handel-mit-und-ausbeutung-von-kindern-und-jugendlichen-im-migrations-und-asylkontext-2/", "title": "Online-Seminar \"Handel mit und Ausbeutung von Kindern und Jugendlichen im Migrations- und Asylkontext\"", "modified_gmt": "2025-12-19T07:49:53.375Z", "last_updated": "2025-12-19T08:49:53.375+01:00", "excerpt": "\r\nHandel mit Kindern und Jugendlichen ist eines der am schnellsten wachsende Delikte weltweit und spielt eine nicht zu untersch\u00e4tzende Rolle im Migrations- und Asylkontext. Die Identifizierung von betroffenen Kindern und Jugendlichen des Menschenhandels und der Ausbeutung ist herausfordernd. Die Online-Seminare vermitteln grundlegendes Wissen zu Handel mit Kindern und Jugendlichen. Sie lernen die Anzeichen von Handel mit und Ausbeutung von Kindern und Jugendlichen sowie Handlungsempfehlungen f\u00fcr die Identifizierung und die Unterst\u00fctzung f\u00fcr Betroffene kennen. Au\u00dferdem werden spezielle Ph\u00e4nomene des Menschenhandels und besondere Vulnerabilit\u00e4ten im Migrations- und Fluchtkontext sowie die aufenthalts- und asylrechtliche Relevanz von Menschenhandel beleuchtet. \u00a0\r\nDie beiden Termine finden unabh\u00e4ngig voneinander statt und thematisieren dieselben Inhalte.\r\nAnmeldung: hier\r\n\u00a0\r\nTermine:\r\nMontag, 09.02.2026\r\nMittwoch, 20.05.2026\r\n", "content": "<div>\r\n<p>Handel mit Kindern und Jugendlichen ist eines der am schnellsten wachsende Delikte weltweit und spielt eine nicht zu untersch\u00e4tzende Rolle im Migrations- und Asylkontext. Die Identifizierung von betroffenen Kindern und Jugendlichen des Menschenhandels und der Ausbeutung ist herausfordernd. Die Online-Seminare vermitteln grundlegendes Wissen zu Handel mit Kindern und Jugendlichen. Sie lernen die Anzeichen von Handel mit und Ausbeutung von Kindern und Jugendlichen sowie Handlungsempfehlungen f\u00fcr die Identifizierung und die Unterst\u00fctzung f\u00fcr Betroffene kennen. Au\u00dferdem werden spezielle Ph\u00e4nomene des Menschenhandels und besondere Vulnerabilit\u00e4ten im Migrations- und Fluchtkontext sowie die aufenthalts- und asylrechtliche Relevanz von Menschenhandel beleuchtet. \u00a0</p>\r\n<p>Die beiden Termine finden unabh\u00e4ngig voneinander statt und thematisieren dieselben Inhalte.</p>\r\n<p>Anmeldung: <img style=\"width: 15px; height: 15px;\" src=\"https://admin.integreat-app.de/static/svg/www.svg\" alt=\"Link zur Webseite\"><a href=\"https://ecpat.my.webex.com/webappng/sites/ecpat.my/meeting/register/6ccbd402e8324999be1e2aacbcb4e27d?ticket=4832534b00000008adb2eb9a1cc81b3294abd0ef344508e067d09a978a5aae6c8b1f366d8b803190&amp;timestamp=1766130454692&amp;RGID=r1359da8ee4bd3477c1509f15615112cb&amp;isAutoPopRegisterForm=false\" class=\"link-external\">hier</a></p>\r\n<p>\u00a0</p>\r\n<p><strong>Termine:</strong></p>\r\n<p>Montag, 09.02.2026</p>\r\n<p>Mittwoch, 20.05.2026</p>\r\n</div>", "available_languages": {"hr": {"id": null, "url": "https://admin.integreat-app.de/ostallgaeu/hr/events/online-seminar-handel-mit-und-ausbeutung-von-kindern-und-jugendlichen-im-migrations-und-asylkontext-2/", "path": "/ostallgaeu/hr/events/online-seminar-handel-mit-und-ausbeutung-von-kindern-und-jugendlichen-im-migrations-und-asylkontext-2/"}, "en": {"id": null, "url": "https://admin.integreat-app.de/ostallgaeu/en/events/online-seminar-handel-mit-und-ausbeutung-von-kindern-und-jugendlichen-im-migrations-und-asylkontext-2/", "path": "/ostallgaeu/en/events/online-seminar-handel-mit-und-ausbeutung-von-kindern-und-jugendlichen-im-migrations-und-asylkontext-2/"}, "es": {"id": null, "url": "https://admin.integreat-app.de/ostallgaeu/es/events/online-seminar-handel-mit-und-ausbeutung-von-kindern-und-jugendlichen-im-migrations-und-asylkontext-2/", "path": "/ostallgaeu/es/events/online-seminar-handel-mit-und-ausbeutung-von-kindern-und-jugendlichen-im-migrations-und-asylkontext-2/"}, "fr": {"id": null, "url": "https://admin.integreat-app.de/ostallgaeu/fr/events/online-seminar-handel-mit-und-ausbeutung-von-kindern-und-jugendlichen-im-migrations-und-asylkontext-2/", "path": "/ostallgaeu/fr/events/online-seminar-handel-mit-und-ausbeutung-von-kindern-und-jugendlichen-im-migrations-und-asylkontext-2/"}, "ar": {"id": null, "url": "https://admin.integreat-app.de/ostallgaeu/ar/events/online-seminar-handel-mit-und-ausbeutung-von-kindern-und-jugendlichen-im-migrations-und-asylkontext-2/", "path": "/ostallgaeu/ar/events/online-seminar-handel-mit-und-ausbeutung-von-kindern-und-jugendlichen-im-migrations-und-asylkontext-2/"}, "fa": {"id": null, "url": "https://admin.integreat-app.de/ostallgaeu/fa/events/online-seminar-handel-mit-und-ausbeutung-von-kindern-und-jugendlichen-im-migrations-und-asylkontext-2/", "path": "/ostallgaeu/fa/events/online-seminar-handel-mit-und-ausbeutung-von-kindern-und-jugendlichen-im-migrations-und-asylkontext-2/"}, "ro": {"id": null, "url": "https://admin.integreat-app.de/ostallgaeu/ro/events/online-seminar-handel-mit-und-ausbeutung-von-kindern-und-jugendlichen-im-migrations-und-asylkontext-2/", "path": "/ostallgaeu/ro/events/online-seminar-handel-mit-und-ausbeutung-von-kindern-und-jugendlichen-im-migrations-und-asylkontext-2/"}, "ru": {"id": null, "url": "https://admin.integreat-app.de/ostallgaeu/ru/events/online-seminar-handel-mit-und-ausbeutung-von-kindern-und-jugendlichen-im-migrations-und-asylkontext-2/", "path": "/ostallgaeu/ru/events/online-seminar-handel-mit-und-ausbeutung-von-kindern-und-jugendlichen-im-migrations-und-asylkontext-2/"}, "tr": {"id": null, "url": "https://admin.integreat-app.de/ostallgaeu/tr/events/online-seminar-handel-mit-und-ausbeutung-von-kindern-und-jugendlichen-im-migrations-und-asylkontext-2/", "path": "/ostallgaeu/tr/events/online-seminar-handel-mit-und-ausbeutung-von-kindern-und-jugendlichen-im-migrations-und-asylkontext-2/"}, "uk": {"id": null, "url": "https://admin.integreat-app.de/ostallgaeu/uk/events/online-seminar-handel-mit-und-ausbeutung-von-kindern-und-jugendlichen-im-migrations-und-asylkontext-2/", "path": "/ostallgaeu/uk/events/online-seminar-handel-mit-und-ausbeutung-von-kindern-und-jugendlichen-im-migrations-und-asylkontext-2/"}, "ti": {"id": null, "url": "https://admin.integreat-app.de/ostallgaeu/ti/events/online-seminar-handel-mit-und-ausbeutung-von-kindern-und-jugendlichen-im-migrations-und-asylkontext-2/", "path": "/ostallgaeu/ti/events/online-seminar-handel-mit-und-ausbeutung-von-kindern-und-jugendlichen-im-migrations-und-asylkontext-2/"}}, "thumbnail": "https://admin.integreat-app.de/media/regions/181/2017/11/internet17.png", "location": {"id": null, "name": null, "address": null, "town": null, "state": null, "postcode": null, "region": null, "country": null, "latitude": null, "longitude": null}, "location_path": null, "meeting_url": null, "event": {"id": 16181, "start": "2026-05-20T10:00:00+02:00", "start_date": "2026-05-20", "start_time": "10:00:00", "end": "2026-05-20T12:30:00+02:00", "end_date": "2026-05-20", "end_time": "12:30:00", "all_day": false, "only_weekdays": false, "recurrence_id": null, "timezone": "Europe/Berlin"}, "hash": null, "recurrence_rule": null}, {"id": 251419, "url": "https://admin.integreat-app.de/ostallgaeu/de/events/online-seminar-handel-mit-und-ausbeutung-von-kindern-und-jugendlichen-im-migrations-und-asylkontext-2-2/", "path": "/ostallgaeu/de/events/online-seminar-handel-mit-und-ausbeutung-von-kindern-und-jugendlichen-im-migrations-und-asylkontext-2-2/", "title": "Online-Seminar \"Handel mit und Ausbeutung von Kindern und Jugendlichen im Migrations- und Asylkontext\"", "modified_gmt": "2025-12-19T07:49:53.478Z", "last_updated": "2025-12-19T08:49:53.478+01:00", "excerpt": "\r\nHandel mit Kindern und Jugendlichen ist eines der am schnellsten wachsende Delikte weltweit und spielt eine nicht zu untersch\u00e4tzende Rolle im Migrations- und Asylkontext. Die Identifizierung von betroffenen Kindern und Jugendlichen des Menschenhandels und der Ausbeutung ist herausfordernd. Die Online-Seminare vermitteln grundlegendes Wissen zu Handel mit Kindern und Jugendlichen. Sie lernen die Anzeichen von Handel mit und Ausbeutung von Kindern und Jugendlichen sowie Handlungsempfehlungen f\u00fcr die Identifizierung und die Unterst\u00fctzung f\u00fcr Betroffene kennen. Au\u00dferdem werden spezielle Ph\u00e4nomene des Menschenhandels und besondere Vulnerabilit\u00e4ten im Migrations- und Fluchtkontext sowie die aufenthalts- und asylrechtliche Relevanz von Menschenhandel beleuchtet. \u00a0\r\nDie beiden Termine finden unabh\u00e4ngig voneinander statt und thematisieren dieselben Inhalte.\r\nAnmeldung: hier\r\n\u00a0\r\nTermine:\r\nMontag, 09.02.2026\r\nMittwoch, 20.05.2026\r\n", "content": "<div>\r\n<p>Handel mit Kindern und Jugendlichen ist eines der am schnellsten wachsende Delikte weltweit und spielt eine nicht zu untersch\u00e4tzende Rolle im Migrations- und Asylkontext. Die Identifizierung von betroffenen Kindern und Jugendlichen des Menschenhandels und der Ausbeutung ist herausfordernd. Die Online-Seminare vermitteln grundlegendes Wissen zu Handel mit Kindern und Jugendlichen. Sie lernen die Anzeichen von Handel mit und Ausbeutung von Kindern und Jugendlichen sowie Handlungsempfehlungen f\u00fcr die Identifizierung und die Unterst\u00fctzung f\u00fcr Betroffene kennen. Au\u00dferdem werden spezielle Ph\u00e4nomene des Menschenhandels und besondere Vulnerabilit\u00e4ten im Migrations- und Fluchtkontext sowie die aufenthalts- und asylrechtliche Relevanz von Menschenhandel beleuchtet. \u00a0</p>\r\n<p>Die beiden Termine finden unabh\u00e4ngig voneinander statt und thematisieren dieselben Inhalte.</p>\r\n<p>Anmeldung: <img style=\"width: 15px; height: 15px;\" src=\"https://admin.integreat-app.de/static/svg/www.svg\" alt=\"Link zur Webseite\"><a href=\"https://ecpat.my.webex.com/webappng/sites/ecpat.my/meeting/register/6ccbd402e8324999be1e2aacbcb4e27d?ticket=4832534b00000008adb2eb9a1cc81b3294abd0ef344508e067d09a978a5aae6c8b1f366d8b803190&amp;timestamp=1766130454692&amp;RGID=r1359da8ee4bd3477c1509f15615112cb&amp;isAutoPopRegisterForm=false\" class=\"link-external\">hier</a></p>\r\n<p>\u00a0</p>\r\n<p><strong>Termine:</strong></p>\r\n<p>Montag, 09.02.2026</p>\r\n<p>Mittwoch, 20.05.2026</p>\r\n</div>", "available_languages": {"hr": {"id": null, "url": "https://admin.integreat-app.de/ostallgaeu/hr/events/online-seminar-handel-mit-und-ausbeutung-von-kindern-und-jugendlichen-im-migrations-und-asylkontext-2-2/", "path": "/ostallgaeu/hr/events/online-seminar-handel-mit-und-ausbeutung-von-kindern-und-jugendlichen-im-migrations-und-asylkontext-2-2/"}, "en": {"id": null, "url": "https://admin.integreat-app.de/ostallgaeu/en/events/online-seminar-handel-mit-und-ausbeutung-von-kindern-und-jugendlichen-im-migrations-und-asylkontext-2-2/", "path": "/ostallgaeu/en/events/online-seminar-handel-mit-und-ausbeutung-von-kindern-und-jugendlichen-im-migrations-und-asylkontext-2-2/"}, "es": {"id": null, "url": "https://admin.integreat-app.de/ostallgaeu/es/events/online-seminar-handel-mit-und-ausbeutung-von-kindern-und-jugendlichen-im-migrations-und-asylkontext-2-2/", "path": "/ostallgaeu/es/events/online-seminar-handel-mit-und-ausbeutung-von-kindern-und-jugendlichen-im-migrations-und-asylkontext-2-2/"}, "fr": {"id": null, "url": "https://admin.integreat-app.de/ostallgaeu/fr/events/online-seminar-handel-mit-und-ausbeutung-von-kindern-und-jugendlichen-im-migrations-und-asylkontext-2-2/", "path": "/ostallgaeu/fr/events/online-seminar-handel-mit-und-ausbeutung-von-kindern-und-jugendlichen-im-migrations-und-asylkontext-2-2/"}, "ar": {"id": null, "url": "https://admin.integreat-app.de/ostallgaeu/ar/events/online-seminar-handel-mit-und-ausbeutung-von-kindern-und-jugendlichen-im-migrations-und-asylkontext-2-2/", "path": "/ostallgaeu/ar/events/online-seminar-handel-mit-und-ausbeutung-von-kindern-und-jugendlichen-im-migrations-und-asylkontext-2-2/"}, "fa": {"id": null, "url": "https://admin.integreat-app.de/ostallgaeu/fa/events/online-seminar-handel-mit-und-ausbeutung-von-kindern-und-jugendlichen-im-migrations-und-asylkontext-2-2/", "path": "/ostallgaeu/fa/events/online-seminar-handel-mit-und-ausbeutung-von-kindern-und-jugendlichen-im-migrations-und-asylkontext-2-2/"}, "ro": {"id": null, "url": "https://admin.integreat-app.de/ostallgaeu/ro/events/online-seminar-handel-mit-und-ausbeutung-von-kindern-und-jugendlichen-im-migrations-und-asylkontext-2-2/", "path": "/ostallgaeu/ro/events/online-seminar-handel-mit-und-ausbeutung-von-kindern-und-jugendlichen-im-migrations-und-asylkontext-2-2/"}, "ru": {"id": null, "url": "https://admin.integreat-app.de/ostallgaeu/ru/events/online-seminar-handel-mit-und-ausbeutung-von-kindern-und-jugendlichen-im-migrations-und-asylkontext-2-2/", "path": "/ostallgaeu/ru/events/online-seminar-handel-mit-und-ausbeutung-von-kindern-und-jugendlichen-im-migrations-und-asylkontext-2-2/"}, "tr": {"id": null, "url": "https://admin.integreat-app.de/ostallgaeu/tr/events/online-seminar-handel-mit-und-ausbeutung-von-kindern-und-jugendlichen-im-migrations-und-asylkontext-2-2/", "path": "/ostallgaeu/tr/events/online-seminar-handel-mit-und-ausbeutung-von-kindern-und-jugendlichen-im-migrations-und-asylkontext-2-2/"}, "uk": {"id": null, "url": "https://admin.integreat-app.de/ostallgaeu/uk/events/online-seminar-handel-mit-und-ausbeutung-von-kindern-und-jugendlichen-im-migrations-und-asylkontext-2-2/", "path": "/ostallgaeu/uk/events/online-seminar-handel-mit-und-ausbeutung-von-kindern-und-jugendlichen-im-migrations-und-asylkontext-2-2/"}, "ti": {"id": null, "url": "https://admin.integreat-app.de/ostallgaeu/ti/events/online-seminar-handel-mit-und-ausbeutung-von-kindern-und-jugendlichen-im-migrations-und-asylkontext-2-2/", "path": "/ostallgaeu/ti/events/online-seminar-handel-mit-und-ausbeutung-von-kindern-und-jugendlichen-im-migrations-und-asylkontext-2-2/"}}, "thumbnail": "https://admin.integreat-app.de/media/regions/181/2017/11/internet17.png", "location": {"id": null, "name": null, "address": null, "town": null, "state": null, "postcode": null, "region": null, "country": null, "latitude": null, "longitude": null}, "location_path": null, "meeting_url": null, "event": {"id": 16183, "start": "2026-05-20T10:00:00+02:00", "start_date": "2026-05-20", "start_time": "10:00:00", "end": "2026-05-20T12:30:00+02:00", "end_date": "2026-05-20", "end_time": "12:30:00", "all_day": false, "only_weekdays": false, "recurrence_id": null, "timezone": "Europe/Berlin"}, "hash": null, "recurrence_rule": null}, {"id": 251418, "url": "https://admin.integreat-app.de/ostallgaeu/de/events/online-seminar-handel-mit-und-ausbeutung-von-kindern-und-jugendlichen-im-migrations-und-asylkontext-2/", "path": "/ostallgaeu/de/events/online-seminar-handel-mit-und-ausbeutung-von-kindern-und-jugendlichen-im-migrations-und-asylkontext-2/", "title": "Online-Seminar \"Handel mit und Ausbeutung von Kindern und Jugendlichen im Migrations- und Asylkontext\"", "modified_gmt": "2025-12-19T07:49:53.452Z", "last_updated": "2025-12-19T08:49:53.452+01:00", "excerpt": "\r\nHandel mit Kindern und Jugendlichen ist eines der am schnellsten wachsende Delikte weltweit und spielt eine nicht zu untersch\u00e4tzende Rolle im Migrations- und Asylkontext. Die Identifizierung von betroffenen Kindern und Jugendlichen des Menschenhandels und der Ausbeutung ist herausfordernd. Die Online-Seminare vermitteln grundlegendes Wissen zu Handel mit Kindern und Jugendlichen. Sie lernen die Anzeichen von Handel mit und Ausbeutung von Kindern und Jugendlichen sowie Handlungsempfehlungen f\u00fcr die Identifizierung und die Unterst\u00fctzung f\u00fcr Betroffene kennen. Au\u00dferdem werden spezielle Ph\u00e4nomene des Menschenhandels und besondere Vulnerabilit\u00e4ten im Migrations- und Fluchtkontext sowie die aufenthalts- und asylrechtliche Relevanz von Menschenhandel beleuchtet. \u00a0\r\nDie beiden Termine finden unabh\u00e4ngig voneinander statt und thematisieren dieselben Inhalte.\r\nAnmeldung: hier\r\n\u00a0\r\nTermine:\r\nMontag, 09.02.2026\r\nMittwoch, 20.05.2026\r\n", "content": "<div>\r\n<p>Handel mit Kindern und Jugendlichen ist eines der am schnellsten wachsende Delikte weltweit und spielt eine nicht zu untersch\u00e4tzende Rolle im Migrations- und Asylkontext. Die Identifizierung von betroffenen Kindern und Jugendlichen des Menschenhandels und der Ausbeutung ist herausfordernd. Die Online-Seminare vermitteln grundlegendes Wissen zu Handel mit Kindern und Jugendlichen. Sie lernen die Anzeichen von Handel mit und Ausbeutung von Kindern und Jugendlichen sowie Handlungsempfehlungen f\u00fcr die Identifizierung und die Unterst\u00fctzung f\u00fcr Betroffene kennen. Au\u00dferdem werden spezielle Ph\u00e4nomene des Menschenhandels und besondere Vulnerabilit\u00e4ten im Migrations- und Fluchtkontext sowie die aufenthalts- und asylrechtliche Relevanz von Menschenhandel beleuchtet. \u00a0</p>\r\n<p>Die beiden Termine finden unabh\u00e4ngig voneinander statt und thematisieren dieselben Inhalte.</p>\r\n<p>Anmeldung: <img style=\"width: 15px; height: 15px;\" src=\"https://admin.integreat-app.de/static/svg/www.svg\" alt=\"Link zur Webseite\"><a href=\"https://ecpat.my.webex.com/webappng/sites/ecpat.my/meeting/register/6ccbd402e8324999be1e2aacbcb4e27d?ticket=4832534b00000008adb2eb9a1cc81b3294abd0ef344508e067d09a978a5aae6c8b1f366d8b803190&amp;timestamp=1766130454692&amp;RGID=r1359da8ee4bd3477c1509f15615112cb&amp;isAutoPopRegisterForm=false\" class=\"link-external\">hier</a></p>\r\n<p>\u00a0</p>\r\n<p><strong>Termine:</strong></p>\r\n<p>Montag, 09.02.2026</p>\r\n<p>Mittwoch, 20.05.2026</p>\r\n</div>", "available_languages": {"hr": {"id": null, "url": "https://admin.integreat-app.de/ostallgaeu/hr/events/online-seminar-handel-mit-und-ausbeutung-von-kindern-und-jugendlichen-im-migrations-und-asylkontext-2/", "path": "/ostallgaeu/hr/events/online-seminar-handel-mit-und-ausbeutung-von-kindern-und-jugendlichen-im-migrations-und-asylkontext-2/"}, "en": {"id": null, "url": "https://admin.integreat-app.de/ostallgaeu/en/events/online-seminar-handel-mit-und-ausbeutung-von-kindern-und-jugendlichen-im-migrations-und-asylkontext-2/", "path": "/ostallgaeu/en/events/online-seminar-handel-mit-und-ausbeutung-von-kindern-und-jugendlichen-im-migrations-und-asylkontext-2/"}, "es": {"id": null, "url": "https://admin.integreat-app.de/ostallgaeu/es/events/online-seminar-handel-mit-und-ausbeutung-von-kindern-und-jugendlichen-im-migrations-und-asylkontext-2/", "path": "/ostallgaeu/es/events/online-seminar-handel-mit-und-ausbeutung-von-kindern-und-jugendlichen-im-migrations-und-asylkontext-2/"}, "fr": {"id": null, "url": "https://admin.integreat-app.de/ostallgaeu/fr/events/online-seminar-handel-mit-und-ausbeutung-von-kindern-und-jugendlichen-im-migrations-und-asylkontext-2/", "path": "/ostallgaeu/fr/events/online-seminar-handel-mit-und-ausbeutung-von-kindern-und-jugendlichen-im-migrations-und-asylkontext-2/"}, "ar": {"id": null, "url": "https://admin.integreat-app.de/ostallgaeu/ar/events/online-seminar-handel-mit-und-ausbeutung-von-kindern-und-jugendlichen-im-migrations-und-asylkontext-2/", "path": "/ostallgaeu/ar/events/online-seminar-handel-mit-und-ausbeutung-von-kindern-und-jugendlichen-im-migrations-und-asylkontext-2/"}, "fa": {"id": null, "url": "https://admin.integreat-app.de/ostallgaeu/fa/events/online-seminar-handel-mit-und-ausbeutung-von-kindern-und-jugendlichen-im-migrations-und-asylkontext-2/", "path": "/ostallgaeu/fa/events/online-seminar-handel-mit-und-ausbeutung-von-kindern-und-jugendlichen-im-migrations-und-asylkontext-2/"}, "ro": {"id": null, "url": "https://admin.integreat-app.de/ostallgaeu/ro/events/online-seminar-handel-mit-und-ausbeutung-von-kindern-und-jugendlichen-im-migrations-und-asylkontext-2/", "path": "/ostallgaeu/ro/events/online-seminar-handel-mit-und-ausbeutung-von-kindern-und-jugendlichen-im-migrations-und-asylkontext-2/"}, "ru": {"id": null, "url": "https://admin.integreat-app.de/ostallgaeu/ru/events/online-seminar-handel-mit-und-ausbeutung-von-kindern-und-jugendlichen-im-migrations-und-asylkontext-2/", "path": "/ostallgaeu/ru/events/online-seminar-handel-mit-und-ausbeutung-von-kindern-und-jugendlichen-im-migrations-und-asylkontext-2/"}, "tr": {"id": null, "url": "https://admin.integreat-app.de/ostallgaeu/tr/events/online-seminar-handel-mit-und-ausbeutung-von-kindern-und-jugendlichen-im-migrations-und-asylkontext-2/", "path": "/ostallgaeu/tr/events/online-seminar-handel-mit-und-ausbeutung-von-kindern-und-jugendlichen-im-migrations-und-asylkontext-2/"}, "uk": {"id": null, "url": "https://admin.integreat-app.de/ostallgaeu/uk/events/online-seminar-handel-mit-und-ausbeutung-von-kindern-und-jugendlichen-im-migrations-und-asylkontext-2/", "path": "/ostallgaeu/uk/events/online-seminar-handel-mit-und-ausbeutung-von-kindern-und-jugendlichen-im-migrations-und-asylkontext-2/"}, "ti": {"id": null, "url": "https://admin.integreat-app.de/ostallgaeu/ti/events/online-seminar-handel-mit-und-ausbeutung-von-kindern-und-jugendlichen-im-migrations-und-asylkontext-2/", "path": "/ostallgaeu/ti/events/online-seminar-handel-mit-und-ausbeutung-von-kindern-und-jugendlichen-im-migrations-und-asylkontext-2/"}}, "thumbnail": "https://admin.integreat-app.de/media/regions/181/2017/11/internet17.png", "location": {"id": null, "name": null, "address": null, "town": null, "state": null, "postcode": null, "region": null, "country": null, "latitude": null, "longitude": null}, "location_path": null, "meeting_url": null, "event": {"id": 16182, "start": "2026-05-20T10:00:00+02:00", "start_date": "2026-05-20", "start_time": "10:00:00", "end": "2026-05-20T12:30:00+02:00", "end_date": "2026-05-20", "end_time": "12:30:00", "all_day": false, "only_weekdays": false, "recurrence_id": null, "timezone": "Europe/Berlin"}, "hash": null, "recurrence_rule": null}, {"id": 326448, "url": "https://admin.integreat-app.de/ostallgaeu/de/events/online-veranstaltung-gemeinsam-gegen-anfeindungen-und-rechtsextreme-einflussnahme-im-verein/", "path": "/ostallgaeu/de/events/online-veranstaltung-gemeinsam-gegen-anfeindungen-und-rechtsextreme-einflussnahme-im-verein/", "title": "Online-Veranstaltung: Gemeinsam gegen Anfeindungen und rechtsextreme Einflussnahme im Verein", "modified_gmt": "2026-04-27T08:37:16.432Z", "last_updated": "2026-04-27T10:37:16.432+02:00", "excerpt": "\"lagfa bayern\" und \"mobile beratung gegen rechtsextremismus in bayern\" veranstalten eine gemeinsame Online-Veranstaltung.\r\nVereine und Verb\u00e4nde stehen f\u00fcr Gemeinschaft, Engagement und demokratische Werte und sind zentrale Organe eines zivilgesellschaftlichen Miteinanders. Freiwilligenagenturen begleiten und unterst\u00fctzen Vereine dabei, diese Werte zu st\u00e4rken \u2013 und sehen sich dabei teilweise selbst mit Anfeindungen konfrontiert.\r\nEngagierte sind doppelt gefordert: Einerseits sind Vereine immer wieder mit Anfeindungen oder Anfragen durch rechtsextreme Akteure konfrontiert. Andererseits stellt auch der interne Umgang mit menschenfeindlichen Einstellungen oder Einflussversuchen eine Herausforderung dar, bei der Freiwilligenagenturen ihre Vereine beraten und begleiten.\r\nIn der Veranstaltung mit der Mobilen Beratung gegen Rechtsextremismus stellen man sich die Frage, wie Vereine im Spannungsfeld zwischen Anfeindungen und Einflussnahme handlungsf\u00e4hig bleiben k\u00f6nnen. Dazu werden Beispiele aus der Region betrachtet, Strategien der extremen Rechten analysiert und im Anschluss die Handlungsspielr\u00e4ume von Vereinen und Verb\u00e4nden beleuchtet\u2013 sowie die M\u00f6glichkeiten f\u00fcr Freiwilligenagenturen, ihre Vereine wirksam zu unterst\u00fctzen und klare Haltung gegen Menschenfeindlichkeit und Ausgrenzung zu beziehen.\r\nDie Veranstaltung ist kostenfrei.\r\nAnmeldung hier.", "content": "<div><p>\"lagfa bayern\" und \"mobile beratung gegen rechtsextremismus in bayern\" veranstalten eine gemeinsame Online-Veranstaltung.</p>\r\n<p>Vereine und Verb\u00e4nde stehen f\u00fcr Gemeinschaft, Engagement und demokratische Werte und sind zentrale Organe eines zivilgesellschaftlichen Miteinanders. Freiwilligenagenturen begleiten und unterst\u00fctzen Vereine dabei, diese Werte zu st\u00e4rken \u2013 und sehen sich dabei teilweise selbst mit Anfeindungen konfrontiert.</p>\r\n<p>Engagierte sind doppelt gefordert: Einerseits sind Vereine immer wieder mit Anfeindungen oder Anfragen durch rechtsextreme Akteure konfrontiert. Andererseits stellt auch der interne Umgang mit menschenfeindlichen Einstellungen oder Einflussversuchen eine Herausforderung dar, bei der Freiwilligenagenturen ihre Vereine beraten und begleiten.</p>\r\n<p>In der Veranstaltung mit der Mobilen Beratung gegen Rechtsextremismus stellen man sich die Frage, wie Vereine im Spannungsfeld zwischen Anfeindungen und Einflussnahme handlungsf\u00e4hig bleiben k\u00f6nnen. Dazu werden Beispiele aus der Region betrachtet, Strategien der extremen Rechten analysiert und im Anschluss die Handlungsspielr\u00e4ume von Vereinen und Verb\u00e4nden beleuchtet\u2013 sowie die M\u00f6glichkeiten f\u00fcr Freiwilligenagenturen, ihre Vereine wirksam zu unterst\u00fctzen und klare Haltung gegen Menschenfeindlichkeit und Ausgrenzung zu beziehen.</p>\r\n<p>Die Veranstaltung ist kostenfrei.</p>\r\n<p>Anmeldung <a href=\"https://lagfa-bayern.de/veranstaltungen/gemeinsam-gegen-anfeindungen-und-rechtsextreme-einflussnahme-im-verein/\" class=\"link-external\">hier.</a></p></div>", "available_languages": {"hr": {"id": null, "url": "https://admin.integreat-app.de/ostallgaeu/hr/events/online-veranstaltung-gemeinsam-gegen-anfeindungen-und-rechtsextreme-einflussnahme-im-verein/", "path": "/ostallgaeu/hr/events/online-veranstaltung-gemeinsam-gegen-anfeindungen-und-rechtsextreme-einflussnahme-im-verein/"}, "en": {"id": null, "url": "https://admin.integreat-app.de/ostallgaeu/en/events/online-veranstaltung-gemeinsam-gegen-anfeindungen-und-rechtsextreme-einflussnahme-im-verein/", "path": "/ostallgaeu/en/events/online-veranstaltung-gemeinsam-gegen-anfeindungen-und-rechtsextreme-einflussnahme-im-verein/"}, "es": {"id": null, "url": "https://admin.integreat-app.de/ostallgaeu/es/events/online-veranstaltung-gemeinsam-gegen-anfeindungen-und-rechtsextreme-einflussnahme-im-verein/", "path": "/ostallgaeu/es/events/online-veranstaltung-gemeinsam-gegen-anfeindungen-und-rechtsextreme-einflussnahme-im-verein/"}, "fr": {"id": null, "url": "https://admin.integreat-app.de/ostallgaeu/fr/events/online-veranstaltung-gemeinsam-gegen-anfeindungen-und-rechtsextreme-einflussnahme-im-verein/", "path": "/ostallgaeu/fr/events/online-veranstaltung-gemeinsam-gegen-anfeindungen-und-rechtsextreme-einflussnahme-im-verein/"}, "ar": {"id": null, "url": "https://admin.integreat-app.de/ostallgaeu/ar/events/online-veranstaltung-gemeinsam-gegen-anfeindungen-und-rechtsextreme-einflussnahme-im-verein/", "path": "/ostallgaeu/ar/events/online-veranstaltung-gemeinsam-gegen-anfeindungen-und-rechtsextreme-einflussnahme-im-verein/"}, "fa": {"id": null, "url": "https://admin.integreat-app.de/ostallgaeu/fa/events/online-veranstaltung-gemeinsam-gegen-anfeindungen-und-rechtsextreme-einflussnahme-im-verein/", "path": "/ostallgaeu/fa/events/online-veranstaltung-gemeinsam-gegen-anfeindungen-und-rechtsextreme-einflussnahme-im-verein/"}, "ro": {"id": null, "url": "https://admin.integreat-app.de/ostallgaeu/ro/events/online-veranstaltung-gemeinsam-gegen-anfeindungen-und-rechtsextreme-einflussnahme-im-verein/", "path": "/ostallgaeu/ro/events/online-veranstaltung-gemeinsam-gegen-anfeindungen-und-rechtsextreme-einflussnahme-im-verein/"}, "ru": {"id": null, "url": "https://admin.integreat-app.de/ostallgaeu/ru/events/online-veranstaltung-gemeinsam-gegen-anfeindungen-und-rechtsextreme-einflussnahme-im-verein/", "path": "/ostallgaeu/ru/events/online-veranstaltung-gemeinsam-gegen-anfeindungen-und-rechtsextreme-einflussnahme-im-verein/"}, "tr": {"id": null, "url": "https://admin.integreat-app.de/ostallgaeu/tr/events/online-veranstaltung-gemeinsam-gegen-anfeindungen-und-rechtsextreme-einflussnahme-im-verein/", "path": "/ostallgaeu/tr/events/online-veranstaltung-gemeinsam-gegen-anfeindungen-und-rechtsextreme-einflussnahme-im-verein/"}, "uk": {"id": null, "url": "https://admin.integreat-app.de/ostallgaeu/uk/events/online-veranstaltung-gemeinsam-gegen-anfeindungen-und-rechtsextreme-einflussnahme-im-verein/", "path": "/ostallgaeu/uk/events/online-veranstaltung-gemeinsam-gegen-anfeindungen-und-rechtsextreme-einflussnahme-im-verein/"}, "ti": {"id": null, "url": "https://admin.integreat-app.de/ostallgaeu/ti/events/online-veranstaltung-gemeinsam-gegen-anfeindungen-und-rechtsextreme-einflussnahme-im-verein/", "path": "/ostallgaeu/ti/events/online-veranstaltung-gemeinsam-gegen-anfeindungen-und-rechtsextreme-einflussnahme-im-verein/"}}, "thumbnail": "https://admin.integreat-app.de/media/regions/181/2017/11/internet17.png", "location": {"id": null, "name": null, "address": null, "town": null, "state": null, "postcode": null, "region": null, "country": null, "latitude": null, "longitude": null}, "location_path": null, "meeting_url": null, "event": {"id": 19821, "start": "2026-05-20T11:00:00+02:00", "start_date": "2026-05-20", "start_time": "11:00:00", "end": "2026-05-20T13:00:00+02:00", "end_date": "2026-05-20", "end_time": "13:00:00", "all_day": false, "only_weekdays": false, "recurrence_id": null, "timezone": "Europe/Berlin"}, "hash": null, "recurrence_rule": null}, {"id": 312110, "url": "https://admin.integreat-app.de/ostallgaeu/de/events/online-fortbildung-geas-iii-screening-verfahren/", "path": "/ostallgaeu/de/events/online-fortbildung-geas-iii-screening-verfahren/", "title": "Online-Fortbildung: GEAS III: Screening-Verfahren", "modified_gmt": "2026-04-08T05:30:46.745Z", "last_updated": "2026-04-08T07:30:46.745+02:00", "excerpt": "Datum:20. Mai 2026Zeit:18:30 - 20:30 Uhr\r\n\u00dcberblick \u00fcber den Ablauf und die Konsequenzen des Screening-Verfahrens an den EU-Au\u00dfengrenzen und im Inland.\r\nMit RAin Josephine Kolbering\r\n\r\nHier geht es zur Anmeldung.\u00a0\r\n\r\n\u00a0\r\nDie Fortbildung findet online \u00fcber die Videoplattform Zoom statt. Der Link wird am Tag der Veranstaltung verschickt.", "content": "<div><p>Datum:20. Mai 2026<br>Zeit:18:30 - 20:30 Uhr</p>\r\n<p>\u00dcberblick \u00fcber den Ablauf und die Konsequenzen des Screening-Verfahrens an den EU-Au\u00dfengrenzen und im Inland.</p>\r\n<p>Mit RAin Josephine Kolbering</p>\r\n<a href=\"https://muenchner-fluechtlingsrat.de/termine/fortbildung-geas-iii-screening-verfahren/\" class=\"link-external\">\r\n<p>Hier geht es zur Anmeldung.\u00a0</p>\r\n</a>\r\n<p>\u00a0</p>\r\n<p>Die Fortbildung findet online \u00fcber die Videoplattform Zoom statt. Der Link wird am Tag der Veranstaltung verschickt.</p></div>", "available_languages": {"hr": {"id": null, "url": "https://admin.integreat-app.de/ostallgaeu/hr/events/online-fortbildung-geas-iii-screening-verfahren/", "path": "/ostallgaeu/hr/events/online-fortbildung-geas-iii-screening-verfahren/"}, "en": {"id": null, "url": "https://admin.integreat-app.de/ostallgaeu/en/events/online-fortbildung-geas-iii-screening-verfahren/", "path": "/ostallgaeu/en/events/online-fortbildung-geas-iii-screening-verfahren/"}, "es": {"id": null, "url": "https://admin.integreat-app.de/ostallgaeu/es/events/online-fortbildung-geas-iii-screening-verfahren/", "path": "/ostallgaeu/es/events/online-fortbildung-geas-iii-screening-verfahren/"}, "fr": {"id": null, "url": "https://admin.integreat-app.de/ostallgaeu/fr/events/online-fortbildung-geas-iii-screening-verfahren/", "path": "/ostallgaeu/fr/events/online-fortbildung-geas-iii-screening-verfahren/"}, "ar": {"id": null, "url": "https://admin.integreat-app.de/ostallgaeu/ar/events/online-fortbildung-geas-iii-screening-verfahren/", "path": "/ostallgaeu/ar/events/online-fortbildung-geas-iii-screening-verfahren/"}, "fa": {"id": null, "url": "https://admin.integreat-app.de/ostallgaeu/fa/events/online-fortbildung-geas-iii-screening-verfahren/", "path": "/ostallgaeu/fa/events/online-fortbildung-geas-iii-screening-verfahren/"}, "ro": {"id": null, "url": "https://admin.integreat-app.de/ostallgaeu/ro/events/online-fortbildung-geas-iii-screening-verfahren/", "path": "/ostallgaeu/ro/events/online-fortbildung-geas-iii-screening-verfahren/"}, "ru": {"id": null, "url": "https://admin.integreat-app.de/ostallgaeu/ru/events/online-fortbildung-geas-iii-screening-verfahren/", "path": "/ostallgaeu/ru/events/online-fortbildung-geas-iii-screening-verfahren/"}, "tr": {"id": null, "url": "https://admin.integreat-app.de/ostallgaeu/tr/events/online-fortbildung-geas-iii-screening-verfahren/", "path": "/ostallgaeu/tr/events/online-fortbildung-geas-iii-screening-verfahren/"}, "uk": {"id": null, "url": "https://admin.integreat-app.de/ostallgaeu/uk/events/online-fortbildung-geas-iii-screening-verfahren/", "path": "/ostallgaeu/uk/events/online-fortbildung-geas-iii-screening-verfahren/"}, "ti": {"id": null, "url": "https://admin.integreat-app.de/ostallgaeu/ti/events/online-fortbildung-geas-iii-screening-verfahren/", "path": "/ostallgaeu/ti/events/online-fortbildung-geas-iii-screening-verfahren/"}}, "thumbnail": "https://admin.integreat-app.de/media/regions/181/2026/04/1775625629_fl%C3%BCra.png", "location": {"id": null, "name": null, "address": null, "town": null, "state": null, "postcode": null, "region": null, "country": null, "latitude": null, "longitude": null}, "location_path": null, "meeting_url": null, "event": {"id": 19370, "start": "2026-05-20T18:30:00+02:00", "start_date": "2026-05-20", "start_time": "18:30:00", "end": "2026-05-20T20:30:00+02:00", "end_date": "2026-05-20", "end_time": "20:30:00", "all_day": false, "only_weekdays": false, "recurrence_id": null, "timezone": "Europe/Berlin"}, "hash": null, "recurrence_rule": null}, {"id": 312538, "url": "https://admin.integreat-app.de/ostallgaeu/de/events/bewerben-mit-wenig-deutschkenntnissen-ki-co-online-3/", "path": "/ostallgaeu/de/events/bewerben-mit-wenig-deutschkenntnissen-ki-co-online-3/", "title": "Bewerben mit wenig Deutschkenntnissen \u2013 KI & Co (Online)", "modified_gmt": "2026-04-09T09:14:35.471Z", "last_updated": "2026-04-09T11:14:35.471+02:00", "excerpt": "\r\nBewerben mit wenig Deutschkenntnissen \u2013 KI &amp; Co\r\n\r\nKompakt Vortrag 2: 21.04.2026, 14:00 bis 15:00 Uhr\r\nWorkshop 2: 23.04.2026, 10:00 bis 12:30 Uhr\r\nKompakt Vortrag 3: 21.05.2026, 11:00 bis 12:00 Uhr\r\nKompakt Vortrag 4: 11.06.2026, 09:30 bis 10:30 Uhr\u00a0\r\n\r\nBitte nutzen Sie zur Anmeldung das Anmeldetool unten auf dieser Seite. Die Anmeldung ist bis sp\u00e4testens 2 Tage vor der jeweiligen Veranstaltung m\u00f6glich.\r\nUm einen Arbeits- oder Ausbildungsplatz zu finden, sind in Deutschland in der Regel Bewerbungsunterlagen erforderlich. Dies kann f\u00fcr zugewanderte Menschen eine gro\u00dfe Herausforderung darstellen, insbesondere aufgrund mangelnder Sprachkenntnisse. In unseren Veranstaltungen werden Tipps und Tools zum Bewerbungsschreiben vorgestellt (mit und ohne KI).\u00a0\r\nDie Veranstaltung richtet sich vorrangig an Mitarbeitende und Ehrenamtliche in der Migrationsarbeit. Dar\u00fcber hinaus sind alle interessierten Personen mit Flucht- oder Migrationsgeschichte herzlich willkommen, die \u00fcber gute Deutschkenntnisse auf Niveau B2/C1 verf\u00fcgen.\r\nVorgesehen sind zwei unterschiedliche Formate: KOMPAKT Vortrag (ca. 1 Stunde) und WORKSHOP (2,5 Stunden). \u00a0Das Kompakt\u2011Format eignet sich besonders f\u00fcr Personen, die schnell informiert sein m\u00f6chten, wenig Zeit haben oder intern erste Impulse weitergeben wollen. Das Workshop-Format eignet sich besonders f\u00fcr Menschen, die noch wenig Erfahrung mit KI haben und die KI aktiv im Berufsalltag nutzen m\u00f6chten, eigene praktische Erfahrungen machen m\u00f6chten und konkrete Anwendungssicherheit w\u00fcnschen.\r\n", "content": "<div>\r\n<p>Bewerben mit wenig Deutschkenntnissen \u2013 KI &amp; Co</p>\r\n<ul>\r\n<li>Kompakt Vortrag 2: 21.04.2026, 14:00 bis 15:00 Uhr</li>\r\n<li>Workshop 2: 23.04.2026, 10:00 bis 12:30 Uhr</li>\r\n<li>Kompakt Vortrag 3: 21.05.2026, 11:00 bis 12:00 Uhr</li>\r\n<li>Kompakt Vortrag 4: 11.06.2026, 09:30 bis 10:30 Uhr\u00a0</li>\r\n</ul>\r\n<p><a class=\"link-external\" href=\"https://www.kausa-bayern.de/infothek/veranstaltungen\">Bitte nutzen Sie zur Anmeldung das Anmeldetool unten auf dieser Seite</a>. Die Anmeldung ist bis sp\u00e4testens 2 Tage vor der jeweiligen Veranstaltung m\u00f6glich.</p>\r\n<p>Um einen Arbeits- oder Ausbildungsplatz zu finden, sind in Deutschland in der Regel Bewerbungsunterlagen erforderlich. Dies kann f\u00fcr zugewanderte Menschen eine gro\u00dfe Herausforderung darstellen, insbesondere aufgrund mangelnder Sprachkenntnisse. In unseren Veranstaltungen werden Tipps und Tools zum Bewerbungsschreiben vorgestellt (mit und ohne KI).\u00a0</p>\r\n<p>Die Veranstaltung richtet sich vorrangig an Mitarbeitende und Ehrenamtliche in der Migrationsarbeit. Dar\u00fcber hinaus sind alle interessierten Personen mit Flucht- oder Migrationsgeschichte herzlich willkommen, die \u00fcber gute Deutschkenntnisse auf Niveau B2/C1 verf\u00fcgen.</p>\r\n<p>Vorgesehen sind zwei unterschiedliche Formate: KOMPAKT Vortrag (ca. 1 Stunde) und WORKSHOP (2,5 Stunden). \u00a0Das Kompakt\u2011Format eignet sich besonders f\u00fcr Personen, die schnell informiert sein m\u00f6chten, wenig Zeit haben oder intern erste Impulse weitergeben wollen. Das Workshop-Format eignet sich besonders f\u00fcr Menschen, die noch wenig Erfahrung mit KI haben und die KI aktiv im Berufsalltag nutzen m\u00f6chten, eigene praktische Erfahrungen machen m\u00f6chten und konkrete Anwendungssicherheit w\u00fcnschen.</p>\r\n</div>", "available_languages": {"hr": {"id": 312539, "url": "https://admin.integreat-app.de/ostallgaeu/hr/events/prijava-za-posao-s-ograni\u010denim-znanjem-njema\u010dkog-jezika-ai-i-dr-online-3/", "path": "/ostallgaeu/hr/events/prijava-za-posao-s-ograni\u010denim-znanjem-njema\u010dkog-jezika-ai-i-dr-online-3/"}, "en": {"id": 312540, "url": "https://admin.integreat-app.de/ostallgaeu/en/events/applying-with-little-knowledge-of-german-ki-amp-co-online-3/", "path": "/ostallgaeu/en/events/applying-with-little-knowledge-of-german-ki-amp-co-online-3/"}, "es": {"id": 312541, "url": "https://admin.integreat-app.de/ostallgaeu/es/events/solicitud-con-escasos-conocimientos-de-alem\u00e1n-ki-amp-co-online-3/", "path": "/ostallgaeu/es/events/solicitud-con-escasos-conocimientos-de-alem\u00e1n-ki-amp-co-online-3/"}, "fr": {"id": 312542, "url": "https://admin.integreat-app.de/ostallgaeu/fr/events/postuler-avec-peu-de-connaissances-en-allemand-ia-amp-co-online-3/", "path": "/ostallgaeu/fr/events/postuler-avec-peu-de-connaissances-en-allemand-ia-amp-co-online-3/"}, "ar": {"id": 312543, "url": "https://admin.integreat-app.de/ostallgaeu/ar/events/\u0627\u0644\u062a\u0642\u062f\u064a\u0645-\u0645\u0639-\u0645\u0639\u0631\u0641\u0629-\u0642\u0644\u064a\u0644\u0629-\u0628\u0627\u0644\u0644\u063a\u0629-\u0627\u0644\u0623\u0644\u0645\u0627\u0646\u064a\u0629-ki-amp-co-\u0639\u0628\u0631-\u0627\u0644\u0625\u0646\u062a\u0631\u0646\u062a-3/", "path": "/ostallgaeu/ar/events/\u0627\u0644\u062a\u0642\u062f\u064a\u0645-\u0645\u0639-\u0645\u0639\u0631\u0641\u0629-\u0642\u0644\u064a\u0644\u0629-\u0628\u0627\u0644\u0644\u063a\u0629-\u0627\u0644\u0623\u0644\u0645\u0627\u0646\u064a\u0629-ki-amp-co-\u0639\u0628\u0631-\u0627\u0644\u0625\u0646\u062a\u0631\u0646\u062a-3/"}, "fa": {"id": 312544, "url": "https://admin.integreat-app.de/ostallgaeu/fa/events/\u062f\u0631\u062e\u0648\u0627\u0633\u062a-\u0634\u063a\u0644-\u0628\u0627-\u0645\u0647\u0627\u0631\u062a-\u0645\u062d\u062f\u0648\u062f-\u062f\u0631-\u0632\u0628\u0627\u0646-\u0622\u0644\u0645\u0627\u0646\u06cc-\u0647\u0648\u0634-\u0645\u0635\u0646\u0648\u0639\u06cc-\u0648-\u0647\u0645\u06a9\u0627\u0631\u0627\u0646-\u0622\u0646\u0644\u0627\u06cc\u0646-3/", "path": "/ostallgaeu/fa/events/\u062f\u0631\u062e\u0648\u0627\u0633\u062a-\u0634\u063a\u0644-\u0628\u0627-\u0645\u0647\u0627\u0631\u062a-\u0645\u062d\u062f\u0648\u062f-\u062f\u0631-\u0632\u0628\u0627\u0646-\u0622\u0644\u0645\u0627\u0646\u06cc-\u0647\u0648\u0634-\u0645\u0635\u0646\u0648\u0639\u06cc-\u0648-\u0647\u0645\u06a9\u0627\u0631\u0627\u0646-\u0622\u0646\u0644\u0627\u06cc\u0646-3/"}, "ro": {"id": 312545, "url": "https://admin.integreat-app.de/ostallgaeu/ro/events/aplicare-cu-cuno\u0219tin\u021be-reduse-de-german\u0103-ki-amp-co-online-3/", "path": "/ostallgaeu/ro/events/aplicare-cu-cuno\u0219tin\u021be-reduse-de-german\u0103-ki-amp-co-online-3/"}, "ru": {"id": 312546, "url": "https://admin.integreat-app.de/ostallgaeu/ru/events/\u043f\u0440\u0438\u0435\u043c-\u043d\u0430-\u0440\u0430\u0431\u043e\u0442\u0443-\u0441-\u043d\u0435\u0431\u043e\u043b\u044c\u0448\u0438\u043c-\u0437\u043d\u0430\u043d\u0438\u0435\u043c-\u043d\u0435\u043c\u0435\u0446\u043a\u043e\u0433\u043e-\u044f\u0437\u044b\u043a\u0430-ki-amp-co-online-3/", "path": "/ostallgaeu/ru/events/\u043f\u0440\u0438\u0435\u043c-\u043d\u0430-\u0440\u0430\u0431\u043e\u0442\u0443-\u0441-\u043d\u0435\u0431\u043e\u043b\u044c\u0448\u0438\u043c-\u0437\u043d\u0430\u043d\u0438\u0435\u043c-\u043d\u0435\u043c\u0435\u0446\u043a\u043e\u0433\u043e-\u044f\u0437\u044b\u043a\u0430-ki-amp-co-online-3/"}, "tr": {"id": 312547, "url": "https://admin.integreat-app.de/ostallgaeu/tr/events/az-almanca-bilgisiyle-ba\u015fvuru-ki-amp-co-\u00e7evrimi\u00e7i-3/", "path": "/ostallgaeu/tr/events/az-almanca-bilgisiyle-ba\u015fvuru-ki-amp-co-\u00e7evrimi\u00e7i-3/"}, "uk": {"id": 312548, "url": "https://admin.integreat-app.de/ostallgaeu/uk/events/\u043f\u043e\u0434\u0430\u0447\u0430-\u0434\u043e\u043a\u0443\u043c\u0435\u043d\u0442\u0456\u0432-\u0437-\u043f\u043e\u0433\u0430\u043d\u0438\u043c-\u0437\u043d\u0430\u043d\u043d\u044f\u043c-\u043d\u0456\u043c\u0435\u0446\u044c\u043a\u043e\u0457-\u043c\u043e\u0432\u0438-ki-amp-co-\u043e\u043d\u043b\u0430\u0439\u043d-3/", "path": "/ostallgaeu/uk/events/\u043f\u043e\u0434\u0430\u0447\u0430-\u0434\u043e\u043a\u0443\u043c\u0435\u043d\u0442\u0456\u0432-\u0437-\u043f\u043e\u0433\u0430\u043d\u0438\u043c-\u0437\u043d\u0430\u043d\u043d\u044f\u043c-\u043d\u0456\u043c\u0435\u0446\u044c\u043a\u043e\u0457-\u043c\u043e\u0432\u0438-ki-amp-co-\u043e\u043d\u043b\u0430\u0439\u043d-3/"}, "ti": {"id": 312549, "url": "https://admin.integreat-app.de/ostallgaeu/ti/events/\u1265\u12cd\u1231\u1295-\u12ad\u12a5\u1208\u1275-\u1300\u122d\u1218\u1295-\u121d\u121d\u120d\u12ab\u1275-ai-co-online-3/", "path": "/ostallgaeu/ti/events/\u1265\u12cd\u1231\u1295-\u12ad\u12a5\u1208\u1275-\u1300\u122d\u1218\u1295-\u121d\u121d\u120d\u12ab\u1275-ai-co-online-3/"}}, "thumbnail": "https://admin.integreat-app.de/media/regions/181/2026/04/1775724585_kausa.png", "location": {"id": null, "name": null, "address": null, "town": null, "state": null, "postcode": null, "region": null, "country": null, "latitude": null, "longitude": null}, "location_path": null, "meeting_url": null, "event": {"id": 19403, "start": "2026-05-21T11:00:00+02:00", "start_date": "2026-05-21", "start_time": "11:00:00", "end": "2026-05-21T12:00:00+02:00", "end_date": "2026-05-21", "end_time": "12:00:00", "all_day": false, "only_weekdays": false, "recurrence_id": null, "timezone": "Europe/Berlin"}, "hash": null, "recurrence_rule": null}, {"id": 279777, "url": "https://admin.integreat-app.de/ostallgaeu/de/events/kommunale-integration-informationen-zur-anerkennung-ausl\u00e4ndischer-qualifikationen-deutschenglisch/", "path": "/ostallgaeu/de/events/kommunale-integration-informationen-zur-anerkennung-ausl\u00e4ndischer-qualifikationen-deutschenglisch/", "title": "Kommunale Integration: Informationen zur Anerkennung ausl\u00e4ndischer Qualifikationen (Deutsch&Englisch)", "modified_gmt": "2026-02-12T08:37:50.163Z", "last_updated": "2026-02-12T09:37:50.163+01:00", "excerpt": "\r\n\r\nDie IQ-Anerkennungsberatung (T\u00fcr an T\u00fcr gGmbH) informiert Sie \u00fcber die M\u00f6glichkeiten der beruflichen Anerkennung.\r\nSie erkl\u00e4rt\u00a0 Ihnen wie der Anerkennungsprozess funktioniert und\u00a0 was Sie daf\u00fcr brauchen. Nach der Informationsveranstaltung empfehlen wir eine individuelle Fachberatung f\u00fcr Ihre Qualifikation. Auf der Veranstaltung k\u00f6nnen Sie sich f\u00fcr die Fachberatung registrieren.\r\nDie Veranstaltung findet auf Deutsch und Englisch statt!\r\n\u00a0\r\nAnmeldung bis 14.05.2026\u00a0unter Angabe von Name, Telefonnummer, E-Mail-Adresse und Helferkreis/Einrichtung/Funktion\u2022 per E-Mail an: integration@lra-oal.bayern.de\u00a0\u2022 telefonisch 08342 911-794 \u00a0oder 08342 911-194 oder\u2022 schriftlich an\u00a0\u00a0Landratsamt Ostallg\u00e4u\u00a0\u00a0Kommunale Integration\u00a0Schwabenstra\u00dfe 11\u00a087616 Marktoberdorf\r\n\r\n\u00a0\r\n\r\nAlle Veranstaltungen sind im aktuellen Veranstaltungsprogramm.\r\n", "content": "<div>\r\n<div>\r\n<p>Die IQ-Anerkennungsberatung (T\u00fcr an T\u00fcr gGmbH) informiert Sie \u00fcber die M\u00f6glichkeiten der beruflichen Anerkennung.</p>\r\n<p>Sie erkl\u00e4rt\u00a0 Ihnen wie der Anerkennungsprozess funktioniert und\u00a0 was Sie daf\u00fcr brauchen. Nach der Informationsveranstaltung empfehlen wir eine individuelle Fachberatung f\u00fcr Ihre Qualifikation. Auf der Veranstaltung k\u00f6nnen Sie sich f\u00fcr die Fachberatung registrieren.</p>\r\n<p>Die Veranstaltung findet auf Deutsch und Englisch statt!</p>\r\n<p>\u00a0</p>\r\n<p><strong>Anmeldung bis 14.05.2026</strong>\u00a0unter Angabe von Name, Telefonnummer, E-Mail-Adresse und Helferkreis/Einrichtung/Funktion<br>\u2022 per E-Mail an: <a class=\"link-external\" href=\"https://integration@lra-oal.bayern.de\">integration@lra-oal.bayern.de\u00a0</a><br>\u2022 telefonisch <a class=\"link-external\" href=\"tel:+498342911794\">08342 911-794</a> \u00a0oder <a class=\"link-external\" href=\"tel:+498342911194\">08342 911-194</a> oder<br>\u2022 schriftlich an\u00a0<br>\u00a0Landratsamt Ostallg\u00e4u\u00a0<br>\u00a0Kommunale Integration<br>\u00a0Schwabenstra\u00dfe 11<br>\u00a087616 Marktoberdorf</p>\r\n<p><a tabindex=\"-1\" href=\"https://admin.integreat-app.de/media/regions/181/2026/02/1770885252_RXQWHES.jpg\" aria-hidden=\"true\"><img style=\"display: block; margin-left: auto; margin-right: auto;\" src=\"https://admin.integreat-app.de/media/regions/181/2026/02/1770885252_RXQWHES.jpg\" alt=\"\" width=\"776\" height=\"1097\"></a></p>\r\n<p>\u00a0</p>\r\n</div>\r\n<p>Alle Veranstaltungen sind im <a href=\"https://admin.integreat-app.de/media/regions/181/2026/02/1770885045_Faltblatt_Marz_bis_Juli_2026_webversion.pdf\">aktuellen Veranstaltungsprogramm</a>.</p>\r\n</div>", "available_languages": {"hr": {"id": 279788, "url": "https://admin.integreat-app.de/ostallgaeu/hr/events/integracija-op\u0107ina-informacije-o-priznavanju-stranih-kvalifikacija-njema\u010dki-i-engleski/", "path": "/ostallgaeu/hr/events/integracija-op\u0107ina-informacije-o-priznavanju-stranih-kvalifikacija-njema\u010dki-i-engleski/"}, "en": {"id": 279778, "url": "https://admin.integreat-app.de/ostallgaeu/en/events/municipal-integration-information-on-the-recognition-of-foreign-qualifications-germanampenglish/", "path": "/ostallgaeu/en/events/municipal-integration-information-on-the-recognition-of-foreign-qualifications-germanampenglish/"}, "es": {"id": 279779, "url": "https://admin.integreat-app.de/ostallgaeu/es/events/integraci\u00f3n-municipal-informaci\u00f3n-sobre-el-reconocimiento-de-cualificaciones-extranjeras-alem\u00e1n-e-ingl\u00e9s/", "path": "/ostallgaeu/es/events/integraci\u00f3n-municipal-informaci\u00f3n-sobre-el-reconocimiento-de-cualificaciones-extranjeras-alem\u00e1n-e-ingl\u00e9s/"}, "fr": {"id": 279780, "url": "https://admin.integreat-app.de/ostallgaeu/fr/events/int\u00e9gration-communale-informations-sur-la-reconnaissance-des-qualifications-\u00e9trang\u00e8res-allemandampanglais/", "path": "/ostallgaeu/fr/events/int\u00e9gration-communale-informations-sur-la-reconnaissance-des-qualifications-\u00e9trang\u00e8res-allemandampanglais/"}, "ar": {"id": 279781, "url": "https://admin.integreat-app.de/ostallgaeu/ar/events/\u0627\u0644\u0627\u0646\u062f\u0645\u0627\u062c-\u0627\u0644\u0628\u0644\u062f\u064a-\u0645\u0639\u0644\u0648\u0645\u0627\u062a-\u0639\u0646-\u0627\u0644\u0627\u0639\u062a\u0631\u0627\u0641-\u0628\u0627\u0644\u0645\u0624\u0647\u0644\u0627\u062a-\u0627\u0644\u0623\u062c\u0646\u0628\u064a\u0629-\u0627\u0644\u0623\u0644\u0645\u0627\u0646\u064a\u0629-\u0648\u0627\u0644\u0625\u0646\u062c\u0644\u064a\u0632\u064a\u0629/", "path": "/ostallgaeu/ar/events/\u0627\u0644\u0627\u0646\u062f\u0645\u0627\u062c-\u0627\u0644\u0628\u0644\u062f\u064a-\u0645\u0639\u0644\u0648\u0645\u0627\u062a-\u0639\u0646-\u0627\u0644\u0627\u0639\u062a\u0631\u0627\u0641-\u0628\u0627\u0644\u0645\u0624\u0647\u0644\u0627\u062a-\u0627\u0644\u0623\u062c\u0646\u0628\u064a\u0629-\u0627\u0644\u0623\u0644\u0645\u0627\u0646\u064a\u0629-\u0648\u0627\u0644\u0625\u0646\u062c\u0644\u064a\u0632\u064a\u0629/"}, "fa": {"id": 279782, "url": "https://admin.integreat-app.de/ostallgaeu/fa/events/\u0627\u062f\u063a\u0627\u0645-\u0634\u0647\u0631\u06cc-\u0627\u0637\u0644\u0627\u0639\u0627\u062a\u06cc-\u062f\u0631-\u0645\u0648\u0631\u062f-\u0628\u0647-\u0631\u0633\u0645\u06cc\u062a-\u0634\u0646\u0627\u062e\u062a\u0646-\u0645\u062f\u0627\u0631\u06a9-\u062a\u062d\u0635\u06cc\u0644\u06cc-\u062e\u0627\u0631\u062c\u06cc-\u0622\u0644\u0645\u0627\u0646\u06cc-\u0648-\u0627\u0646\u06af\u0644\u06cc\u0633\u06cc/", "path": "/ostallgaeu/fa/events/\u0627\u062f\u063a\u0627\u0645-\u0634\u0647\u0631\u06cc-\u0627\u0637\u0644\u0627\u0639\u0627\u062a\u06cc-\u062f\u0631-\u0645\u0648\u0631\u062f-\u0628\u0647-\u0631\u0633\u0645\u06cc\u062a-\u0634\u0646\u0627\u062e\u062a\u0646-\u0645\u062f\u0627\u0631\u06a9-\u062a\u062d\u0635\u06cc\u0644\u06cc-\u062e\u0627\u0631\u062c\u06cc-\u0622\u0644\u0645\u0627\u0646\u06cc-\u0648-\u0627\u0646\u06af\u0644\u06cc\u0633\u06cc/"}, "ro": {"id": 279783, "url": "https://admin.integreat-app.de/ostallgaeu/ro/events/integrare-municipal\u0103-informa\u021bii-privind-recunoa\u0219terea-calific\u0103rilor-str\u0103ine-german\u0103ampenglez\u0103/", "path": "/ostallgaeu/ro/events/integrare-municipal\u0103-informa\u021bii-privind-recunoa\u0219terea-calific\u0103rilor-str\u0103ine-german\u0103ampenglez\u0103/"}, "ru": {"id": 279784, "url": "https://admin.integreat-app.de/ostallgaeu/ru/events/\u043c\u0443\u043d\u0438\u0446\u0438\u043f\u0430\u043b\u044c\u043d\u0430\u044f-\u0438\u043d\u0442\u0435\u0433\u0440\u0430\u0446\u0438\u044f-\u0438\u043d\u0444\u043e\u0440\u043c\u0430\u0446\u0438\u044f-\u043e-\u043f\u0440\u0438\u0437\u043d\u0430\u043d\u0438\u0438-\u0438\u043d\u043e\u0441\u0442\u0440\u0430\u043d\u043d\u044b\u0445-\u043a\u0432\u0430\u043b\u0438\u0444\u0438\u043a\u0430\u0446\u0438\u0439-\u043d\u0435\u043c\u0435\u0446\u043a\u0438\u0439-\u0438-\u0430\u043d\u0433\u043b\u0438\u0439\u0441\u043a\u0438\u0439-\u044f\u0437\u044b\u043a\u0438/", "path": "/ostallgaeu/ru/events/\u043c\u0443\u043d\u0438\u0446\u0438\u043f\u0430\u043b\u044c\u043d\u0430\u044f-\u0438\u043d\u0442\u0435\u0433\u0440\u0430\u0446\u0438\u044f-\u0438\u043d\u0444\u043e\u0440\u043c\u0430\u0446\u0438\u044f-\u043e-\u043f\u0440\u0438\u0437\u043d\u0430\u043d\u0438\u0438-\u0438\u043d\u043e\u0441\u0442\u0440\u0430\u043d\u043d\u044b\u0445-\u043a\u0432\u0430\u043b\u0438\u0444\u0438\u043a\u0430\u0446\u0438\u0439-\u043d\u0435\u043c\u0435\u0446\u043a\u0438\u0439-\u0438-\u0430\u043d\u0433\u043b\u0438\u0439\u0441\u043a\u0438\u0439-\u044f\u0437\u044b\u043a\u0438/"}, "tr": {"id": 279785, "url": "https://admin.integreat-app.de/ostallgaeu/tr/events/belediye-entegrasyonu-yabanc\u0131-niteliklerin-tan\u0131nmas\u0131na-ili\u015fkin-bilgiler-almancaampingilizce/", "path": "/ostallgaeu/tr/events/belediye-entegrasyonu-yabanc\u0131-niteliklerin-tan\u0131nmas\u0131na-ili\u015fkin-bilgiler-almancaampingilizce/"}, "uk": {"id": 279786, "url": "https://admin.integreat-app.de/ostallgaeu/uk/events/\u043c\u0443\u043d\u0456\u0446\u0438\u043f\u0430\u043b\u044c\u043d\u0430-\u0456\u043d\u0442\u0435\u0433\u0440\u0430\u0446\u0456\u044f-\u0456\u043d\u0444\u043e\u0440\u043c\u0430\u0446\u0456\u044f-\u043f\u0440\u043e-\u0432\u0438\u0437\u043d\u0430\u043d\u043d\u044f-\u0456\u043d\u043e\u0437\u0435\u043c\u043d\u0438\u0445-\u043a\u0432\u0430\u043b\u0456\u0444\u0456\u043a\u0430\u0446\u0456\u0439-\u043d\u0456\u043c\u0435\u0446\u044c\u043a\u043e\u044e-\u0442\u0430-\u0430\u043d\u0433\u043b\u0456\u0439\u0441\u044c\u043a\u043e\u044e-\u043c\u043e\u0432\u0430\u043c\u0438/", "path": "/ostallgaeu/uk/events/\u043c\u0443\u043d\u0456\u0446\u0438\u043f\u0430\u043b\u044c\u043d\u0430-\u0456\u043d\u0442\u0435\u0433\u0440\u0430\u0446\u0456\u044f-\u0456\u043d\u0444\u043e\u0440\u043c\u0430\u0446\u0456\u044f-\u043f\u0440\u043e-\u0432\u0438\u0437\u043d\u0430\u043d\u043d\u044f-\u0456\u043d\u043e\u0437\u0435\u043c\u043d\u0438\u0445-\u043a\u0432\u0430\u043b\u0456\u0444\u0456\u043a\u0430\u0446\u0456\u0439-\u043d\u0456\u043c\u0435\u0446\u044c\u043a\u043e\u044e-\u0442\u0430-\u0430\u043d\u0433\u043b\u0456\u0439\u0441\u044c\u043a\u043e\u044e-\u043c\u043e\u0432\u0430\u043c\u0438/"}, "ti": {"id": 279787, "url": "https://admin.integreat-app.de/ostallgaeu/ti/events/\u121d\u12cd\u1205\u1203\u12f5-\u12ae\u1219\u1295-\u1213\u1260\u122c\u1273-\u1265\u12db\u12d5\u1263-\u12a3\u134d\u120d\u1326-\u1293\u12ed-\u12c8\u133b\u12a2-\u1265\u1255\u12d3\u1275-german-english/", "path": "/ostallgaeu/ti/events/\u121d\u12cd\u1205\u1203\u12f5-\u12ae\u1219\u1295-\u1213\u1260\u122c\u1273-\u1265\u12db\u12d5\u1263-\u12a3\u134d\u120d\u1326-\u1293\u12ed-\u12c8\u133b\u12a2-\u1265\u1255\u12d3\u1275-german-english/"}}, "thumbnail": "https://admin.integreat-app.de/media/regions/181/2023/02/h%C3%A4ndebutton.jpg", "location": {"id": 143, "name": "Landratsamt Ostallg\u00e4u", "address": "Schwabenstr. 11", "town": "Marktoberdorf", "state": null, "postcode": "87616", "region": null, "country": "Deutschland", "latitude": 47.7822637, "longitude": 10.6161969}, "location_path": "/ostallgaeu/de/locations/landratsamt-ostallgaeu-2/", "meeting_url": null, "event": {"id": 17217, "start": "2026-05-21T16:30:00+02:00", "start_date": "2026-05-21", "start_time": "16:30:00", "end": "2026-05-21T19:00:00+02:00", "end_date": "2026-05-21", "end_time": "19:00:00", "all_day": false, "only_weekdays": false, "recurrence_id": null, "timezone": "Europe/Berlin"}, "hash": null, "recurrence_rule": null}, {"id": 312619, "url": "https://admin.integreat-app.de/ostallgaeu/de/events/duale-ausbildung-infoabend-f\u00fcr-eltern-und-sch\u00fclerinnen-russisch-online/", "path": "/ostallgaeu/de/events/duale-ausbildung-infoabend-f\u00fcr-eltern-und-sch\u00fclerinnen-russisch-online/", "title": "Duale Ausbildung: Infoabend f\u00fcr Eltern und Sch\u00fcler*innen RUSSISCH (Online)", "modified_gmt": "2026-04-09T09:48:57.282Z", "last_updated": "2026-04-09T11:48:57.282+02:00", "excerpt": "\r\nBerufswahl \u2013 Online-Infoabende f\u00fcr Eltern und Sch\u00fcler in 8 Sprachen\r\nAlle Eltern-Infoabende finden online von 18:30 - 20:00 Uhr statt. \u00a0Eine Anmeldung ist nicht erforderlich. Der Einwahl-Link f\u00fchrt Sie zur aktuellen Veranstaltung.\r\nDuale Ausbildung - Informationen f\u00fcr Eltern und Sch\u00fcler*innenIn Deutschland bietet eine duale Ausbildung sehr gute Zukunftschancen. Wie funktioniert eine duale Ausbildung? Welche Berufe gibt es? Wie findet man einen Ausbildungsplatz? Bei unseren mehrsprachigen Infoabenden erhalten Eltern und Sch\u00fcler Antworten. Es gibt viele praktische Tipps, wie der \u00dcbergang von der Schule ins Berufsleben gelingt! Start 18:30 Uhr, Login ab 18:15 Uhr.\r\n\r\nAnmeldung hier.\r\n", "content": "<div>\r\n<p>Berufswahl \u2013 Online-Infoabende f\u00fcr Eltern und Sch\u00fcler in 8 Sprachen</p>\r\n<p>Alle Eltern-Infoabende finden online von 18:30 - 20:00 Uhr statt. \u00a0Eine Anmeldung ist nicht erforderlich. Der Einwahl-Link f\u00fchrt Sie zur aktuellen Veranstaltung.</p>\r\n<p>Duale Ausbildung - Informationen f\u00fcr Eltern und Sch\u00fcler*innen<br>In Deutschland bietet eine duale Ausbildung sehr gute Zukunftschancen. Wie funktioniert eine duale Ausbildung? Welche Berufe gibt es? Wie findet man einen Ausbildungsplatz? Bei unseren mehrsprachigen Infoabenden erhalten Eltern und Sch\u00fcler Antworten. Es gibt viele praktische Tipps, wie der \u00dcbergang von der Schule ins Berufsleben gelingt! Start 18:30 Uhr, Login ab 18:15 Uhr.</p>\r\n<a class=\"link-external\" href=\"https://www.kausa-bayern.de/infothek/veranstaltungen\">\r\n<p>Anmeldung hier.</p>\r\n</a></div>", "available_languages": {"hr": {"id": null, "url": "https://admin.integreat-app.de/ostallgaeu/hr/events/duale-ausbildung-infoabend-f\u00fcr-eltern-und-sch\u00fclerinnen-russisch-online/", "path": "/ostallgaeu/hr/events/duale-ausbildung-infoabend-f\u00fcr-eltern-und-sch\u00fclerinnen-russisch-online/"}, "en": {"id": null, "url": "https://admin.integreat-app.de/ostallgaeu/en/events/duale-ausbildung-infoabend-f\u00fcr-eltern-und-sch\u00fclerinnen-russisch-online/", "path": "/ostallgaeu/en/events/duale-ausbildung-infoabend-f\u00fcr-eltern-und-sch\u00fclerinnen-russisch-online/"}, "es": {"id": null, "url": "https://admin.integreat-app.de/ostallgaeu/es/events/duale-ausbildung-infoabend-f\u00fcr-eltern-und-sch\u00fclerinnen-russisch-online/", "path": "/ostallgaeu/es/events/duale-ausbildung-infoabend-f\u00fcr-eltern-und-sch\u00fclerinnen-russisch-online/"}, "fr": {"id": null, "url": "https://admin.integreat-app.de/ostallgaeu/fr/events/duale-ausbildung-infoabend-f\u00fcr-eltern-und-sch\u00fclerinnen-russisch-online/", "path": "/ostallgaeu/fr/events/duale-ausbildung-infoabend-f\u00fcr-eltern-und-sch\u00fclerinnen-russisch-online/"}, "ar": {"id": null, "url": "https://admin.integreat-app.de/ostallgaeu/ar/events/duale-ausbildung-infoabend-f\u00fcr-eltern-und-sch\u00fclerinnen-russisch-online/", "path": "/ostallgaeu/ar/events/duale-ausbildung-infoabend-f\u00fcr-eltern-und-sch\u00fclerinnen-russisch-online/"}, "fa": {"id": null, "url": "https://admin.integreat-app.de/ostallgaeu/fa/events/duale-ausbildung-infoabend-f\u00fcr-eltern-und-sch\u00fclerinnen-russisch-online/", "path": "/ostallgaeu/fa/events/duale-ausbildung-infoabend-f\u00fcr-eltern-und-sch\u00fclerinnen-russisch-online/"}, "ro": {"id": null, "url": "https://admin.integreat-app.de/ostallgaeu/ro/events/duale-ausbildung-infoabend-f\u00fcr-eltern-und-sch\u00fclerinnen-russisch-online/", "path": "/ostallgaeu/ro/events/duale-ausbildung-infoabend-f\u00fcr-eltern-und-sch\u00fclerinnen-russisch-online/"}, "ru": {"id": 312487, "url": "https://admin.integreat-app.de/ostallgaeu/ru/events/\u0434\u0443\u0430\u043b\u044c\u043d\u043e\u0435-\u043e\u0431\u0443\u0447\u0435\u043d\u0438\u0435-\u0438\u043d\u0444\u043e\u0440\u043c\u0430\u0446\u0438\u043e\u043d\u043d\u044b\u0439-\u0432\u0435\u0447\u0435\u0440-\u0434\u043b\u044f-\u0440\u043e\u0434\u0438\u0442\u0435\u043b\u0435\u0439-\u0438-\u0443\u0447\u0435\u043d\u0438\u043a\u043e\u0432-\u0440\u0443\u0441\u0441\u043a\u0438\u0439-\u043e\u043d\u043b\u0430\u0439\u043d/", "path": "/ostallgaeu/ru/events/\u0434\u0443\u0430\u043b\u044c\u043d\u043e\u0435-\u043e\u0431\u0443\u0447\u0435\u043d\u0438\u0435-\u0438\u043d\u0444\u043e\u0440\u043c\u0430\u0446\u0438\u043e\u043d\u043d\u044b\u0439-\u0432\u0435\u0447\u0435\u0440-\u0434\u043b\u044f-\u0440\u043e\u0434\u0438\u0442\u0435\u043b\u0435\u0439-\u0438-\u0443\u0447\u0435\u043d\u0438\u043a\u043e\u0432-\u0440\u0443\u0441\u0441\u043a\u0438\u0439-\u043e\u043d\u043b\u0430\u0439\u043d/"}, "tr": {"id": null, "url": "https://admin.integreat-app.de/ostallgaeu/tr/events/duale-ausbildung-infoabend-f\u00fcr-eltern-und-sch\u00fclerinnen-russisch-online/", "path": "/ostallgaeu/tr/events/duale-ausbildung-infoabend-f\u00fcr-eltern-und-sch\u00fclerinnen-russisch-online/"}, "uk": {"id": 312488, "url": "https://admin.integreat-app.de/ostallgaeu/uk/events/\u0434\u0443\u0430\u043b\u044c\u043d\u0435-\u043d\u0430\u0432\u0447\u0430\u043d\u043d\u044f-\u0456\u043d\u0444\u043e\u0440\u043c\u0430\u0446\u0456\u0439\u043d\u0438\u0439-\u0432\u0435\u0447\u0456\u0440-\u0434\u043b\u044f-\u0431\u0430\u0442\u044c\u043a\u0456\u0432-\u0442\u0430-\u0443\u0447\u043d\u0456\u0432-\u0440\u043e\u0441\u0456\u0439\u0441\u044c\u043a\u0430-\u043e\u043d\u043b\u0430\u0439\u043d/", "path": "/ostallgaeu/uk/events/\u0434\u0443\u0430\u043b\u044c\u043d\u0435-\u043d\u0430\u0432\u0447\u0430\u043d\u043d\u044f-\u0456\u043d\u0444\u043e\u0440\u043c\u0430\u0446\u0456\u0439\u043d\u0438\u0439-\u0432\u0435\u0447\u0456\u0440-\u0434\u043b\u044f-\u0431\u0430\u0442\u044c\u043a\u0456\u0432-\u0442\u0430-\u0443\u0447\u043d\u0456\u0432-\u0440\u043e\u0441\u0456\u0439\u0441\u044c\u043a\u0430-\u043e\u043d\u043b\u0430\u0439\u043d/"}, "ti": {"id": null, "url": "https://admin.integreat-app.de/ostallgaeu/ti/events/duale-ausbildung-infoabend-f\u00fcr-eltern-und-sch\u00fclerinnen-russisch-online/", "path": "/ostallgaeu/ti/events/duale-ausbildung-infoabend-f\u00fcr-eltern-und-sch\u00fclerinnen-russisch-online/"}}, "thumbnail": "https://admin.integreat-app.de/media/regions/181/2026/04/1775724585_kausa.png", "location": {"id": null, "name": null, "address": null, "town": null, "state": null, "postcode": null, "region": null, "country": null, "latitude": null, "longitude": null}, "location_path": null, "meeting_url": null, "event": {"id": 19398, "start": "2026-05-21T18:30:00+02:00", "start_date": "2026-05-21", "start_time": "18:30:00", "end": "2026-05-21T20:00:00+02:00", "end_date": "2026-05-21", "end_time": "20:00:00", "all_day": false, "only_weekdays": false, "recurrence_id": null, "timezone": "Europe/Berlin"}, "hash": null, "recurrence_rule": null}, {"id": 312590, "url": "https://admin.integreat-app.de/ostallgaeu/de/events/betriebe-bilden-aus-tipps-f\u00fcr-multiplikatorinnen-und-selbstst\u00e4ndige-online/", "path": "/ostallgaeu/de/events/betriebe-bilden-aus-tipps-f\u00fcr-multiplikatorinnen-und-selbstst\u00e4ndige-online/", "title": "Betriebe bilden aus: Tipps f\u00fcr Multiplikator*innen und Selbstst\u00e4ndige (Online)", "modified_gmt": "2026-04-09T09:40:59.892Z", "last_updated": "2026-04-09T11:40:59.892+02:00", "excerpt": "\r\nBetriebe bilden aus: Tipps f\u00fcr Multiplikator*innen und Selbstst\u00e4ndigeBerufsausbildung: Neue Potentiale entdecken! Selbstst\u00e4ndige mit Migrationsbezug werden zu Ausbildungsbetrieben.\r\n\r\n10.06.2026, 10:00-11:30 Uhr (Anmeldeschluss: 08.06.2026)\r\n14.07.2026, 17:00-18:30 Uhr (Anmeldeschluss 12.07.2026)\r\n\r\nBitte nutzen Sie zur Anmeldung das Anmeldetool unten auf dieser Seite. Die Anmeldung ist bis sp\u00e4testens 2 Tage vor der jeweiligen Veranstaltung m\u00f6glich.\r\nBeide Online-Informationsveranstaltungen richten sich an Betriebe, interessierte Multiplikator*innen sowie Haupt- und Ehrenamtliche in der Integrationsarbeit. Unternehmungsgr\u00fcndungen durch Migrant*innen sind doppelt so h\u00e4ufig: Jede f\u00fcnfte Existenzgr\u00fcndung in Deutschland erfolgt durch sie.\r\n\r\nGleichzeitig ist die Beteiligung an der betrieblichen Berufsausbildung noch immer unterdurchschnittlich.\r\nWas sind die Voraussetzungen und Erfolgsfaktoren, damit auch diese Selbst\u00e4ndigen verst\u00e4rkt Ausbildungspl\u00e4tze anbieten?\r\n\r\nUnsere Informationsveranstaltung bietet einen \u00dcberblick \u00fcber die wichtigsten Themen vor und w\u00e4hrend der Ausbildung sowie Tipps zu F\u00f6rderm\u00f6glichkeiten f\u00fcr alle Beteiligten.\r\n", "content": "<div>\r\n<p>Betriebe bilden aus: Tipps f\u00fcr Multiplikator*innen und Selbstst\u00e4ndige<br>Berufsausbildung: Neue Potentiale entdecken! Selbstst\u00e4ndige mit Migrationsbezug werden zu Ausbildungsbetrieben.</p>\r\n<ul>\r\n<li>10.06.2026, 10:00-11:30 Uhr (Anmeldeschluss: 08.06.2026)</li>\r\n<li>14.07.2026, 17:00-18:30 Uhr (Anmeldeschluss 12.07.2026)</li>\r\n</ul>\r\n<p><a href=\"https://www.kausa-bayern.de/infothek/veranstaltungen\" class=\"link-external\">Bitte nutzen Sie zur Anmeldung das Anmeldetool unten auf dieser Seite</a>. Die Anmeldung ist bis sp\u00e4testens 2 Tage vor der jeweiligen Veranstaltung m\u00f6glich.</p>\r\n<p>Beide Online-Informationsveranstaltungen richten sich an Betriebe, interessierte Multiplikator*innen sowie Haupt- und Ehrenamtliche in der Integrationsarbeit. Unternehmungsgr\u00fcndungen durch Migrant*innen sind doppelt so h\u00e4ufig: Jede f\u00fcnfte Existenzgr\u00fcndung in Deutschland erfolgt durch sie.</p>\r\n<ul>\r\n<li>Gleichzeitig ist die Beteiligung an der betrieblichen Berufsausbildung noch immer unterdurchschnittlich.</li>\r\n<li>Was sind die Voraussetzungen und Erfolgsfaktoren, damit auch diese Selbst\u00e4ndigen verst\u00e4rkt Ausbildungspl\u00e4tze anbieten?</li>\r\n</ul>\r\n<p>Unsere Informationsveranstaltung bietet einen \u00dcberblick \u00fcber die wichtigsten Themen vor und w\u00e4hrend der Ausbildung sowie Tipps zu F\u00f6rderm\u00f6glichkeiten f\u00fcr alle Beteiligten.</p>\r\n</div>", "available_languages": {"hr": {"id": 312591, "url": "https://admin.integreat-app.de/ostallgaeu/hr/events/tvrtke-koje-nude-naukovanje-savjeti-za-influencere-i-samozaposlene-online/", "path": "/ostallgaeu/hr/events/tvrtke-koje-nude-naukovanje-savjeti-za-influencere-i-samozaposlene-online/"}, "en": {"id": 312592, "url": "https://admin.integreat-app.de/ostallgaeu/en/events/companies-provide-training-tips-for-multipliers-and-the-self-employed-online/", "path": "/ostallgaeu/en/events/companies-provide-training-tips-for-multipliers-and-the-self-employed-online/"}, "es": {"id": 312593, "url": "https://admin.integreat-app.de/ostallgaeu/es/events/las-empresas-imparten-formaci\u00f3n-consejos-para-multiplicadores-y-aut\u00f3nomos-en-l\u00ednea/", "path": "/ostallgaeu/es/events/las-empresas-imparten-formaci\u00f3n-consejos-para-multiplicadores-y-aut\u00f3nomos-en-l\u00ednea/"}, "fr": {"id": 312594, "url": "https://admin.integreat-app.de/ostallgaeu/fr/events/les-entreprises-forment-des-apprentis-conseils-pour-les-multiplicateurs-et-les-ind\u00e9pendants-en-ligne/", "path": "/ostallgaeu/fr/events/les-entreprises-forment-des-apprentis-conseils-pour-les-multiplicateurs-et-les-ind\u00e9pendants-en-ligne/"}, "ar": {"id": 312595, "url": "https://admin.integreat-app.de/ostallgaeu/ar/events/\u0627\u0644\u0634\u0631\u0643\u0627\u062a-\u0627\u0644\u062a\u064a-\u062a\u0642\u062f\u0645-\u0627\u0644\u062a\u062f\u0631\u064a\u0628-\u0646\u0635\u0627\u0626\u062d-\u0644\u0644\u0645\u0636\u0627\u0639\u0641\u064a\u0646-\u0648\u0627\u0644\u0639\u0627\u0645\u0644\u064a\u0646-\u0644\u062d\u0633\u0627\u0628\u0647\u0645-\u0627\u0644\u062e\u0627\u0635-\u0639\u0628\u0631-\u0627\u0644\u0625\u0646\u062a\u0631\u0646\u062a/", "path": "/ostallgaeu/ar/events/\u0627\u0644\u0634\u0631\u0643\u0627\u062a-\u0627\u0644\u062a\u064a-\u062a\u0642\u062f\u0645-\u0627\u0644\u062a\u062f\u0631\u064a\u0628-\u0646\u0635\u0627\u0626\u062d-\u0644\u0644\u0645\u0636\u0627\u0639\u0641\u064a\u0646-\u0648\u0627\u0644\u0639\u0627\u0645\u0644\u064a\u0646-\u0644\u062d\u0633\u0627\u0628\u0647\u0645-\u0627\u0644\u062e\u0627\u0635-\u0639\u0628\u0631-\u0627\u0644\u0625\u0646\u062a\u0631\u0646\u062a/"}, "fa": {"id": 312596, "url": "https://admin.integreat-app.de/ostallgaeu/fa/events/\u0634\u0631\u06a9\u062a\u0647\u0627\u06cc\u06cc-\u06a9\u0647-\u062f\u0648\u0631\u0647\u0647\u0627\u06cc-\u06a9\u0627\u0631\u0622\u0645\u0648\u0632\u06cc-\u0627\u0631\u0627\u0626\u0647-\u0645\u06cc\u062f\u0647\u0646\u062f-\u0646\u06a9\u0627\u062a\u06cc-\u0628\u0631\u0627\u06cc-\u0627\u06cc\u0646\u0641\u0644\u0648\u0626\u0646\u0633\u0631\u0647\u0627-\u0648-\u0627\u0641\u0631\u0627\u062f-\u062e\u0648\u062f\u0627\u0634\u062a\u063a\u0627\u0644-\u0622\u0646\u0644\u0627\u06cc\u0646/", "path": "/ostallgaeu/fa/events/\u0634\u0631\u06a9\u062a\u0647\u0627\u06cc\u06cc-\u06a9\u0647-\u062f\u0648\u0631\u0647\u0647\u0627\u06cc-\u06a9\u0627\u0631\u0622\u0645\u0648\u0632\u06cc-\u0627\u0631\u0627\u0626\u0647-\u0645\u06cc\u062f\u0647\u0646\u062f-\u0646\u06a9\u0627\u062a\u06cc-\u0628\u0631\u0627\u06cc-\u0627\u06cc\u0646\u0641\u0644\u0648\u0626\u0646\u0633\u0631\u0647\u0627-\u0648-\u0627\u0641\u0631\u0627\u062f-\u062e\u0648\u062f\u0627\u0634\u062a\u063a\u0627\u0644-\u0622\u0646\u0644\u0627\u06cc\u0646/"}, "ro": {"id": 312597, "url": "https://admin.integreat-app.de/ostallgaeu/ro/events/companiile-ofer\u0103-formare-sfaturi-pentru-multiplicatori-\u0219i-lucr\u0103tori-independen\u021bi-online/", "path": "/ostallgaeu/ro/events/companiile-ofer\u0103-formare-sfaturi-pentru-multiplicatori-\u0219i-lucr\u0103tori-independen\u021bi-online/"}, "ru": {"id": 312598, "url": "https://admin.integreat-app.de/ostallgaeu/ru/events/\u043a\u043e\u043c\u043f\u0430\u043d\u0438\u0438-\u043f\u0440\u043e\u0432\u043e\u0434\u044f\u0442-\u043e\u0431\u0443\u0447\u0435\u043d\u0438\u0435-\u0441\u043e\u0432\u0435\u0442\u044b-\u0434\u043b\u044f-\u043c\u0443\u043b\u044c\u0442\u0438\u043f\u043b\u0438\u043a\u0430\u0442\u043e\u0440\u043e\u0432-\u0438-\u0441\u0430\u043c\u043e\u0437\u0430\u043d\u044f\u0442\u044b\u0445-\u043e\u043d\u043b\u0430\u0439\u043d/", "path": "/ostallgaeu/ru/events/\u043a\u043e\u043c\u043f\u0430\u043d\u0438\u0438-\u043f\u0440\u043e\u0432\u043e\u0434\u044f\u0442-\u043e\u0431\u0443\u0447\u0435\u043d\u0438\u0435-\u0441\u043e\u0432\u0435\u0442\u044b-\u0434\u043b\u044f-\u043c\u0443\u043b\u044c\u0442\u0438\u043f\u043b\u0438\u043a\u0430\u0442\u043e\u0440\u043e\u0432-\u0438-\u0441\u0430\u043c\u043e\u0437\u0430\u043d\u044f\u0442\u044b\u0445-\u043e\u043d\u043b\u0430\u0439\u043d/"}, "tr": {"id": 312599, "url": "https://admin.integreat-app.de/ostallgaeu/tr/events/\u015firketler-e\u011fitim-veriyor-\u00e7arpanlar-ve-serbest-meslek-sahipleri-i\u00e7in-ipu\u00e7lar\u0131-\u00e7evrimi\u00e7i/", "path": "/ostallgaeu/tr/events/\u015firketler-e\u011fitim-veriyor-\u00e7arpanlar-ve-serbest-meslek-sahipleri-i\u00e7in-ipu\u00e7lar\u0131-\u00e7evrimi\u00e7i/"}, "uk": {"id": 312600, "url": "https://admin.integreat-app.de/ostallgaeu/uk/events/\u043a\u043e\u043c\u043f\u0430\u043d\u0456\u0457-\u043f\u0440\u043e\u0432\u043e\u0434\u044f\u0442\u044c-\u043d\u0430\u0432\u0447\u0430\u043d\u043d\u044f-\u043f\u043e\u0440\u0430\u0434\u0438-\u0434\u043b\u044f-\u043c\u0443\u043b\u044c\u0442\u0438\u043f\u043b\u0456\u043a\u0430\u0442\u043e\u0440\u0456\u0432-\u0442\u0430-\u0441\u0430\u043c\u043e\u0437\u0430\u0439\u043d\u044f\u0442\u0438\u0445-\u043e\u043d\u043b\u0430\u0439\u043d/", "path": "/ostallgaeu/uk/events/\u043a\u043e\u043c\u043f\u0430\u043d\u0456\u0457-\u043f\u0440\u043e\u0432\u043e\u0434\u044f\u0442\u044c-\u043d\u0430\u0432\u0447\u0430\u043d\u043d\u044f-\u043f\u043e\u0440\u0430\u0434\u0438-\u0434\u043b\u044f-\u043c\u0443\u043b\u044c\u0442\u0438\u043f\u043b\u0456\u043a\u0430\u0442\u043e\u0440\u0456\u0432-\u0442\u0430-\u0441\u0430\u043c\u043e\u0437\u0430\u0439\u043d\u044f\u0442\u0438\u0445-\u043e\u043d\u043b\u0430\u0439\u043d/"}, "ti": {"id": 312601, "url": "https://admin.integreat-app.de/ostallgaeu/ti/events/\u12a9\u1263\u1295\u12eb\u1273\u1275-\u1235\u120d\u1320\u1293-\u12ed\u1205\u1263-\u121d\u12bd\u122d\u1273\u1275-\u1295\u12a3\u1263\u12db\u1215\u1275\u1295-\u1263\u12d5\u120e\u121d-\u12dd\u1230\u122d\u1211\u1295-\u12cd\u120d\u1240\u1230\u1263\u1275-online/", "path": "/ostallgaeu/ti/events/\u12a9\u1263\u1295\u12eb\u1273\u1275-\u1235\u120d\u1320\u1293-\u12ed\u1205\u1263-\u121d\u12bd\u122d\u1273\u1275-\u1295\u12a3\u1263\u12db\u1215\u1275\u1295-\u1263\u12d5\u120e\u121d-\u12dd\u1230\u122d\u1211\u1295-\u12cd\u120d\u1240\u1230\u1263\u1275-online/"}}, "thumbnail": "https://admin.integreat-app.de/media/regions/181/2026/04/1775724585_kausa.png", "location": {"id": null, "name": null, "address": null, "town": null, "state": null, "postcode": null, "region": null, "country": null, "latitude": null, "longitude": null}, "location_path": null, "meeting_url": null, "event": {"id": 19405, "start": "2026-06-10T10:00:00+02:00", "start_date": "2026-06-10", "start_time": "10:00:00", "end": "2026-06-10T11:30:00+02:00", "end_date": "2026-06-10", "end_time": "11:30:00", "all_day": false, "only_weekdays": false, "recurrence_id": null, "timezone": "Europe/Berlin"}, "hash": null, "recurrence_rule": null}, {"id": 299978, "url": "https://admin.integreat-app.de/ostallgaeu/de/events/sprechstunde-f\u00fcr-digitales-in-oberg\u00fcnzburg-3/", "path": "/ostallgaeu/de/events/sprechstunde-f\u00fcr-digitales-in-oberg\u00fcnzburg-3/", "title": "Sprechstunde f\u00fcr Digitales in Oberg\u00fcnzburg", "modified_gmt": "2026-03-20T07:50:07.886Z", "last_updated": "2026-03-20T08:50:07.886+01:00", "excerpt": "\r\nEin kostenfreies Beratungsangebot f\u00fcr alle Fragen rund um digitale Themen und KI-Anwendungen f\u00fcr ALLE\r\nBeispiele der Beratung:\r\nNutzung sozialer NetzwerkeUmgang mit DatenUmgang mit Office-ProgrammenTeilnahme an Online-MeetingsOnline-BankingBeratung zu KI-Toolsund vieles mehr!\r\n", "content": "<div>\r\n<p>Ein kostenfreies Beratungsangebot f\u00fcr alle Fragen rund um digitale Themen und KI-Anwendungen f\u00fcr ALLE</p>\r\n<p>Beispiele der Beratung:</p>\r\n<p>Nutzung sozialer Netzwerke<br>Umgang mit Daten<br>Umgang mit Office-Programmen<br>Teilnahme an Online-Meetings<br>Online-Banking<br>Beratung zu KI-Tools<br>und vieles mehr!</p>\r\n</div>", "available_languages": {"hr": {"id": 299979, "url": "https://admin.integreat-app.de/ostallgaeu/hr/events/digitalna-savjetodavna-sesija-u-oberg\u00fcnzburgu-3/", "path": "/ostallgaeu/hr/events/digitalna-savjetodavna-sesija-u-oberg\u00fcnzburgu-3/"}, "en": {"id": 299980, "url": "https://admin.integreat-app.de/ostallgaeu/en/events/consultation-hour-for-digital-matters-in-oberg\u00fcnzburg-3/", "path": "/ostallgaeu/en/events/consultation-hour-for-digital-matters-in-oberg\u00fcnzburg-3/"}, "es": {"id": 299981, "url": "https://admin.integreat-app.de/ostallgaeu/es/events/hora-de-consulta-para-asuntos-digitales-en-oberg\u00fcnzburg-3/", "path": "/ostallgaeu/es/events/hora-de-consulta-para-asuntos-digitales-en-oberg\u00fcnzburg-3/"}, "fr": {"id": 299982, "url": "https://admin.integreat-app.de/ostallgaeu/fr/events/consultation-pour-le-num\u00e9rique-\u00e0-oberg\u00fcnzburg-3/", "path": "/ostallgaeu/fr/events/consultation-pour-le-num\u00e9rique-\u00e0-oberg\u00fcnzburg-3/"}, "ar": {"id": 299983, "url": "https://admin.integreat-app.de/ostallgaeu/ar/events/\u0633\u0627\u0639\u0629-\u0627\u0633\u062a\u0634\u0627\u0631\u0629-\u0641\u064a-\u0627\u0644\u0623\u0645\u0648\u0631-\u0627\u0644\u0631\u0642\u0645\u064a\u0629-\u0641\u064a-\u0623\u0648\u0628\u0631\u063a\u0648\u0646\u0632\u0628\u0648\u0631\u063a-3/", "path": "/ostallgaeu/ar/events/\u0633\u0627\u0639\u0629-\u0627\u0633\u062a\u0634\u0627\u0631\u0629-\u0641\u064a-\u0627\u0644\u0623\u0645\u0648\u0631-\u0627\u0644\u0631\u0642\u0645\u064a\u0629-\u0641\u064a-\u0623\u0648\u0628\u0631\u063a\u0648\u0646\u0632\u0628\u0648\u0631\u063a-3/"}, "fa": {"id": 299984, "url": "https://admin.integreat-app.de/ostallgaeu/fa/events/\u062c\u0644\u0633\u0647-\u0645\u0634\u0627\u0648\u0631\u0647-\u062f\u06cc\u062c\u06cc\u062a\u0627\u0644-\u062f\u0631-\u0627\u0648\u0628\u0631\u06af\u0648\u0646\u0632\u0628\u0631\u06af-3/", "path": "/ostallgaeu/fa/events/\u062c\u0644\u0633\u0647-\u0645\u0634\u0627\u0648\u0631\u0647-\u062f\u06cc\u062c\u06cc\u062a\u0627\u0644-\u062f\u0631-\u0627\u0648\u0628\u0631\u06af\u0648\u0646\u0632\u0628\u0631\u06af-3/"}, "ro": {"id": 299985, "url": "https://admin.integreat-app.de/ostallgaeu/ro/events/o-or\u0103-de-consultan\u021b\u0103-pentru-probleme-digitale-\u00een-oberg\u00fcnzburg-3/", "path": "/ostallgaeu/ro/events/o-or\u0103-de-consultan\u021b\u0103-pentru-probleme-digitale-\u00een-oberg\u00fcnzburg-3/"}, "ru": {"id": 299986, "url": "https://admin.integreat-app.de/ostallgaeu/ru/events/\u0447\u0430\u0441-\u043a\u043e\u043d\u0441\u0443\u043b\u044c\u0442\u0430\u0446\u0438\u0439-\u043f\u043e-\u0446\u0438\u0444\u0440\u043e\u0432\u044b\u043c-\u0442\u0435\u0445\u043d\u043e\u043b\u043e\u0433\u0438\u044f\u043c-\u0432-\u043e\u0431\u0435\u0440\u0433\u044e\u043d\u0446\u0431\u0443\u0440\u0433\u0435/", "path": "/ostallgaeu/ru/events/\u0447\u0430\u0441-\u043a\u043e\u043d\u0441\u0443\u043b\u044c\u0442\u0430\u0446\u0438\u0439-\u043f\u043e-\u0446\u0438\u0444\u0440\u043e\u0432\u044b\u043c-\u0442\u0435\u0445\u043d\u043e\u043b\u043e\u0433\u0438\u044f\u043c-\u0432-\u043e\u0431\u0435\u0440\u0433\u044e\u043d\u0446\u0431\u0443\u0440\u0433\u0435/"}, "tr": {"id": 299987, "url": "https://admin.integreat-app.de/ostallgaeu/tr/events/oberg\u00fcnzburgda-dijital-konular-i\u00e7in-dan\u0131\u015fma-saati-3/", "path": "/ostallgaeu/tr/events/oberg\u00fcnzburgda-dijital-konular-i\u00e7in-dan\u0131\u015fma-saati-3/"}, "uk": {"id": 299988, "url": "https://admin.integreat-app.de/ostallgaeu/uk/events/\u0433\u043e\u0434\u0438\u043d\u0430-\u043a\u043e\u043d\u0441\u0443\u043b\u044c\u0442\u0430\u0446\u0456\u0439-\u0437-\u0446\u0438\u0444\u0440\u043e\u0432\u0438\u0445-\u043f\u0438\u0442\u0430\u043d\u044c-\u0432-\u043e\u0431\u0435\u0440\u0433\u044e\u043d\u0446\u0431\u0443\u0440\u0437\u0456-3/", "path": "/ostallgaeu/uk/events/\u0433\u043e\u0434\u0438\u043d\u0430-\u043a\u043e\u043d\u0441\u0443\u043b\u044c\u0442\u0430\u0446\u0456\u0439-\u0437-\u0446\u0438\u0444\u0440\u043e\u0432\u0438\u0445-\u043f\u0438\u0442\u0430\u043d\u044c-\u0432-\u043e\u0431\u0435\u0440\u0433\u044e\u043d\u0446\u0431\u0443\u0440\u0437\u0456-3/"}, "ti": {"id": 299989, "url": "https://admin.integreat-app.de/ostallgaeu/ti/events/\u1293\u12ed-\u121d\u121d\u12bd\u12bb\u122d-\u1230\u12d3\u1273\u1275-\u1295\u12f2\u1302\u1273\u120b\u12ca-\u1309\u12f3\u12eb\u1275-\u12a3\u1265-\u12a6\u1260\u122d\u1309\u1295\u12dd\u1260\u122d\u130d-3/", "path": "/ostallgaeu/ti/events/\u1293\u12ed-\u121d\u121d\u12bd\u12bb\u122d-\u1230\u12d3\u1273\u1275-\u1295\u12f2\u1302\u1273\u120b\u12ca-\u1309\u12f3\u12eb\u1275-\u12a3\u1265-\u12a6\u1260\u122d\u1309\u1295\u12dd\u1260\u122d\u130d-3/"}}, "thumbnail": "https://admin.integreat-app.de/media/regions/181/2025/12/1766136275_vhs-neu.jpg", "location": {"id": 17371, "name": "vhs Ostallg\u00e4u Mitte - Zweigstelle Oberg\u00fcnzburg", "address": "Kapit\u00e4n-Nauer-Stra\u00dfe 20", "town": "Oberg\u00fcnzburg", "state": null, "postcode": "87634", "region": null, "country": "Deutschland", "latitude": 47.847015850000005, "longitude": 10.416720319788128}, "location_path": "/ostallgaeu/de/locations/vhs-ostallg\u00e4u-mitte-zweigstelle-oberg\u00fcnzburg/", "meeting_url": null, "event": {"id": 18395, "start": "2026-06-10T16:00:00+02:00", "start_date": "2026-06-10", "start_time": "16:00:00", "end": "2026-06-10T19:00:00+02:00", "end_date": "2026-06-10", "end_time": "19:00:00", "all_day": false, "only_weekdays": false, "recurrence_id": null, "timezone": "Europe/Berlin"}, "hash": null, "recurrence_rule": null}, {"id": 326449, "url": "https://admin.integreat-app.de/ostallgaeu/de/events/online-veranstaltung-grundlagen-und-alltagssprache-dialekt-verstehen-guad/", "path": "/ostallgaeu/de/events/online-veranstaltung-grundlagen-und-alltagssprache-dialekt-verstehen-guad/", "title": "Online-Veranstaltung: Grundlagen und Alltagssprache \u2013 Dialekt verstehen (GUAD)", "modified_gmt": "2026-04-27T08:39:50.929Z", "last_updated": "2026-04-27T10:39:50.929+02:00", "excerpt": "Viele Zugewanderte in Bayern und \u00d6sterreich lernen Deutsch. Im Alltag haben sie jedoch Schwierigkeiten, wenn Bairisch gesprochen wird. Da hilft kein W\u00f6rterbuch und keine \u00dcbersetzungs-App\u2026\r\nIm ErasmusPlus Projekt GUAD, das von der Europ\u00e4ischen Union gef\u00f6rdert wird, erarbeiten die Volkshochschule im Landkreis Cham e.V. und die Volkshochschule Salzburg mit aktiver Unterst\u00fctzung von Lernenden mit Migrationshintergrund und erfahrenen Sprachlehrkr\u00e4ften erste Lerneinheiten zum besseren H\u00f6rverst\u00e4ndnis des Dialekts \u201eBairisch\u201c f\u00fcr Sprachlernende f\u00fcr Deutsch auf Niveau A1-B1.\r\nSo erhalten alle, die Deutsch unterrichten, langfristig ein Werkzeug an die Hand, mit dem sie Zugewanderte in diesem Sprachraum gezielt bei der Integration unterst\u00fctzen k\u00f6nnen.\r\nMehr Informationen zur Projektidee und den ersten Entwicklungen bietet auch ein Fernsehbericht des ORF\r\nDie Themen dieser Veranstaltung mit Referentinnen von der Volkshochschule im Landkreis Cham e.V. und der Volkshochschule Salzburg sind:\r\n\r\nBedarfserhebung in Fokusgruppen und Umfragen:In welchen Situationen sehen sich Zugewanderte im Alltag besonders mit Bairisch konfrontiert?\r\nLernmaterialien:Welche Materialien wurden im Projekt GUAD entwickelt und getestet?\r\nUmsetzung in der Praxis:Wie lassen sich diese Materialien im Unterricht mit Zugewanderten einsetzen?\r\n\r\nDie Lernmaterialien stehen nach Projektabschluss kostenfrei online zur Verf\u00fcgung.\r\nAnmeldung: hier.", "content": "<div><p>Viele Zugewanderte in Bayern und \u00d6sterreich lernen Deutsch. Im Alltag haben sie jedoch Schwierigkeiten, wenn Bairisch gesprochen wird. Da hilft kein W\u00f6rterbuch und keine \u00dcbersetzungs-App\u2026</p>\r\n<p>Im ErasmusPlus Projekt GUAD, das von der Europ\u00e4ischen Union gef\u00f6rdert wird, erarbeiten die Volkshochschule im Landkreis Cham e.V. und die Volkshochschule Salzburg mit aktiver Unterst\u00fctzung von Lernenden mit Migrationshintergrund und erfahrenen Sprachlehrkr\u00e4ften erste Lerneinheiten zum besseren H\u00f6rverst\u00e4ndnis des Dialekts \u201eBairisch\u201c f\u00fcr Sprachlernende f\u00fcr Deutsch auf Niveau A1-B1.</p>\r\n<p>So erhalten alle, die Deutsch unterrichten, langfristig ein Werkzeug an die Hand, mit dem sie Zugewanderte in diesem Sprachraum gezielt bei der Integration unterst\u00fctzen k\u00f6nnen.</p>\r\n<p>Mehr Informationen zur Projektidee und den ersten Entwicklungen bietet auch ein Fernsehbericht des ORF</p>\r\n<p>Die Themen dieser Veranstaltung mit Referentinnen von der Volkshochschule im Landkreis Cham e.V. und der Volkshochschule Salzburg sind:</p>\r\n<ul>\r\n<li>Bedarfserhebung in Fokusgruppen und Umfragen:<br>In welchen Situationen sehen sich Zugewanderte im Alltag besonders mit Bairisch konfrontiert?</li>\r\n<li>Lernmaterialien:<br>Welche Materialien wurden im Projekt GUAD entwickelt und getestet?</li>\r\n<li>Umsetzung in der Praxis:<br>Wie lassen sich diese Materialien im Unterricht mit Zugewanderten einsetzen?</li>\r\n</ul>\r\n<p>Die Lernmaterialien stehen nach Projektabschluss kostenfrei online zur Verf\u00fcgung.</p>\r\n<p>Anmeldung: <a href=\"https://lagfa-bayern.de/veranstaltungen/online_seminar_guad_2026/\" class=\"link-external\">hier.</a></p></div>", "available_languages": {"hr": {"id": null, "url": "https://admin.integreat-app.de/ostallgaeu/hr/events/online-veranstaltung-grundlagen-und-alltagssprache-dialekt-verstehen-guad/", "path": "/ostallgaeu/hr/events/online-veranstaltung-grundlagen-und-alltagssprache-dialekt-verstehen-guad/"}, "en": {"id": null, "url": "https://admin.integreat-app.de/ostallgaeu/en/events/online-veranstaltung-grundlagen-und-alltagssprache-dialekt-verstehen-guad/", "path": "/ostallgaeu/en/events/online-veranstaltung-grundlagen-und-alltagssprache-dialekt-verstehen-guad/"}, "es": {"id": null, "url": "https://admin.integreat-app.de/ostallgaeu/es/events/online-veranstaltung-grundlagen-und-alltagssprache-dialekt-verstehen-guad/", "path": "/ostallgaeu/es/events/online-veranstaltung-grundlagen-und-alltagssprache-dialekt-verstehen-guad/"}, "fr": {"id": null, "url": "https://admin.integreat-app.de/ostallgaeu/fr/events/online-veranstaltung-grundlagen-und-alltagssprache-dialekt-verstehen-guad/", "path": "/ostallgaeu/fr/events/online-veranstaltung-grundlagen-und-alltagssprache-dialekt-verstehen-guad/"}, "ar": {"id": null, "url": "https://admin.integreat-app.de/ostallgaeu/ar/events/online-veranstaltung-grundlagen-und-alltagssprache-dialekt-verstehen-guad/", "path": "/ostallgaeu/ar/events/online-veranstaltung-grundlagen-und-alltagssprache-dialekt-verstehen-guad/"}, "fa": {"id": null, "url": "https://admin.integreat-app.de/ostallgaeu/fa/events/online-veranstaltung-grundlagen-und-alltagssprache-dialekt-verstehen-guad/", "path": "/ostallgaeu/fa/events/online-veranstaltung-grundlagen-und-alltagssprache-dialekt-verstehen-guad/"}, "ro": {"id": null, "url": "https://admin.integreat-app.de/ostallgaeu/ro/events/online-veranstaltung-grundlagen-und-alltagssprache-dialekt-verstehen-guad/", "path": "/ostallgaeu/ro/events/online-veranstaltung-grundlagen-und-alltagssprache-dialekt-verstehen-guad/"}, "ru": {"id": null, "url": "https://admin.integreat-app.de/ostallgaeu/ru/events/online-veranstaltung-grundlagen-und-alltagssprache-dialekt-verstehen-guad/", "path": "/ostallgaeu/ru/events/online-veranstaltung-grundlagen-und-alltagssprache-dialekt-verstehen-guad/"}, "tr": {"id": null, "url": "https://admin.integreat-app.de/ostallgaeu/tr/events/online-veranstaltung-grundlagen-und-alltagssprache-dialekt-verstehen-guad/", "path": "/ostallgaeu/tr/events/online-veranstaltung-grundlagen-und-alltagssprache-dialekt-verstehen-guad/"}, "uk": {"id": null, "url": "https://admin.integreat-app.de/ostallgaeu/uk/events/online-veranstaltung-grundlagen-und-alltagssprache-dialekt-verstehen-guad/", "path": "/ostallgaeu/uk/events/online-veranstaltung-grundlagen-und-alltagssprache-dialekt-verstehen-guad/"}, "ti": {"id": null, "url": "https://admin.integreat-app.de/ostallgaeu/ti/events/online-veranstaltung-grundlagen-und-alltagssprache-dialekt-verstehen-guad/", "path": "/ostallgaeu/ti/events/online-veranstaltung-grundlagen-und-alltagssprache-dialekt-verstehen-guad/"}}, "thumbnail": "https://admin.integreat-app.de/media/regions/181/2017/11/internet17.png", "location": {"id": null, "name": null, "address": null, "town": null, "state": null, "postcode": null, "region": null, "country": null, "latitude": null, "longitude": null}, "location_path": null, "meeting_url": null, "event": {"id": 19822, "start": "2026-06-10T17:30:00+02:00", "start_date": "2026-06-10", "start_time": "17:30:00", "end": "2026-06-10T19:00:00+02:00", "end_date": "2026-06-10", "end_time": "19:00:00", "all_day": false, "only_weekdays": false, "recurrence_id": null, "timezone": "Europe/Berlin"}, "hash": null, "recurrence_rule": null}, {"id": 319851, "url": "https://admin.integreat-app.de/ostallgaeu/de/events/antragsdschungel-bei-schwangerschaft-und-geburt/", "path": "/ostallgaeu/de/events/antragsdschungel-bei-schwangerschaft-und-geburt/", "title": "Antragsdschungel bei Schwangerschaft und Geburt", "modified_gmt": "2026-04-17T06:56:39.756Z", "last_updated": "2026-04-17T08:56:39.756+02:00", "excerpt": "Die staatlich anerkannte Beratungsstelle f\u00fcr Schwangerschaftsfragen DONUM VITAE und die Familienst\u00fctzpunkte Marktoberdorf, Buchloe, Oberg\u00fcnzburg und Kaufbeuren informieren in diesem Online-Vortrag \u00fcber die staatlichen Familienleistungen w\u00e4hrend Schwangerschaft, Geburt und f\u00fcr Familien.\r\nAnmeldung unter: kaufbeuren@donum-vitae-bayern.de\r\n\u00a0", "content": "<div><p>Die staatlich anerkannte Beratungsstelle f\u00fcr Schwangerschaftsfragen DONUM VITAE und die Familienst\u00fctzpunkte Marktoberdorf, Buchloe, Oberg\u00fcnzburg und Kaufbeuren informieren in diesem Online-Vortrag \u00fcber die staatlichen Familienleistungen w\u00e4hrend Schwangerschaft, Geburt und f\u00fcr Familien.</p>\r\n<p>Anmeldung unter: <img style=\"width: 15px; height: 15px;\" src=\"https://admin.integreat-app.de/static/svg/email.svg\" alt=\"E-Mail-Adresse\"><a href=\"mailto:kaufbeuren@donum-vitae-bayern.de\" class=\"link-external\">kaufbeuren@donum-vitae-bayern.de</a></p>\r\n<p>\u00a0</p></div>", "available_languages": {"hr": {"id": null, "url": "https://admin.integreat-app.de/ostallgaeu/hr/events/antragsdschungel-bei-schwangerschaft-und-geburt/", "path": "/ostallgaeu/hr/events/antragsdschungel-bei-schwangerschaft-und-geburt/"}, "en": {"id": null, "url": "https://admin.integreat-app.de/ostallgaeu/en/events/antragsdschungel-bei-schwangerschaft-und-geburt/", "path": "/ostallgaeu/en/events/antragsdschungel-bei-schwangerschaft-und-geburt/"}, "es": {"id": null, "url": "https://admin.integreat-app.de/ostallgaeu/es/events/antragsdschungel-bei-schwangerschaft-und-geburt/", "path": "/ostallgaeu/es/events/antragsdschungel-bei-schwangerschaft-und-geburt/"}, "fr": {"id": null, "url": "https://admin.integreat-app.de/ostallgaeu/fr/events/antragsdschungel-bei-schwangerschaft-und-geburt/", "path": "/ostallgaeu/fr/events/antragsdschungel-bei-schwangerschaft-und-geburt/"}, "ar": {"id": null, "url": "https://admin.integreat-app.de/ostallgaeu/ar/events/antragsdschungel-bei-schwangerschaft-und-geburt/", "path": "/ostallgaeu/ar/events/antragsdschungel-bei-schwangerschaft-und-geburt/"}, "fa": {"id": null, "url": "https://admin.integreat-app.de/ostallgaeu/fa/events/antragsdschungel-bei-schwangerschaft-und-geburt/", "path": "/ostallgaeu/fa/events/antragsdschungel-bei-schwangerschaft-und-geburt/"}, "ro": {"id": null, "url": "https://admin.integreat-app.de/ostallgaeu/ro/events/antragsdschungel-bei-schwangerschaft-und-geburt/", "path": "/ostallgaeu/ro/events/antragsdschungel-bei-schwangerschaft-und-geburt/"}, "ru": {"id": null, "url": "https://admin.integreat-app.de/ostallgaeu/ru/events/antragsdschungel-bei-schwangerschaft-und-geburt/", "path": "/ostallgaeu/ru/events/antragsdschungel-bei-schwangerschaft-und-geburt/"}, "tr": {"id": null, "url": "https://admin.integreat-app.de/ostallgaeu/tr/events/antragsdschungel-bei-schwangerschaft-und-geburt/", "path": "/ostallgaeu/tr/events/antragsdschungel-bei-schwangerschaft-und-geburt/"}, "uk": {"id": null, "url": "https://admin.integreat-app.de/ostallgaeu/uk/events/antragsdschungel-bei-schwangerschaft-und-geburt/", "path": "/ostallgaeu/uk/events/antragsdschungel-bei-schwangerschaft-und-geburt/"}, "ti": {"id": null, "url": "https://admin.integreat-app.de/ostallgaeu/ti/events/antragsdschungel-bei-schwangerschaft-und-geburt/", "path": "/ostallgaeu/ti/events/antragsdschungel-bei-schwangerschaft-und-geburt/"}}, "thumbnail": "https://admin.integreat-app.de/media/regions/181/2019/12/Logo_Familienstuetzpunkt_LK-OAL_05_2018_web-klein.jpg", "location": {"id": null, "name": null, "address": null, "town": null, "state": null, "postcode": null, "region": null, "country": null, "latitude": null, "longitude": null}, "location_path": null, "meeting_url": null, "event": {"id": 19643, "start": "2026-06-10T18:00:00+02:00", "start_date": "2026-06-10", "start_time": "18:00:00", "end": "2026-06-10T19:30:00+02:00", "end_date": "2026-06-10", "end_time": "19:30:00", "all_day": false, "only_weekdays": false, "recurrence_id": null, "timezone": "Europe/Berlin"}, "hash": null, "recurrence_rule": null}, {"id": 309517, "url": "https://admin.integreat-app.de/ostallgaeu/de/events/online-info-verbraucherzentrale-vertr\u00e4ge-welche-rechte-und-pflichten-habe-ich/", "path": "/ostallgaeu/de/events/online-info-verbraucherzentrale-vertr\u00e4ge-welche-rechte-und-pflichten-habe-ich/", "title": "Online-Info Verbraucherzentrale: Vertr\u00e4ge \u2013 Welche Rechte und Pflichten habe ich?", "modified_gmt": "2026-04-01T09:37:27.500Z", "last_updated": "2026-04-01T11:37:27.500+02:00", "excerpt": "\r\nVortr\u00e4ge in Einfacher Sprache\u00a0F\u00fcr Menschen mit Deutsch ab A2-Niveau \u00a0\u2013 \u00a0kostenlos \u00a0\u2013 \u00a0mit Anmeldung\r\nMittwoch, 10. Juni 2026, 18:00 \u2013 19:00 Uhr\u00a0\r\nVertr\u00e4ge \u2013 Welche Rechte und Pflichten habe ich?\u00a0Im Alltag schlie\u00dfen wir viele Vertr\u00e4ge ab. Kennen Sie Ihre Rechte\u00a0und Pflichten? Dann k\u00f6nnen Sie diese anwenden und sich \u00c4rger\u00a0ersparen.\u00a0\u2022 Wann habe ich einen Vertrag abgeschlossen? \u00a0Gen\u00fcgt ein \u201eJa\u201c am Telefon? \u00a0\u2022 Habe ich ein Recht auf Umtausch, Garantie und \u00a0Gew\u00e4hrleistung? \u00a0\u2022 Mahnung erhalten. Was muss ich tun?\u00a0\r\nAnmeldung hier.\r\n", "content": "<div>\r\n<p>Vortr\u00e4ge in Einfacher Sprache\u00a0<br>F\u00fcr Menschen mit Deutsch ab A2-Niveau \u00a0\u2013 \u00a0kostenlos \u00a0\u2013 \u00a0mit Anmeldung</p>\r\n<p>Mittwoch, 10. Juni 2026, 18:00 \u2013 19:00 Uhr\u00a0</p>\r\n<p>Vertr\u00e4ge \u2013 Welche Rechte und Pflichten habe ich?\u00a0<br>Im Alltag schlie\u00dfen wir viele Vertr\u00e4ge ab. Kennen Sie Ihre Rechte\u00a0<br>und Pflichten? Dann k\u00f6nnen Sie diese anwenden und sich \u00c4rger\u00a0<br>ersparen.\u00a0<br>\u2022 Wann habe ich einen Vertrag abgeschlossen? \u00a0<br>Gen\u00fcgt ein \u201eJa\u201c am Telefon? \u00a0<br>\u2022 Habe ich ein Recht auf Umtausch, Garantie und \u00a0<br>Gew\u00e4hrleistung? \u00a0<br>\u2022 Mahnung erhalten. Was muss ich tun?\u00a0</p>\r\n<p>Anmeldung <a class=\"link-external\" href=\"https://www.verbraucherzentrale.bayern/vertraege-reklamation/einfache-sprache-vertraege-welche-rechte-und-pflichten-habe-ich-118332\">hier</a>.</p>\r\n</div>", "available_languages": {"hr": {"id": 309518, "url": "https://admin.integreat-app.de/ostallgaeu/hr/events/online-informacije-centra-za-savjetovanje-potro\u0161a\u010da-ugovori-koja-su-moja-prava-i-obveze/", "path": "/ostallgaeu/hr/events/online-informacije-centra-za-savjetovanje-potro\u0161a\u010da-ugovori-koja-su-moja-prava-i-obveze/"}, "en": {"id": 309519, "url": "https://admin.integreat-app.de/ostallgaeu/en/events/online-information-from-the-consumer-advice-centre-contracts-what-rights-and-obligations-do-i-have/", "path": "/ostallgaeu/en/events/online-information-from-the-consumer-advice-centre-contracts-what-rights-and-obligations-do-i-have/"}, "es": {"id": 309520, "url": "https://admin.integreat-app.de/ostallgaeu/es/events/informaci\u00f3n-en-l\u00ednea-del-centro-de-asesoramiento-al-consumidor-contratos-qu\u00e9-derechos-y-obligaciones-tengo/", "path": "/ostallgaeu/es/events/informaci\u00f3n-en-l\u00ednea-del-centro-de-asesoramiento-al-consumidor-contratos-qu\u00e9-derechos-y-obligaciones-tengo/"}, "fr": {"id": 309521, "url": "https://admin.integreat-app.de/ostallgaeu/fr/events/online-info-verbraucherzentrale-contrats-quels-sont-mes-droits-et-obligations/", "path": "/ostallgaeu/fr/events/online-info-verbraucherzentrale-contrats-quels-sont-mes-droits-et-obligations/"}, "ar": {"id": 309522, "url": "https://admin.integreat-app.de/ostallgaeu/ar/events/\u0645\u0639\u0644\u0648\u0645\u0627\u062a-\u0639\u0628\u0631-\u0627\u0644\u0625\u0646\u062a\u0631\u0646\u062a-\u0645\u0646-\u0645\u0631\u0643\u0632-\u0627\u0633\u062a\u0634\u0627\u0631\u0627\u062a-\u0627\u0644\u0645\u0633\u062a\u0647\u0644\u0643-\u0627\u0644\u0639\u0642\u0648\u062f-\u0645\u0627-\u0647\u064a-\u062d\u0642\u0648\u0642\u064a-\u0648\u0627\u0644\u062a\u0632\u0627\u0645\u0627\u062a\u064a/", "path": "/ostallgaeu/ar/events/\u0645\u0639\u0644\u0648\u0645\u0627\u062a-\u0639\u0628\u0631-\u0627\u0644\u0625\u0646\u062a\u0631\u0646\u062a-\u0645\u0646-\u0645\u0631\u0643\u0632-\u0627\u0633\u062a\u0634\u0627\u0631\u0627\u062a-\u0627\u0644\u0645\u0633\u062a\u0647\u0644\u0643-\u0627\u0644\u0639\u0642\u0648\u062f-\u0645\u0627-\u0647\u064a-\u062d\u0642\u0648\u0642\u064a-\u0648\u0627\u0644\u062a\u0632\u0627\u0645\u0627\u062a\u064a/"}, "fa": {"id": 309523, "url": "https://admin.integreat-app.de/ostallgaeu/fa/events/\u0627\u0637\u0644\u0627\u0639\u0627\u062a-\u0622\u0646\u0644\u0627\u06cc\u0646-\u0627\u0632-\u0645\u0631\u06a9\u0632-\u0645\u0634\u0627\u0648\u0631\u0647-\u0645\u0635\u0631\u0641\u06a9\u0646\u0646\u062f\u0647-\u0642\u0631\u0627\u0631\u062f\u0627\u062f\u0647\u0627-\u062d\u0642\u0648\u0642-\u0648-\u062a\u0639\u0647\u062f\u0627\u062a-\u0645\u0646-\u0686\u06cc\u0633\u062a/", "path": "/ostallgaeu/fa/events/\u0627\u0637\u0644\u0627\u0639\u0627\u062a-\u0622\u0646\u0644\u0627\u06cc\u0646-\u0627\u0632-\u0645\u0631\u06a9\u0632-\u0645\u0634\u0627\u0648\u0631\u0647-\u0645\u0635\u0631\u0641\u06a9\u0646\u0646\u062f\u0647-\u0642\u0631\u0627\u0631\u062f\u0627\u062f\u0647\u0627-\u062d\u0642\u0648\u0642-\u0648-\u062a\u0639\u0647\u062f\u0627\u062a-\u0645\u0646-\u0686\u06cc\u0633\u062a/"}, "ro": {"id": 309524, "url": "https://admin.integreat-app.de/ostallgaeu/ro/events/informa\u021bii-online-de-la-centrul-de-consiliere-pentru-consumatori-contracte-ce-drepturi-\u0219i-obliga\u021bii-am/", "path": "/ostallgaeu/ro/events/informa\u021bii-online-de-la-centrul-de-consiliere-pentru-consumatori-contracte-ce-drepturi-\u0219i-obliga\u021bii-am/"}, "ru": {"id": 309525, "url": "https://admin.integreat-app.de/ostallgaeu/ru/events/\u043e\u043d\u043b\u0430\u0439\u043d-\u0438\u043d\u0444\u043e\u0440\u043c\u0430\u0446\u0438\u044f-\u043e\u0442-\u043a\u043e\u043d\u0441\u0443\u043b\u044c\u0442\u0430\u0446\u0438\u043e\u043d\u043d\u043e\u0433\u043e-\u0446\u0435\u043d\u0442\u0440\u0430-\u0434\u043b\u044f-\u043f\u043e\u0442\u0440\u0435\u0431\u0438\u0442\u0435\u043b\u0435\u0439-\u0434\u043e\u0433\u043e\u0432\u043e\u0440\u044b-\u043a\u0430\u043a\u0438\u0435-\u0443-\u043c\u0435\u043d\u044f-\u0435\u0441\u0442\u044c-\u043f\u0440\u0430\u0432\u0430-\u0438-\u043e\u0431\u044f\u0437\u0430\u043d\u043d\u043e\u0441\u0442\u0438/", "path": "/ostallgaeu/ru/events/\u043e\u043d\u043b\u0430\u0439\u043d-\u0438\u043d\u0444\u043e\u0440\u043c\u0430\u0446\u0438\u044f-\u043e\u0442-\u043a\u043e\u043d\u0441\u0443\u043b\u044c\u0442\u0430\u0446\u0438\u043e\u043d\u043d\u043e\u0433\u043e-\u0446\u0435\u043d\u0442\u0440\u0430-\u0434\u043b\u044f-\u043f\u043e\u0442\u0440\u0435\u0431\u0438\u0442\u0435\u043b\u0435\u0439-\u0434\u043e\u0433\u043e\u0432\u043e\u0440\u044b-\u043a\u0430\u043a\u0438\u0435-\u0443-\u043c\u0435\u043d\u044f-\u0435\u0441\u0442\u044c-\u043f\u0440\u0430\u0432\u0430-\u0438-\u043e\u0431\u044f\u0437\u0430\u043d\u043d\u043e\u0441\u0442\u0438/"}, "tr": {"id": 309526, "url": "https://admin.integreat-app.de/ostallgaeu/tr/events/t\u00fcketici-dan\u0131\u015fma-merkezinden-\u00e7evrimi\u00e7i-bilgiler-s\u00f6zle\u015fmeler-hangi-hak-ve-y\u00fck\u00fcml\u00fcl\u00fcklere-sahibim/", "path": "/ostallgaeu/tr/events/t\u00fcketici-dan\u0131\u015fma-merkezinden-\u00e7evrimi\u00e7i-bilgiler-s\u00f6zle\u015fmeler-hangi-hak-ve-y\u00fck\u00fcml\u00fcl\u00fcklere-sahibim/"}, "uk": {"id": 309527, "url": "https://admin.integreat-app.de/ostallgaeu/uk/events/\u043e\u043d\u043b\u0430\u0439\u043d-\u0456\u043d\u0444\u043e\u0440\u043c\u0430\u0446\u0456\u044f-\u0432\u0456\u0434-\u0446\u0435\u043d\u0442\u0440\u0443-\u043a\u043e\u043d\u0441\u0443\u043b\u044c\u0442\u0443\u0432\u0430\u043d\u043d\u044f-\u0441\u043f\u043e\u0436\u0438\u0432\u0430\u0447\u0456\u0432-\u0434\u043e\u0433\u043e\u0432\u043e\u0440\u0438-\u044f\u043a\u0456-\u043f\u0440\u0430\u0432\u0430-\u0442\u0430-\u043e\u0431\u043e\u0432\u044f\u0437\u043a\u0438-\u044f-\u043c\u0430\u044e/", "path": "/ostallgaeu/uk/events/\u043e\u043d\u043b\u0430\u0439\u043d-\u0456\u043d\u0444\u043e\u0440\u043c\u0430\u0446\u0456\u044f-\u0432\u0456\u0434-\u0446\u0435\u043d\u0442\u0440\u0443-\u043a\u043e\u043d\u0441\u0443\u043b\u044c\u0442\u0443\u0432\u0430\u043d\u043d\u044f-\u0441\u043f\u043e\u0436\u0438\u0432\u0430\u0447\u0456\u0432-\u0434\u043e\u0433\u043e\u0432\u043e\u0440\u0438-\u044f\u043a\u0456-\u043f\u0440\u0430\u0432\u0430-\u0442\u0430-\u043e\u0431\u043e\u0432\u044f\u0437\u043a\u0438-\u044f-\u043c\u0430\u044e/"}, "ti": {"id": 309528, "url": "https://admin.integreat-app.de/ostallgaeu/ti/events/\u121b\u12a5\u12a8\u120d-\u121d\u12bd\u122a-\u1270\u1320\u1240\u121d\u1272-\u1265\u12a2\u1295\u1270\u122d\u1290\u1275-\u1213\u1260\u122c\u1273-\u12cd\u12d5\u120b\u1275-\u12a5\u1295\u1273\u12ed-\u1218\u1230\u120b\u1275\u1295-\u130d\u12f4\u1273\u1273\u1275\u1295-\u12a3\u1208\u1292/", "path": "/ostallgaeu/ti/events/\u121b\u12a5\u12a8\u120d-\u121d\u12bd\u122a-\u1270\u1320\u1240\u121d\u1272-\u1265\u12a2\u1295\u1270\u122d\u1290\u1275-\u1213\u1260\u122c\u1273-\u12cd\u12d5\u120b\u1275-\u12a5\u1295\u1273\u12ed-\u1218\u1230\u120b\u1275\u1295-\u130d\u12f4\u1273\u1273\u1275\u1295-\u12a3\u1208\u1292/"}}, "thumbnail": "https://admin.integreat-app.de/media/regions/181/2017/11/internet17.png", "location": {"id": null, "name": null, "address": null, "town": null, "state": null, "postcode": null, "region": null, "country": null, "latitude": null, "longitude": null}, "location_path": null, "meeting_url": null, "event": {"id": 19210, "start": "2026-06-10T18:00:00+02:00", "start_date": "2026-06-10", "start_time": "18:00:00", "end": "2026-06-10T19:00:00+02:00", "end_date": "2026-06-10", "end_time": "19:00:00", "all_day": false, "only_weekdays": false, "recurrence_id": null, "timezone": "Europe/Berlin"}, "hash": null, "recurrence_rule": null}, {"id": 312620, "url": "https://admin.integreat-app.de/ostallgaeu/de/events/duale-ausbildung-infoabend-f\u00fcr-eltern-und-sch\u00fclerinnen-deutsch-online/", "path": "/ostallgaeu/de/events/duale-ausbildung-infoabend-f\u00fcr-eltern-und-sch\u00fclerinnen-deutsch-online/", "title": "Duale Ausbildung: Infoabend f\u00fcr Eltern und Sch\u00fcler*innen DEUTSCH (Online)", "modified_gmt": "2026-04-09T09:49:02.685Z", "last_updated": "2026-04-09T11:49:02.685+02:00", "excerpt": "\r\nBerufswahl \u2013 Online-Infoabende f\u00fcr Eltern und Sch\u00fcler in 8 Sprachen\r\nAlle Eltern-Infoabende finden online von 18:30 - 20:00 Uhr statt. \u00a0Eine Anmeldung ist nicht erforderlich. Der Einwahl-Link f\u00fchrt Sie zur aktuellen Veranstaltung.\r\nDuale Ausbildung - Informationen f\u00fcr Eltern und Sch\u00fcler*innenIn Deutschland bietet eine duale Ausbildung sehr gute Zukunftschancen. Wie funktioniert eine duale Ausbildung? Welche Berufe gibt es? Wie findet man einen Ausbildungsplatz? Bei unseren mehrsprachigen Infoabenden erhalten Eltern und Sch\u00fcler Antworten. Es gibt viele praktische Tipps, wie der \u00dcbergang von der Schule ins Berufsleben gelingt! Start 18:30 Uhr, Login ab 18:15 Uhr.\r\n\r\nAnmeldung hier.\r\n", "content": "<div>\r\n<p>Berufswahl \u2013 Online-Infoabende f\u00fcr Eltern und Sch\u00fcler in 8 Sprachen</p>\r\n<p>Alle Eltern-Infoabende finden online von 18:30 - 20:00 Uhr statt. \u00a0Eine Anmeldung ist nicht erforderlich. Der Einwahl-Link f\u00fchrt Sie zur aktuellen Veranstaltung.</p>\r\n<p>Duale Ausbildung - Informationen f\u00fcr Eltern und Sch\u00fcler*innen<br>In Deutschland bietet eine duale Ausbildung sehr gute Zukunftschancen. Wie funktioniert eine duale Ausbildung? Welche Berufe gibt es? Wie findet man einen Ausbildungsplatz? Bei unseren mehrsprachigen Infoabenden erhalten Eltern und Sch\u00fcler Antworten. Es gibt viele praktische Tipps, wie der \u00dcbergang von der Schule ins Berufsleben gelingt! Start 18:30 Uhr, Login ab 18:15 Uhr.</p>\r\n<a class=\"link-external\" href=\"https://www.kausa-bayern.de/infothek/veranstaltungen\">\r\n<p>Anmeldung hier.</p>\r\n</a></div>", "available_languages": {"hr": {"id": null, "url": "https://admin.integreat-app.de/ostallgaeu/hr/events/duale-ausbildung-infoabend-f\u00fcr-eltern-und-sch\u00fclerinnen-deutsch-online/", "path": "/ostallgaeu/hr/events/duale-ausbildung-infoabend-f\u00fcr-eltern-und-sch\u00fclerinnen-deutsch-online/"}, "en": {"id": null, "url": "https://admin.integreat-app.de/ostallgaeu/en/events/duale-ausbildung-infoabend-f\u00fcr-eltern-und-sch\u00fclerinnen-deutsch-online/", "path": "/ostallgaeu/en/events/duale-ausbildung-infoabend-f\u00fcr-eltern-und-sch\u00fclerinnen-deutsch-online/"}, "es": {"id": null, "url": "https://admin.integreat-app.de/ostallgaeu/es/events/duale-ausbildung-infoabend-f\u00fcr-eltern-und-sch\u00fclerinnen-deutsch-online/", "path": "/ostallgaeu/es/events/duale-ausbildung-infoabend-f\u00fcr-eltern-und-sch\u00fclerinnen-deutsch-online/"}, "fr": {"id": null, "url": "https://admin.integreat-app.de/ostallgaeu/fr/events/duale-ausbildung-infoabend-f\u00fcr-eltern-und-sch\u00fclerinnen-deutsch-online/", "path": "/ostallgaeu/fr/events/duale-ausbildung-infoabend-f\u00fcr-eltern-und-sch\u00fclerinnen-deutsch-online/"}, "ar": {"id": null, "url": "https://admin.integreat-app.de/ostallgaeu/ar/events/duale-ausbildung-infoabend-f\u00fcr-eltern-und-sch\u00fclerinnen-deutsch-online/", "path": "/ostallgaeu/ar/events/duale-ausbildung-infoabend-f\u00fcr-eltern-und-sch\u00fclerinnen-deutsch-online/"}, "fa": {"id": null, "url": "https://admin.integreat-app.de/ostallgaeu/fa/events/duale-ausbildung-infoabend-f\u00fcr-eltern-und-sch\u00fclerinnen-deutsch-online/", "path": "/ostallgaeu/fa/events/duale-ausbildung-infoabend-f\u00fcr-eltern-und-sch\u00fclerinnen-deutsch-online/"}, "ro": {"id": null, "url": "https://admin.integreat-app.de/ostallgaeu/ro/events/duale-ausbildung-infoabend-f\u00fcr-eltern-und-sch\u00fclerinnen-deutsch-online/", "path": "/ostallgaeu/ro/events/duale-ausbildung-infoabend-f\u00fcr-eltern-und-sch\u00fclerinnen-deutsch-online/"}, "ru": {"id": null, "url": "https://admin.integreat-app.de/ostallgaeu/ru/events/duale-ausbildung-infoabend-f\u00fcr-eltern-und-sch\u00fclerinnen-deutsch-online/", "path": "/ostallgaeu/ru/events/duale-ausbildung-infoabend-f\u00fcr-eltern-und-sch\u00fclerinnen-deutsch-online/"}, "tr": {"id": null, "url": "https://admin.integreat-app.de/ostallgaeu/tr/events/duale-ausbildung-infoabend-f\u00fcr-eltern-und-sch\u00fclerinnen-deutsch-online/", "path": "/ostallgaeu/tr/events/duale-ausbildung-infoabend-f\u00fcr-eltern-und-sch\u00fclerinnen-deutsch-online/"}, "uk": {"id": null, "url": "https://admin.integreat-app.de/ostallgaeu/uk/events/duale-ausbildung-infoabend-f\u00fcr-eltern-und-sch\u00fclerinnen-deutsch-online/", "path": "/ostallgaeu/uk/events/duale-ausbildung-infoabend-f\u00fcr-eltern-und-sch\u00fclerinnen-deutsch-online/"}, "ti": {"id": null, "url": "https://admin.integreat-app.de/ostallgaeu/ti/events/duale-ausbildung-infoabend-f\u00fcr-eltern-und-sch\u00fclerinnen-deutsch-online/", "path": "/ostallgaeu/ti/events/duale-ausbildung-infoabend-f\u00fcr-eltern-und-sch\u00fclerinnen-deutsch-online/"}}, "thumbnail": "https://admin.integreat-app.de/media/regions/181/2026/04/1775724585_kausa.png", "location": {"id": null, "name": null, "address": null, "town": null, "state": null, "postcode": null, "region": null, "country": null, "latitude": null, "longitude": null}, "location_path": null, "meeting_url": null, "event": {"id": 19399, "start": "2026-06-10T18:30:00+02:00", "start_date": "2026-06-10", "start_time": "18:30:00", "end": "2026-06-10T20:00:00+02:00", "end_date": "2026-06-10", "end_time": "20:00:00", "all_day": false, "only_weekdays": false, "recurrence_id": null, "timezone": "Europe/Berlin"}, "hash": null, "recurrence_rule": null}, {"id": 312551, "url": "https://admin.integreat-app.de/ostallgaeu/de/events/bewerben-mit-wenig-deutschkenntnissen-ki-co-online-4/", "path": "/ostallgaeu/de/events/bewerben-mit-wenig-deutschkenntnissen-ki-co-online-4/", "title": "Bewerben mit wenig Deutschkenntnissen \u2013 KI & Co (Online)", "modified_gmt": "2026-04-09T09:19:02.318Z", "last_updated": "2026-04-09T11:19:02.318+02:00", "excerpt": "\r\nBewerben mit wenig Deutschkenntnissen \u2013 KI &amp; Co\r\n\r\nKompakt Vortrag 2: 21.04.2026, 14:00 bis 15:00 Uhr\r\nWorkshop 2: 23.04.2026, 10:00 bis 12:30 Uhr\r\nKompakt Vortrag 3: 21.05.2026, 11:00 bis 12:00 Uhr\r\nKompakt Vortrag 4: 11.06.2026, 09:30 bis 10:30 Uhr\u00a0\r\n\r\nBitte nutzen Sie zur Anmeldung das Anmeldetool unten auf dieser Seite. Die Anmeldung ist bis sp\u00e4testens 2 Tage vor der jeweiligen Veranstaltung m\u00f6glich.\r\nUm einen Arbeits- oder Ausbildungsplatz zu finden, sind in Deutschland in der Regel Bewerbungsunterlagen erforderlich. Dies kann f\u00fcr zugewanderte Menschen eine gro\u00dfe Herausforderung darstellen, insbesondere aufgrund mangelnder Sprachkenntnisse. In unseren Veranstaltungen werden Tipps und Tools zum Bewerbungsschreiben vorgestellt (mit und ohne KI).\u00a0\r\nDie Veranstaltung richtet sich vorrangig an Mitarbeitende und Ehrenamtliche in der Migrationsarbeit. Dar\u00fcber hinaus sind alle interessierten Personen mit Flucht- oder Migrationsgeschichte herzlich willkommen, die \u00fcber gute Deutschkenntnisse auf Niveau B2/C1 verf\u00fcgen.\r\nVorgesehen sind zwei unterschiedliche Formate: KOMPAKT Vortrag (ca. 1 Stunde) und WORKSHOP (2,5 Stunden). \u00a0Das Kompakt\u2011Format eignet sich besonders f\u00fcr Personen, die schnell informiert sein m\u00f6chten, wenig Zeit haben oder intern erste Impulse weitergeben wollen. Das Workshop-Format eignet sich besonders f\u00fcr Menschen, die noch wenig Erfahrung mit KI haben und die KI aktiv im Berufsalltag nutzen m\u00f6chten, eigene praktische Erfahrungen machen m\u00f6chten und konkrete Anwendungssicherheit w\u00fcnschen.\r\n", "content": "<div>\r\n<p>Bewerben mit wenig Deutschkenntnissen \u2013 KI &amp; Co</p>\r\n<ul>\r\n<li>Kompakt Vortrag 2: 21.04.2026, 14:00 bis 15:00 Uhr</li>\r\n<li>Workshop 2: 23.04.2026, 10:00 bis 12:30 Uhr</li>\r\n<li>Kompakt Vortrag 3: 21.05.2026, 11:00 bis 12:00 Uhr</li>\r\n<li>Kompakt Vortrag 4: 11.06.2026, 09:30 bis 10:30 Uhr\u00a0</li>\r\n</ul>\r\n<p><a class=\"link-external\" href=\"https://www.kausa-bayern.de/infothek/veranstaltungen\">Bitte nutzen Sie zur Anmeldung das Anmeldetool unten auf dieser Seite</a>. Die Anmeldung ist bis sp\u00e4testens 2 Tage vor der jeweiligen Veranstaltung m\u00f6glich.</p>\r\n<p>Um einen Arbeits- oder Ausbildungsplatz zu finden, sind in Deutschland in der Regel Bewerbungsunterlagen erforderlich. Dies kann f\u00fcr zugewanderte Menschen eine gro\u00dfe Herausforderung darstellen, insbesondere aufgrund mangelnder Sprachkenntnisse. In unseren Veranstaltungen werden Tipps und Tools zum Bewerbungsschreiben vorgestellt (mit und ohne KI).\u00a0</p>\r\n<p>Die Veranstaltung richtet sich vorrangig an Mitarbeitende und Ehrenamtliche in der Migrationsarbeit. Dar\u00fcber hinaus sind alle interessierten Personen mit Flucht- oder Migrationsgeschichte herzlich willkommen, die \u00fcber gute Deutschkenntnisse auf Niveau B2/C1 verf\u00fcgen.</p>\r\n<p>Vorgesehen sind zwei unterschiedliche Formate: KOMPAKT Vortrag (ca. 1 Stunde) und WORKSHOP (2,5 Stunden). \u00a0Das Kompakt\u2011Format eignet sich besonders f\u00fcr Personen, die schnell informiert sein m\u00f6chten, wenig Zeit haben oder intern erste Impulse weitergeben wollen. Das Workshop-Format eignet sich besonders f\u00fcr Menschen, die noch wenig Erfahrung mit KI haben und die KI aktiv im Berufsalltag nutzen m\u00f6chten, eigene praktische Erfahrungen machen m\u00f6chten und konkrete Anwendungssicherheit w\u00fcnschen.</p>\r\n</div>", "available_languages": {"hr": {"id": 312552, "url": "https://admin.integreat-app.de/ostallgaeu/hr/events/prijava-za-posao-s-ograni\u010denim-znanjem-njema\u010dkog-jezika-ai-i-dr-online-4/", "path": "/ostallgaeu/hr/events/prijava-za-posao-s-ograni\u010denim-znanjem-njema\u010dkog-jezika-ai-i-dr-online-4/"}, "en": {"id": 312553, "url": "https://admin.integreat-app.de/ostallgaeu/en/events/applying-with-little-knowledge-of-german-ki-amp-co-online-4/", "path": "/ostallgaeu/en/events/applying-with-little-knowledge-of-german-ki-amp-co-online-4/"}, "es": {"id": 312554, "url": "https://admin.integreat-app.de/ostallgaeu/es/events/solicitud-con-escasos-conocimientos-de-alem\u00e1n-ki-amp-co-online-4/", "path": "/ostallgaeu/es/events/solicitud-con-escasos-conocimientos-de-alem\u00e1n-ki-amp-co-online-4/"}, "fr": {"id": 312555, "url": "https://admin.integreat-app.de/ostallgaeu/fr/events/postuler-avec-peu-de-connaissances-en-allemand-ia-amp-co-online-4/", "path": "/ostallgaeu/fr/events/postuler-avec-peu-de-connaissances-en-allemand-ia-amp-co-online-4/"}, "ar": {"id": 312556, "url": "https://admin.integreat-app.de/ostallgaeu/ar/events/\u0627\u0644\u062a\u0642\u062f\u064a\u0645-\u0645\u0639-\u0645\u0639\u0631\u0641\u0629-\u0642\u0644\u064a\u0644\u0629-\u0628\u0627\u0644\u0644\u063a\u0629-\u0627\u0644\u0623\u0644\u0645\u0627\u0646\u064a\u0629-ki-amp-co-\u0639\u0628\u0631-\u0627\u0644\u0625\u0646\u062a\u0631\u0646\u062a-4/", "path": "/ostallgaeu/ar/events/\u0627\u0644\u062a\u0642\u062f\u064a\u0645-\u0645\u0639-\u0645\u0639\u0631\u0641\u0629-\u0642\u0644\u064a\u0644\u0629-\u0628\u0627\u0644\u0644\u063a\u0629-\u0627\u0644\u0623\u0644\u0645\u0627\u0646\u064a\u0629-ki-amp-co-\u0639\u0628\u0631-\u0627\u0644\u0625\u0646\u062a\u0631\u0646\u062a-4/"}, "fa": {"id": 312557, "url": "https://admin.integreat-app.de/ostallgaeu/fa/events/\u062f\u0631\u062e\u0648\u0627\u0633\u062a-\u0634\u063a\u0644-\u0628\u0627-\u0645\u0647\u0627\u0631\u062a-\u0645\u062d\u062f\u0648\u062f-\u062f\u0631-\u0632\u0628\u0627\u0646-\u0622\u0644\u0645\u0627\u0646\u06cc-\u0647\u0648\u0634-\u0645\u0635\u0646\u0648\u0639\u06cc-\u0648-\u0647\u0645\u06a9\u0627\u0631\u0627\u0646-\u0622\u0646\u0644\u0627\u06cc\u0646-4/", "path": "/ostallgaeu/fa/events/\u062f\u0631\u062e\u0648\u0627\u0633\u062a-\u0634\u063a\u0644-\u0628\u0627-\u0645\u0647\u0627\u0631\u062a-\u0645\u062d\u062f\u0648\u062f-\u062f\u0631-\u0632\u0628\u0627\u0646-\u0622\u0644\u0645\u0627\u0646\u06cc-\u0647\u0648\u0634-\u0645\u0635\u0646\u0648\u0639\u06cc-\u0648-\u0647\u0645\u06a9\u0627\u0631\u0627\u0646-\u0622\u0646\u0644\u0627\u06cc\u0646-4/"}, "ro": {"id": 312558, "url": "https://admin.integreat-app.de/ostallgaeu/ro/events/aplicare-cu-cuno\u0219tin\u021be-reduse-de-german\u0103-ki-amp-co-online-4/", "path": "/ostallgaeu/ro/events/aplicare-cu-cuno\u0219tin\u021be-reduse-de-german\u0103-ki-amp-co-online-4/"}, "ru": {"id": 312559, "url": "https://admin.integreat-app.de/ostallgaeu/ru/events/\u043f\u0440\u0438\u0435\u043c-\u043d\u0430-\u0440\u0430\u0431\u043e\u0442\u0443-\u0441-\u043d\u0435\u0431\u043e\u043b\u044c\u0448\u0438\u043c-\u0437\u043d\u0430\u043d\u0438\u0435\u043c-\u043d\u0435\u043c\u0435\u0446\u043a\u043e\u0433\u043e-\u044f\u0437\u044b\u043a\u0430-ki-amp-co-online-4/", "path": "/ostallgaeu/ru/events/\u043f\u0440\u0438\u0435\u043c-\u043d\u0430-\u0440\u0430\u0431\u043e\u0442\u0443-\u0441-\u043d\u0435\u0431\u043e\u043b\u044c\u0448\u0438\u043c-\u0437\u043d\u0430\u043d\u0438\u0435\u043c-\u043d\u0435\u043c\u0435\u0446\u043a\u043e\u0433\u043e-\u044f\u0437\u044b\u043a\u0430-ki-amp-co-online-4/"}, "tr": {"id": 312560, "url": "https://admin.integreat-app.de/ostallgaeu/tr/events/az-almanca-bilgisiyle-ba\u015fvuru-ki-amp-co-\u00e7evrimi\u00e7i-4/", "path": "/ostallgaeu/tr/events/az-almanca-bilgisiyle-ba\u015fvuru-ki-amp-co-\u00e7evrimi\u00e7i-4/"}, "uk": {"id": 312561, "url": "https://admin.integreat-app.de/ostallgaeu/uk/events/\u043f\u043e\u0434\u0430\u0447\u0430-\u0434\u043e\u043a\u0443\u043c\u0435\u043d\u0442\u0456\u0432-\u0437-\u043f\u043e\u0433\u0430\u043d\u0438\u043c-\u0437\u043d\u0430\u043d\u043d\u044f\u043c-\u043d\u0456\u043c\u0435\u0446\u044c\u043a\u043e\u0457-\u043c\u043e\u0432\u0438-ki-amp-co-\u043e\u043d\u043b\u0430\u0439\u043d-4/", "path": "/ostallgaeu/uk/events/\u043f\u043e\u0434\u0430\u0447\u0430-\u0434\u043e\u043a\u0443\u043c\u0435\u043d\u0442\u0456\u0432-\u0437-\u043f\u043e\u0433\u0430\u043d\u0438\u043c-\u0437\u043d\u0430\u043d\u043d\u044f\u043c-\u043d\u0456\u043c\u0435\u0446\u044c\u043a\u043e\u0457-\u043c\u043e\u0432\u0438-ki-amp-co-\u043e\u043d\u043b\u0430\u0439\u043d-4/"}, "ti": {"id": 312562, "url": "https://admin.integreat-app.de/ostallgaeu/ti/events/\u1265\u12cd\u1231\u1295-\u12ad\u12a5\u1208\u1275-\u1300\u122d\u1218\u1295-\u121d\u121d\u120d\u12ab\u1275-ai-co-online-4/", "path": "/ostallgaeu/ti/events/\u1265\u12cd\u1231\u1295-\u12ad\u12a5\u1208\u1275-\u1300\u122d\u1218\u1295-\u121d\u121d\u120d\u12ab\u1275-ai-co-online-4/"}}, "thumbnail": "https://admin.integreat-app.de/media/regions/181/2026/04/1775724585_kausa.png", "location": {"id": null, "name": null, "address": null, "town": null, "state": null, "postcode": null, "region": null, "country": null, "latitude": null, "longitude": null}, "location_path": null, "meeting_url": null, "event": {"id": 19404, "start": "2026-06-11T09:30:00+02:00", "start_date": "2026-06-11", "start_time": "09:30:00", "end": "2026-06-11T10:30:00+02:00", "end_date": "2026-06-11", "end_time": "10:30:00", "all_day": false, "only_weekdays": false, "recurrence_id": null, "timezone": "Europe/Berlin"}, "hash": null, "recurrence_rule": null}, {"id": 319910, "url": "https://admin.integreat-app.de/ostallgaeu/de/events/spielplatztreff-f\u00fcr-alleinerziehende-wasser-und-kreatives-malen-mit-farbe/", "path": "/ostallgaeu/de/events/spielplatztreff-f\u00fcr-alleinerziehende-wasser-und-kreatives-malen-mit-farbe/", "title": "Spielplatztreff f\u00fcr Alleinerziehende: Wasser und kreatives Malen mit Farbe", "modified_gmt": "2026-04-17T08:23:49.893Z", "last_updated": "2026-04-17T10:23:49.893+02:00", "excerpt": "\r\nDer Treff bietet alleinerziehenden und getrennt lebenden Eltern mit ihren Kindern eine kleine Auszeit f\u00fcr sch\u00f6ne gemeinsame Aktivit\u00e4ten und Austausch.\r\nTreffpunkt ist der Spielplatz am DAV-Kletterzentrum in Kaufbeuren.\r\nDies ist eine Veranstaltung der Familienst\u00fctzpunkte \"Apfelkern\" und \"Hand in Hand\".\r\nAnmeldung bis eine Woche vorher unter: familienstuetzpunkt.haken-kf@bistum-augsburg.de\u00a0 \r\nOder telefonisch unter +49\u00a083419082383\r\n\u00a0\r\n", "content": "<div>\r\n<p>Der Treff bietet alleinerziehenden und getrennt lebenden Eltern mit ihren Kindern eine kleine Auszeit f\u00fcr sch\u00f6ne gemeinsame Aktivit\u00e4ten und Austausch.</p>\r\n<p>Treffpunkt ist der Spielplatz am DAV-Kletterzentrum in Kaufbeuren.</p>\r\n<p>Dies ist eine Veranstaltung der Familienst\u00fctzpunkte \"Apfelkern\" und \"Hand in Hand\".</p>\r\n<p>Anmeldung bis eine Woche vorher unter: <img style=\"width: 15px; height: 15px;\" src=\"https://admin.integreat-app.de/static/svg/email.svg\" alt=\"E-Mail-Adresse\"><a class=\"link-external\" href=\"mailto:familienstuetzpunkt.haken-kf@bistum-augsburg.de\">familienstuetzpunkt.haken-kf@bistum-augsburg.de\u00a0 </a></p>\r\n<p>Oder telefonisch unter<img style=\"width: 15px; height: 15px;\" src=\"https://admin.integreat-app.de/static/svg/call.svg\" alt=\"Telefonnummer\"> <a class=\"link-external\" href=\"tel:+4983419082383\"><span class=\"notranslate\" dir=\"ltr\" translate=\"no\">+49\u00a083419082383</span></a></p>\r\n<p>\u00a0</p>\r\n</div>", "available_languages": {"hr": {"id": 319899, "url": "https://admin.integreat-app.de/ostallgaeu/hr/events/dru\u017eenje-na-igrali\u0161tu-za-samohrane-roditelje-igre-u-vodi-i-kreativno-slikanje/", "path": "/ostallgaeu/hr/events/dru\u017eenje-na-igrali\u0161tu-za-samohrane-roditelje-igre-u-vodi-i-kreativno-slikanje/"}, "en": {"id": 319900, "url": "https://admin.integreat-app.de/ostallgaeu/en/events/playground-meeting-for-single-parents-water-and-creative-painting-with-colour/", "path": "/ostallgaeu/en/events/playground-meeting-for-single-parents-water-and-creative-painting-with-colour/"}, "es": {"id": 319901, "url": "https://admin.integreat-app.de/ostallgaeu/es/events/encuentro-de-padres-solteros-agua-y-pintura-creativa-con-color/", "path": "/ostallgaeu/es/events/encuentro-de-padres-solteros-agua-y-pintura-creativa-con-color/"}, "fr": {"id": 319902, "url": "https://admin.integreat-app.de/ostallgaeu/fr/events/rencontre-sur-le-terrain-de-jeu-pour-les-parents-isol\u00e9s-eau-et-peinture-cr\u00e9ative-avec-de-la-peinture/", "path": "/ostallgaeu/fr/events/rencontre-sur-le-terrain-de-jeu-pour-les-parents-isol\u00e9s-eau-et-peinture-cr\u00e9ative-avec-de-la-peinture/"}, "ar": {"id": 319903, "url": "https://admin.integreat-app.de/ostallgaeu/ar/events/\u0644\u0642\u0627\u0621-\u0641\u064a-\u0627\u0644\u0645\u0644\u0639\u0628-\u0644\u0644\u0648\u0627\u0644\u062f\u064a\u0646-\u0627\u0644\u0648\u062d\u064a\u062f\u064a\u0646-\u0627\u0644\u0645\u0627\u0621-\u0648\u0627\u0644\u0631\u0633\u0645-\u0627\u0644\u0625\u0628\u062f\u0627\u0639\u064a-\u0628\u0627\u0644\u0623\u0644\u0648\u0627\u0646/", "path": "/ostallgaeu/ar/events/\u0644\u0642\u0627\u0621-\u0641\u064a-\u0627\u0644\u0645\u0644\u0639\u0628-\u0644\u0644\u0648\u0627\u0644\u062f\u064a\u0646-\u0627\u0644\u0648\u062d\u064a\u062f\u064a\u0646-\u0627\u0644\u0645\u0627\u0621-\u0648\u0627\u0644\u0631\u0633\u0645-\u0627\u0644\u0625\u0628\u062f\u0627\u0639\u064a-\u0628\u0627\u0644\u0623\u0644\u0648\u0627\u0646/"}, "fa": {"id": 319904, "url": "https://admin.integreat-app.de/ostallgaeu/fa/events/\u062f\u06cc\u062f\u0627\u0631-\u062f\u0631-\u0632\u0645\u06cc\u0646-\u0628\u0627\u0632\u06cc-\u0628\u0631\u0627\u06cc-\u0648\u0627\u0644\u062f\u06cc\u0646-\u0645\u062c\u0631\u062f-\u0628\u0627\u0632\u06cc-\u0628\u0627-\u0622\u0628-\u0648-\u0646\u0642\u0627\u0634\u06cc-\u062e\u0644\u0627\u0642\u0627\u0646\u0647/", "path": "/ostallgaeu/fa/events/\u062f\u06cc\u062f\u0627\u0631-\u062f\u0631-\u0632\u0645\u06cc\u0646-\u0628\u0627\u0632\u06cc-\u0628\u0631\u0627\u06cc-\u0648\u0627\u0644\u062f\u06cc\u0646-\u0645\u062c\u0631\u062f-\u0628\u0627\u0632\u06cc-\u0628\u0627-\u0622\u0628-\u0648-\u0646\u0642\u0627\u0634\u06cc-\u062e\u0644\u0627\u0642\u0627\u0646\u0647/"}, "ro": {"id": 319905, "url": "https://admin.integreat-app.de/ostallgaeu/ro/events/\u00eent\u00e2lnire-la-locul-de-joac\u0103-pentru-p\u0103rin\u021bii-singuri-ap\u0103-\u0219i-pictur\u0103-creativ\u0103-cu-culori/", "path": "/ostallgaeu/ro/events/\u00eent\u00e2lnire-la-locul-de-joac\u0103-pentru-p\u0103rin\u021bii-singuri-ap\u0103-\u0219i-pictur\u0103-creativ\u0103-cu-culori/"}, "ru": {"id": 319906, "url": "https://admin.integreat-app.de/ostallgaeu/ru/events/\u0432\u0441\u0442\u0440\u0435\u0447\u0430-\u043d\u0430-\u0438\u0433\u0440\u043e\u0432\u043e\u0439-\u043f\u043b\u043e\u0449\u0430\u0434\u043a\u0435-\u0434\u043b\u044f-\u043e\u0434\u0438\u043d\u043e\u043a\u0438\u0445-\u0440\u043e\u0434\u0438\u0442\u0435\u043b\u0435\u0439-\u0432\u043e\u0434\u0430-\u0438-\u0442\u0432\u043e\u0440\u0447\u0435\u0441\u043a\u043e\u0435-\u0440\u0438\u0441\u043e\u0432\u0430\u043d\u0438\u0435-\u043a\u0440\u0430\u0441\u043a\u0430\u043c\u0438/", "path": "/ostallgaeu/ru/events/\u0432\u0441\u0442\u0440\u0435\u0447\u0430-\u043d\u0430-\u0438\u0433\u0440\u043e\u0432\u043e\u0439-\u043f\u043b\u043e\u0449\u0430\u0434\u043a\u0435-\u0434\u043b\u044f-\u043e\u0434\u0438\u043d\u043e\u043a\u0438\u0445-\u0440\u043e\u0434\u0438\u0442\u0435\u043b\u0435\u0439-\u0432\u043e\u0434\u0430-\u0438-\u0442\u0432\u043e\u0440\u0447\u0435\u0441\u043a\u043e\u0435-\u0440\u0438\u0441\u043e\u0432\u0430\u043d\u0438\u0435-\u043a\u0440\u0430\u0441\u043a\u0430\u043c\u0438/"}, "tr": {"id": 319907, "url": "https://admin.integreat-app.de/ostallgaeu/tr/events/bekar-ebeveynler-i\u00e7in-oyun-alan\u0131-toplant\u0131s\u0131-su-ve-renklerle-yarat\u0131c\u0131-boyama/", "path": "/ostallgaeu/tr/events/bekar-ebeveynler-i\u00e7in-oyun-alan\u0131-toplant\u0131s\u0131-su-ve-renklerle-yarat\u0131c\u0131-boyama/"}, "uk": {"id": 319908, "url": "https://admin.integreat-app.de/ostallgaeu/uk/events/\u0437\u0443\u0441\u0442\u0440\u0456\u0447-\u043d\u0430-\u0434\u0438\u0442\u044f\u0447\u043e\u043c\u0443-\u043c\u0430\u0439\u0434\u0430\u043d\u0447\u0438\u043a\u0443-\u0434\u043b\u044f-\u0431\u0430\u0442\u044c\u043a\u0456\u0432-\u043e\u0434\u0438\u043d\u0430\u043a\u0456\u0432-\u0432\u043e\u0434\u0430-\u0442\u0430-\u0442\u0432\u043e\u0440\u0447\u0435-\u043c\u0430\u043b\u044e\u0432\u0430\u043d\u043d\u044f-\u0444\u0430\u0440\u0431\u0430\u043c\u0438/", "path": "/ostallgaeu/uk/events/\u0437\u0443\u0441\u0442\u0440\u0456\u0447-\u043d\u0430-\u0434\u0438\u0442\u044f\u0447\u043e\u043c\u0443-\u043c\u0430\u0439\u0434\u0430\u043d\u0447\u0438\u043a\u0443-\u0434\u043b\u044f-\u0431\u0430\u0442\u044c\u043a\u0456\u0432-\u043e\u0434\u0438\u043d\u0430\u043a\u0456\u0432-\u0432\u043e\u0434\u0430-\u0442\u0430-\u0442\u0432\u043e\u0440\u0447\u0435-\u043c\u0430\u043b\u044e\u0432\u0430\u043d\u043d\u044f-\u0444\u0430\u0440\u0431\u0430\u043c\u0438/"}, "ti": {"id": 319909, "url": "https://admin.integreat-app.de/ostallgaeu/ti/events/\u1293\u12ed-\u1218\u133b\u12c8\u1272-\u1266\u1273-\u12a3\u12bc\u1263-\u1295\u1295\u133d\u120d-\u12c8\u1208\u12f2-\u121b\u12ed\u1295-\u1348\u1320\u122b\u12ca-\u1245\u1265\u12a3\u1295-\u1265\u1240\u1208\u121d/", "path": "/ostallgaeu/ti/events/\u1293\u12ed-\u1218\u133b\u12c8\u1272-\u1266\u1273-\u12a3\u12bc\u1263-\u1295\u1295\u133d\u120d-\u12c8\u1208\u12f2-\u121b\u12ed\u1295-\u1348\u1320\u122b\u12ca-\u1245\u1265\u12a3\u1295-\u1265\u1240\u1208\u121d/"}}, "thumbnail": "https://admin.integreat-app.de/media/regions/181/2019/12/Logo_Familienstuetzpunkt_LK-OAL_05_2018_web-klein.jpg", "location": {"id": 17929, "name": "DAV-Kletterzentrum", "address": "Buronstra\u00dfe 99", "town": "Kaufbeuren", "state": null, "postcode": "87600", "region": null, "country": "Deutschland", "latitude": 47.89793775, "longitude": 10.616596540881353}, "location_path": "/ostallgaeu/de/locations/dav-kletterzentrum/", "meeting_url": null, "event": {"id": 19650, "start": "2026-06-12T15:00:00+02:00", "start_date": "2026-06-12", "start_time": "15:00:00", "end": "2026-06-12T16:30:00+02:00", "end_date": "2026-06-12", "end_time": "16:30:00", "all_day": false, "only_weekdays": false, "recurrence_id": null, "timezone": "Europe/Berlin"}, "hash": null, "recurrence_rule": null}, {"id": 312621, "url": "https://admin.integreat-app.de/ostallgaeu/de/events/duale-ausbildung-infoabend-f\u00fcr-eltern-und-sch\u00fclerinnen-rum\u00e4nisch-online/", "path": "/ostallgaeu/de/events/duale-ausbildung-infoabend-f\u00fcr-eltern-und-sch\u00fclerinnen-rum\u00e4nisch-online/", "title": "Duale Ausbildung: Infoabend f\u00fcr Eltern und Sch\u00fcler*innen RUM\u00c4NISCH (Online)", "modified_gmt": "2026-04-09T09:49:07.508Z", "last_updated": "2026-04-09T11:49:07.508+02:00", "excerpt": "\r\nBerufswahl \u2013 Online-Infoabende f\u00fcr Eltern und Sch\u00fcler in 8 Sprachen\r\nAlle Eltern-Infoabende finden online von 18:30 - 20:00 Uhr statt. \u00a0Eine Anmeldung ist nicht erforderlich. Der Einwahl-Link f\u00fchrt Sie zur aktuellen Veranstaltung.\r\nDuale Ausbildung - Informationen f\u00fcr Eltern und Sch\u00fcler*innenIn Deutschland bietet eine duale Ausbildung sehr gute Zukunftschancen. Wie funktioniert eine duale Ausbildung? Welche Berufe gibt es? Wie findet man einen Ausbildungsplatz? Bei unseren mehrsprachigen Infoabenden erhalten Eltern und Sch\u00fcler Antworten. Es gibt viele praktische Tipps, wie der \u00dcbergang von der Schule ins Berufsleben gelingt! Start 18:30 Uhr, Login ab 18:15 Uhr.\r\n\r\nAnmeldung hier.\r\n", "content": "<div>\r\n<p>Berufswahl \u2013 Online-Infoabende f\u00fcr Eltern und Sch\u00fcler in 8 Sprachen</p>\r\n<p>Alle Eltern-Infoabende finden online von 18:30 - 20:00 Uhr statt. \u00a0Eine Anmeldung ist nicht erforderlich. Der Einwahl-Link f\u00fchrt Sie zur aktuellen Veranstaltung.</p>\r\n<p>Duale Ausbildung - Informationen f\u00fcr Eltern und Sch\u00fcler*innen<br>In Deutschland bietet eine duale Ausbildung sehr gute Zukunftschancen. Wie funktioniert eine duale Ausbildung? Welche Berufe gibt es? Wie findet man einen Ausbildungsplatz? Bei unseren mehrsprachigen Infoabenden erhalten Eltern und Sch\u00fcler Antworten. Es gibt viele praktische Tipps, wie der \u00dcbergang von der Schule ins Berufsleben gelingt! Start 18:30 Uhr, Login ab 18:15 Uhr.</p>\r\n<a class=\"link-external\" href=\"https://www.kausa-bayern.de/infothek/veranstaltungen\">\r\n<p>Anmeldung hier.</p>\r\n</a></div>", "available_languages": {"hr": {"id": null, "url": "https://admin.integreat-app.de/ostallgaeu/hr/events/duale-ausbildung-infoabend-f\u00fcr-eltern-und-sch\u00fclerinnen-rum\u00e4nisch-online/", "path": "/ostallgaeu/hr/events/duale-ausbildung-infoabend-f\u00fcr-eltern-und-sch\u00fclerinnen-rum\u00e4nisch-online/"}, "en": {"id": null, "url": "https://admin.integreat-app.de/ostallgaeu/en/events/duale-ausbildung-infoabend-f\u00fcr-eltern-und-sch\u00fclerinnen-rum\u00e4nisch-online/", "path": "/ostallgaeu/en/events/duale-ausbildung-infoabend-f\u00fcr-eltern-und-sch\u00fclerinnen-rum\u00e4nisch-online/"}, "es": {"id": null, "url": "https://admin.integreat-app.de/ostallgaeu/es/events/duale-ausbildung-infoabend-f\u00fcr-eltern-und-sch\u00fclerinnen-rum\u00e4nisch-online/", "path": "/ostallgaeu/es/events/duale-ausbildung-infoabend-f\u00fcr-eltern-und-sch\u00fclerinnen-rum\u00e4nisch-online/"}, "fr": {"id": null, "url": "https://admin.integreat-app.de/ostallgaeu/fr/events/duale-ausbildung-infoabend-f\u00fcr-eltern-und-sch\u00fclerinnen-rum\u00e4nisch-online/", "path": "/ostallgaeu/fr/events/duale-ausbildung-infoabend-f\u00fcr-eltern-und-sch\u00fclerinnen-rum\u00e4nisch-online/"}, "ar": {"id": null, "url": "https://admin.integreat-app.de/ostallgaeu/ar/events/duale-ausbildung-infoabend-f\u00fcr-eltern-und-sch\u00fclerinnen-rum\u00e4nisch-online/", "path": "/ostallgaeu/ar/events/duale-ausbildung-infoabend-f\u00fcr-eltern-und-sch\u00fclerinnen-rum\u00e4nisch-online/"}, "fa": {"id": null, "url": "https://admin.integreat-app.de/ostallgaeu/fa/events/duale-ausbildung-infoabend-f\u00fcr-eltern-und-sch\u00fclerinnen-rum\u00e4nisch-online/", "path": "/ostallgaeu/fa/events/duale-ausbildung-infoabend-f\u00fcr-eltern-und-sch\u00fclerinnen-rum\u00e4nisch-online/"}, "ro": {"id": 312492, "url": "https://admin.integreat-app.de/ostallgaeu/ro/events/formare-dual\u0103-sear\u0103-de-informare-online-pentru-p\u0103rin\u021bi-\u0219i-elevi-roman-online/", "path": "/ostallgaeu/ro/events/formare-dual\u0103-sear\u0103-de-informare-online-pentru-p\u0103rin\u021bi-\u0219i-elevi-roman-online/"}, "ru": {"id": null, "url": "https://admin.integreat-app.de/ostallgaeu/ru/events/duale-ausbildung-infoabend-f\u00fcr-eltern-und-sch\u00fclerinnen-rum\u00e4nisch-online/", "path": "/ostallgaeu/ru/events/duale-ausbildung-infoabend-f\u00fcr-eltern-und-sch\u00fclerinnen-rum\u00e4nisch-online/"}, "tr": {"id": null, "url": "https://admin.integreat-app.de/ostallgaeu/tr/events/duale-ausbildung-infoabend-f\u00fcr-eltern-und-sch\u00fclerinnen-rum\u00e4nisch-online/", "path": "/ostallgaeu/tr/events/duale-ausbildung-infoabend-f\u00fcr-eltern-und-sch\u00fclerinnen-rum\u00e4nisch-online/"}, "uk": {"id": null, "url": "https://admin.integreat-app.de/ostallgaeu/uk/events/duale-ausbildung-infoabend-f\u00fcr-eltern-und-sch\u00fclerinnen-rum\u00e4nisch-online/", "path": "/ostallgaeu/uk/events/duale-ausbildung-infoabend-f\u00fcr-eltern-und-sch\u00fclerinnen-rum\u00e4nisch-online/"}, "ti": {"id": null, "url": "https://admin.integreat-app.de/ostallgaeu/ti/events/duale-ausbildung-infoabend-f\u00fcr-eltern-und-sch\u00fclerinnen-rum\u00e4nisch-online/", "path": "/ostallgaeu/ti/events/duale-ausbildung-infoabend-f\u00fcr-eltern-und-sch\u00fclerinnen-rum\u00e4nisch-online/"}}, "thumbnail": "https://admin.integreat-app.de/media/regions/181/2026/04/1775724585_kausa.png", "location": {"id": null, "name": null, "address": null, "town": null, "state": null, "postcode": null, "region": null, "country": null, "latitude": null, "longitude": null}, "location_path": null, "meeting_url": null, "event": {"id": 19400, "start": "2026-06-16T18:30:00+02:00", "start_date": "2026-06-16", "start_time": "18:30:00", "end": "2026-06-16T20:00:00+02:00", "end_date": "2026-06-16", "end_time": "20:00:00", "all_day": false, "only_weekdays": false, "recurrence_id": null, "timezone": "Europe/Berlin"}, "hash": null, "recurrence_rule": null}, {"id": 286700, "url": "https://admin.integreat-app.de/ostallgaeu/de/events/online-workshop-antidiskriminierung-vielheit-verbindet-f\u00fcr-lehrkr\u00e4fte-und-lernbegleiter-2/", "path": "/ostallgaeu/de/events/online-workshop-antidiskriminierung-vielheit-verbindet-f\u00fcr-lehrkr\u00e4fte-und-lernbegleiter-2/", "title": "Online-Workshop \"Antidiskriminierung: Vielheit verbindet\" f\u00fcr Lehrkr\u00e4fte und Lernbegleiter", "modified_gmt": "2026-03-02T07:42:36.082Z", "last_updated": "2026-03-02T08:42:36.082+01:00", "excerpt": "\"SchlaU: Lernen\" l\u00e4dt zu einem Online-Workshop f\u00fcr Lehrkr\u00e4fte ein.\r\nRassismus ist tief in unserer Gesellschaft verwurzelt - in unserer Sprache, in Bildern, in unseren Denk- und Verhaltensmustern sowie in unseren Institutionen. Im schulischen Umfeld sind rassistische Strukturen oft sichtbar. Gemeinsam wird darauf eingegangen wie Diskriminierung und Rassismus in der Schule erkannt, kritisch hinterfragt und wie aktiv dagegen vorgegangen werden kann.\r\n\u00a0\r\n04.05.2026: Gemeinsam gegen Diskriminierung (Rassismus erkennen und verstehen, Rassismus im Schulalltag)\r\n18.05.2026: (M)eine Rolle im System (Bewusstsein und Reflexion der eigenen Rolle, Perspektivenwechsel und M\u00f6glichkeitsr\u00e4ume)\r\n18.06.2026: Bewusst (wei\u00df) sein und Verantwortungs\u00fcbernahme (Kritisches Wei\u00dfsein, Abwehrmechanismen u. Unsicherheiten erkennen)\r\n\u00a0\r\nDie Workshop-Termine sind kostenlos und bauen aufeinander auf. Die Teilnehmerzahl ist begrenzt. F\u00fcr ein Zertifikat ist die Teilnahme an allen drei Workshops verpflichtend.\u00a0\r\n\u00a0\r\nZur Anmeldung", "content": "<div><p>\"SchlaU: Lernen\" l\u00e4dt zu einem Online-Workshop f\u00fcr Lehrkr\u00e4fte ein.</p>\r\n<p>Rassismus ist tief in unserer Gesellschaft verwurzelt - in unserer Sprache, in Bildern, in unseren Denk- und Verhaltensmustern sowie in unseren Institutionen. Im schulischen Umfeld sind rassistische Strukturen oft sichtbar. Gemeinsam wird darauf eingegangen wie Diskriminierung und Rassismus in der Schule erkannt, kritisch hinterfragt und wie aktiv dagegen vorgegangen werden kann.</p>\r\n<p>\u00a0</p>\r\n<p><strong>04.05.2026: Gemeinsam gegen Diskriminierung</strong> (Rassismus erkennen und verstehen, Rassismus im Schulalltag)</p>\r\n<p><strong>18.05.2026: (M)eine Rolle im System </strong>(Bewusstsein und Reflexion der eigenen Rolle, Perspektivenwechsel und M\u00f6glichkeitsr\u00e4ume)</p>\r\n<p><strong>18.06.2026: Bewusst (wei\u00df) sein und Verantwortungs\u00fcbernahme</strong> (Kritisches Wei\u00dfsein, Abwehrmechanismen u. Unsicherheiten erkennen)</p>\r\n<p>\u00a0</p>\r\n<p>Die Workshop-Termine sind kostenlos und bauen aufeinander auf. Die Teilnehmerzahl ist begrenzt. F\u00fcr ein Zertifikat ist die Teilnahme an allen drei Workshops verpflichtend.\u00a0</p>\r\n<p>\u00a0</p>\r\n<p><a href=\"https://www.schlau-lernen.org/online-workshop/antidiskriminierung-vielheit-verbindet/\" class=\"link-external\">Zur Anmeldung</a></p></div>", "available_languages": {"hr": {"id": null, "url": "https://admin.integreat-app.de/ostallgaeu/hr/events/online-workshop-antidiskriminierung-vielheit-verbindet-f\u00fcr-lehrkr\u00e4fte-und-lernbegleiter-2/", "path": "/ostallgaeu/hr/events/online-workshop-antidiskriminierung-vielheit-verbindet-f\u00fcr-lehrkr\u00e4fte-und-lernbegleiter-2/"}, "en": {"id": null, "url": "https://admin.integreat-app.de/ostallgaeu/en/events/online-workshop-antidiskriminierung-vielheit-verbindet-f\u00fcr-lehrkr\u00e4fte-und-lernbegleiter-2/", "path": "/ostallgaeu/en/events/online-workshop-antidiskriminierung-vielheit-verbindet-f\u00fcr-lehrkr\u00e4fte-und-lernbegleiter-2/"}, "es": {"id": null, "url": "https://admin.integreat-app.de/ostallgaeu/es/events/online-workshop-antidiskriminierung-vielheit-verbindet-f\u00fcr-lehrkr\u00e4fte-und-lernbegleiter-2/", "path": "/ostallgaeu/es/events/online-workshop-antidiskriminierung-vielheit-verbindet-f\u00fcr-lehrkr\u00e4fte-und-lernbegleiter-2/"}, "fr": {"id": null, "url": "https://admin.integreat-app.de/ostallgaeu/fr/events/online-workshop-antidiskriminierung-vielheit-verbindet-f\u00fcr-lehrkr\u00e4fte-und-lernbegleiter-2/", "path": "/ostallgaeu/fr/events/online-workshop-antidiskriminierung-vielheit-verbindet-f\u00fcr-lehrkr\u00e4fte-und-lernbegleiter-2/"}, "ar": {"id": null, "url": "https://admin.integreat-app.de/ostallgaeu/ar/events/online-workshop-antidiskriminierung-vielheit-verbindet-f\u00fcr-lehrkr\u00e4fte-und-lernbegleiter-2/", "path": "/ostallgaeu/ar/events/online-workshop-antidiskriminierung-vielheit-verbindet-f\u00fcr-lehrkr\u00e4fte-und-lernbegleiter-2/"}, "fa": {"id": null, "url": "https://admin.integreat-app.de/ostallgaeu/fa/events/online-workshop-antidiskriminierung-vielheit-verbindet-f\u00fcr-lehrkr\u00e4fte-und-lernbegleiter-2/", "path": "/ostallgaeu/fa/events/online-workshop-antidiskriminierung-vielheit-verbindet-f\u00fcr-lehrkr\u00e4fte-und-lernbegleiter-2/"}, "ro": {"id": null, "url": "https://admin.integreat-app.de/ostallgaeu/ro/events/online-workshop-antidiskriminierung-vielheit-verbindet-f\u00fcr-lehrkr\u00e4fte-und-lernbegleiter-2/", "path": "/ostallgaeu/ro/events/online-workshop-antidiskriminierung-vielheit-verbindet-f\u00fcr-lehrkr\u00e4fte-und-lernbegleiter-2/"}, "ru": {"id": null, "url": "https://admin.integreat-app.de/ostallgaeu/ru/events/online-workshop-antidiskriminierung-vielheit-verbindet-f\u00fcr-lehrkr\u00e4fte-und-lernbegleiter-2/", "path": "/ostallgaeu/ru/events/online-workshop-antidiskriminierung-vielheit-verbindet-f\u00fcr-lehrkr\u00e4fte-und-lernbegleiter-2/"}, "tr": {"id": null, "url": "https://admin.integreat-app.de/ostallgaeu/tr/events/online-workshop-antidiskriminierung-vielheit-verbindet-f\u00fcr-lehrkr\u00e4fte-und-lernbegleiter-2/", "path": "/ostallgaeu/tr/events/online-workshop-antidiskriminierung-vielheit-verbindet-f\u00fcr-lehrkr\u00e4fte-und-lernbegleiter-2/"}, "uk": {"id": null, "url": "https://admin.integreat-app.de/ostallgaeu/uk/events/online-workshop-antidiskriminierung-vielheit-verbindet-f\u00fcr-lehrkr\u00e4fte-und-lernbegleiter-2/", "path": "/ostallgaeu/uk/events/online-workshop-antidiskriminierung-vielheit-verbindet-f\u00fcr-lehrkr\u00e4fte-und-lernbegleiter-2/"}, "ti": {"id": null, "url": "https://admin.integreat-app.de/ostallgaeu/ti/events/online-workshop-antidiskriminierung-vielheit-verbindet-f\u00fcr-lehrkr\u00e4fte-und-lernbegleiter-2/", "path": "/ostallgaeu/ti/events/online-workshop-antidiskriminierung-vielheit-verbindet-f\u00fcr-lehrkr\u00e4fte-und-lernbegleiter-2/"}}, "thumbnail": "https://admin.integreat-app.de/media/regions/181/2017/11/internet17.png", "location": {"id": null, "name": null, "address": null, "town": null, "state": null, "postcode": null, "region": null, "country": null, "latitude": null, "longitude": null}, "location_path": null, "meeting_url": null, "event": {"id": 17780, "start": "2026-06-18T15:00:00+02:00", "start_date": "2026-06-18", "start_time": "15:00:00", "end": "2026-06-18T18:00:00+02:00", "end_date": "2026-06-18", "end_time": "18:00:00", "all_day": false, "only_weekdays": false, "recurrence_id": null, "timezone": "Europe/Berlin"}, "hash": null, "recurrence_rule": null}, {"id": 312603, "url": "https://admin.integreat-app.de/ostallgaeu/de/events/duale-ausbildung-verstehen-chancen-f\u00fcr-junge-menschen-mit-migrations-oder-fluchterfahrung-online/", "path": "/ostallgaeu/de/events/duale-ausbildung-verstehen-chancen-f\u00fcr-junge-menschen-mit-migrations-oder-fluchterfahrung-online/", "title": "Duale Ausbildung verstehen \u2013 Chancen f\u00fcr junge Menschen mit Migrations- oder Fluchterfahrung (Online)", "modified_gmt": "2026-04-09T09:42:58.326Z", "last_updated": "2026-04-09T11:42:58.326+02:00", "excerpt": "\r\nDuale Ausbildung verstehen \u2013 Chancen f\u00fcr junge Menschen mit Migrations- oder FluchterfahrungDie Duale Ausbildung als starke Zukunftsperspektive f\u00fcr zuk\u00fcnftige Azubis mit Migrations- oder Fluchthintergrund\r\n23.06.2026, 17:00-18:30 Uhr, (Anmeldefrist 21.06.2026)\r\nBitte nutzen Sie zur Anmeldung das Anmeldetool unten auf dieser Seite. Die Anmeldung ist bis sp\u00e4testens 2 Tage vor der jeweiligen Veranstaltung m\u00f6glich.\r\nDie Veranstaltung richtet sich an alle ausbildungsinteressierten Personen, Ehrenamtliche, Helfer*innen, Multiplikator*innen, sowie Mitarbeiter*innen von Einrichtungen und Organisationen der Integrationsarbeit.\u00a0\r\nThemen der Onlineveranstaltung sind:\r\nWie funktioniert das System der dualen Berufsausbildung? \u00a0Was sind die Chancen und Vorteile der beruflichen Ausbildung f\u00fcr alle Beteiligten?Welche formalen Voraussetzungen f\u00fcr die Aufnahme einer Ausbildung m\u00fcssen erf\u00fcllt sein?Welche F\u00f6rderm\u00f6glichkeiten gibt es vor und w\u00e4hrend der Ausbildung?\r\n", "content": "<div>\r\n<p>Duale Ausbildung verstehen \u2013 Chancen f\u00fcr junge Menschen mit Migrations- oder Fluchterfahrung<br>Die Duale Ausbildung als starke Zukunftsperspektive f\u00fcr zuk\u00fcnftige Azubis mit Migrations- oder Fluchthintergrund</p>\r\n<p>23.06.2026, 17:00-18:30 Uhr, (Anmeldefrist 21.06.2026)</p>\r\n<p><br><a class=\"link-external\" href=\"https://www.kausa-bayern.de/infothek/veranstaltungen\">Bitte nutzen Sie zur Anmeldung das Anmeldetool unten auf dieser Seite.</a> Die Anmeldung ist bis sp\u00e4testens 2 Tage vor der jeweiligen Veranstaltung m\u00f6glich.</p>\r\n<p>Die Veranstaltung richtet sich an alle ausbildungsinteressierten Personen, Ehrenamtliche, Helfer*innen, Multiplikator*innen, sowie Mitarbeiter*innen von Einrichtungen und Organisationen der Integrationsarbeit.\u00a0</p>\r\n<p>Themen der Onlineveranstaltung sind:</p>\r\n<p>Wie funktioniert das System der dualen Berufsausbildung? \u00a0Was sind die Chancen und Vorteile der beruflichen Ausbildung f\u00fcr alle Beteiligten?<br>Welche formalen Voraussetzungen f\u00fcr die Aufnahme einer Ausbildung m\u00fcssen erf\u00fcllt sein?<br>Welche F\u00f6rderm\u00f6glichkeiten gibt es vor und w\u00e4hrend der Ausbildung?</p>\r\n</div>", "available_languages": {"hr": {"id": 312604, "url": "https://admin.integreat-app.de/ostallgaeu/hr/events/razumijevanje-dvostruke-strukovne-obuke-mogu\u0107nosti-za-mlade-s-migrantskom-ili-izbjegli\u010dkom-pozadinom-online/", "path": "/ostallgaeu/hr/events/razumijevanje-dvostruke-strukovne-obuke-mogu\u0107nosti-za-mlade-s-migrantskom-ili-izbjegli\u010dkom-pozadinom-online/"}, "en": {"id": 312605, "url": "https://admin.integreat-app.de/ostallgaeu/en/events/understanding-dual-training-opportunities-for-young-people-with-migration-or-refugee-experience-online/", "path": "/ostallgaeu/en/events/understanding-dual-training-opportunities-for-young-people-with-migration-or-refugee-experience-online/"}, "es": {"id": 312606, "url": "https://admin.integreat-app.de/ostallgaeu/es/events/comprender-la-formaci\u00f3n-dual-oportunidades-para-los-j\u00f3venes-con-experiencia-de-migraci\u00f3n-o-refugiados-en-l\u00ednea/", "path": "/ostallgaeu/es/events/comprender-la-formaci\u00f3n-dual-oportunidades-para-los-j\u00f3venes-con-experiencia-de-migraci\u00f3n-o-refugiados-en-l\u00ednea/"}, "fr": {"id": 312607, "url": "https://admin.integreat-app.de/ostallgaeu/fr/events/comprendre-la-formation-en-alternance-opportunit\u00e9s-pour-les-jeunes-issus-de-limmigration-ou-de-lasile-en-ligne/", "path": "/ostallgaeu/fr/events/comprendre-la-formation-en-alternance-opportunit\u00e9s-pour-les-jeunes-issus-de-limmigration-ou-de-lasile-en-ligne/"}, "ar": {"id": 312608, "url": "https://admin.integreat-app.de/ostallgaeu/ar/events/\u0641\u0647\u0645-\u0627\u0644\u062a\u062f\u0631\u064a\u0628-\u0627\u0644\u0645\u0632\u062f\u0648\u062c-\u0627\u0644\u0641\u0631\u0635-\u0627\u0644\u0645\u062a\u0627\u062d\u0629-\u0644\u0644\u0634\u0628\u0627\u0628-\u0627\u0644\u0630\u064a\u0646-\u0644\u062f\u064a\u0647\u0645-\u062e\u0628\u0631\u0629-\u0641\u064a-\u0627\u0644\u0647\u062c\u0631\u0629-\u0623\u0648-\u0627\u0644\u0644\u0627\u062c\u0626\u064a\u0646-\u0639\u0628\u0631-\u0627\u0644\u0625\u0646\u062a\u0631\u0646\u062a/", "path": "/ostallgaeu/ar/events/\u0641\u0647\u0645-\u0627\u0644\u062a\u062f\u0631\u064a\u0628-\u0627\u0644\u0645\u0632\u062f\u0648\u062c-\u0627\u0644\u0641\u0631\u0635-\u0627\u0644\u0645\u062a\u0627\u062d\u0629-\u0644\u0644\u0634\u0628\u0627\u0628-\u0627\u0644\u0630\u064a\u0646-\u0644\u062f\u064a\u0647\u0645-\u062e\u0628\u0631\u0629-\u0641\u064a-\u0627\u0644\u0647\u062c\u0631\u0629-\u0623\u0648-\u0627\u0644\u0644\u0627\u062c\u0626\u064a\u0646-\u0639\u0628\u0631-\u0627\u0644\u0625\u0646\u062a\u0631\u0646\u062a/"}, "fa": {"id": 312609, "url": "https://admin.integreat-app.de/ostallgaeu/fa/events/\u062f\u0631\u06a9-\u0622\u0645\u0648\u0632\u0634-\u062d\u0631\u0641\u0647\u0627\u06cc-\u062f\u0648\u06af\u0627\u0646\u0647-\u0641\u0631\u0635\u062a\u0647\u0627-\u0628\u0631\u0627\u06cc-\u062c\u0648\u0627\u0646\u0627\u0646-\u0628\u0627-\u067e\u06cc\u0634\u06cc\u0646\u0647-\u0645\u0647\u0627\u062c\u0631\u062a\u06cc-\u06cc\u0627-\u067e\u0646\u0627\u0647\u0646\u062f\u06af\u06cc-\u0622\u0646\u0644\u0627\u06cc\u0646/", "path": "/ostallgaeu/fa/events/\u062f\u0631\u06a9-\u0622\u0645\u0648\u0632\u0634-\u062d\u0631\u0641\u0647\u0627\u06cc-\u062f\u0648\u06af\u0627\u0646\u0647-\u0641\u0631\u0635\u062a\u0647\u0627-\u0628\u0631\u0627\u06cc-\u062c\u0648\u0627\u0646\u0627\u0646-\u0628\u0627-\u067e\u06cc\u0634\u06cc\u0646\u0647-\u0645\u0647\u0627\u062c\u0631\u062a\u06cc-\u06cc\u0627-\u067e\u0646\u0627\u0647\u0646\u062f\u06af\u06cc-\u0622\u0646\u0644\u0627\u06cc\u0646/"}, "ro": {"id": 312610, "url": "https://admin.integreat-app.de/ostallgaeu/ro/events/\u00een\u021belegerea-form\u0103rii-duale-oportunit\u0103\u021bi-pentru-tinerii-cu-experien\u021b\u0103-de-migran\u021bi-sau-refugia\u021bi-online/", "path": "/ostallgaeu/ro/events/\u00een\u021belegerea-form\u0103rii-duale-oportunit\u0103\u021bi-pentru-tinerii-cu-experien\u021b\u0103-de-migran\u021bi-sau-refugia\u021bi-online/"}, "ru": {"id": 312611, "url": "https://admin.integreat-app.de/ostallgaeu/ru/events/\u043f\u043e\u043d\u0438\u043c\u0430\u043d\u0438\u0435-\u0434\u0432\u043e\u0439\u043d\u043e\u0433\u043e-\u043e\u0431\u0443\u0447\u0435\u043d\u0438\u044f-\u0432\u043e\u0437\u043c\u043e\u0436\u043d\u043e\u0441\u0442\u0438-\u0434\u043b\u044f-\u043c\u043e\u043b\u043e\u0434\u044b\u0445-\u043b\u044e\u0434\u0435\u0439-\u0441-\u043e\u043f\u044b\u0442\u043e\u043c-\u043c\u0438\u0433\u0440\u0430\u0446\u0438\u0438-\u0438\u043b\u0438-\u0431\u0435\u0436\u0435\u043d\u0446\u0435\u0432-\u043e\u043d\u043b\u0430\u0439\u043d/", "path": "/ostallgaeu/ru/events/\u043f\u043e\u043d\u0438\u043c\u0430\u043d\u0438\u0435-\u0434\u0432\u043e\u0439\u043d\u043e\u0433\u043e-\u043e\u0431\u0443\u0447\u0435\u043d\u0438\u044f-\u0432\u043e\u0437\u043c\u043e\u0436\u043d\u043e\u0441\u0442\u0438-\u0434\u043b\u044f-\u043c\u043e\u043b\u043e\u0434\u044b\u0445-\u043b\u044e\u0434\u0435\u0439-\u0441-\u043e\u043f\u044b\u0442\u043e\u043c-\u043c\u0438\u0433\u0440\u0430\u0446\u0438\u0438-\u0438\u043b\u0438-\u0431\u0435\u0436\u0435\u043d\u0446\u0435\u0432-\u043e\u043d\u043b\u0430\u0439\u043d/"}, "tr": {"id": 312612, "url": "https://admin.integreat-app.de/ostallgaeu/tr/events/ikili-e\u011fitimi-anlamak-g\u00f6\u00e7-veya-m\u00fclteci-deneyimi-olan-gen\u00e7ler-i\u00e7in-f\u0131rsatlar-\u00e7evrimi\u00e7i/", "path": "/ostallgaeu/tr/events/ikili-e\u011fitimi-anlamak-g\u00f6\u00e7-veya-m\u00fclteci-deneyimi-olan-gen\u00e7ler-i\u00e7in-f\u0131rsatlar-\u00e7evrimi\u00e7i/"}, "uk": {"id": 312613, "url": "https://admin.integreat-app.de/ostallgaeu/uk/events/\u0440\u043e\u0437\u0443\u043c\u0456\u043d\u043d\u044f-\u0434\u0443\u0430\u043b\u044c\u043d\u043e\u0433\u043e-\u043d\u0430\u0432\u0447\u0430\u043d\u043d\u044f-\u043c\u043e\u0436\u043b\u0438\u0432\u043e\u0441\u0442\u0456-\u0434\u043b\u044f-\u043c\u043e\u043b\u043e\u0434\u0438\u0445-\u043b\u044e\u0434\u0435\u0439-\u0437-\u0434\u043e\u0441\u0432\u0456\u0434\u043e\u043c-\u043c\u0456\u0433\u0440\u0430\u0446\u0456\u0457-\u0430\u0431\u043e-\u0431\u0456\u0436\u0435\u043d\u0446\u0456\u0432-\u043e\u043d\u043b\u0430\u0439\u043d/", "path": "/ostallgaeu/uk/events/\u0440\u043e\u0437\u0443\u043c\u0456\u043d\u043d\u044f-\u0434\u0443\u0430\u043b\u044c\u043d\u043e\u0433\u043e-\u043d\u0430\u0432\u0447\u0430\u043d\u043d\u044f-\u043c\u043e\u0436\u043b\u0438\u0432\u043e\u0441\u0442\u0456-\u0434\u043b\u044f-\u043c\u043e\u043b\u043e\u0434\u0438\u0445-\u043b\u044e\u0434\u0435\u0439-\u0437-\u0434\u043e\u0441\u0432\u0456\u0434\u043e\u043c-\u043c\u0456\u0433\u0440\u0430\u0446\u0456\u0457-\u0430\u0431\u043e-\u0431\u0456\u0436\u0435\u043d\u0446\u0456\u0432-\u043e\u043d\u043b\u0430\u0439\u043d/"}, "ti": {"id": 312614, "url": "https://admin.integreat-app.de/ostallgaeu/ti/events/\u12f5\u122d\u1265-\u121e\u12eb\u12ca-\u1235\u120d\u1320\u1293-\u121d\u122d\u12f3\u12a5-\u12d5\u12f5\u120b\u1275-\u1295\u1293\u12ed-\u1235\u12f0\u1275-\u12c8\u12ed-\u1235\u12f0\u1270\u129b-\u1270\u1218\u12a9\u122e-\u12d8\u1208\u12ce\u121d-\u1218\u1295\u12a5\u1230\u12eb\u1275-online/", "path": "/ostallgaeu/ti/events/\u12f5\u122d\u1265-\u121e\u12eb\u12ca-\u1235\u120d\u1320\u1293-\u121d\u122d\u12f3\u12a5-\u12d5\u12f5\u120b\u1275-\u1295\u1293\u12ed-\u1235\u12f0\u1275-\u12c8\u12ed-\u1235\u12f0\u1270\u129b-\u1270\u1218\u12a9\u122e-\u12d8\u1208\u12ce\u121d-\u1218\u1295\u12a5\u1230\u12eb\u1275-online/"}}, "thumbnail": "https://admin.integreat-app.de/media/regions/181/2026/04/1775724585_kausa.png", "location": {"id": null, "name": null, "address": null, "town": null, "state": null, "postcode": null, "region": null, "country": null, "latitude": null, "longitude": null}, "location_path": null, "meeting_url": null, "event": {"id": 19407, "start": "2026-06-23T17:00:00+02:00", "start_date": "2026-06-23", "start_time": "17:00:00", "end": "2026-06-23T18:30:00+02:00", "end_date": "2026-06-23", "end_time": "18:30:00", "all_day": false, "only_weekdays": false, "recurrence_id": null, "timezone": "Europe/Berlin"}, "hash": null, "recurrence_rule": null}, {"id": 251502, "url": "https://admin.integreat-app.de/ostallgaeu/de/events/vortrag-menschenrechte-klimawandel-migration/", "path": "/ostallgaeu/de/events/vortrag-menschenrechte-klimawandel-migration/", "title": "Vortrag: Menschenrechte-Klimawandel-Migration", "modified_gmt": "2025-12-19T09:40:42.526Z", "last_updated": "2025-12-19T10:40:42.526+01:00", "excerpt": "\r\nDie Diakonie Kempten und \"ebs\" laden zu einem Vortrag von Uche Akpulu vom Bayrischen Fl\u00fcchtlingsrat ein.\r\nEs ist keine Anmeldung erforderlich.\r\n", "content": "<div>\r\n<p>Die Diakonie Kempten und \"ebs\" laden zu einem Vortrag von Uche Akpulu vom Bayrischen Fl\u00fcchtlingsrat ein.</p>\r\n<p>Es ist keine Anmeldung erforderlich.</p>\r\n</div>", "available_languages": {"hr": {"id": null, "url": "https://admin.integreat-app.de/ostallgaeu/hr/events/vortrag-menschenrechte-klimawandel-migration/", "path": "/ostallgaeu/hr/events/vortrag-menschenrechte-klimawandel-migration/"}, "en": {"id": null, "url": "https://admin.integreat-app.de/ostallgaeu/en/events/vortrag-menschenrechte-klimawandel-migration/", "path": "/ostallgaeu/en/events/vortrag-menschenrechte-klimawandel-migration/"}, "es": {"id": null, "url": "https://admin.integreat-app.de/ostallgaeu/es/events/vortrag-menschenrechte-klimawandel-migration/", "path": "/ostallgaeu/es/events/vortrag-menschenrechte-klimawandel-migration/"}, "fr": {"id": null, "url": "https://admin.integreat-app.de/ostallgaeu/fr/events/vortrag-menschenrechte-klimawandel-migration/", "path": "/ostallgaeu/fr/events/vortrag-menschenrechte-klimawandel-migration/"}, "ar": {"id": null, "url": "https://admin.integreat-app.de/ostallgaeu/ar/events/vortrag-menschenrechte-klimawandel-migration/", "path": "/ostallgaeu/ar/events/vortrag-menschenrechte-klimawandel-migration/"}, "fa": {"id": null, "url": "https://admin.integreat-app.de/ostallgaeu/fa/events/vortrag-menschenrechte-klimawandel-migration/", "path": "/ostallgaeu/fa/events/vortrag-menschenrechte-klimawandel-migration/"}, "ro": {"id": null, "url": "https://admin.integreat-app.de/ostallgaeu/ro/events/vortrag-menschenrechte-klimawandel-migration/", "path": "/ostallgaeu/ro/events/vortrag-menschenrechte-klimawandel-migration/"}, "ru": {"id": null, "url": "https://admin.integreat-app.de/ostallgaeu/ru/events/vortrag-menschenrechte-klimawandel-migration/", "path": "/ostallgaeu/ru/events/vortrag-menschenrechte-klimawandel-migration/"}, "tr": {"id": null, "url": "https://admin.integreat-app.de/ostallgaeu/tr/events/vortrag-menschenrechte-klimawandel-migration/", "path": "/ostallgaeu/tr/events/vortrag-menschenrechte-klimawandel-migration/"}, "uk": {"id": null, "url": "https://admin.integreat-app.de/ostallgaeu/uk/events/vortrag-menschenrechte-klimawandel-migration/", "path": "/ostallgaeu/uk/events/vortrag-menschenrechte-klimawandel-migration/"}, "ti": {"id": null, "url": "https://admin.integreat-app.de/ostallgaeu/ti/events/vortrag-menschenrechte-klimawandel-migration/", "path": "/ostallgaeu/ti/events/vortrag-menschenrechte-klimawandel-migration/"}}, "thumbnail": "https://admin.integreat-app.de/media/regions/181/2025/12/1766136857_diakonie-neu.jpg", "location": {"id": 14665, "name": "Haus International", "address": "Poststra\u00dfe 22", "town": "Kempten", "state": null, "postcode": "87439", "region": null, "country": "Deutschland", "latitude": 47.7273236, "longitude": 10.308745391469195}, "location_path": "/ostallgaeu/de/locations/haus-international/", "meeting_url": null, "event": {"id": 13100, "start": "2026-06-23T19:00:00+02:00", "start_date": "2026-06-23", "start_time": "19:00:00", "end": "2026-06-23T21:00:00+02:00", "end_date": "2026-06-23", "end_time": "21:00:00", "all_day": false, "only_weekdays": false, "recurrence_id": null, "timezone": "Europe/Berlin"}, "hash": null, "recurrence_rule": null}, {"id": 289698, "url": "https://admin.integreat-app.de/ostallgaeu/de/events/online-workshop-lgptiq-gefl\u00fcchtete-in-deutschland/", "path": "/ostallgaeu/de/events/online-workshop-lgptiq-gefl\u00fcchtete-in-deutschland/", "title": "Online-Workshop: LGPTIQ+ Gefl\u00fcchtete in Deutschland", "modified_gmt": "2026-03-06T08:15:59.448Z", "last_updated": "2026-03-06T09:15:59.448+01:00", "excerpt": "Das M\u00fcnchner Bildungswerk l\u00e4dt zu einem kostenlosen Online-Workshop ein.\r\nDie Teilnehmenden bekommen einen Einblick in das Leben von LGBTIQ*-Gefl\u00fcchteten und den Herausforderungen, mit denen sie sich konfrontiert sehen. \u00a0Das Seminar bietet Gelegenheit f\u00fcr den praxisnahen Austausch zwischen den Teilnehmenden und den Referierenden.\r\nZielgruppe: Haupt- und Ehrenamtliche, die gefl\u00fcchtete Menschen unterst\u00fctzen oder unterst\u00fctzen m\u00f6chten.\r\nAnmeldung: hier.\r\n\u00a0", "content": "<div><p>Das M\u00fcnchner Bildungswerk l\u00e4dt zu einem kostenlosen Online-Workshop ein.</p>\r\n<p>Die Teilnehmenden bekommen einen Einblick in das Leben von LGBTIQ*-Gefl\u00fcchteten und den Herausforderungen, mit denen sie sich konfrontiert sehen. \u00a0Das Seminar bietet Gelegenheit f\u00fcr den praxisnahen Austausch zwischen den Teilnehmenden und den Referierenden.</p>\r\n<p>Zielgruppe: Haupt- und Ehrenamtliche, die gefl\u00fcchtete Menschen unterst\u00fctzen oder unterst\u00fctzen m\u00f6chten.</p>\r\n<p>Anmeldung: <a href=\"https://www.muenchner-bildungswerk.de/veranstaltung/164786\" class=\"link-external\">hier.</a></p>\r\n<p>\u00a0</p></div>", "available_languages": {"hr": {"id": null, "url": "https://admin.integreat-app.de/ostallgaeu/hr/events/online-workshop-lgptiq-gefl\u00fcchtete-in-deutschland/", "path": "/ostallgaeu/hr/events/online-workshop-lgptiq-gefl\u00fcchtete-in-deutschland/"}, "en": {"id": null, "url": "https://admin.integreat-app.de/ostallgaeu/en/events/online-workshop-lgptiq-gefl\u00fcchtete-in-deutschland/", "path": "/ostallgaeu/en/events/online-workshop-lgptiq-gefl\u00fcchtete-in-deutschland/"}, "es": {"id": null, "url": "https://admin.integreat-app.de/ostallgaeu/es/events/online-workshop-lgptiq-gefl\u00fcchtete-in-deutschland/", "path": "/ostallgaeu/es/events/online-workshop-lgptiq-gefl\u00fcchtete-in-deutschland/"}, "fr": {"id": null, "url": "https://admin.integreat-app.de/ostallgaeu/fr/events/online-workshop-lgptiq-gefl\u00fcchtete-in-deutschland/", "path": "/ostallgaeu/fr/events/online-workshop-lgptiq-gefl\u00fcchtete-in-deutschland/"}, "ar": {"id": null, "url": "https://admin.integreat-app.de/ostallgaeu/ar/events/online-workshop-lgptiq-gefl\u00fcchtete-in-deutschland/", "path": "/ostallgaeu/ar/events/online-workshop-lgptiq-gefl\u00fcchtete-in-deutschland/"}, "fa": {"id": null, "url": "https://admin.integreat-app.de/ostallgaeu/fa/events/online-workshop-lgptiq-gefl\u00fcchtete-in-deutschland/", "path": "/ostallgaeu/fa/events/online-workshop-lgptiq-gefl\u00fcchtete-in-deutschland/"}, "ro": {"id": null, "url": "https://admin.integreat-app.de/ostallgaeu/ro/events/online-workshop-lgptiq-gefl\u00fcchtete-in-deutschland/", "path": "/ostallgaeu/ro/events/online-workshop-lgptiq-gefl\u00fcchtete-in-deutschland/"}, "ru": {"id": null, "url": "https://admin.integreat-app.de/ostallgaeu/ru/events/online-workshop-lgptiq-gefl\u00fcchtete-in-deutschland/", "path": "/ostallgaeu/ru/events/online-workshop-lgptiq-gefl\u00fcchtete-in-deutschland/"}, "tr": {"id": null, "url": "https://admin.integreat-app.de/ostallgaeu/tr/events/online-workshop-lgptiq-gefl\u00fcchtete-in-deutschland/", "path": "/ostallgaeu/tr/events/online-workshop-lgptiq-gefl\u00fcchtete-in-deutschland/"}, "uk": {"id": null, "url": "https://admin.integreat-app.de/ostallgaeu/uk/events/online-workshop-lgptiq-gefl\u00fcchtete-in-deutschland/", "path": "/ostallgaeu/uk/events/online-workshop-lgptiq-gefl\u00fcchtete-in-deutschland/"}, "ti": {"id": null, "url": "https://admin.integreat-app.de/ostallgaeu/ti/events/online-workshop-lgptiq-gefl\u00fcchtete-in-deutschland/", "path": "/ostallgaeu/ti/events/online-workshop-lgptiq-gefl\u00fcchtete-in-deutschland/"}}, "thumbnail": "https://admin.integreat-app.de/media/regions/181/2017/11/internet17.png", "location": {"id": null, "name": null, "address": null, "town": null, "state": null, "postcode": null, "region": null, "country": null, "latitude": null, "longitude": null}, "location_path": null, "meeting_url": null, "event": {"id": 17970, "start": "2026-06-25T18:00:00+02:00", "start_date": "2026-06-25", "start_time": "18:00:00", "end": "2026-06-25T20:00:00+02:00", "end_date": "2026-06-25", "end_time": "20:00:00", "all_day": false, "only_weekdays": false, "recurrence_id": null, "timezone": "Europe/Berlin"}, "hash": null, "recurrence_rule": null}, {"id": 299991, "url": "https://admin.integreat-app.de/ostallgaeu/de/events/sprechstunde-f\u00fcr-digitales-in-oberg\u00fcnzburg-4/", "path": "/ostallgaeu/de/events/sprechstunde-f\u00fcr-digitales-in-oberg\u00fcnzburg-4/", "title": "Sprechstunde f\u00fcr Digitales in Oberg\u00fcnzburg", "modified_gmt": "2026-03-20T07:51:00.146Z", "last_updated": "2026-03-20T08:51:00.146+01:00", "excerpt": "\r\nEin kostenfreies Beratungsangebot f\u00fcr alle Fragen rund um digitale Themen und KI-Anwendungen f\u00fcr ALLE\r\nBeispiele der Beratung:\r\nNutzung sozialer NetzwerkeUmgang mit DatenUmgang mit Office-ProgrammenTeilnahme an Online-MeetingsOnline-BankingBeratung zu KI-Toolsund vieles mehr!\r\n", "content": "<div>\r\n<p>Ein kostenfreies Beratungsangebot f\u00fcr alle Fragen rund um digitale Themen und KI-Anwendungen f\u00fcr ALLE</p>\r\n<p>Beispiele der Beratung:</p>\r\n<p>Nutzung sozialer Netzwerke<br>Umgang mit Daten<br>Umgang mit Office-Programmen<br>Teilnahme an Online-Meetings<br>Online-Banking<br>Beratung zu KI-Tools<br>und vieles mehr!</p>\r\n</div>", "available_languages": {"hr": {"id": 299992, "url": "https://admin.integreat-app.de/ostallgaeu/hr/events/digitalna-savjetodavna-sesija-u-oberg\u00fcnzburgu-4/", "path": "/ostallgaeu/hr/events/digitalna-savjetodavna-sesija-u-oberg\u00fcnzburgu-4/"}, "en": {"id": 299993, "url": "https://admin.integreat-app.de/ostallgaeu/en/events/consultation-hour-for-digital-matters-in-oberg\u00fcnzburg-4/", "path": "/ostallgaeu/en/events/consultation-hour-for-digital-matters-in-oberg\u00fcnzburg-4/"}, "es": {"id": 299994, "url": "https://admin.integreat-app.de/ostallgaeu/es/events/hora-de-consulta-para-asuntos-digitales-en-oberg\u00fcnzburg-4/", "path": "/ostallgaeu/es/events/hora-de-consulta-para-asuntos-digitales-en-oberg\u00fcnzburg-4/"}, "fr": {"id": 299995, "url": "https://admin.integreat-app.de/ostallgaeu/fr/events/consultation-pour-le-num\u00e9rique-\u00e0-oberg\u00fcnzburg-4/", "path": "/ostallgaeu/fr/events/consultation-pour-le-num\u00e9rique-\u00e0-oberg\u00fcnzburg-4/"}, "ar": {"id": 299996, "url": "https://admin.integreat-app.de/ostallgaeu/ar/events/\u0633\u0627\u0639\u0629-\u0627\u0633\u062a\u0634\u0627\u0631\u0629-\u0641\u064a-\u0627\u0644\u0623\u0645\u0648\u0631-\u0627\u0644\u0631\u0642\u0645\u064a\u0629-\u0641\u064a-\u0623\u0648\u0628\u0631\u063a\u0648\u0646\u0632\u0628\u0648\u0631\u063a-4/", "path": "/ostallgaeu/ar/events/\u0633\u0627\u0639\u0629-\u0627\u0633\u062a\u0634\u0627\u0631\u0629-\u0641\u064a-\u0627\u0644\u0623\u0645\u0648\u0631-\u0627\u0644\u0631\u0642\u0645\u064a\u0629-\u0641\u064a-\u0623\u0648\u0628\u0631\u063a\u0648\u0646\u0632\u0628\u0648\u0631\u063a-4/"}, "fa": {"id": 299997, "url": "https://admin.integreat-app.de/ostallgaeu/fa/events/\u062c\u0644\u0633\u0647-\u0645\u0634\u0627\u0648\u0631\u0647-\u062f\u06cc\u062c\u06cc\u062a\u0627\u0644-\u062f\u0631-\u0627\u0648\u0628\u0631\u06af\u0648\u0646\u0632\u0628\u0631\u06af-4/", "path": "/ostallgaeu/fa/events/\u062c\u0644\u0633\u0647-\u0645\u0634\u0627\u0648\u0631\u0647-\u062f\u06cc\u062c\u06cc\u062a\u0627\u0644-\u062f\u0631-\u0627\u0648\u0628\u0631\u06af\u0648\u0646\u0632\u0628\u0631\u06af-4/"}, "ro": {"id": 299998, "url": "https://admin.integreat-app.de/ostallgaeu/ro/events/o-or\u0103-de-consultan\u021b\u0103-pentru-probleme-digitale-\u00een-oberg\u00fcnzburg-4/", "path": "/ostallgaeu/ro/events/o-or\u0103-de-consultan\u021b\u0103-pentru-probleme-digitale-\u00een-oberg\u00fcnzburg-4/"}, "ru": {"id": 299999, "url": "https://admin.integreat-app.de/ostallgaeu/ru/events/\u0447\u0430\u0441-\u043a\u043e\u043d\u0441\u0443\u043b\u044c\u0442\u0430\u0446\u0438\u0439-\u043f\u043e-\u0432\u043e\u043f\u0440\u043e\u0441\u0430\u043c-\u0446\u0438\u0444\u0440\u043e\u0432\u044b\u0445-\u0442\u0435\u0445\u043d\u043e\u043b\u043e\u0433\u0438\u0439-\u0432-\u043e\u0431\u0435\u0440\u0433\u044e\u043d\u0446\u0431\u0443\u0440\u0433\u0435-3/", "path": "/ostallgaeu/ru/events/\u0447\u0430\u0441-\u043a\u043e\u043d\u0441\u0443\u043b\u044c\u0442\u0430\u0446\u0438\u0439-\u043f\u043e-\u0432\u043e\u043f\u0440\u043e\u0441\u0430\u043c-\u0446\u0438\u0444\u0440\u043e\u0432\u044b\u0445-\u0442\u0435\u0445\u043d\u043e\u043b\u043e\u0433\u0438\u0439-\u0432-\u043e\u0431\u0435\u0440\u0433\u044e\u043d\u0446\u0431\u0443\u0440\u0433\u0435-3/"}, "tr": {"id": 300000, "url": "https://admin.integreat-app.de/ostallgaeu/tr/events/oberg\u00fcnzburgda-dijital-konular-i\u00e7in-dan\u0131\u015fma-saati-4/", "path": "/ostallgaeu/tr/events/oberg\u00fcnzburgda-dijital-konular-i\u00e7in-dan\u0131\u015fma-saati-4/"}, "uk": {"id": 300001, "url": "https://admin.integreat-app.de/ostallgaeu/uk/events/\u0433\u043e\u0434\u0438\u043d\u0430-\u043a\u043e\u043d\u0441\u0443\u043b\u044c\u0442\u0430\u0446\u0456\u0439-\u0437-\u0446\u0438\u0444\u0440\u043e\u0432\u0438\u0445-\u043f\u0438\u0442\u0430\u043d\u044c-\u0432-\u043e\u0431\u0435\u0440\u0433\u044e\u043d\u0446\u0431\u0443\u0440\u0437\u0456-4/", "path": "/ostallgaeu/uk/events/\u0433\u043e\u0434\u0438\u043d\u0430-\u043a\u043e\u043d\u0441\u0443\u043b\u044c\u0442\u0430\u0446\u0456\u0439-\u0437-\u0446\u0438\u0444\u0440\u043e\u0432\u0438\u0445-\u043f\u0438\u0442\u0430\u043d\u044c-\u0432-\u043e\u0431\u0435\u0440\u0433\u044e\u043d\u0446\u0431\u0443\u0440\u0437\u0456-4/"}, "ti": {"id": 300002, "url": "https://admin.integreat-app.de/ostallgaeu/ti/events/\u1293\u12ed-\u121d\u121d\u12bd\u12bb\u122d-\u1230\u12d3\u1273\u1275-\u1295\u12f2\u1302\u1273\u120b\u12ca-\u1309\u12f3\u12eb\u1275-\u12a3\u1265-\u12a6\u1260\u122d\u1309\u1295\u12dd\u1260\u122d\u130d-4/", "path": "/ostallgaeu/ti/events/\u1293\u12ed-\u121d\u121d\u12bd\u12bb\u122d-\u1230\u12d3\u1273\u1275-\u1295\u12f2\u1302\u1273\u120b\u12ca-\u1309\u12f3\u12eb\u1275-\u12a3\u1265-\u12a6\u1260\u122d\u1309\u1295\u12dd\u1260\u122d\u130d-4/"}}, "thumbnail": "https://admin.integreat-app.de/media/regions/181/2025/12/1766136275_vhs-neu.jpg", "location": {"id": 17371, "name": "vhs Ostallg\u00e4u Mitte - Zweigstelle Oberg\u00fcnzburg", "address": "Kapit\u00e4n-Nauer-Stra\u00dfe 20", "town": "Oberg\u00fcnzburg", "state": null, "postcode": "87634", "region": null, "country": "Deutschland", "latitude": 47.847015850000005, "longitude": 10.416720319788128}, "location_path": "/ostallgaeu/de/locations/vhs-ostallg\u00e4u-mitte-zweigstelle-oberg\u00fcnzburg/", "meeting_url": null, "event": {"id": 18396, "start": "2026-07-08T16:00:00+02:00", "start_date": "2026-07-08", "start_time": "16:00:00", "end": "2026-07-08T19:00:00+02:00", "end_date": "2026-07-08", "end_time": "19:00:00", "all_day": false, "only_weekdays": false, "recurrence_id": null, "timezone": "Europe/Berlin"}, "hash": null, "recurrence_rule": null}, {"id": 312578, "url": "https://admin.integreat-app.de/ostallgaeu/de/events/betriebe-bilden-aus-tipps-f\u00fcr-multiplikatorinnen-und-selbstst\u00e4ndige-online-2/", "path": "/ostallgaeu/de/events/betriebe-bilden-aus-tipps-f\u00fcr-multiplikatorinnen-und-selbstst\u00e4ndige-online-2/", "title": "Betriebe bilden aus: Tipps f\u00fcr Multiplikator*innen und Selbstst\u00e4ndige (Online)", "modified_gmt": "2026-04-09T09:40:37.659Z", "last_updated": "2026-04-09T11:40:37.659+02:00", "excerpt": "\r\nBetriebe bilden aus: Tipps f\u00fcr Multiplikator*innen und Selbstst\u00e4ndigeBerufsausbildung: Neue Potentiale entdecken! Selbstst\u00e4ndige mit Migrationsbezug werden zu Ausbildungsbetrieben.\r\n\r\n10.06.2026, 10:00-11:30 Uhr (Anmeldeschluss: 08.06.2026)\r\n14.07.2026, 17:00-18:30 Uhr (Anmeldeschluss 12.07.2026)\r\n\r\nBitte nutzen Sie zur Anmeldung das Anmeldetool unten auf dieser Seite. Die Anmeldung ist bis sp\u00e4testens 2 Tage vor der jeweiligen Veranstaltung m\u00f6glich.\r\nBeide Online-Informationsveranstaltungen richten sich an Betriebe, interessierte Multiplikator*innen sowie Haupt- und Ehrenamtliche in der Integrationsarbeit. Unternehmungsgr\u00fcndungen durch Migrant*innen sind doppelt so h\u00e4ufig: Jede f\u00fcnfte Existenzgr\u00fcndung in Deutschland erfolgt durch sie.\r\n\r\nGleichzeitig ist die Beteiligung an der betrieblichen Berufsausbildung noch immer unterdurchschnittlich.\r\nWas sind die Voraussetzungen und Erfolgsfaktoren, damit auch diese Selbst\u00e4ndigen verst\u00e4rkt Ausbildungspl\u00e4tze anbieten?\r\n\r\nUnsere Informationsveranstaltung bietet einen \u00dcberblick \u00fcber die wichtigsten Themen vor und w\u00e4hrend der Ausbildung sowie Tipps zu F\u00f6rderm\u00f6glichkeiten f\u00fcr alle Beteiligten.\r\n", "content": "<div>\r\n<p>Betriebe bilden aus: Tipps f\u00fcr Multiplikator*innen und Selbstst\u00e4ndige<br>Berufsausbildung: Neue Potentiale entdecken! Selbstst\u00e4ndige mit Migrationsbezug werden zu Ausbildungsbetrieben.</p>\r\n<ul>\r\n<li>10.06.2026, 10:00-11:30 Uhr (Anmeldeschluss: 08.06.2026)</li>\r\n<li>14.07.2026, 17:00-18:30 Uhr (Anmeldeschluss 12.07.2026)</li>\r\n</ul>\r\n<p><a class=\"link-external\" href=\"https://www.kausa-bayern.de/infothek/veranstaltungen\">Bitte nutzen Sie zur Anmeldung das Anmeldetool unten auf dieser Seite</a>. Die Anmeldung ist bis sp\u00e4testens 2 Tage vor der jeweiligen Veranstaltung m\u00f6glich.</p>\r\n<p>Beide Online-Informationsveranstaltungen richten sich an Betriebe, interessierte Multiplikator*innen sowie Haupt- und Ehrenamtliche in der Integrationsarbeit. Unternehmungsgr\u00fcndungen durch Migrant*innen sind doppelt so h\u00e4ufig: Jede f\u00fcnfte Existenzgr\u00fcndung in Deutschland erfolgt durch sie.</p>\r\n<ul>\r\n<li>Gleichzeitig ist die Beteiligung an der betrieblichen Berufsausbildung noch immer unterdurchschnittlich.</li>\r\n<li>Was sind die Voraussetzungen und Erfolgsfaktoren, damit auch diese Selbst\u00e4ndigen verst\u00e4rkt Ausbildungspl\u00e4tze anbieten?</li>\r\n</ul>\r\n<p>Unsere Informationsveranstaltung bietet einen \u00dcberblick \u00fcber die wichtigsten Themen vor und w\u00e4hrend der Ausbildung sowie Tipps zu F\u00f6rderm\u00f6glichkeiten f\u00fcr alle Beteiligten.</p>\r\n</div>", "available_languages": {"hr": {"id": 312579, "url": "https://admin.integreat-app.de/ostallgaeu/hr/events/tvrtke-koje-nude-naukovanje-savjeti-za-influencere-i-samozaposlene-online-2/", "path": "/ostallgaeu/hr/events/tvrtke-koje-nude-naukovanje-savjeti-za-influencere-i-samozaposlene-online-2/"}, "en": {"id": 312580, "url": "https://admin.integreat-app.de/ostallgaeu/en/events/companies-provide-training-tips-for-multipliers-and-the-self-employed-online-2/", "path": "/ostallgaeu/en/events/companies-provide-training-tips-for-multipliers-and-the-self-employed-online-2/"}, "es": {"id": 312581, "url": "https://admin.integreat-app.de/ostallgaeu/es/events/las-empresas-imparten-formaci\u00f3n-consejos-para-multiplicadores-y-aut\u00f3nomos-en-l\u00ednea-2/", "path": "/ostallgaeu/es/events/las-empresas-imparten-formaci\u00f3n-consejos-para-multiplicadores-y-aut\u00f3nomos-en-l\u00ednea-2/"}, "fr": {"id": 312582, "url": "https://admin.integreat-app.de/ostallgaeu/fr/events/les-entreprises-forment-des-apprentis-conseils-pour-les-multiplicateurs-et-les-ind\u00e9pendants-en-ligne-2/", "path": "/ostallgaeu/fr/events/les-entreprises-forment-des-apprentis-conseils-pour-les-multiplicateurs-et-les-ind\u00e9pendants-en-ligne-2/"}, "ar": {"id": 312583, "url": "https://admin.integreat-app.de/ostallgaeu/ar/events/\u0627\u0644\u0634\u0631\u0643\u0627\u062a-\u0627\u0644\u062a\u064a-\u062a\u0642\u062f\u0645-\u0627\u0644\u062a\u062f\u0631\u064a\u0628-\u0646\u0635\u0627\u0626\u062d-\u0644\u0644\u0645\u0636\u0627\u0639\u0641\u064a\u0646-\u0648\u0627\u0644\u0639\u0627\u0645\u0644\u064a\u0646-\u0644\u062d\u0633\u0627\u0628\u0647\u0645-\u0627\u0644\u062e\u0627\u0635-\u0639\u0628\u0631-\u0627\u0644\u0625\u0646\u062a\u0631\u0646\u062a-2/", "path": "/ostallgaeu/ar/events/\u0627\u0644\u0634\u0631\u0643\u0627\u062a-\u0627\u0644\u062a\u064a-\u062a\u0642\u062f\u0645-\u0627\u0644\u062a\u062f\u0631\u064a\u0628-\u0646\u0635\u0627\u0626\u062d-\u0644\u0644\u0645\u0636\u0627\u0639\u0641\u064a\u0646-\u0648\u0627\u0644\u0639\u0627\u0645\u0644\u064a\u0646-\u0644\u062d\u0633\u0627\u0628\u0647\u0645-\u0627\u0644\u062e\u0627\u0635-\u0639\u0628\u0631-\u0627\u0644\u0625\u0646\u062a\u0631\u0646\u062a-2/"}, "fa": {"id": 312584, "url": "https://admin.integreat-app.de/ostallgaeu/fa/events/\u0634\u0631\u06a9\u062a\u0647\u0627\u06cc\u06cc-\u06a9\u0647-\u062f\u0648\u0631\u0647\u0647\u0627\u06cc-\u06a9\u0627\u0631\u0622\u0645\u0648\u0632\u06cc-\u0627\u0631\u0627\u0626\u0647-\u0645\u06cc\u062f\u0647\u0646\u062f-\u0646\u06a9\u0627\u062a\u06cc-\u0628\u0631\u0627\u06cc-\u0627\u06cc\u0646\u0641\u0644\u0648\u0626\u0646\u0633\u0631\u0647\u0627-\u0648-\u0627\u0641\u0631\u0627\u062f-\u062e\u0648\u062f\u0627\u0634\u062a\u063a\u0627\u0644-\u0622\u0646\u0644\u0627\u06cc\u0646-2/", "path": "/ostallgaeu/fa/events/\u0634\u0631\u06a9\u062a\u0647\u0627\u06cc\u06cc-\u06a9\u0647-\u062f\u0648\u0631\u0647\u0647\u0627\u06cc-\u06a9\u0627\u0631\u0622\u0645\u0648\u0632\u06cc-\u0627\u0631\u0627\u0626\u0647-\u0645\u06cc\u062f\u0647\u0646\u062f-\u0646\u06a9\u0627\u062a\u06cc-\u0628\u0631\u0627\u06cc-\u0627\u06cc\u0646\u0641\u0644\u0648\u0626\u0646\u0633\u0631\u0647\u0627-\u0648-\u0627\u0641\u0631\u0627\u062f-\u062e\u0648\u062f\u0627\u0634\u062a\u063a\u0627\u0644-\u0622\u0646\u0644\u0627\u06cc\u0646-2/"}, "ro": {"id": 312585, "url": "https://admin.integreat-app.de/ostallgaeu/ro/events/companiile-ofer\u0103-formare-sfaturi-pentru-multiplicatori-\u0219i-lucr\u0103tori-independen\u021bi-online-2/", "path": "/ostallgaeu/ro/events/companiile-ofer\u0103-formare-sfaturi-pentru-multiplicatori-\u0219i-lucr\u0103tori-independen\u021bi-online-2/"}, "ru": {"id": 312586, "url": "https://admin.integreat-app.de/ostallgaeu/ru/events/\u043a\u043e\u043c\u043f\u0430\u043d\u0438\u0438-\u043f\u0440\u043e\u0432\u043e\u0434\u044f\u0442-\u043e\u0431\u0443\u0447\u0435\u043d\u0438\u0435-\u0441\u043e\u0432\u0435\u0442\u044b-\u0434\u043b\u044f-\u043c\u0443\u043b\u044c\u0442\u0438\u043f\u043b\u0438\u043a\u0430\u0442\u043e\u0440\u043e\u0432-\u0438-\u0441\u0430\u043c\u043e\u0437\u0430\u043d\u044f\u0442\u044b\u0445-\u043e\u043d\u043b\u0430\u0439\u043d-2/", "path": "/ostallgaeu/ru/events/\u043a\u043e\u043c\u043f\u0430\u043d\u0438\u0438-\u043f\u0440\u043e\u0432\u043e\u0434\u044f\u0442-\u043e\u0431\u0443\u0447\u0435\u043d\u0438\u0435-\u0441\u043e\u0432\u0435\u0442\u044b-\u0434\u043b\u044f-\u043c\u0443\u043b\u044c\u0442\u0438\u043f\u043b\u0438\u043a\u0430\u0442\u043e\u0440\u043e\u0432-\u0438-\u0441\u0430\u043c\u043e\u0437\u0430\u043d\u044f\u0442\u044b\u0445-\u043e\u043d\u043b\u0430\u0439\u043d-2/"}, "tr": {"id": 312587, "url": "https://admin.integreat-app.de/ostallgaeu/tr/events/\u015firketler-e\u011fitim-veriyor-\u00e7arpanlar-ve-serbest-meslek-sahipleri-i\u00e7in-ipu\u00e7lar\u0131-\u00e7evrimi\u00e7i-2/", "path": "/ostallgaeu/tr/events/\u015firketler-e\u011fitim-veriyor-\u00e7arpanlar-ve-serbest-meslek-sahipleri-i\u00e7in-ipu\u00e7lar\u0131-\u00e7evrimi\u00e7i-2/"}, "uk": {"id": 312588, "url": "https://admin.integreat-app.de/ostallgaeu/uk/events/\u043a\u043e\u043c\u043f\u0430\u043d\u0456\u0457-\u043f\u0440\u043e\u0432\u043e\u0434\u044f\u0442\u044c-\u043d\u0430\u0432\u0447\u0430\u043d\u043d\u044f-\u043f\u043e\u0440\u0430\u0434\u0438-\u0434\u043b\u044f-\u043c\u0443\u043b\u044c\u0442\u0438\u043f\u043b\u0456\u043a\u0430\u0442\u043e\u0440\u0456\u0432-\u0442\u0430-\u0441\u0430\u043c\u043e\u0437\u0430\u0439\u043d\u044f\u0442\u0438\u0445-\u043e\u043d\u043b\u0430\u0439\u043d-2/", "path": "/ostallgaeu/uk/events/\u043a\u043e\u043c\u043f\u0430\u043d\u0456\u0457-\u043f\u0440\u043e\u0432\u043e\u0434\u044f\u0442\u044c-\u043d\u0430\u0432\u0447\u0430\u043d\u043d\u044f-\u043f\u043e\u0440\u0430\u0434\u0438-\u0434\u043b\u044f-\u043c\u0443\u043b\u044c\u0442\u0438\u043f\u043b\u0456\u043a\u0430\u0442\u043e\u0440\u0456\u0432-\u0442\u0430-\u0441\u0430\u043c\u043e\u0437\u0430\u0439\u043d\u044f\u0442\u0438\u0445-\u043e\u043d\u043b\u0430\u0439\u043d-2/"}, "ti": {"id": 312589, "url": "https://admin.integreat-app.de/ostallgaeu/ti/events/\u12a9\u1263\u1295\u12eb\u1273\u1275-\u1235\u120d\u1320\u1293-\u12ed\u1205\u1263-\u121d\u12bd\u122d\u1273\u1275-\u1295\u12a3\u1263\u12db\u1215\u1275\u1295-\u1263\u12d5\u120e\u121d-\u12dd\u1230\u122d\u1211\u1295-\u12cd\u120d\u1240\u1230\u1263\u1275-online-2/", "path": "/ostallgaeu/ti/events/\u12a9\u1263\u1295\u12eb\u1273\u1275-\u1235\u120d\u1320\u1293-\u12ed\u1205\u1263-\u121d\u12bd\u122d\u1273\u1275-\u1295\u12a3\u1263\u12db\u1215\u1275\u1295-\u1263\u12d5\u120e\u121d-\u12dd\u1230\u122d\u1211\u1295-\u12cd\u120d\u1240\u1230\u1263\u1275-online-2/"}}, "thumbnail": "https://admin.integreat-app.de/media/regions/181/2026/04/1775724585_kausa.png", "location": {"id": null, "name": null, "address": null, "town": null, "state": null, "postcode": null, "region": null, "country": null, "latitude": null, "longitude": null}, "location_path": null, "meeting_url": null, "event": {"id": 19406, "start": "2026-07-14T17:00:00+02:00", "start_date": "2026-07-14", "start_time": "17:00:00", "end": "2026-07-14T18:30:00+02:00", "end_date": "2026-07-14", "end_time": "18:30:00", "all_day": false, "only_weekdays": false, "recurrence_id": null, "timezone": "Europe/Berlin"}, "hash": null, "recurrence_rule": null}, {"id": 326450, "url": "https://admin.integreat-app.de/ostallgaeu/de/events/online-veranstaltung-deutschvermittlung-und-trauma/", "path": "/ostallgaeu/de/events/online-veranstaltung-deutschvermittlung-und-trauma/", "title": "Online-Veranstaltung: Deutschvermittlung und Trauma", "modified_gmt": "2026-04-27T08:45:31.939Z", "last_updated": "2026-04-27T10:45:31.939+02:00", "excerpt": "lagfa bayern l\u00e4dt zu einer Online-Veranstaltung ein.\r\nIn dieser Fortbildung erhalten Sie praxisnahe Impulse, um Ihre ehrenamtliche Arbeit in der Sprachf\u00f6rderung optimal zu gestalten. Wir bieten Ihnen vertiefte Einblicke in zwei zentrale Themenbereiche, die speziell auf die Herausforderungen und Bed\u00fcrfnisse Ihrer T\u00e4tigkeit abgestimmt sind:\r\n\r\nSensibel begleiten: Menschen mit Flucht- oder Migrationserfahrung und TraumaArrival Aid\r\nEhrenamtlich Deutsch unterrichten \u2013 Praxiswissen aus dem EhrenamtUrsula Erb\r\n\r\nDiese Veranstaltung ist f\u00fcr Sie kostenfrei.\r\n\u00a0Vorl\u00e4ufige AgendaDienstag, 14. Juli 202617:30 Uhr \u2013 20:30 UhrSensibel begleiten: Menschen mit Flucht- oder Migrationserfahrung und Trauma(Referentin: Alena Sch\u00e4berle, Arrival Aid)\r\nMittwoch, 15. Juli 202617:30 Uhr \u2013 20:30 UhrEhrenamtlich Deutsch unterrichten \u2013 Praxiswissen aus dem Ehrenamt(Referentin: Ursula Erb)\r\n\u00a0\r\nAnmeldung: hier.", "content": "<div><p>lagfa bayern l\u00e4dt zu einer Online-Veranstaltung ein.</p>\r\n<p>In dieser Fortbildung erhalten Sie praxisnahe Impulse, um Ihre ehrenamtliche Arbeit in der Sprachf\u00f6rderung optimal zu gestalten. Wir bieten Ihnen vertiefte Einblicke in zwei zentrale Themenbereiche, die speziell auf die Herausforderungen und Bed\u00fcrfnisse Ihrer T\u00e4tigkeit abgestimmt sind:</p>\r\n<ul>\r\n<li>Sensibel begleiten: Menschen mit Flucht- oder Migrationserfahrung und Trauma<br>Arrival Aid</li>\r\n<li>Ehrenamtlich Deutsch unterrichten \u2013 Praxiswissen aus dem Ehrenamt<br>Ursula Erb</li>\r\n</ul>\r\n<p>Diese Veranstaltung ist f\u00fcr Sie kostenfrei.</p>\r\n<p>\u00a0<br>Vorl\u00e4ufige Agenda<br>Dienstag, 14. Juli 2026<br>17:30 Uhr \u2013 20:30 Uhr<br>Sensibel begleiten: Menschen mit Flucht- oder Migrationserfahrung und Trauma<br>(Referentin: Alena Sch\u00e4berle, Arrival Aid)</p>\r\n<p><br>Mittwoch, 15. Juli 2026<br>17:30 Uhr \u2013 20:30 Uhr<br>Ehrenamtlich Deutsch unterrichten \u2013 Praxiswissen aus dem Ehrenamt<br>(Referentin: Ursula Erb)</p>\r\n<p>\u00a0</p>\r\n<p>Anmeldung: <a href=\"https://lagfa-bayern.de/veranstaltungen/fortbildung-ehrenamtlich-in-der-gefluechtetenhilfe-deutsch-und-trauma/\" class=\"link-external\">hier.</a></p></div>", "available_languages": {"hr": {"id": null, "url": "https://admin.integreat-app.de/ostallgaeu/hr/events/online-veranstaltung-deutschvermittlung-und-trauma/", "path": "/ostallgaeu/hr/events/online-veranstaltung-deutschvermittlung-und-trauma/"}, "en": {"id": null, "url": "https://admin.integreat-app.de/ostallgaeu/en/events/online-veranstaltung-deutschvermittlung-und-trauma/", "path": "/ostallgaeu/en/events/online-veranstaltung-deutschvermittlung-und-trauma/"}, "es": {"id": null, "url": "https://admin.integreat-app.de/ostallgaeu/es/events/online-veranstaltung-deutschvermittlung-und-trauma/", "path": "/ostallgaeu/es/events/online-veranstaltung-deutschvermittlung-und-trauma/"}, "fr": {"id": null, "url": "https://admin.integreat-app.de/ostallgaeu/fr/events/online-veranstaltung-deutschvermittlung-und-trauma/", "path": "/ostallgaeu/fr/events/online-veranstaltung-deutschvermittlung-und-trauma/"}, "ar": {"id": null, "url": "https://admin.integreat-app.de/ostallgaeu/ar/events/online-veranstaltung-deutschvermittlung-und-trauma/", "path": "/ostallgaeu/ar/events/online-veranstaltung-deutschvermittlung-und-trauma/"}, "fa": {"id": null, "url": "https://admin.integreat-app.de/ostallgaeu/fa/events/online-veranstaltung-deutschvermittlung-und-trauma/", "path": "/ostallgaeu/fa/events/online-veranstaltung-deutschvermittlung-und-trauma/"}, "ro": {"id": null, "url": "https://admin.integreat-app.de/ostallgaeu/ro/events/online-veranstaltung-deutschvermittlung-und-trauma/", "path": "/ostallgaeu/ro/events/online-veranstaltung-deutschvermittlung-und-trauma/"}, "ru": {"id": null, "url": "https://admin.integreat-app.de/ostallgaeu/ru/events/online-veranstaltung-deutschvermittlung-und-trauma/", "path": "/ostallgaeu/ru/events/online-veranstaltung-deutschvermittlung-und-trauma/"}, "tr": {"id": null, "url": "https://admin.integreat-app.de/ostallgaeu/tr/events/online-veranstaltung-deutschvermittlung-und-trauma/", "path": "/ostallgaeu/tr/events/online-veranstaltung-deutschvermittlung-und-trauma/"}, "uk": {"id": null, "url": "https://admin.integreat-app.de/ostallgaeu/uk/events/online-veranstaltung-deutschvermittlung-und-trauma/", "path": "/ostallgaeu/uk/events/online-veranstaltung-deutschvermittlung-und-trauma/"}, "ti": {"id": null, "url": "https://admin.integreat-app.de/ostallgaeu/ti/events/online-veranstaltung-deutschvermittlung-und-trauma/", "path": "/ostallgaeu/ti/events/online-veranstaltung-deutschvermittlung-und-trauma/"}}, "thumbnail": "https://admin.integreat-app.de/media/regions/181/2017/11/internet17.png", "location": {"id": null, "name": null, "address": null, "town": null, "state": null, "postcode": null, "region": null, "country": null, "latitude": null, "longitude": null}, "location_path": null, "meeting_url": null, "event": {"id": 19823, "start": "2026-07-14T17:30:00+02:00", "start_date": "2026-07-14", "start_time": "17:30:00", "end": "2026-07-15T20:30:00+02:00", "end_date": "2026-07-15", "end_time": "20:30:00", "all_day": false, "only_weekdays": false, "recurrence_id": null, "timezone": "Europe/Berlin"}, "hash": null, "recurrence_rule": null}, {"id": 311895, "url": "https://admin.integreat-app.de/ostallgaeu/de/events/kommunale-integration-stammtisch-zur-anerkennung-des-ehrenamtes-im-bereich-integrationmigration/", "path": "/ostallgaeu/de/events/kommunale-integration-stammtisch-zur-anerkennung-des-ehrenamtes-im-bereich-integrationmigration/", "title": "Kommunale Integration: Stammtisch zur Anerkennung des Ehrenamtes im Bereich Integration/Migration", "modified_gmt": "2026-04-07T12:26:53.188Z", "last_updated": "2026-04-07T14:26:53.188+02:00", "excerpt": "\r\n\r\nWir m\u00f6chten Ihnen von Herzen f\u00fcr Ihr gro\u00dfes ehrenamtliches Engagement danken und Sie zu einem gemeinsamen Spaziergang mit anschlie\u00dfender Brotzeit einladen. Dieser Abend soll ein kleines Zeichen unserer Wertsch\u00e4tzung sein und Ihnen Raum geben, ohne Verpflichtungen miteinander Zeit zu verbringen.\r\nWir treffen uns um 17.30 Uhr - Ort wird noch bekannt\u00a0 gegeben - und gehen von dort aus in gem\u00fctlichem Tempo gemeinsam zur Skih\u00fctte\u00a0 Oberbeuren (Skih\u00fcttenweg 2, 87600 Kaufburen). Unterwegs bleibt viel Gelegenheit f\u00fcr zwanglose Gespr\u00e4che, zum Kennenlernen und Wiedersehen. An der H\u00fctte erwarten Sie Brotzeitplatten und ein Getr\u00e4nk, damit Sie den Abend in angenehmer Atmosph\u00e4re genie\u00dfen k\u00f6nnen.\r\nWir freuen uns darauf, mit Ihnen einen entspannten Sommerabend zu verbringen, ins Gespr\u00e4ch zu\u00a0 kommen und einfach \u201eDanke\u201c zu sagen f\u00fcr Ihren wichtigen\u00a0Einsatz!\r\nIhr Team der Kommunalen Integration Ostallg\u00e4u\r\n\r\nAnmeldung bis zum 2. Juli 2026 \u00a0unter Angabe von Name, Telefonnummer, E-Mail-Adresse und Helferkreis/Einrichtung/Funktion\u2022 per E-Mail an: integration@lra-oal.bayern.de\u00a0\u2022 telefonisch 08342 911-794 \u00a0oder 08342 911-194 oder\u2022 schriftlich an\u00a0\u00a0Landratsamt Ostallg\u00e4u\u00a0\u00a0Kommunale Integration\u00a0Schwabenstra\u00dfe 11\u00a087616 Marktoberdorf\r\n\r\nAlle Veranstaltungen sind im aktuellen Veranstaltungsprogramm.\r\n", "content": "<div>\r\n<div>\r\n<p>Wir m\u00f6chten Ihnen von Herzen f\u00fcr Ihr gro\u00dfes ehrenamtliches Engagement danken und Sie zu einem gemeinsamen Spaziergang mit anschlie\u00dfender Brotzeit einladen. Dieser Abend soll ein kleines Zeichen unserer Wertsch\u00e4tzung sein und Ihnen Raum geben, ohne Verpflichtungen miteinander Zeit zu verbringen.</p>\r\n<p><br>Wir treffen uns um 17.30 Uhr - Ort wird noch bekannt\u00a0 gegeben - und gehen von dort aus in gem\u00fctlichem Tempo gemeinsam zur Skih\u00fctte\u00a0 Oberbeuren (Skih\u00fcttenweg 2, 87600 Kaufburen). Unterwegs bleibt viel Gelegenheit f\u00fcr zwanglose Gespr\u00e4che, zum Kennenlernen und Wiedersehen. An der H\u00fctte erwarten Sie Brotzeitplatten und ein Getr\u00e4nk, damit Sie den Abend in angenehmer Atmosph\u00e4re genie\u00dfen k\u00f6nnen.</p>\r\n<p>Wir freuen uns darauf, mit Ihnen einen entspannten Sommerabend zu verbringen, ins Gespr\u00e4ch zu\u00a0 kommen und einfach \u201eDanke\u201c zu sagen f\u00fcr Ihren wichtigen\u00a0Einsatz!</p>\r\n<p>Ihr Team der Kommunalen Integration Ostallg\u00e4u</p>\r\n<p><a tabindex=\"-1\" href=\"https://admin.integreat-app.de/media/regions/181/2023/02/h%C3%A4ndebutton.jpg\" aria-hidden=\"true\"><img src=\"https://admin.integreat-app.de/media/regions/181/2023/02/h%C3%A4ndebutton.jpg\" alt=\"\" width=\"249\" height=\"249\"></a></p>\r\n<p><strong>Anmeldung bis zum 2. Juli 2026 </strong>\u00a0unter Angabe von Name, Telefonnummer, E-Mail-Adresse und Helferkreis/Einrichtung/Funktion<br>\u2022 per E-Mail an: <a href=\"mailto:integration@lra-oal.bayern.de\" class=\"link-external\">integration@lra-oal.bayern.de</a>\u00a0<br>\u2022 telefonisch <a class=\"link-external\" href=\"tel:\">08342 911-794</a> \u00a0oder <a class=\"link-external\" href=\"tel:+498342911194\">08342 911-194</a> oder<br>\u2022 schriftlich an\u00a0<br>\u00a0Landratsamt Ostallg\u00e4u\u00a0<br>\u00a0Kommunale Integration<br>\u00a0Schwabenstra\u00dfe 11<br>\u00a087616 Marktoberdorf</p>\r\n</div>\r\n<p>Alle Veranstaltungen sind im <a href=\"https://integreat.app/ostallgaeu/de/integration-im-ostallg%C3%A4u/interkulturelle-veranstaltungen/\">aktuellen Veranstaltungsprogramm.</a></p>\r\n</div>", "available_languages": {"hr": {"id": 279765, "url": "https://admin.integreat-app.de/ostallgaeu/hr/events/integracija-op\u0107ina-redoviti-sastanak-za-priznanje-volonterskog-rada-u-podru\u010dju-integracijemigracije/", "path": "/ostallgaeu/hr/events/integracija-op\u0107ina-redoviti-sastanak-za-priznanje-volonterskog-rada-u-podru\u010dju-integracijemigracije/"}, "en": {"id": 279766, "url": "https://admin.integreat-app.de/ostallgaeu/en/events/municipal-integration-regulars-table-to-recognise-voluntary-work-in-the-field-of-integrationmigration/", "path": "/ostallgaeu/en/events/municipal-integration-regulars-table-to-recognise-voluntary-work-in-the-field-of-integrationmigration/"}, "es": {"id": 279767, "url": "https://admin.integreat-app.de/ostallgaeu/es/events/integraci\u00f3n-municipal-mesa-de-los-regulares-para-reconocer-el-trabajo-voluntario-en-el-\u00e1mbito-de-la-integraci\u00f3nmigraci\u00f3n/", "path": "/ostallgaeu/es/events/integraci\u00f3n-municipal-mesa-de-los-regulares-para-reconocer-el-trabajo-voluntario-en-el-\u00e1mbito-de-la-integraci\u00f3nmigraci\u00f3n/"}, "fr": {"id": 279768, "url": "https://admin.integreat-app.de/ostallgaeu/fr/events/int\u00e9gration-communale-table-ronde-sur-la-reconnaissance-du-b\u00e9n\u00e9volat-dans-le-domaine-de-lint\u00e9grationmigration/", "path": "/ostallgaeu/fr/events/int\u00e9gration-communale-table-ronde-sur-la-reconnaissance-du-b\u00e9n\u00e9volat-dans-le-domaine-de-lint\u00e9grationmigration/"}, "ar": {"id": 279769, "url": "https://admin.integreat-app.de/ostallgaeu/ar/events/\u0627\u0644\u0627\u0646\u062f\u0645\u0627\u062c-\u0627\u0644\u0628\u0644\u062f\u064a-\u062c\u062f\u0648\u0644-\u0627\u0644\u0646\u0638\u0627\u0645\u064a\u064a\u0646-\u0644\u0644\u0627\u0639\u062a\u0631\u0627\u0641-\u0628\u0627\u0644\u0639\u0645\u0644-\u0627\u0644\u062a\u0637\u0648\u0639\u064a-\u0641\u064a-\u0645\u062c\u0627\u0644-\u0627\u0644\u0627\u0646\u062f\u0645\u0627\u062c\u0627\u0644\u0647\u062c\u0631\u0629/", "path": "/ostallgaeu/ar/events/\u0627\u0644\u0627\u0646\u062f\u0645\u0627\u062c-\u0627\u0644\u0628\u0644\u062f\u064a-\u062c\u062f\u0648\u0644-\u0627\u0644\u0646\u0638\u0627\u0645\u064a\u064a\u0646-\u0644\u0644\u0627\u0639\u062a\u0631\u0627\u0641-\u0628\u0627\u0644\u0639\u0645\u0644-\u0627\u0644\u062a\u0637\u0648\u0639\u064a-\u0641\u064a-\u0645\u062c\u0627\u0644-\u0627\u0644\u0627\u0646\u062f\u0645\u0627\u062c\u0627\u0644\u0647\u062c\u0631\u0629/"}, "fa": {"id": 279770, "url": "https://admin.integreat-app.de/ostallgaeu/fa/events/\u0627\u062f\u063a\u0627\u0645-\u0634\u0647\u0631\u06cc-\u062c\u0644\u0633\u0647-\u063a\u06cc\u0631\u0631\u0633\u0645\u06cc-\u0628\u0631\u0627\u06cc-\u062a\u0642\u062f\u06cc\u0631-\u0627\u0632-\u06a9\u0627\u0631-\u062f\u0627\u0648\u0637\u0644\u0628\u0627\u0646\u0647-\u062f\u0631-\u0632\u0645\u06cc\u0646\u0647-\u0627\u062f\u063a\u0627\u0645\u0645\u0647\u0627\u062c\u0631\u062a/", "path": "/ostallgaeu/fa/events/\u0627\u062f\u063a\u0627\u0645-\u0634\u0647\u0631\u06cc-\u062c\u0644\u0633\u0647-\u063a\u06cc\u0631\u0631\u0633\u0645\u06cc-\u0628\u0631\u0627\u06cc-\u062a\u0642\u062f\u06cc\u0631-\u0627\u0632-\u06a9\u0627\u0631-\u062f\u0627\u0648\u0637\u0644\u0628\u0627\u0646\u0647-\u062f\u0631-\u0632\u0645\u06cc\u0646\u0647-\u0627\u062f\u063a\u0627\u0645\u0645\u0647\u0627\u062c\u0631\u062a/"}, "ro": {"id": 279771, "url": "https://admin.integreat-app.de/ostallgaeu/ro/events/integrare-municipal\u0103-masa-obi\u0219nui\u021bilor-pentru-recunoa\u0219terea-muncii-voluntare-\u00een-domeniul-integr\u0103riimigra\u021biei/", "path": "/ostallgaeu/ro/events/integrare-municipal\u0103-masa-obi\u0219nui\u021bilor-pentru-recunoa\u0219terea-muncii-voluntare-\u00een-domeniul-integr\u0103riimigra\u021biei/"}, "ru": {"id": 279772, "url": "https://admin.integreat-app.de/ostallgaeu/ru/events/\u043c\u0443\u043d\u0438\u0446\u0438\u043f\u0430\u043b\u044c\u043d\u0430\u044f-\u0438\u043d\u0442\u0435\u0433\u0440\u0430\u0446\u0438\u044f-\u0441\u0442\u043e\u043b-\u043f\u043e\u0441\u0442\u043e\u044f\u043d\u043d\u044b\u0445-\u043f\u0440\u0435\u0434\u0441\u0442\u0430\u0432\u0438\u0442\u0435\u043b\u0435\u0439-\u0434\u043b\u044f-\u043f\u0440\u0438\u0437\u043d\u0430\u043d\u0438\u044f-\u0434\u043e\u0431\u0440\u043e\u0432\u043e\u043b\u044c\u043d\u043e\u0439-\u0440\u0430\u0431\u043e\u0442\u044b-\u0432-\u043e\u0431\u043b\u0430\u0441\u0442\u0438-\u0438\u043d\u0442\u0435\u0433\u0440\u0430\u0446\u0438\u0438\u043c\u0438\u0433\u0440\u0430\u0446\u0438\u0438/", "path": "/ostallgaeu/ru/events/\u043c\u0443\u043d\u0438\u0446\u0438\u043f\u0430\u043b\u044c\u043d\u0430\u044f-\u0438\u043d\u0442\u0435\u0433\u0440\u0430\u0446\u0438\u044f-\u0441\u0442\u043e\u043b-\u043f\u043e\u0441\u0442\u043e\u044f\u043d\u043d\u044b\u0445-\u043f\u0440\u0435\u0434\u0441\u0442\u0430\u0432\u0438\u0442\u0435\u043b\u0435\u0439-\u0434\u043b\u044f-\u043f\u0440\u0438\u0437\u043d\u0430\u043d\u0438\u044f-\u0434\u043e\u0431\u0440\u043e\u0432\u043e\u043b\u044c\u043d\u043e\u0439-\u0440\u0430\u0431\u043e\u0442\u044b-\u0432-\u043e\u0431\u043b\u0430\u0441\u0442\u0438-\u0438\u043d\u0442\u0435\u0433\u0440\u0430\u0446\u0438\u0438\u043c\u0438\u0433\u0440\u0430\u0446\u0438\u0438/"}, "tr": {"id": 279773, "url": "https://admin.integreat-app.de/ostallgaeu/tr/events/belediye-entegrasyonu-entegrasyong\u00f6\u00e7-alan\u0131ndaki-g\u00f6n\u00fcll\u00fc-\u00e7al\u0131\u015fmalar\u0131n-tan\u0131nmas\u0131-i\u00e7in-m\u00fcdavimler-masas\u0131/", "path": "/ostallgaeu/tr/events/belediye-entegrasyonu-entegrasyong\u00f6\u00e7-alan\u0131ndaki-g\u00f6n\u00fcll\u00fc-\u00e7al\u0131\u015fmalar\u0131n-tan\u0131nmas\u0131-i\u00e7in-m\u00fcdavimler-masas\u0131/"}, "uk": {"id": 279774, "url": "https://admin.integreat-app.de/ostallgaeu/uk/events/\u043c\u0443\u043d\u0456\u0446\u0438\u043f\u0430\u043b\u044c\u043d\u0430-\u0456\u043d\u0442\u0435\u0433\u0440\u0430\u0446\u0456\u044f-\u0442\u0430\u0431\u043b\u0438\u0446\u044f-\u043f\u043e\u0441\u0442\u0456\u0439\u043d\u0438\u0445-\u043a\u043b\u0456\u0454\u043d\u0442\u0456\u0432-\u0434\u043b\u044f-\u0432\u0438\u0437\u043d\u0430\u043d\u043d\u044f-\u0432\u043e\u043b\u043e\u043d\u0442\u0435\u0440\u0441\u044c\u043a\u043e\u0457-\u0440\u043e\u0431\u043e\u0442\u0438-\u0443-\u0441\u0444\u0435\u0440\u0456-\u0456\u043d\u0442\u0435\u0433\u0440\u0430\u0446\u0456\u0457\u043c\u0456\u0433\u0440\u0430\u0446\u0456\u0457/", "path": "/ostallgaeu/uk/events/\u043c\u0443\u043d\u0456\u0446\u0438\u043f\u0430\u043b\u044c\u043d\u0430-\u0456\u043d\u0442\u0435\u0433\u0440\u0430\u0446\u0456\u044f-\u0442\u0430\u0431\u043b\u0438\u0446\u044f-\u043f\u043e\u0441\u0442\u0456\u0439\u043d\u0438\u0445-\u043a\u043b\u0456\u0454\u043d\u0442\u0456\u0432-\u0434\u043b\u044f-\u0432\u0438\u0437\u043d\u0430\u043d\u043d\u044f-\u0432\u043e\u043b\u043e\u043d\u0442\u0435\u0440\u0441\u044c\u043a\u043e\u0457-\u0440\u043e\u0431\u043e\u0442\u0438-\u0443-\u0441\u0444\u0435\u0440\u0456-\u0456\u043d\u0442\u0435\u0433\u0440\u0430\u0446\u0456\u0457\u043c\u0456\u0433\u0440\u0430\u0446\u0456\u0457/"}, "ti": {"id": 279775, "url": "https://admin.integreat-app.de/ostallgaeu/ti/events/\u121d\u12cd\u1205\u1203\u12f5-\u12ae\u1219\u1295-\u12a3\u1265-\u12d3\u12cd\u12f2-\u12cd\u1205\u12f0\u1275\u1235\u12f0\u1275-\u1295\u12dd\u130d\u1260\u122d-\u12c8\u1208\u1295\u1273\u12ca-\u1235\u122b\u1215-\u12a3\u134d\u120d\u1326-\u1295\u121d\u1203\u1265-\u1235\u1229\u12d5-\u12a3\u12bc\u1263/", "path": "/ostallgaeu/ti/events/\u121d\u12cd\u1205\u1203\u12f5-\u12ae\u1219\u1295-\u12a3\u1265-\u12d3\u12cd\u12f2-\u12cd\u1205\u12f0\u1275\u1235\u12f0\u1275-\u1295\u12dd\u130d\u1260\u122d-\u12c8\u1208\u1295\u1273\u12ca-\u1235\u122b\u1215-\u12a3\u134d\u120d\u1326-\u1295\u121d\u1203\u1265-\u1235\u1229\u12d5-\u12a3\u12bc\u1263/"}}, "thumbnail": "https://admin.integreat-app.de/media/regions/181/2023/02/h%C3%A4ndebutton.jpg", "location": {"id": null, "name": null, "address": null, "town": null, "state": null, "postcode": null, "region": null, "country": null, "latitude": null, "longitude": null}, "location_path": null, "meeting_url": null, "event": {"id": 17214, "start": "2026-07-16T17:30:00+02:00", "start_date": "2026-07-16", "start_time": "17:30:00", "end": "2026-07-16T21:00:00+02:00", "end_date": "2026-07-16", "end_time": "21:00:00", "all_day": false, "only_weekdays": false, "recurrence_id": null, "timezone": "Europe/Berlin"}, "hash": null, "recurrence_rule": null}, {"id": 290894, "url": "https://admin.integreat-app.de/ostallgaeu/de/events/internationale-teestube-pfronten-5/", "path": "/ostallgaeu/de/events/internationale-teestube-pfronten-5/", "title": "Internationale Teestube Pfronten", "modified_gmt": "2026-03-10T07:50:06.008Z", "last_updated": "2026-03-10T08:50:06.008+01:00", "excerpt": "Der Unterst\u00fctzerkreis Asyl Pfronten l\u00e4dt zur Internationalen Teestube ein. Alle Interessierten sind zu dem geselligen Treffen in der \u00a0Evangelischen Auferstehungskirche in Pfronten herzlich Willkommen. Hier kann man Kontakte kn\u00fcpfen, sich gegenseitig kennen lernen und miteinander spielen und lachen.\r\n\u00a0\r\n", "content": "<div><p>Der Unterst\u00fctzerkreis Asyl Pfronten l\u00e4dt zur Internationalen Teestube ein. Alle Interessierten sind zu dem geselligen Treffen in der \u00a0Evangelischen Auferstehungskirche in Pfronten herzlich Willkommen. Hier kann man Kontakte kn\u00fcpfen, sich gegenseitig kennen lernen und miteinander spielen und lachen.</p>\r\n<p>\u00a0</p>\r\n<p><strong><a href=\"https://admin.integreat-app.de/media/regions/181/2026/03/1773128890_Postkarte__Teestube-1.Hj.2026.jpg\" aria-hidden=\"true\" tabindex=\"-1\"><img src=\"https://admin.integreat-app.de/media/regions/181/2026/03/1773128890_Postkarte__Teestube-1.Hj.2026.jpg\" alt=\"\"></a></strong></p></div>", "available_languages": {"hr": {"id": 290895, "url": "https://admin.integreat-app.de/ostallgaeu/hr/events/me\u0111unarodni-\u010dajni-salon-pfronten-2/", "path": "/ostallgaeu/hr/events/me\u0111unarodni-\u010dajni-salon-pfronten-2/"}, "en": {"id": 290897, "url": "https://admin.integreat-app.de/ostallgaeu/en/events/international-tearoom-pfronten-5/", "path": "/ostallgaeu/en/events/international-tearoom-pfronten-5/"}, "es": {"id": 290899, "url": "https://admin.integreat-app.de/ostallgaeu/es/events/sal\u00f3n-de-t\u00e9-internacional-pfronten-5/", "path": "/ostallgaeu/es/events/sal\u00f3n-de-t\u00e9-internacional-pfronten-5/"}, "fr": {"id": 290901, "url": "https://admin.integreat-app.de/ostallgaeu/fr/events/salon-de-th\u00e9-international-de-pfronten-5/", "path": "/ostallgaeu/fr/events/salon-de-th\u00e9-international-de-pfronten-5/"}, "ar": {"id": 290903, "url": "https://admin.integreat-app.de/ostallgaeu/ar/events/\u063a\u0631\u0641\u0629-\u0627\u0644\u0637\u0639\u0627\u0645-\u0627\u0644\u062f\u0648\u0644\u064a\u0629-\u0628\u0641\u0631\u0648\u0646\u062a\u0646-5/", "path": "/ostallgaeu/ar/events/\u063a\u0631\u0641\u0629-\u0627\u0644\u0637\u0639\u0627\u0645-\u0627\u0644\u062f\u0648\u0644\u064a\u0629-\u0628\u0641\u0631\u0648\u0646\u062a\u0646-5/"}, "fa": {"id": 290905, "url": "https://admin.integreat-app.de/ostallgaeu/fa/events/\u0686\u0627\u06cc\u062e\u0627\u0646\u0647-\u0628\u06cc\u0646\u0627\u0644\u0645\u0644\u0644\u06cc-\u0641\u0641\u0631\u0648\u062a\u0646-2/", "path": "/ostallgaeu/fa/events/\u0686\u0627\u06cc\u062e\u0627\u0646\u0647-\u0628\u06cc\u0646\u0627\u0644\u0645\u0644\u0644\u06cc-\u0641\u0641\u0631\u0648\u062a\u0646-2/"}, "ro": {"id": 290907, "url": "https://admin.integreat-app.de/ostallgaeu/ro/events/salon-de-ceai-interna\u021bional-pfronten-5/", "path": "/ostallgaeu/ro/events/salon-de-ceai-interna\u021bional-pfronten-5/"}, "ru": {"id": 290909, "url": "https://admin.integreat-app.de/ostallgaeu/ru/events/\u043c\u0435\u0436\u0434\u0443\u043d\u0430\u0440\u043e\u0434\u043d\u0430\u044f-\u0447\u0430\u0439\u043d\u0430\u044f-\u043a\u043e\u043c\u043d\u0430\u0442\u0430-\u043f\u0444\u0440\u043e\u043d\u0442\u0435\u043d-5/", "path": "/ostallgaeu/ru/events/\u043c\u0435\u0436\u0434\u0443\u043d\u0430\u0440\u043e\u0434\u043d\u0430\u044f-\u0447\u0430\u0439\u043d\u0430\u044f-\u043a\u043e\u043c\u043d\u0430\u0442\u0430-\u043f\u0444\u0440\u043e\u043d\u0442\u0435\u043d-5/"}, "tr": {"id": 290911, "url": "https://admin.integreat-app.de/ostallgaeu/tr/events/uluslararas\u0131-\u00e7ay-salonu-pfronten-5/", "path": "/ostallgaeu/tr/events/uluslararas\u0131-\u00e7ay-salonu-pfronten-5/"}, "uk": {"id": 290913, "url": "https://admin.integreat-app.de/ostallgaeu/uk/events/\u043c\u0456\u0436\u043d\u0430\u0440\u043e\u0434\u043d\u0430-\u043a\u0430\u0432\u044f\u0440\u043d\u044f-pfronten-5/", "path": "/ostallgaeu/uk/events/\u043c\u0456\u0436\u043d\u0430\u0440\u043e\u0434\u043d\u0430-\u043a\u0430\u0432\u044f\u0440\u043d\u044f-pfronten-5/"}, "ti": {"id": 290915, "url": "https://admin.integreat-app.de/ostallgaeu/ti/events/\u12d3\u1208\u121d\u1208\u12bb\u12ca-\u12ad\u134d\u120a-\u123b\u1202-\u1355\u134d\u122e\u1295\u1270\u1295-5/", "path": "/ostallgaeu/ti/events/\u12d3\u1208\u121d\u1208\u12bb\u12ca-\u12ad\u134d\u120a-\u123b\u1202-\u1355\u134d\u122e\u1295\u1270\u1295-5/"}}, "thumbnail": "https://admin.integreat-app.de/media/regions/181/2017/11/coffee131.png", "location": {"id": 8799, "name": "Evang.-luth. Auferstehungskirche, Pfronten", "address": "Rudolf-Wetzer-Str. 7", "town": "Pfronten", "state": null, "postcode": "87459", "region": null, "country": "Deutschland", "latitude": 47.58028555, "longitude": 10.559352397923888}, "location_path": "/ostallgaeu/de/locations/evang-luth-auferstehungskirche-pfronten/", "meeting_url": null, "event": {"id": 16017, "start": "2026-07-18T16:00:00+02:00", "start_date": "2026-07-18", "start_time": "16:00:00", "end": "2026-07-18T18:00:00+02:00", "end_date": "2026-07-18", "end_time": "18:00:00", "all_day": false, "only_weekdays": false, "recurrence_id": null, "timezone": "Europe/Berlin"}, "hash": null, "recurrence_rule": null}, {"id": 319863, "url": "https://admin.integreat-app.de/ostallgaeu/de/events/antragsdschungel-bei-schwangerschaft-und-geburt-2/", "path": "/ostallgaeu/de/events/antragsdschungel-bei-schwangerschaft-und-geburt-2/", "title": "Antragsdschungel bei Schwangerschaft und Geburt", "modified_gmt": "2026-04-17T07:43:08.370Z", "last_updated": "2026-04-17T09:43:08.370+02:00", "excerpt": "\r\nDie staatlich anerkannte Beratungsstelle f\u00fcr Schwangerschaftsfragen DONUM VITAE und die Familienst\u00fctzpunkte Marktoberdorf, Buchloe, Oberg\u00fcnzburg und Kaufbeuren informieren in diesem Online-Vortrag \u00fcber die staatlichen Familienleistungen w\u00e4hrend Schwangerschaft, Geburt und f\u00fcr Familien.\r\nAnmeldung unter: kaufbeuren@donum-vitae-bayern.de\r\n\u00a0\r\n", "content": "<div>\r\n<p>Die staatlich anerkannte Beratungsstelle f\u00fcr Schwangerschaftsfragen DONUM VITAE und die Familienst\u00fctzpunkte Marktoberdorf, Buchloe, Oberg\u00fcnzburg und Kaufbeuren informieren in diesem Online-Vortrag \u00fcber die staatlichen Familienleistungen w\u00e4hrend Schwangerschaft, Geburt und f\u00fcr Familien.</p>\r\n<p>Anmeldung unter: <img style=\"width: 15px; height: 15px;\" src=\"https://admin.integreat-app.de/static/svg/email.svg\" alt=\"E-Mail-Adresse\"><a class=\"link-external\" href=\"mailto:kaufbeuren@donum-vitae-bayern.de\">kaufbeuren@donum-vitae-bayern.de</a></p>\r\n<p>\u00a0</p>\r\n</div>", "available_languages": {"hr": {"id": null, "url": "https://admin.integreat-app.de/ostallgaeu/hr/events/antragsdschungel-bei-schwangerschaft-und-geburt-2/", "path": "/ostallgaeu/hr/events/antragsdschungel-bei-schwangerschaft-und-geburt-2/"}, "en": {"id": null, "url": "https://admin.integreat-app.de/ostallgaeu/en/events/antragsdschungel-bei-schwangerschaft-und-geburt-2/", "path": "/ostallgaeu/en/events/antragsdschungel-bei-schwangerschaft-und-geburt-2/"}, "es": {"id": null, "url": "https://admin.integreat-app.de/ostallgaeu/es/events/antragsdschungel-bei-schwangerschaft-und-geburt-2/", "path": "/ostallgaeu/es/events/antragsdschungel-bei-schwangerschaft-und-geburt-2/"}, "fr": {"id": null, "url": "https://admin.integreat-app.de/ostallgaeu/fr/events/antragsdschungel-bei-schwangerschaft-und-geburt-2/", "path": "/ostallgaeu/fr/events/antragsdschungel-bei-schwangerschaft-und-geburt-2/"}, "ar": {"id": null, "url": "https://admin.integreat-app.de/ostallgaeu/ar/events/antragsdschungel-bei-schwangerschaft-und-geburt-2/", "path": "/ostallgaeu/ar/events/antragsdschungel-bei-schwangerschaft-und-geburt-2/"}, "fa": {"id": null, "url": "https://admin.integreat-app.de/ostallgaeu/fa/events/antragsdschungel-bei-schwangerschaft-und-geburt-2/", "path": "/ostallgaeu/fa/events/antragsdschungel-bei-schwangerschaft-und-geburt-2/"}, "ro": {"id": null, "url": "https://admin.integreat-app.de/ostallgaeu/ro/events/antragsdschungel-bei-schwangerschaft-und-geburt-2/", "path": "/ostallgaeu/ro/events/antragsdschungel-bei-schwangerschaft-und-geburt-2/"}, "ru": {"id": null, "url": "https://admin.integreat-app.de/ostallgaeu/ru/events/antragsdschungel-bei-schwangerschaft-und-geburt-2/", "path": "/ostallgaeu/ru/events/antragsdschungel-bei-schwangerschaft-und-geburt-2/"}, "tr": {"id": null, "url": "https://admin.integreat-app.de/ostallgaeu/tr/events/antragsdschungel-bei-schwangerschaft-und-geburt-2/", "path": "/ostallgaeu/tr/events/antragsdschungel-bei-schwangerschaft-und-geburt-2/"}, "uk": {"id": null, "url": "https://admin.integreat-app.de/ostallgaeu/uk/events/antragsdschungel-bei-schwangerschaft-und-geburt-2/", "path": "/ostallgaeu/uk/events/antragsdschungel-bei-schwangerschaft-und-geburt-2/"}, "ti": {"id": null, "url": "https://admin.integreat-app.de/ostallgaeu/ti/events/antragsdschungel-bei-schwangerschaft-und-geburt-2/", "path": "/ostallgaeu/ti/events/antragsdschungel-bei-schwangerschaft-und-geburt-2/"}}, "thumbnail": "https://admin.integreat-app.de/media/regions/181/2019/12/Logo_Familienstuetzpunkt_LK-OAL_05_2018_web-klein.jpg", "location": {"id": null, "name": null, "address": null, "town": null, "state": null, "postcode": null, "region": null, "country": null, "latitude": null, "longitude": null}, "location_path": null, "meeting_url": null, "event": {"id": 19645, "start": "2026-07-22T18:00:00+02:00", "start_date": "2026-07-22", "start_time": "18:00:00", "end": "2026-07-22T19:30:00+02:00", "end_date": "2026-07-22", "end_time": "19:30:00", "all_day": false, "only_weekdays": false, "recurrence_id": null, "timezone": "Europe/Berlin"}, "hash": null, "recurrence_rule": null}, {"id": 307230, "url": "https://admin.integreat-app.de/ostallgaeu/de/events/offene-sprechstunde-der-wohnungslotsin-in-f\u00fcssen-6/", "path": "/ostallgaeu/de/events/offene-sprechstunde-der-wohnungslotsin-in-f\u00fcssen-6/", "title": "Offene Sprechstunde der Wohnungslotsin in F\u00fcssen", "modified_gmt": "2026-03-30T07:07:52.538Z", "last_updated": "2026-03-30T09:07:52.538+02:00", "excerpt": "\r\nDie Sprechstunde rund um das Thema Wohnen f\u00fcr gefl\u00fcchtete und zugewanderte Personen findet am Donnerstag von 14-17 Uhr \u00a0im Franz-Xaver-Seelos-Haus in F\u00fcssen bei Frau Andrea Veres (Wohnungslotsin f\u00fcr Zugewanderte im Ostallg\u00e4u) \u00a0statt.\r\nSie k\u00f6nnen ohne vorherige Terminvereinbarung vorbeikommen, wenn Sie kurze Fragen rund um das Thema Wohnen haben oder kleinere Anliegen schnell kl\u00e4ren m\u00f6chten.Die offene Sprechstunde eignet sich besonders f\u00fcr Themen, die sich in einem kurzen Gespr\u00e4ch besprechen oder unkompliziert erledigen lassen.\r\n\u00a0\r\nF\u00fcr Gefl\u00fcchtete und Zugewanderte: Sie haben eine Anerkennung, leben in einer Asylunterkunft und suchen eine Wohnung?Sie haben Fragen rund ums Wohnen?\r\nF\u00fcr Vermieterinnen und Vermieter: Sie m\u00f6chten an Zugewanderte vermieten oder haben noch Fragen?\r\n", "content": "<div>\r\n<p>Die Sprechstunde rund um das Thema Wohnen f\u00fcr gefl\u00fcchtete und zugewanderte Personen findet am Donnerstag von 14-17 Uhr \u00a0im Franz-Xaver-Seelos-Haus in F\u00fcssen bei <strong>Frau Andrea Veres (Wohnungslotsin f\u00fcr Zugewanderte im Ostallg\u00e4u)</strong> \u00a0statt.</p>\r\n<p>Sie k\u00f6nnen ohne vorherige Terminvereinbarung vorbeikommen, wenn Sie kurze Fragen rund um das Thema Wohnen haben oder kleinere Anliegen schnell kl\u00e4ren m\u00f6chten.<br>Die offene Sprechstunde eignet sich besonders f\u00fcr Themen, die sich in einem kurzen Gespr\u00e4ch besprechen oder unkompliziert erledigen lassen.</p>\r\n<p>\u00a0</p>\r\n<p><strong>F\u00fcr Gefl\u00fcchtete und Zugewanderte: </strong>Sie haben eine Anerkennung, leben in einer Asylunterkunft und suchen eine Wohnung?<br>Sie haben Fragen rund ums Wohnen?</p>\r\n<p><strong>F\u00fcr Vermieterinnen und Vermieter: </strong>Sie m\u00f6chten an Zugewanderte vermieten oder haben noch Fragen?</p>\r\n</div>", "available_languages": {"hr": {"id": 307231, "url": "https://admin.integreat-app.de/ostallgaeu/hr/events/otvoreni-savjetodavni-sati-s-savjetnikom-za-stanovanje-u-f\u00fcssenu-6/", "path": "/ostallgaeu/hr/events/otvoreni-savjetodavni-sati-s-savjetnikom-za-stanovanje-u-f\u00fcssenu-6/"}, "en": {"id": 307232, "url": "https://admin.integreat-app.de/ostallgaeu/en/events/open-consultation-hours-of-the-housing-guide-in-f\u00fcssen-6/", "path": "/ostallgaeu/en/events/open-consultation-hours-of-the-housing-guide-in-f\u00fcssen-6/"}, "es": {"id": 307233, "url": "https://admin.integreat-app.de/ostallgaeu/es/events/horario-de-consulta-abierta-de-la-gu\u00eda-de-la-vivienda-en-f\u00fcssen-6/", "path": "/ostallgaeu/es/events/horario-de-consulta-abierta-de-la-gu\u00eda-de-la-vivienda-en-f\u00fcssen-6/"}, "fr": {"id": 307234, "url": "https://admin.integreat-app.de/ostallgaeu/fr/events/consultation-ouverte-de-la-pilote-de-logement-\u00e0-f\u00fcssen-6/", "path": "/ostallgaeu/fr/events/consultation-ouverte-de-la-pilote-de-logement-\u00e0-f\u00fcssen-6/"}, "ar": {"id": 307235, "url": "https://admin.integreat-app.de/ostallgaeu/ar/events/\u0633\u0627\u0639\u0627\u062a-\u0627\u0644\u0627\u0633\u062a\u0634\u0627\u0631\u0629-\u0627\u0644\u0645\u0641\u062a\u0648\u062d\u0629-\u0644\u062f\u0644\u064a\u0644-\u0627\u0644\u0625\u0633\u0643\u0627\u0646-\u0641\u064a-\u0641\u0648\u0633\u0646-6/", "path": "/ostallgaeu/ar/events/\u0633\u0627\u0639\u0627\u062a-\u0627\u0644\u0627\u0633\u062a\u0634\u0627\u0631\u0629-\u0627\u0644\u0645\u0641\u062a\u0648\u062d\u0629-\u0644\u062f\u0644\u064a\u0644-\u0627\u0644\u0625\u0633\u0643\u0627\u0646-\u0641\u064a-\u0641\u0648\u0633\u0646-6/"}, "fa": {"id": 307236, "url": "https://admin.integreat-app.de/ostallgaeu/fa/events/\u0633\u0627\u0639\u0627\u062a-\u0645\u0634\u0627\u0648\u0631\u0647-\u062d\u0636\u0648\u0631\u06cc-\u0628\u0627-\u0645\u0634\u0627\u0648\u0631-\u0645\u0633\u06a9\u0646-\u062f\u0631-\u0641\u0648\u0633\u0646-6/", "path": "/ostallgaeu/fa/events/\u0633\u0627\u0639\u0627\u062a-\u0645\u0634\u0627\u0648\u0631\u0647-\u062d\u0636\u0648\u0631\u06cc-\u0628\u0627-\u0645\u0634\u0627\u0648\u0631-\u0645\u0633\u06a9\u0646-\u062f\u0631-\u0641\u0648\u0633\u0646-6/"}, "ro": {"id": 307237, "url": "https://admin.integreat-app.de/ostallgaeu/ro/events/orele-de-consultare-deschise-ale-ghidului-de-locuin\u021be-din-f\u00fcssen-6/", "path": "/ostallgaeu/ro/events/orele-de-consultare-deschise-ale-ghidului-de-locuin\u021be-din-f\u00fcssen-6/"}, "ru": {"id": 307238, "url": "https://admin.integreat-app.de/ostallgaeu/ru/events/\u043e\u0442\u043a\u0440\u044b\u0442\u044b\u0435-\u0447\u0430\u0441\u044b-\u043a\u043e\u043d\u0441\u0443\u043b\u044c\u0442\u0430\u0446\u0438\u0439-\u0441-\u0436\u0438\u043b\u0438\u0449\u043d\u044b\u043c-\u0433\u0438\u0434\u043e\u043c-\u0432-\u0444\u044e\u0441\u0441\u0435\u043d\u0435-3/", "path": "/ostallgaeu/ru/events/\u043e\u0442\u043a\u0440\u044b\u0442\u044b\u0435-\u0447\u0430\u0441\u044b-\u043a\u043e\u043d\u0441\u0443\u043b\u044c\u0442\u0430\u0446\u0438\u0439-\u0441-\u0436\u0438\u043b\u0438\u0449\u043d\u044b\u043c-\u0433\u0438\u0434\u043e\u043c-\u0432-\u0444\u044e\u0441\u0441\u0435\u043d\u0435-3/"}, "tr": {"id": 307239, "url": "https://admin.integreat-app.de/ostallgaeu/tr/events/f\u00fcssendeki-konut-rehberinin-a\u00e7\u0131k-dan\u0131\u015fma-saatleri-6/", "path": "/ostallgaeu/tr/events/f\u00fcssendeki-konut-rehberinin-a\u00e7\u0131k-dan\u0131\u015fma-saatleri-6/"}, "uk": {"id": 307240, "url": "https://admin.integreat-app.de/ostallgaeu/uk/events/\u0432\u0456\u0434\u043a\u0440\u0438\u0442\u0456-\u043a\u043e\u043d\u0441\u0443\u043b\u044c\u0442\u0430\u0446\u0456\u0439\u043d\u0456-\u0433\u043e\u0434\u0438\u043d\u0438-\u0436\u0438\u0442\u043b\u043e\u0432\u043e\u0433\u043e-\u0433\u0456\u0434\u0430-\u0443-\u0444\u044e\u0441\u0441\u0435\u043d\u0456-6/", "path": "/ostallgaeu/uk/events/\u0432\u0456\u0434\u043a\u0440\u0438\u0442\u0456-\u043a\u043e\u043d\u0441\u0443\u043b\u044c\u0442\u0430\u0446\u0456\u0439\u043d\u0456-\u0433\u043e\u0434\u0438\u043d\u0438-\u0436\u0438\u0442\u043b\u043e\u0432\u043e\u0433\u043e-\u0433\u0456\u0434\u0430-\u0443-\u0444\u044e\u0441\u0441\u0435\u043d\u0456-6/"}, "ti": {"id": 307241, "url": "https://admin.integreat-app.de/ostallgaeu/ti/events/\u121d\u1235-\u12a3\u121b\u12bb\u122a-\u12a3\u1263\u12ed\u1272-\u12a3\u1265-\u1349\u1230\u1295-\u12ad\u1349\u1275-\u1293\u12ed-\u121d\u121d\u12bd\u12bb\u122d-\u1230\u12d3\u1273\u1275-6/", "path": "/ostallgaeu/ti/events/\u121d\u1235-\u12a3\u121b\u12bb\u122a-\u12a3\u1263\u12ed\u1272-\u12a3\u1265-\u1349\u1230\u1295-\u12ad\u1349\u1275-\u1293\u12ed-\u121d\u121d\u12bd\u12bb\u122d-\u1230\u12d3\u1273\u1275-6/"}}, "thumbnail": "https://admin.integreat-app.de/media/regions/181/2026/02/1770892330_real-estate-6688945_1280.jpg", "location": {"id": 17577, "name": "Franz-Xaver-Seelos-Haus", "address": "Hintere Gasse 7", "town": "F\u00fcssen", "state": null, "postcode": "87629", "region": null, "country": "Deutschland", "latitude": 47.5681619, "longitude": 10.6980712}, "location_path": "/ostallgaeu/de/locations/franz-xaver-seelos-haus/", "meeting_url": null, "event": {"id": 19055, "start": "2026-09-03T14:00:00+02:00", "start_date": "2026-09-03", "start_time": "14:00:00", "end": "2026-09-03T17:00:00+02:00", "end_date": "2026-09-03", "end_time": "17:00:00", "all_day": false, "only_weekdays": false, "recurrence_id": 4047, "timezone": "Europe/Berlin"}, "hash": null, "recurrence_rule": "DTSTART:20260903T120000\nRRULE:FREQ=MONTHLY;BYDAY=+1TH"}, {"id": 307188, "url": "https://admin.integreat-app.de/ostallgaeu/de/events/offene-sprechstunde-der-wohnungslotsin-im-landratsamt-5/", "path": "/ostallgaeu/de/events/offene-sprechstunde-der-wohnungslotsin-im-landratsamt-5/", "title": "Offene Sprechstunde der Wohnungslotsin im Landratsamt", "modified_gmt": "2026-03-30T06:59:51.932Z", "last_updated": "2026-03-30T08:59:51.932+02:00", "excerpt": "\r\nDie Sprechstunde rund um das Thema Wohnen f\u00fcr gefl\u00fcchtete und zugewanderte Personen findet Donnerstag von 14-17 Uhr \u00a0im Landratsamt bei Frau Andrea Veres (Wohnungslotsin f\u00fcr Zugewanderte im Ostallg\u00e4u) in Zimmer Nummer C129 \u00a0statt.\r\nSie k\u00f6nnen ohne vorherige Terminvereinbarung vorbeikommen, wenn Sie kurze Fragen rund um das Thema Wohnen haben oder kleinere Anliegen schnell kl\u00e4ren m\u00f6chten.Die offene Sprechstunde eignet sich besonders f\u00fcr Themen, die sich in einem kurzen Gespr\u00e4ch besprechen oder unkompliziert erledigen lassen.\r\n\u00a0\r\nF\u00fcr Gefl\u00fcchtete und Zugewanderte: Sie haben eine Anerkennung, leben in einer Asylunterkunft und suchen eine Wohnung?Sie haben Fragen rund ums Wohnen?\r\nF\u00fcr Vermieterinnen und Vermieter: Sie m\u00f6chten an Zugewanderte vermieten oder haben noch Fragen?\r\n", "content": "<div>\r\n<p>Die Sprechstunde rund um das Thema Wohnen f\u00fcr gefl\u00fcchtete und zugewanderte Personen findet Donnerstag von 14-17 Uhr \u00a0im Landratsamt bei <strong>Frau Andrea Veres (Wohnungslotsin f\u00fcr Zugewanderte im Ostallg\u00e4u) in Zimmer Nummer C129 </strong>\u00a0statt.</p>\r\n<p>Sie k\u00f6nnen ohne vorherige Terminvereinbarung vorbeikommen, wenn Sie kurze Fragen rund um das Thema Wohnen haben oder kleinere Anliegen schnell kl\u00e4ren m\u00f6chten.<br>Die offene Sprechstunde eignet sich besonders f\u00fcr Themen, die sich in einem kurzen Gespr\u00e4ch besprechen oder unkompliziert erledigen lassen.</p>\r\n<p>\u00a0</p>\r\n<p><strong>F\u00fcr Gefl\u00fcchtete und Zugewanderte:</strong> Sie haben eine Anerkennung, leben in einer Asylunterkunft und suchen eine Wohnung?<br>Sie haben Fragen rund ums Wohnen?</p>\r\n<p><strong>F\u00fcr Vermieterinnen und Vermieter: </strong>Sie m\u00f6chten an Zugewanderte vermieten oder haben noch Fragen?</p>\r\n</div>", "available_languages": {"hr": {"id": 307189, "url": "https://admin.integreat-app.de/ostallgaeu/hr/events/otvoreni-savjetodavni-sati-s-savjetnikom-za-stanovanje-u-okru\u017enom-uredu-5/", "path": "/ostallgaeu/hr/events/otvoreni-savjetodavni-sati-s-savjetnikom-za-stanovanje-u-okru\u017enom-uredu-5/"}, "en": {"id": 307190, "url": "https://admin.integreat-app.de/ostallgaeu/en/events/open-consultation-hours-for-the-housing-guide-at-the-district-office-5/", "path": "/ostallgaeu/en/events/open-consultation-hours-for-the-housing-guide-at-the-district-office-5/"}, "es": {"id": 307191, "url": "https://admin.integreat-app.de/ostallgaeu/es/events/horario-de-consulta-abierto-para-la-gu\u00eda-de-la-vivienda-en-la-oficina-del-distrito-5/", "path": "/ostallgaeu/es/events/horario-de-consulta-abierto-para-la-gu\u00eda-de-la-vivienda-en-la-oficina-del-distrito-5/"}, "fr": {"id": 307192, "url": "https://admin.integreat-app.de/ostallgaeu/fr/events/heures-de-consultation-ouvertes-de-la-pilote-de-logement-au-landratsamt-5/", "path": "/ostallgaeu/fr/events/heures-de-consultation-ouvertes-de-la-pilote-de-logement-au-landratsamt-5/"}, "ar": {"id": 307193, "url": "https://admin.integreat-app.de/ostallgaeu/ar/events/\u0633\u0627\u0639\u0627\u062a-\u0627\u0644\u0627\u0633\u062a\u0634\u0627\u0631\u0629-\u0627\u0644\u0645\u0641\u062a\u0648\u062d\u0629-\u0644\u062f\u0644\u064a\u0644-\u0627\u0644\u0625\u0633\u0643\u0627\u0646-\u0641\u064a-\u0645\u0643\u062a\u0628-\u0627\u0644\u0645\u0642\u0627\u0637\u0639\u0629-5/", "path": "/ostallgaeu/ar/events/\u0633\u0627\u0639\u0627\u062a-\u0627\u0644\u0627\u0633\u062a\u0634\u0627\u0631\u0629-\u0627\u0644\u0645\u0641\u062a\u0648\u062d\u0629-\u0644\u062f\u0644\u064a\u0644-\u0627\u0644\u0625\u0633\u0643\u0627\u0646-\u0641\u064a-\u0645\u0643\u062a\u0628-\u0627\u0644\u0645\u0642\u0627\u0637\u0639\u0629-5/"}, "fa": {"id": 307194, "url": "https://admin.integreat-app.de/ostallgaeu/fa/events/\u0633\u0627\u0639\u0627\u062a-\u0645\u0634\u0627\u0648\u0631\u0647-\u062d\u0636\u0648\u0631\u06cc-\u0628\u0627-\u0645\u0634\u0627\u0648\u0631-\u0645\u0633\u06a9\u0646-\u062f\u0631-\u062f\u0641\u062a\u0631-\u0645\u0646\u0637\u0642\u0647-5/", "path": "/ostallgaeu/fa/events/\u0633\u0627\u0639\u0627\u062a-\u0645\u0634\u0627\u0648\u0631\u0647-\u062d\u0636\u0648\u0631\u06cc-\u0628\u0627-\u0645\u0634\u0627\u0648\u0631-\u0645\u0633\u06a9\u0646-\u062f\u0631-\u062f\u0641\u062a\u0631-\u0645\u0646\u0637\u0642\u0647-5/"}, "ro": {"id": 307195, "url": "https://admin.integreat-app.de/ostallgaeu/ro/events/orele-de-consultare-deschise-pentru-ghidul-privind-locuin\u021bele-la-biroul-districtual-5/", "path": "/ostallgaeu/ro/events/orele-de-consultare-deschise-pentru-ghidul-privind-locuin\u021bele-la-biroul-districtual-5/"}, "ru": {"id": 307196, "url": "https://admin.integreat-app.de/ostallgaeu/ru/events/\u0447\u0430\u0441\u044b-\u043e\u0442\u043a\u0440\u044b\u0442\u044b\u0445-\u043a\u043e\u043d\u0441\u0443\u043b\u044c\u0442\u0430\u0446\u0438\u0439-\u043f\u043e-\u0436\u0438\u043b\u0438\u0449\u043d\u043e\u043c\u0443-\u0441\u043f\u0440\u0430\u0432\u043e\u0447\u043d\u0438\u043a\u0443-\u0432-\u0440\u0430\u0439\u043e\u043d\u043d\u043e\u043c-\u043e\u0444\u0438\u0441\u0435-5/", "path": "/ostallgaeu/ru/events/\u0447\u0430\u0441\u044b-\u043e\u0442\u043a\u0440\u044b\u0442\u044b\u0445-\u043a\u043e\u043d\u0441\u0443\u043b\u044c\u0442\u0430\u0446\u0438\u0439-\u043f\u043e-\u0436\u0438\u043b\u0438\u0449\u043d\u043e\u043c\u0443-\u0441\u043f\u0440\u0430\u0432\u043e\u0447\u043d\u0438\u043a\u0443-\u0432-\u0440\u0430\u0439\u043e\u043d\u043d\u043e\u043c-\u043e\u0444\u0438\u0441\u0435-5/"}, "tr": {"id": 307197, "url": "https://admin.integreat-app.de/ostallgaeu/tr/events/b\u00f6lge-ofisinde-konut-rehberi-i\u00e7in-a\u00e7\u0131k-dan\u0131\u015fma-saatleri-5/", "path": "/ostallgaeu/tr/events/b\u00f6lge-ofisinde-konut-rehberi-i\u00e7in-a\u00e7\u0131k-dan\u0131\u015fma-saatleri-5/"}, "uk": {"id": 307198, "url": "https://admin.integreat-app.de/ostallgaeu/uk/events/\u0432\u0456\u0434\u043a\u0440\u0438\u0442\u0456-\u043a\u043e\u043d\u0441\u0443\u043b\u044c\u0442\u0430\u0446\u0456\u0439\u043d\u0456-\u0433\u043e\u0434\u0438\u043d\u0438-\u0434\u043b\u044f-\u0436\u0438\u0442\u043b\u043e\u0432\u043e\u0433\u043e-\u0433\u0456\u0434\u0430-\u0432-\u0440\u0430\u0439\u043e\u043d\u043d\u043e\u043c\u0443-\u0443\u043f\u0440\u0430\u0432\u043b\u0456\u043d\u043d\u0456-5/", "path": "/ostallgaeu/uk/events/\u0432\u0456\u0434\u043a\u0440\u0438\u0442\u0456-\u043a\u043e\u043d\u0441\u0443\u043b\u044c\u0442\u0430\u0446\u0456\u0439\u043d\u0456-\u0433\u043e\u0434\u0438\u043d\u0438-\u0434\u043b\u044f-\u0436\u0438\u0442\u043b\u043e\u0432\u043e\u0433\u043e-\u0433\u0456\u0434\u0430-\u0432-\u0440\u0430\u0439\u043e\u043d\u043d\u043e\u043c\u0443-\u0443\u043f\u0440\u0430\u0432\u043b\u0456\u043d\u043d\u0456-5/"}, "ti": {"id": 307199, "url": "https://admin.integreat-app.de/ostallgaeu/ti/events/\u12ad\u1349\u1275-\u1293\u12ed-\u121d\u121d\u12bd\u12bb\u122d-\u1230\u12d3\u1273\u1275-\u121d\u1235-\u12a3\u121b\u12bb\u122a-\u12a3\u1263\u12ed\u1272-\u12a3\u1265-\u1264\u1275-\u1345\u1215\u1348\u1275-\u12c8\u1228\u12f3-5/", "path": "/ostallgaeu/ti/events/\u12ad\u1349\u1275-\u1293\u12ed-\u121d\u121d\u12bd\u12bb\u122d-\u1230\u12d3\u1273\u1275-\u121d\u1235-\u12a3\u121b\u12bb\u122a-\u12a3\u1263\u12ed\u1272-\u12a3\u1265-\u1264\u1275-\u1345\u1215\u1348\u1275-\u12c8\u1228\u12f3-5/"}}, "thumbnail": "https://admin.integreat-app.de/media/regions/181/2026/02/1770892330_real-estate-6688945_1280.jpg", "location": {"id": 143, "name": "Landratsamt Ostallg\u00e4u", "address": "Schwabenstr. 11", "town": "Marktoberdorf", "state": null, "postcode": "87616", "region": null, "country": "Deutschland", "latitude": 47.7822637, "longitude": 10.6161969}, "location_path": "/ostallgaeu/de/locations/landratsamt-ostallgaeu-2/", "meeting_url": null, "event": {"id": 19052, "start": "2026-09-03T14:00:00+02:00", "start_date": "2026-09-03", "start_time": "14:00:00", "end": "2026-09-03T17:00:00+02:00", "end_date": "2026-09-03", "end_time": "17:00:00", "all_day": false, "only_weekdays": false, "recurrence_id": 4044, "timezone": "Europe/Berlin"}, "hash": null, "recurrence_rule": "DTSTART:20260903T120000\nRRULE:FREQ=MONTHLY;BYDAY=+2TH"}, {"id": 326451, "url": "https://admin.integreat-app.de/ostallgaeu/de/events/online-veranstaltung-deutschvermittlung-und-l\u00e4nderkunde/", "path": "/ostallgaeu/de/events/online-veranstaltung-deutschvermittlung-und-l\u00e4nderkunde/", "title": "Online-Veranstaltung: Deutschvermittlung und L\u00e4nderkunde", "modified_gmt": "2026-04-27T08:50:56.424Z", "last_updated": "2026-04-27T10:50:56.424+02:00", "excerpt": "lagfa bayern veranstaltet eine Online-Veranstaltung zum Thema \"Deutschvermittlung und L\u00e4nderkunde\"\r\nIn dieser Fortbildung erhalten Sie praxisnahe Impulse, um Ihre ehrenamtliche Arbeit in der Sprachf\u00f6rderung optimal zu gestalten. Wir bieten Ihnen vertiefte Einblicke in zwei zentrale Themenbereiche, die speziell auf die Herausforderungen und Bed\u00fcrfnisse Ihrer T\u00e4tigkeit abgestimmt sind:\r\n\r\nKulturelle Hintergr\u00fcnde verstehen und interkulturell handelnUrsula Erb\r\nEhrenamtlich Deutsch vermitteln mit dem Ersthelfer-Leitfaden (voraussichtlich)Mirjana Simic\r\n\r\nDiese Veranstaltung ist f\u00fcr Sie kostenfrei und ein Teil des\u00a0 Qualifizierungsprogramms \u201cKompetente Sprachbegleitung von Gefl\u00fcchteten\u201c. Selbstverst\u00e4ndlich ist eine Teilnahme auch unabh\u00e4ngig des Qualifizierungsprogramms jederzeit m\u00f6glich.\r\n\u00a0Vorl\u00e4ufige AgendaMittwoch, 16. September 202617:30 Uhr \u2013 20:30 Uhr\u201cKulturelle Hintergr\u00fcnde verstehen und interkulturell handeln\u201d(Referentin: Ursula Erb)\r\nDonnerstag, 17. September 202617:30 Uhr \u2013 20:30 Uhr\u201cEhrenamtlich Deutsch vermitteln mit dem Ersthelfer-Leitfaden\u201d (voraussichtlich)(Referentin: Mirjana Simic)\r\n\u00a0\r\nAnmeldung: hier", "content": "<div><p>lagfa bayern veranstaltet eine Online-Veranstaltung zum Thema \"Deutschvermittlung und L\u00e4nderkunde\"</p>\r\n<p>In dieser Fortbildung erhalten Sie praxisnahe Impulse, um Ihre ehrenamtliche Arbeit in der Sprachf\u00f6rderung optimal zu gestalten. Wir bieten Ihnen vertiefte Einblicke in zwei zentrale Themenbereiche, die speziell auf die Herausforderungen und Bed\u00fcrfnisse Ihrer T\u00e4tigkeit abgestimmt sind:</p>\r\n<ul>\r\n<li>Kulturelle Hintergr\u00fcnde verstehen und interkulturell handeln<br>Ursula Erb</li>\r\n<li>Ehrenamtlich Deutsch vermitteln mit dem Ersthelfer-Leitfaden (voraussichtlich)<br>Mirjana Simic</li>\r\n</ul>\r\n<p>Diese Veranstaltung ist f\u00fcr Sie kostenfrei und ein Teil des\u00a0 Qualifizierungsprogramms \u201cKompetente Sprachbegleitung von Gefl\u00fcchteten\u201c. Selbstverst\u00e4ndlich ist eine Teilnahme auch unabh\u00e4ngig des Qualifizierungsprogramms jederzeit m\u00f6glich.</p>\r\n<p>\u00a0<br><strong>Vorl\u00e4ufige Agenda</strong><br>Mittwoch, 16. September 2026<br>17:30 Uhr \u2013 20:30 Uhr<br>\u201cKulturelle Hintergr\u00fcnde verstehen und interkulturell handeln\u201d<br>(Referentin: Ursula Erb)</p>\r\n<p>Donnerstag, 17. September 2026<br>17:30 Uhr \u2013 20:30 Uhr<br>\u201cEhrenamtlich Deutsch vermitteln mit dem Ersthelfer-Leitfaden\u201d (voraussichtlich)<br>(Referentin: Mirjana Simic)</p>\r\n<p>\u00a0</p>\r\n<p>Anmeldung: <a href=\"https://lagfa-bayern.de/veranstaltungen/fortbildung-ehrenamtlich-in-der-gefluechtetenhilfe-deutsch-und-laenderkunde/\" class=\"link-external\">hier</a></p></div>", "available_languages": {"hr": {"id": null, "url": "https://admin.integreat-app.de/ostallgaeu/hr/events/online-veranstaltung-deutschvermittlung-und-l\u00e4nderkunde/", "path": "/ostallgaeu/hr/events/online-veranstaltung-deutschvermittlung-und-l\u00e4nderkunde/"}, "en": {"id": null, "url": "https://admin.integreat-app.de/ostallgaeu/en/events/online-veranstaltung-deutschvermittlung-und-l\u00e4nderkunde/", "path": "/ostallgaeu/en/events/online-veranstaltung-deutschvermittlung-und-l\u00e4nderkunde/"}, "es": {"id": null, "url": "https://admin.integreat-app.de/ostallgaeu/es/events/online-veranstaltung-deutschvermittlung-und-l\u00e4nderkunde/", "path": "/ostallgaeu/es/events/online-veranstaltung-deutschvermittlung-und-l\u00e4nderkunde/"}, "fr": {"id": null, "url": "https://admin.integreat-app.de/ostallgaeu/fr/events/online-veranstaltung-deutschvermittlung-und-l\u00e4nderkunde/", "path": "/ostallgaeu/fr/events/online-veranstaltung-deutschvermittlung-und-l\u00e4nderkunde/"}, "ar": {"id": null, "url": "https://admin.integreat-app.de/ostallgaeu/ar/events/online-veranstaltung-deutschvermittlung-und-l\u00e4nderkunde/", "path": "/ostallgaeu/ar/events/online-veranstaltung-deutschvermittlung-und-l\u00e4nderkunde/"}, "fa": {"id": null, "url": "https://admin.integreat-app.de/ostallgaeu/fa/events/online-veranstaltung-deutschvermittlung-und-l\u00e4nderkunde/", "path": "/ostallgaeu/fa/events/online-veranstaltung-deutschvermittlung-und-l\u00e4nderkunde/"}, "ro": {"id": null, "url": "https://admin.integreat-app.de/ostallgaeu/ro/events/online-veranstaltung-deutschvermittlung-und-l\u00e4nderkunde/", "path": "/ostallgaeu/ro/events/online-veranstaltung-deutschvermittlung-und-l\u00e4nderkunde/"}, "ru": {"id": null, "url": "https://admin.integreat-app.de/ostallgaeu/ru/events/online-veranstaltung-deutschvermittlung-und-l\u00e4nderkunde/", "path": "/ostallgaeu/ru/events/online-veranstaltung-deutschvermittlung-und-l\u00e4nderkunde/"}, "tr": {"id": null, "url": "https://admin.integreat-app.de/ostallgaeu/tr/events/online-veranstaltung-deutschvermittlung-und-l\u00e4nderkunde/", "path": "/ostallgaeu/tr/events/online-veranstaltung-deutschvermittlung-und-l\u00e4nderkunde/"}, "uk": {"id": null, "url": "https://admin.integreat-app.de/ostallgaeu/uk/events/online-veranstaltung-deutschvermittlung-und-l\u00e4nderkunde/", "path": "/ostallgaeu/uk/events/online-veranstaltung-deutschvermittlung-und-l\u00e4nderkunde/"}, "ti": {"id": null, "url": "https://admin.integreat-app.de/ostallgaeu/ti/events/online-veranstaltung-deutschvermittlung-und-l\u00e4nderkunde/", "path": "/ostallgaeu/ti/events/online-veranstaltung-deutschvermittlung-und-l\u00e4nderkunde/"}}, "thumbnail": "https://admin.integreat-app.de/media/regions/181/2017/11/internet17.png", "location": {"id": null, "name": null, "address": null, "town": null, "state": null, "postcode": null, "region": null, "country": null, "latitude": null, "longitude": null}, "location_path": null, "meeting_url": null, "event": {"id": 19824, "start": "2026-09-16T17:30:00+02:00", "start_date": "2026-09-16", "start_time": "17:30:00", "end": "2026-09-17T20:30:00+02:00", "end_date": "2026-09-17", "end_time": "20:30:00", "all_day": false, "only_weekdays": false, "recurrence_id": null, "timezone": "Europe/Berlin"}, "hash": null, "recurrence_rule": null}, {"id": 319864, "url": "https://admin.integreat-app.de/ostallgaeu/de/events/antragsdschungel-bei-schwangerschaft-und-geburt-3/", "path": "/ostallgaeu/de/events/antragsdschungel-bei-schwangerschaft-und-geburt-3/", "title": "Antragsdschungel bei Schwangerschaft und Geburt", "modified_gmt": "2026-04-17T07:44:06.434Z", "last_updated": "2026-04-17T09:44:06.434+02:00", "excerpt": "\r\nDie staatlich anerkannte Beratungsstelle f\u00fcr Schwangerschaftsfragen DONUM VITAE und die Familienst\u00fctzpunkte Marktoberdorf, Buchloe, Oberg\u00fcnzburg und Kaufbeuren informieren in diesem Online-Vortrag \u00fcber die staatlichen Familienleistungen w\u00e4hrend Schwangerschaft, Geburt und f\u00fcr Familien.\r\nAnmeldung unter: kaufbeuren@donum-vitae-bayern.de\r\n\u00a0\r\n", "content": "<div>\r\n<p>Die staatlich anerkannte Beratungsstelle f\u00fcr Schwangerschaftsfragen DONUM VITAE und die Familienst\u00fctzpunkte Marktoberdorf, Buchloe, Oberg\u00fcnzburg und Kaufbeuren informieren in diesem Online-Vortrag \u00fcber die staatlichen Familienleistungen w\u00e4hrend Schwangerschaft, Geburt und f\u00fcr Familien.</p>\r\n<p>Anmeldung unter: <img style=\"width: 15px; height: 15px;\" src=\"https://admin.integreat-app.de/static/svg/email.svg\" alt=\"E-Mail-Adresse\"><a class=\"link-external\" href=\"mailto:kaufbeuren@donum-vitae-bayern.de\">kaufbeuren@donum-vitae-bayern.de</a></p>\r\n<p>\u00a0</p>\r\n</div>", "available_languages": {"hr": {"id": null, "url": "https://admin.integreat-app.de/ostallgaeu/hr/events/antragsdschungel-bei-schwangerschaft-und-geburt-3/", "path": "/ostallgaeu/hr/events/antragsdschungel-bei-schwangerschaft-und-geburt-3/"}, "en": {"id": null, "url": "https://admin.integreat-app.de/ostallgaeu/en/events/antragsdschungel-bei-schwangerschaft-und-geburt-3/", "path": "/ostallgaeu/en/events/antragsdschungel-bei-schwangerschaft-und-geburt-3/"}, "es": {"id": null, "url": "https://admin.integreat-app.de/ostallgaeu/es/events/antragsdschungel-bei-schwangerschaft-und-geburt-3/", "path": "/ostallgaeu/es/events/antragsdschungel-bei-schwangerschaft-und-geburt-3/"}, "fr": {"id": null, "url": "https://admin.integreat-app.de/ostallgaeu/fr/events/antragsdschungel-bei-schwangerschaft-und-geburt-3/", "path": "/ostallgaeu/fr/events/antragsdschungel-bei-schwangerschaft-und-geburt-3/"}, "ar": {"id": null, "url": "https://admin.integreat-app.de/ostallgaeu/ar/events/antragsdschungel-bei-schwangerschaft-und-geburt-3/", "path": "/ostallgaeu/ar/events/antragsdschungel-bei-schwangerschaft-und-geburt-3/"}, "fa": {"id": null, "url": "https://admin.integreat-app.de/ostallgaeu/fa/events/antragsdschungel-bei-schwangerschaft-und-geburt-3/", "path": "/ostallgaeu/fa/events/antragsdschungel-bei-schwangerschaft-und-geburt-3/"}, "ro": {"id": null, "url": "https://admin.integreat-app.de/ostallgaeu/ro/events/antragsdschungel-bei-schwangerschaft-und-geburt-3/", "path": "/ostallgaeu/ro/events/antragsdschungel-bei-schwangerschaft-und-geburt-3/"}, "ru": {"id": null, "url": "https://admin.integreat-app.de/ostallgaeu/ru/events/antragsdschungel-bei-schwangerschaft-und-geburt-3/", "path": "/ostallgaeu/ru/events/antragsdschungel-bei-schwangerschaft-und-geburt-3/"}, "tr": {"id": null, "url": "https://admin.integreat-app.de/ostallgaeu/tr/events/antragsdschungel-bei-schwangerschaft-und-geburt-3/", "path": "/ostallgaeu/tr/events/antragsdschungel-bei-schwangerschaft-und-geburt-3/"}, "uk": {"id": null, "url": "https://admin.integreat-app.de/ostallgaeu/uk/events/antragsdschungel-bei-schwangerschaft-und-geburt-3/", "path": "/ostallgaeu/uk/events/antragsdschungel-bei-schwangerschaft-und-geburt-3/"}, "ti": {"id": null, "url": "https://admin.integreat-app.de/ostallgaeu/ti/events/antragsdschungel-bei-schwangerschaft-und-geburt-3/", "path": "/ostallgaeu/ti/events/antragsdschungel-bei-schwangerschaft-und-geburt-3/"}}, "thumbnail": "https://admin.integreat-app.de/media/regions/181/2019/12/Logo_Familienstuetzpunkt_LK-OAL_05_2018_web-klein.jpg", "location": {"id": null, "name": null, "address": null, "town": null, "state": null, "postcode": null, "region": null, "country": null, "latitude": null, "longitude": null}, "location_path": null, "meeting_url": null, "event": {"id": 19646, "start": "2026-09-30T18:00:00+02:00", "start_date": "2026-09-30", "start_time": "18:00:00", "end": "2026-09-30T19:30:00+02:00", "end_date": "2026-09-30", "end_time": "19:30:00", "all_day": false, "only_weekdays": false, "recurrence_id": null, "timezone": "Europe/Berlin"}, "hash": null, "recurrence_rule": null}, {"id": 326452, "url": "https://admin.integreat-app.de/ostallgaeu/de/events/online-seminar-miteinander-deutsch-f\u00fcr-alltag-und-beruf/", "path": "/ostallgaeu/de/events/online-seminar-miteinander-deutsch-f\u00fcr-alltag-und-beruf/", "title": "Online-Seminar: Miteinander-Deutsch f\u00fcr Alltag und Beruf", "modified_gmt": "2026-04-27T08:53:12.440Z", "last_updated": "2026-04-27T10:53:12.440+02:00", "excerpt": "lagfa bayern l\u00e4dt zu einem Webinar ein:\r\nIm Webinar erhalten Sie eine anschauliche Einf\u00fchrung in Aufbau, Inhalte und Progression des Lehrwerks, das perfekt f\u00fcr Integrationskurse geeignet ist, aber auch allen anderen Lernenden eine optimale Basis in der Grundstufe bietet. Wir schauen uns gemeinsam das Protagonist*innen-Konzept an: Es begleitet die Lernenden von Beginn an, l\u00e4sst sie miteinander authentische Situationen in Alltag, Beruf und Freizeit durchleben, die viele Lebensbereiche abdecken und somit ein hohes Identifikationspotential schaffen, was ein wichtiger Motivationsfaktor beim Lernen ist.Gemeinsam tauchen wir \u2013 auch mithilfe der interaktiven Version \u2013 in eine Beispiellektion ein und lernen alle Extras, wie z.B. informative Erkl\u00e4r-Clips zu Grammatik, Konversation und Phonetik kennen. Die \u00dcbungen geben sowohl die M\u00f6glichkeit zu zeitgem\u00e4\u00dfem kooperativem Lernen als auch zu individuellen Aktivit\u00e4ten \u2013 das alles ohne gro\u00dfen Vorbereitungsaufwand, sodass der Unterricht f\u00fcr alle Beteiligten lebendig und abwechslungsreich wird.\r\nLukas Mayrhofer: seit 1999 Trainer und Lektor f\u00fcr DaF/DaZ (z.Z. Lehrauftrag an der Fachhochschule des BFI Wien). Selbstst\u00e4ndig t\u00e4tig als Lehrendenfortbildner im In- und Ausland: Referent und Autor f\u00fcr den Hueber-Verlag; Workshops und Vortr\u00e4ge f\u00fcr verschiedene Institutionen (\u00d6AD, GI, DAG L\u00fcbeck \u2026); Zusatzausbildung als Gastrosoph und P\u00e2tissier.\r\nDiese Veranstaltung ist f\u00fcr Sie kostenfrei und ein Teil unseres Qualifizierungsprogramms \u201cKompetente Sprachbegleitung von Gefl\u00fcchteten\u201d. Selbstverst\u00e4ndlich ist eine Teilnahme auch unabh\u00e4ngig des Qualifizierungsprogramms jederzeit m\u00f6glich.\r\nAnmeldung: hier.", "content": "<div><p>lagfa bayern l\u00e4dt zu einem Webinar ein:</p>\r\n<p>Im Webinar erhalten Sie eine anschauliche Einf\u00fchrung in Aufbau, Inhalte und Progression des Lehrwerks, das perfekt f\u00fcr Integrationskurse geeignet ist, aber auch allen anderen Lernenden eine optimale Basis in der Grundstufe bietet. Wir schauen uns gemeinsam das Protagonist*innen-Konzept an: Es begleitet die Lernenden von Beginn an, l\u00e4sst sie miteinander authentische Situationen in Alltag, Beruf und Freizeit durchleben, die viele Lebensbereiche abdecken und somit ein hohes Identifikationspotential schaffen, was ein wichtiger Motivationsfaktor beim Lernen ist.<br>Gemeinsam tauchen wir \u2013 auch mithilfe der interaktiven Version \u2013 in eine Beispiellektion ein und lernen alle Extras, wie z.B. informative Erkl\u00e4r-Clips zu Grammatik, Konversation und Phonetik kennen. Die \u00dcbungen geben sowohl die M\u00f6glichkeit zu zeitgem\u00e4\u00dfem kooperativem Lernen als auch zu individuellen Aktivit\u00e4ten \u2013 das alles ohne gro\u00dfen Vorbereitungsaufwand, sodass der Unterricht f\u00fcr alle Beteiligten lebendig und abwechslungsreich wird.</p>\r\n<p>Lukas Mayrhofer: seit 1999 Trainer und Lektor f\u00fcr DaF/DaZ (z.Z. Lehrauftrag an der Fachhochschule des BFI Wien). Selbstst\u00e4ndig t\u00e4tig als Lehrendenfortbildner im In- und Ausland: Referent und Autor f\u00fcr den Hueber-Verlag; Workshops und Vortr\u00e4ge f\u00fcr verschiedene Institutionen (\u00d6AD, GI, DAG L\u00fcbeck \u2026); Zusatzausbildung als Gastrosoph und P\u00e2tissier.</p>\r\n<p>Diese Veranstaltung ist f\u00fcr Sie kostenfrei und ein Teil unseres Qualifizierungsprogramms \u201cKompetente Sprachbegleitung von Gefl\u00fcchteten\u201d. Selbstverst\u00e4ndlich ist eine Teilnahme auch unabh\u00e4ngig des Qualifizierungsprogramms jederzeit m\u00f6glich.</p>\r\n<p>Anmeldung: <a href=\"https://lagfa-bayern.de/veranstaltungen/online-seminar-lehrwerke-in-der-ehrenamtlichen-deutschvermittlung-i-miteinander-deutsch-fuer-alltag-und-beruf/\" class=\"link-external\">hier.</a></p></div>", "available_languages": {"hr": {"id": null, "url": "https://admin.integreat-app.de/ostallgaeu/hr/events/online-seminar-miteinander-deutsch-f\u00fcr-alltag-und-beruf/", "path": "/ostallgaeu/hr/events/online-seminar-miteinander-deutsch-f\u00fcr-alltag-und-beruf/"}, "en": {"id": null, "url": "https://admin.integreat-app.de/ostallgaeu/en/events/online-seminar-miteinander-deutsch-f\u00fcr-alltag-und-beruf/", "path": "/ostallgaeu/en/events/online-seminar-miteinander-deutsch-f\u00fcr-alltag-und-beruf/"}, "es": {"id": null, "url": "https://admin.integreat-app.de/ostallgaeu/es/events/online-seminar-miteinander-deutsch-f\u00fcr-alltag-und-beruf/", "path": "/ostallgaeu/es/events/online-seminar-miteinander-deutsch-f\u00fcr-alltag-und-beruf/"}, "fr": {"id": null, "url": "https://admin.integreat-app.de/ostallgaeu/fr/events/online-seminar-miteinander-deutsch-f\u00fcr-alltag-und-beruf/", "path": "/ostallgaeu/fr/events/online-seminar-miteinander-deutsch-f\u00fcr-alltag-und-beruf/"}, "ar": {"id": null, "url": "https://admin.integreat-app.de/ostallgaeu/ar/events/online-seminar-miteinander-deutsch-f\u00fcr-alltag-und-beruf/", "path": "/ostallgaeu/ar/events/online-seminar-miteinander-deutsch-f\u00fcr-alltag-und-beruf/"}, "fa": {"id": null, "url": "https://admin.integreat-app.de/ostallgaeu/fa/events/online-seminar-miteinander-deutsch-f\u00fcr-alltag-und-beruf/", "path": "/ostallgaeu/fa/events/online-seminar-miteinander-deutsch-f\u00fcr-alltag-und-beruf/"}, "ro": {"id": null, "url": "https://admin.integreat-app.de/ostallgaeu/ro/events/online-seminar-miteinander-deutsch-f\u00fcr-alltag-und-beruf/", "path": "/ostallgaeu/ro/events/online-seminar-miteinander-deutsch-f\u00fcr-alltag-und-beruf/"}, "ru": {"id": null, "url": "https://admin.integreat-app.de/ostallgaeu/ru/events/online-seminar-miteinander-deutsch-f\u00fcr-alltag-und-beruf/", "path": "/ostallgaeu/ru/events/online-seminar-miteinander-deutsch-f\u00fcr-alltag-und-beruf/"}, "tr": {"id": null, "url": "https://admin.integreat-app.de/ostallgaeu/tr/events/online-seminar-miteinander-deutsch-f\u00fcr-alltag-und-beruf/", "path": "/ostallgaeu/tr/events/online-seminar-miteinander-deutsch-f\u00fcr-alltag-und-beruf/"}, "uk": {"id": null, "url": "https://admin.integreat-app.de/ostallgaeu/uk/events/online-seminar-miteinander-deutsch-f\u00fcr-alltag-und-beruf/", "path": "/ostallgaeu/uk/events/online-seminar-miteinander-deutsch-f\u00fcr-alltag-und-beruf/"}, "ti": {"id": null, "url": "https://admin.integreat-app.de/ostallgaeu/ti/events/online-seminar-miteinander-deutsch-f\u00fcr-alltag-und-beruf/", "path": "/ostallgaeu/ti/events/online-seminar-miteinander-deutsch-f\u00fcr-alltag-und-beruf/"}}, "thumbnail": "https://admin.integreat-app.de/media/regions/181/2017/11/internet17.png", "location": {"id": null, "name": null, "address": null, "town": null, "state": null, "postcode": null, "region": null, "country": null, "latitude": null, "longitude": null}, "location_path": null, "meeting_url": null, "event": {"id": 19825, "start": "2026-10-19T17:30:00+02:00", "start_date": "2026-10-19", "start_time": "17:30:00", "end": "2026-10-19T19:00:00+02:00", "end_date": "2026-10-19", "end_time": "19:00:00", "all_day": false, "only_weekdays": false, "recurrence_id": null, "timezone": "Europe/Berlin"}, "hash": null, "recurrence_rule": null}, {"id": 280080, "url": "https://admin.integreat-app.de/ostallgaeu/de/events/fortbildung-f\u00fcr-fachkr\u00e4fte-arbeit-mit-eltern-mit-migrationserfahrungfluchtgeschichte/", "path": "/ostallgaeu/de/events/fortbildung-f\u00fcr-fachkr\u00e4fte-arbeit-mit-eltern-mit-migrationserfahrungfluchtgeschichte/", "title": "Fortbildung f\u00fcr Fachkr\u00e4fte: Arbeit mit Eltern mit Migrationserfahrung&Fluchtgeschichte", "modified_gmt": "2026-02-13T09:45:38.989Z", "last_updated": "2026-02-13T10:45:38.989+01:00", "excerpt": "KoKi Netzwerk fr\u00fche Kindheit l\u00e4dt Fachkr\u00e4fte aus den Fr\u00fchen Hilfen und dem Kinder-und Jugendhilfebereich zu einer Fortbildung ein.\r\nIn der Fortbildung wird der Frage nachgegangen, wie Berater*innen die individuellen Hintergr\u00fcnde rund um Migration und Flucht erfassen und ber\u00fccksichtigen k\u00f6nnen, um Vertrauen aufzubauen und die Beratung wirksam zu gestalten. Die Inhalte werden praxisnah anhand von Beispielen aus der Arbeit mit Familien im Kontext der Fr\u00fchen Hilfen und der Kinder- und Jugendhilfe erarbeitet. Es gibt Raum f\u00fcr Austausch, Reflexion der eigenen Haltung und konkrete \u00dcbertragung in den Berufsalltag.\r\nLeitung: Melisa Budimlic (M.A., Fachbereichsleitung der Fortbildungsakademie - Refugio M\u00fcnchen transfer, Supervision und konzeptionelle Arbeit im Projekt Muttersprachliche Elterntrainings \u2013 Eltern Aktiv bei Refugio M\u00fcnchen)\r\nAnmeldung unter\u00a0\r\n+49\u00a0(0) 8342911911\r\nkoki@lra-oal.bayern.de\r\n\u00a0", "content": "<div><p>KoKi Netzwerk fr\u00fche Kindheit l\u00e4dt Fachkr\u00e4fte aus den Fr\u00fchen Hilfen und dem Kinder-und Jugendhilfebereich zu einer Fortbildung ein.</p>\r\n<p>In der Fortbildung wird der Frage nachgegangen, wie Berater*innen die individuellen Hintergr\u00fcnde rund um Migration und Flucht erfassen und ber\u00fccksichtigen k\u00f6nnen, um Vertrauen aufzubauen und die Beratung wirksam zu gestalten. Die Inhalte werden praxisnah anhand von Beispielen aus der Arbeit mit Familien im Kontext der Fr\u00fchen Hilfen und der Kinder- und Jugendhilfe erarbeitet. Es gibt Raum f\u00fcr Austausch, Reflexion der eigenen Haltung und konkrete \u00dcbertragung in den Berufsalltag.</p>\r\n<p>Leitung: Melisa Budimlic (M.A., Fachbereichsleitung der Fortbildungsakademie - Refugio M\u00fcnchen transfer, Supervision und konzeptionelle Arbeit im Projekt Muttersprachliche Elterntrainings \u2013 Eltern Aktiv bei Refugio M\u00fcnchen)</p>\r\n<p>Anmeldung unter\u00a0</p>\r\n<p><img style=\"width: 15px; height: 15px;\" src=\"https://admin.integreat-app.de/static/svg/call.svg\" alt=\"Telefonnummer\"><a href=\"tel:+498342911911\" class=\"link-external\"><span class=\"notranslate\" dir=\"ltr\" translate=\"no\">+49\u00a0(0) 8342911911</span></a></p>\r\n<p><img style=\"width: 15px; height: 15px;\" src=\"https://admin.integreat-app.de/static/svg/email.svg\" alt=\"E-Mail-Adresse\"><a href=\"mailto:koki@lra-oal.bayern.de\" class=\"link-external\">koki@lra-oal.bayern.de</a></p>\r\n<p>\u00a0</p></div>", "available_languages": {"hr": {"id": null, "url": "https://admin.integreat-app.de/ostallgaeu/hr/events/fortbildung-f\u00fcr-fachkr\u00e4fte-arbeit-mit-eltern-mit-migrationserfahrungfluchtgeschichte/", "path": "/ostallgaeu/hr/events/fortbildung-f\u00fcr-fachkr\u00e4fte-arbeit-mit-eltern-mit-migrationserfahrungfluchtgeschichte/"}, "en": {"id": null, "url": "https://admin.integreat-app.de/ostallgaeu/en/events/fortbildung-f\u00fcr-fachkr\u00e4fte-arbeit-mit-eltern-mit-migrationserfahrungfluchtgeschichte/", "path": "/ostallgaeu/en/events/fortbildung-f\u00fcr-fachkr\u00e4fte-arbeit-mit-eltern-mit-migrationserfahrungfluchtgeschichte/"}, "es": {"id": null, "url": "https://admin.integreat-app.de/ostallgaeu/es/events/fortbildung-f\u00fcr-fachkr\u00e4fte-arbeit-mit-eltern-mit-migrationserfahrungfluchtgeschichte/", "path": "/ostallgaeu/es/events/fortbildung-f\u00fcr-fachkr\u00e4fte-arbeit-mit-eltern-mit-migrationserfahrungfluchtgeschichte/"}, "fr": {"id": null, "url": "https://admin.integreat-app.de/ostallgaeu/fr/events/fortbildung-f\u00fcr-fachkr\u00e4fte-arbeit-mit-eltern-mit-migrationserfahrungfluchtgeschichte/", "path": "/ostallgaeu/fr/events/fortbildung-f\u00fcr-fachkr\u00e4fte-arbeit-mit-eltern-mit-migrationserfahrungfluchtgeschichte/"}, "ar": {"id": null, "url": "https://admin.integreat-app.de/ostallgaeu/ar/events/fortbildung-f\u00fcr-fachkr\u00e4fte-arbeit-mit-eltern-mit-migrationserfahrungfluchtgeschichte/", "path": "/ostallgaeu/ar/events/fortbildung-f\u00fcr-fachkr\u00e4fte-arbeit-mit-eltern-mit-migrationserfahrungfluchtgeschichte/"}, "fa": {"id": null, "url": "https://admin.integreat-app.de/ostallgaeu/fa/events/fortbildung-f\u00fcr-fachkr\u00e4fte-arbeit-mit-eltern-mit-migrationserfahrungfluchtgeschichte/", "path": "/ostallgaeu/fa/events/fortbildung-f\u00fcr-fachkr\u00e4fte-arbeit-mit-eltern-mit-migrationserfahrungfluchtgeschichte/"}, "ro": {"id": null, "url": "https://admin.integreat-app.de/ostallgaeu/ro/events/fortbildung-f\u00fcr-fachkr\u00e4fte-arbeit-mit-eltern-mit-migrationserfahrungfluchtgeschichte/", "path": "/ostallgaeu/ro/events/fortbildung-f\u00fcr-fachkr\u00e4fte-arbeit-mit-eltern-mit-migrationserfahrungfluchtgeschichte/"}, "ru": {"id": null, "url": "https://admin.integreat-app.de/ostallgaeu/ru/events/fortbildung-f\u00fcr-fachkr\u00e4fte-arbeit-mit-eltern-mit-migrationserfahrungfluchtgeschichte/", "path": "/ostallgaeu/ru/events/fortbildung-f\u00fcr-fachkr\u00e4fte-arbeit-mit-eltern-mit-migrationserfahrungfluchtgeschichte/"}, "tr": {"id": null, "url": "https://admin.integreat-app.de/ostallgaeu/tr/events/fortbildung-f\u00fcr-fachkr\u00e4fte-arbeit-mit-eltern-mit-migrationserfahrungfluchtgeschichte/", "path": "/ostallgaeu/tr/events/fortbildung-f\u00fcr-fachkr\u00e4fte-arbeit-mit-eltern-mit-migrationserfahrungfluchtgeschichte/"}, "uk": {"id": null, "url": "https://admin.integreat-app.de/ostallgaeu/uk/events/fortbildung-f\u00fcr-fachkr\u00e4fte-arbeit-mit-eltern-mit-migrationserfahrungfluchtgeschichte/", "path": "/ostallgaeu/uk/events/fortbildung-f\u00fcr-fachkr\u00e4fte-arbeit-mit-eltern-mit-migrationserfahrungfluchtgeschichte/"}, "ti": {"id": null, "url": "https://admin.integreat-app.de/ostallgaeu/ti/events/fortbildung-f\u00fcr-fachkr\u00e4fte-arbeit-mit-eltern-mit-migrationserfahrungfluchtgeschichte/", "path": "/ostallgaeu/ti/events/fortbildung-f\u00fcr-fachkr\u00e4fte-arbeit-mit-eltern-mit-migrationserfahrungfluchtgeschichte/"}}, "thumbnail": "https://admin.integreat-app.de/media/regions/181/2026/02/1770371308_Landkreis_Ostallg%C3%A4u.jpeg", "location": {"id": 143, "name": "Landratsamt Ostallg\u00e4u", "address": "Schwabenstr. 11", "town": "Marktoberdorf", "state": null, "postcode": "87616", "region": null, "country": "Deutschland", "latitude": 47.7822637, "longitude": 10.6161969}, "location_path": "/ostallgaeu/de/locations/landratsamt-ostallgaeu-2/", "meeting_url": null, "event": {"id": 17389, "start": "2026-10-21T14:00:00+02:00", "start_date": "2026-10-21", "start_time": "14:00:00", "end": "2026-10-21T17:00:00+02:00", "end_date": "2026-10-21", "end_time": "17:00:00", "all_day": false, "only_weekdays": false, "recurrence_id": null, "timezone": "Europe/Berlin"}, "hash": null, "recurrence_rule": null}, {"id": 325003, "url": "https://admin.integreat-app.de/ostallgaeu/de/events/fortbildung-f\u00fcr-fachkr\u00e4fte-zusammenarbeit-mit-eltern-mit-migrationserfahrung-und-fluchtgeschichte/", "path": "/ostallgaeu/de/events/fortbildung-f\u00fcr-fachkr\u00e4fte-zusammenarbeit-mit-eltern-mit-migrationserfahrung-und-fluchtgeschichte/", "title": "Fortbildung f\u00fcr Fachkr\u00e4fte: \"Zusammenarbeit mit Eltern mit Migrationserfahrung und Fluchtgeschichte\"", "modified_gmt": "2026-04-24T08:16:47.967Z", "last_updated": "2026-04-24T10:16:47.967+02:00", "excerpt": "ln der Fortbildung gehen wir der Frage nach, wie Berater*innen die individuellen Hintergr\u00fcnde rund um\u00a0Migration und Flucht erfassen und ber\u00fccksichtigen k\u00f6nnen, um Vertrauen aufzubauen und die Beratung wirksam zu gestalten.\r\nWir besch\u00e4ftigen uns u. a. mit folgenden Fragen:-Welche unterschiedlichen, individuellen Hintergr\u00fcnde rund um das Thema Migration und Flucht k\u00f6nnen vorliegen?-Wie beeinflussen diese Hintergr\u00fcnde - inklusive m\u00f6glicher Flucht- und Gewalterfahrungen - die betroffene Person und das Beratungssetting?-Wie kann ich als Berater*in diese Hintergr\u00fcnde, insbesondere auch die Fluchtgeschichte, sensibel erfassen und erfragen?-Wie kann ich diese Hintergr\u00fcnde in meiner Arbeit mit Familien ber\u00fccksichtigen, um Eltern m\u00f6glichst wirklich zu erreichen, Vertrauen aufzubauen und Beratung wirk sam zu gestalten?-Was bedeutet,,Dialogisches Pendeln\" (Abdallah-Steinkopff, 2018) im Beratungsalltag * und wie kann dieses Konzept hilfreich genutzt werden?\r\nDie lnhalte werden praxisnah anhand von Beispielen aus\u00a0der Arbeit mit Familien im Kontext der fr\u00fchen Hilfen und\u00a0der Kinder- und Jugendhilfe erarbeitet. Es gibt Raum f\u00fcr\u00a0Austausch, Reflexion der eigenen Haltung und konkrete\u00a0\u00dcbertragung in den Berufsalltag.\r\nReferentin:Melisa Budimlic, M.A., Fachbereichsleitung der Fortbildungsakademie - Refugio M\u00fcnchen transfer, Supervision und konzeptionelle Arbeit im Projekt Muttersprachliche Elterntrainings - Eltern Aktiv bei Refugio\u00a0M\u00fcnchen, Fortbildungen und Supervisionen bei verschiedenen EinrichtungenZielgruppe:Fachkr\u00e4fte aus den Fr\u00fchen Hilfen sowie dem Kinder- und\u00a0Jugendhilfebereich\r\nAnmeldung unter: koki@lra-oal.bayern.de", "content": "<div><p>ln der Fortbildung gehen wir der Frage nach, wie Berater*innen die individuellen Hintergr\u00fcnde rund um\u00a0Migration und Flucht erfassen und ber\u00fccksichtigen k\u00f6nnen, um Vertrauen aufzubauen und die Beratung wirksam zu gestalten.</p>\r\n<p><br>Wir besch\u00e4ftigen uns u. a. mit folgenden Fragen:<br>-Welche unterschiedlichen, individuellen Hintergr\u00fcnde rund um das Thema Migration und Flucht k\u00f6nnen vorliegen?<br>-Wie beeinflussen diese Hintergr\u00fcnde - inklusive m\u00f6glicher Flucht- und Gewalterfahrungen - die betroffene Person und das Beratungssetting?<br>-Wie kann ich als Berater*in diese Hintergr\u00fcnde, insbesondere auch die Fluchtgeschichte, sensibel erfassen und erfragen?<br>-Wie kann ich diese Hintergr\u00fcnde in meiner Arbeit mit Familien ber\u00fccksichtigen, um Eltern m\u00f6glichst wirklich zu erreichen, Vertrauen aufzubauen und Beratung wirk sam zu gestalten?<br>-Was bedeutet,,Dialogisches Pendeln\" (Abdallah-Steinkopff, 2018) im Beratungsalltag * und wie kann dieses Konzept hilfreich genutzt werden?</p>\r\n<p>Die lnhalte werden praxisnah anhand von Beispielen aus\u00a0der Arbeit mit Familien im Kontext der fr\u00fchen Hilfen und\u00a0der Kinder- und Jugendhilfe erarbeitet. Es gibt Raum f\u00fcr\u00a0Austausch, Reflexion der eigenen Haltung und konkrete\u00a0\u00dcbertragung in den Berufsalltag.</p>\r\n<p>Referentin:<br>Melisa Budimlic, M.A., Fachbereichsleitung der Fortbildungsakademie - Refugio M\u00fcnchen transfer, Supervision und konzeptionelle Arbeit im Projekt Muttersprachliche Elterntrainings - Eltern Aktiv bei Refugio\u00a0M\u00fcnchen, Fortbildungen und Supervisionen bei verschiedenen Einrichtungen<br><br>Zielgruppe:<br>Fachkr\u00e4fte aus den Fr\u00fchen Hilfen sowie dem Kinder- und\u00a0Jugendhilfebereich</p>\r\n<p><strong>Anmeldung</strong> unter: koki@lra-oal.bayern.de</p></div>", "available_languages": {"hr": {"id": null, "url": "https://admin.integreat-app.de/ostallgaeu/hr/events/fortbildung-f\u00fcr-fachkr\u00e4fte-zusammenarbeit-mit-eltern-mit-migrationserfahrung-und-fluchtgeschichte/", "path": "/ostallgaeu/hr/events/fortbildung-f\u00fcr-fachkr\u00e4fte-zusammenarbeit-mit-eltern-mit-migrationserfahrung-und-fluchtgeschichte/"}, "en": {"id": null, "url": "https://admin.integreat-app.de/ostallgaeu/en/events/fortbildung-f\u00fcr-fachkr\u00e4fte-zusammenarbeit-mit-eltern-mit-migrationserfahrung-und-fluchtgeschichte/", "path": "/ostallgaeu/en/events/fortbildung-f\u00fcr-fachkr\u00e4fte-zusammenarbeit-mit-eltern-mit-migrationserfahrung-und-fluchtgeschichte/"}, "es": {"id": null, "url": "https://admin.integreat-app.de/ostallgaeu/es/events/fortbildung-f\u00fcr-fachkr\u00e4fte-zusammenarbeit-mit-eltern-mit-migrationserfahrung-und-fluchtgeschichte/", "path": "/ostallgaeu/es/events/fortbildung-f\u00fcr-fachkr\u00e4fte-zusammenarbeit-mit-eltern-mit-migrationserfahrung-und-fluchtgeschichte/"}, "fr": {"id": null, "url": "https://admin.integreat-app.de/ostallgaeu/fr/events/fortbildung-f\u00fcr-fachkr\u00e4fte-zusammenarbeit-mit-eltern-mit-migrationserfahrung-und-fluchtgeschichte/", "path": "/ostallgaeu/fr/events/fortbildung-f\u00fcr-fachkr\u00e4fte-zusammenarbeit-mit-eltern-mit-migrationserfahrung-und-fluchtgeschichte/"}, "ar": {"id": null, "url": "https://admin.integreat-app.de/ostallgaeu/ar/events/fortbildung-f\u00fcr-fachkr\u00e4fte-zusammenarbeit-mit-eltern-mit-migrationserfahrung-und-fluchtgeschichte/", "path": "/ostallgaeu/ar/events/fortbildung-f\u00fcr-fachkr\u00e4fte-zusammenarbeit-mit-eltern-mit-migrationserfahrung-und-fluchtgeschichte/"}, "fa": {"id": null, "url": "https://admin.integreat-app.de/ostallgaeu/fa/events/fortbildung-f\u00fcr-fachkr\u00e4fte-zusammenarbeit-mit-eltern-mit-migrationserfahrung-und-fluchtgeschichte/", "path": "/ostallgaeu/fa/events/fortbildung-f\u00fcr-fachkr\u00e4fte-zusammenarbeit-mit-eltern-mit-migrationserfahrung-und-fluchtgeschichte/"}, "ro": {"id": null, "url": "https://admin.integreat-app.de/ostallgaeu/ro/events/fortbildung-f\u00fcr-fachkr\u00e4fte-zusammenarbeit-mit-eltern-mit-migrationserfahrung-und-fluchtgeschichte/", "path": "/ostallgaeu/ro/events/fortbildung-f\u00fcr-fachkr\u00e4fte-zusammenarbeit-mit-eltern-mit-migrationserfahrung-und-fluchtgeschichte/"}, "ru": {"id": null, "url": "https://admin.integreat-app.de/ostallgaeu/ru/events/fortbildung-f\u00fcr-fachkr\u00e4fte-zusammenarbeit-mit-eltern-mit-migrationserfahrung-und-fluchtgeschichte/", "path": "/ostallgaeu/ru/events/fortbildung-f\u00fcr-fachkr\u00e4fte-zusammenarbeit-mit-eltern-mit-migrationserfahrung-und-fluchtgeschichte/"}, "tr": {"id": null, "url": "https://admin.integreat-app.de/ostallgaeu/tr/events/fortbildung-f\u00fcr-fachkr\u00e4fte-zusammenarbeit-mit-eltern-mit-migrationserfahrung-und-fluchtgeschichte/", "path": "/ostallgaeu/tr/events/fortbildung-f\u00fcr-fachkr\u00e4fte-zusammenarbeit-mit-eltern-mit-migrationserfahrung-und-fluchtgeschichte/"}, "uk": {"id": null, "url": "https://admin.integreat-app.de/ostallgaeu/uk/events/fortbildung-f\u00fcr-fachkr\u00e4fte-zusammenarbeit-mit-eltern-mit-migrationserfahrung-und-fluchtgeschichte/", "path": "/ostallgaeu/uk/events/fortbildung-f\u00fcr-fachkr\u00e4fte-zusammenarbeit-mit-eltern-mit-migrationserfahrung-und-fluchtgeschichte/"}, "ti": {"id": null, "url": "https://admin.integreat-app.de/ostallgaeu/ti/events/fortbildung-f\u00fcr-fachkr\u00e4fte-zusammenarbeit-mit-eltern-mit-migrationserfahrung-und-fluchtgeschichte/", "path": "/ostallgaeu/ti/events/fortbildung-f\u00fcr-fachkr\u00e4fte-zusammenarbeit-mit-eltern-mit-migrationserfahrung-und-fluchtgeschichte/"}}, "thumbnail": "https://admin.integreat-app.de/media/regions/181/2026/04/1777018553_logo-koki-neu.jpg", "location": {"id": 143, "name": "Landratsamt Ostallg\u00e4u", "address": "Schwabenstr. 11", "town": "Marktoberdorf", "state": null, "postcode": "87616", "region": null, "country": "Deutschland", "latitude": 47.7822637, "longitude": 10.6161969}, "location_path": "/ostallgaeu/de/locations/landratsamt-ostallgaeu-2/", "meeting_url": null, "event": {"id": 19789, "start": "2026-10-26T14:00:00+01:00", "start_date": "2026-10-26", "start_time": "14:00:00", "end": "2026-10-26T17:00:00+01:00", "end_date": "2026-10-26", "end_time": "17:00:00", "all_day": false, "only_weekdays": false, "recurrence_id": null, "timezone": "Europe/Berlin"}, "hash": null, "recurrence_rule": null}, {"id": 319865, "url": "https://admin.integreat-app.de/ostallgaeu/de/events/antragsdschungel-bei-schwangerschaft-und-geburt-4/", "path": "/ostallgaeu/de/events/antragsdschungel-bei-schwangerschaft-und-geburt-4/", "title": "Antragsdschungel bei Schwangerschaft und Geburt", "modified_gmt": "2026-04-17T07:45:01.022Z", "last_updated": "2026-04-17T09:45:01.022+02:00", "excerpt": "\r\nDie staatlich anerkannte Beratungsstelle f\u00fcr Schwangerschaftsfragen DONUM VITAE und die Familienst\u00fctzpunkte Marktoberdorf, Buchloe, Oberg\u00fcnzburg und Kaufbeuren informieren in diesem Online-Vortrag \u00fcber die staatlichen Familienleistungen w\u00e4hrend Schwangerschaft, Geburt und f\u00fcr Familien.\r\nAnmeldung unter: kaufbeuren@donum-vitae-bayern.de\r\n\u00a0\r\n", "content": "<div>\r\n<p>Die staatlich anerkannte Beratungsstelle f\u00fcr Schwangerschaftsfragen DONUM VITAE und die Familienst\u00fctzpunkte Marktoberdorf, Buchloe, Oberg\u00fcnzburg und Kaufbeuren informieren in diesem Online-Vortrag \u00fcber die staatlichen Familienleistungen w\u00e4hrend Schwangerschaft, Geburt und f\u00fcr Familien.</p>\r\n<p>Anmeldung unter: <img style=\"width: 15px; height: 15px;\" src=\"https://admin.integreat-app.de/static/svg/email.svg\" alt=\"E-Mail-Adresse\"><a class=\"link-external\" href=\"mailto:kaufbeuren@donum-vitae-bayern.de\">kaufbeuren@donum-vitae-bayern.de</a></p>\r\n<p>\u00a0</p>\r\n</div>", "available_languages": {"hr": {"id": null, "url": "https://admin.integreat-app.de/ostallgaeu/hr/events/antragsdschungel-bei-schwangerschaft-und-geburt-4/", "path": "/ostallgaeu/hr/events/antragsdschungel-bei-schwangerschaft-und-geburt-4/"}, "en": {"id": null, "url": "https://admin.integreat-app.de/ostallgaeu/en/events/antragsdschungel-bei-schwangerschaft-und-geburt-4/", "path": "/ostallgaeu/en/events/antragsdschungel-bei-schwangerschaft-und-geburt-4/"}, "es": {"id": null, "url": "https://admin.integreat-app.de/ostallgaeu/es/events/antragsdschungel-bei-schwangerschaft-und-geburt-4/", "path": "/ostallgaeu/es/events/antragsdschungel-bei-schwangerschaft-und-geburt-4/"}, "fr": {"id": null, "url": "https://admin.integreat-app.de/ostallgaeu/fr/events/antragsdschungel-bei-schwangerschaft-und-geburt-4/", "path": "/ostallgaeu/fr/events/antragsdschungel-bei-schwangerschaft-und-geburt-4/"}, "ar": {"id": null, "url": "https://admin.integreat-app.de/ostallgaeu/ar/events/antragsdschungel-bei-schwangerschaft-und-geburt-4/", "path": "/ostallgaeu/ar/events/antragsdschungel-bei-schwangerschaft-und-geburt-4/"}, "fa": {"id": null, "url": "https://admin.integreat-app.de/ostallgaeu/fa/events/antragsdschungel-bei-schwangerschaft-und-geburt-4/", "path": "/ostallgaeu/fa/events/antragsdschungel-bei-schwangerschaft-und-geburt-4/"}, "ro": {"id": null, "url": "https://admin.integreat-app.de/ostallgaeu/ro/events/antragsdschungel-bei-schwangerschaft-und-geburt-4/", "path": "/ostallgaeu/ro/events/antragsdschungel-bei-schwangerschaft-und-geburt-4/"}, "ru": {"id": null, "url": "https://admin.integreat-app.de/ostallgaeu/ru/events/antragsdschungel-bei-schwangerschaft-und-geburt-4/", "path": "/ostallgaeu/ru/events/antragsdschungel-bei-schwangerschaft-und-geburt-4/"}, "tr": {"id": null, "url": "https://admin.integreat-app.de/ostallgaeu/tr/events/antragsdschungel-bei-schwangerschaft-und-geburt-4/", "path": "/ostallgaeu/tr/events/antragsdschungel-bei-schwangerschaft-und-geburt-4/"}, "uk": {"id": null, "url": "https://admin.integreat-app.de/ostallgaeu/uk/events/antragsdschungel-bei-schwangerschaft-und-geburt-4/", "path": "/ostallgaeu/uk/events/antragsdschungel-bei-schwangerschaft-und-geburt-4/"}, "ti": {"id": null, "url": "https://admin.integreat-app.de/ostallgaeu/ti/events/antragsdschungel-bei-schwangerschaft-und-geburt-4/", "path": "/ostallgaeu/ti/events/antragsdschungel-bei-schwangerschaft-und-geburt-4/"}}, "thumbnail": "https://admin.integreat-app.de/media/regions/181/2019/12/Logo_Familienstuetzpunkt_LK-OAL_05_2018_web-klein.jpg", "location": {"id": null, "name": null, "address": null, "town": null, "state": null, "postcode": null, "region": null, "country": null, "latitude": null, "longitude": null}, "location_path": null, "meeting_url": null, "event": {"id": 19647, "start": "2026-10-28T18:00:00+01:00", "start_date": "2026-10-28", "start_time": "18:00:00", "end": "2026-10-28T19:30:00+01:00", "end_date": "2026-10-28", "end_time": "19:30:00", "all_day": false, "only_weekdays": false, "recurrence_id": null, "timezone": "Europe/Berlin"}, "hash": null, "recurrence_rule": null}, {"id": 319866, "url": "https://admin.integreat-app.de/ostallgaeu/de/events/antragsdschungel-bei-schwangerschaft-und-geburt-5/", "path": "/ostallgaeu/de/events/antragsdschungel-bei-schwangerschaft-und-geburt-5/", "title": "Antragsdschungel bei Schwangerschaft und Geburt", "modified_gmt": "2026-04-17T07:45:52.663Z", "last_updated": "2026-04-17T09:45:52.663+02:00", "excerpt": "\r\nDie staatlich anerkannte Beratungsstelle f\u00fcr Schwangerschaftsfragen DONUM VITAE und die Familienst\u00fctzpunkte Marktoberdorf, Buchloe, Oberg\u00fcnzburg und Kaufbeuren informieren in diesem Online-Vortrag \u00fcber die staatlichen Familienleistungen w\u00e4hrend Schwangerschaft, Geburt und f\u00fcr Familien.\r\nAnmeldung unter: kaufbeuren@donum-vitae-bayern.de\r\n\u00a0\r\n", "content": "<div>\r\n<p>Die staatlich anerkannte Beratungsstelle f\u00fcr Schwangerschaftsfragen DONUM VITAE und die Familienst\u00fctzpunkte Marktoberdorf, Buchloe, Oberg\u00fcnzburg und Kaufbeuren informieren in diesem Online-Vortrag \u00fcber die staatlichen Familienleistungen w\u00e4hrend Schwangerschaft, Geburt und f\u00fcr Familien.</p>\r\n<p>Anmeldung unter: <img style=\"width: 15px; height: 15px;\" src=\"https://admin.integreat-app.de/static/svg/email.svg\" alt=\"E-Mail-Adresse\"><a class=\"link-external\" href=\"mailto:kaufbeuren@donum-vitae-bayern.de\">kaufbeuren@donum-vitae-bayern.de</a></p>\r\n<p>\u00a0</p>\r\n</div>", "available_languages": {"hr": {"id": null, "url": "https://admin.integreat-app.de/ostallgaeu/hr/events/antragsdschungel-bei-schwangerschaft-und-geburt-5/", "path": "/ostallgaeu/hr/events/antragsdschungel-bei-schwangerschaft-und-geburt-5/"}, "en": {"id": null, "url": "https://admin.integreat-app.de/ostallgaeu/en/events/antragsdschungel-bei-schwangerschaft-und-geburt-5/", "path": "/ostallgaeu/en/events/antragsdschungel-bei-schwangerschaft-und-geburt-5/"}, "es": {"id": null, "url": "https://admin.integreat-app.de/ostallgaeu/es/events/antragsdschungel-bei-schwangerschaft-und-geburt-5/", "path": "/ostallgaeu/es/events/antragsdschungel-bei-schwangerschaft-und-geburt-5/"}, "fr": {"id": null, "url": "https://admin.integreat-app.de/ostallgaeu/fr/events/antragsdschungel-bei-schwangerschaft-und-geburt-5/", "path": "/ostallgaeu/fr/events/antragsdschungel-bei-schwangerschaft-und-geburt-5/"}, "ar": {"id": null, "url": "https://admin.integreat-app.de/ostallgaeu/ar/events/antragsdschungel-bei-schwangerschaft-und-geburt-5/", "path": "/ostallgaeu/ar/events/antragsdschungel-bei-schwangerschaft-und-geburt-5/"}, "fa": {"id": null, "url": "https://admin.integreat-app.de/ostallgaeu/fa/events/antragsdschungel-bei-schwangerschaft-und-geburt-5/", "path": "/ostallgaeu/fa/events/antragsdschungel-bei-schwangerschaft-und-geburt-5/"}, "ro": {"id": null, "url": "https://admin.integreat-app.de/ostallgaeu/ro/events/antragsdschungel-bei-schwangerschaft-und-geburt-5/", "path": "/ostallgaeu/ro/events/antragsdschungel-bei-schwangerschaft-und-geburt-5/"}, "ru": {"id": null, "url": "https://admin.integreat-app.de/ostallgaeu/ru/events/antragsdschungel-bei-schwangerschaft-und-geburt-5/", "path": "/ostallgaeu/ru/events/antragsdschungel-bei-schwangerschaft-und-geburt-5/"}, "tr": {"id": null, "url": "https://admin.integreat-app.de/ostallgaeu/tr/events/antragsdschungel-bei-schwangerschaft-und-geburt-5/", "path": "/ostallgaeu/tr/events/antragsdschungel-bei-schwangerschaft-und-geburt-5/"}, "uk": {"id": null, "url": "https://admin.integreat-app.de/ostallgaeu/uk/events/antragsdschungel-bei-schwangerschaft-und-geburt-5/", "path": "/ostallgaeu/uk/events/antragsdschungel-bei-schwangerschaft-und-geburt-5/"}, "ti": {"id": null, "url": "https://admin.integreat-app.de/ostallgaeu/ti/events/antragsdschungel-bei-schwangerschaft-und-geburt-5/", "path": "/ostallgaeu/ti/events/antragsdschungel-bei-schwangerschaft-und-geburt-5/"}}, "thumbnail": "https://admin.integreat-app.de/media/regions/181/2019/12/Logo_Familienstuetzpunkt_LK-OAL_05_2018_web-klein.jpg", "location": {"id": null, "name": null, "address": null, "town": null, "state": null, "postcode": null, "region": null, "country": null, "latitude": null, "longitude": null}, "location_path": null, "meeting_url": null, "event": {"id": 19648, "start": "2026-12-02T18:00:00+01:00", "start_date": "2026-12-02", "start_time": "18:00:00", "end": "2026-12-02T19:30:00+01:00", "end_date": "2026-12-02", "end_time": "19:30:00", "all_day": false, "only_weekdays": false, "recurrence_id": null, "timezone": "Europe/Berlin"}, "hash": null, "recurrence_rule": null}]